{"id":1,"date":"2015-12-15T09:40:50","date_gmt":"2015-12-15T08:40:50","guid":{"rendered":"http:\/\/objectif-image.fr\/OI\/?p=1"},"modified":"2016-01-24T10:24:46","modified_gmt":"2016-01-24T09:24:46","slug":"bonjour-tout-le-monde","status":"publish","type":"post","link":"https:\/\/objectif-image.fr\/OI\/bonjour-tout-le-monde\/","title":{"rendered":"Le nouveau site OI est arriv\u00e9 avant le p\u00e8re No\u00ebl"},"content":{"rendered":"<p><img loading=\"lazy\" decoding=\"async\" class=\"alignnone wp-image-65 size-thumbnail\" src=\"https:\/\/objectif-image.fr\/OI\/wp-content\/uploads\/2015\/12\/cropped-logo-OI-NATIONALE-rouge-512-150x150.jpg\" alt=\"cropped-logo-OI-NATIONALE-rouge-512.jpg\" width=\"150\" height=\"150\" srcset=\"https:\/\/objectif-image.fr\/OI\/wp-content\/uploads\/2015\/12\/cropped-logo-OI-NATIONALE-rouge-512-150x150.jpg 150w, https:\/\/objectif-image.fr\/OI\/wp-content\/uploads\/2015\/12\/cropped-logo-OI-NATIONALE-rouge-512-300x300.jpg 300w, https:\/\/objectif-image.fr\/OI\/wp-content\/uploads\/2015\/12\/cropped-logo-OI-NATIONALE-rouge-512-80x80.jpg 80w, https:\/\/objectif-image.fr\/OI\/wp-content\/uploads\/2015\/12\/cropped-logo-OI-NATIONALE-rouge-512-320x320.jpg 320w, https:\/\/objectif-image.fr\/OI\/wp-content\/uploads\/2015\/12\/cropped-logo-OI-NATIONALE-rouge-512-245x245.jpg 245w, https:\/\/objectif-image.fr\/OI\/wp-content\/uploads\/2015\/12\/cropped-logo-OI-NATIONALE-rouge-512-340x340.jpg 340w, https:\/\/objectif-image.fr\/OI\/wp-content\/uploads\/2015\/12\/cropped-logo-OI-NATIONALE-rouge-512-450x450.jpg 450w, https:\/\/objectif-image.fr\/OI\/wp-content\/uploads\/2015\/12\/cropped-logo-OI-NATIONALE-rouge-512-500x500.jpg 500w, https:\/\/objectif-image.fr\/OI\/wp-content\/uploads\/2015\/12\/cropped-logo-OI-NATIONALE-rouge-512.jpg 512w\" sizes=\"auto, (max-width: 150px) 100vw, 150px\" \/><\/p>\n<p><strong><span style=\"color: #000000;\">Objectif Image national change de look.<\/span><\/strong><\/p>\n<p><span style=\"color: #000000;\">Plus simple, plus lisible, plus accessible, le site offre de nouvelles fonctions : newsletter, partie r\u00e9serv\u00e9e aux pr\u00e9sidents de clubs, agenda, pr\u00e9sentation de l&rsquo;ann\u00e9e \u00e0 venir en bref, <\/span><span style=\"color: #000000;\">etc. <\/span><\/p>\n<p><span style=\"color: #000000;\"><strong>Ses objectifs<\/strong> <\/span><\/p>\n<ul>\n<li><span style=\"color: #000000;\">Vous fournir les informations nationales r\u00e9centes, actuelles, et \u00e0 venir (stages, rencontres, etc.)<\/span><\/li>\n<li><span style=\"color: #000000;\">Vous permettre de faire connaitre vos manifestations au monde entier (\u00e0 condition de transmettre les renseignements aux vice- pr\u00e9sidents d&rsquo;activit\u00e9s, et\/ou au secr\u00e9tariat \u00e0 l&rsquo;avance)<\/span><\/li>\n<li><span style=\"color: #000000;\">Cr\u00e9er un lien, une coh\u00e9sion, un \u00e9lan\u00a0entre tous les clubs adh\u00e9rents \u00e0 Objectif Image<\/span><\/li>\n<\/ul>\n<p><strong>Le r\u00f4le du secr\u00e9tariat et du Comit\u00e9 Directeur<\/strong><\/p>\n<ul>\n<li><span style=\"color: #000000;\">Collecter les informations \u00e9manant des clubs<\/span><\/li>\n<li><span style=\"color: #000000;\">Mettre le site \u00e0 jour en temps r\u00e9el<\/span><\/li>\n<li><span style=\"color: #000000;\">Envoyer une lettre d&rsquo;information r\u00e9guli\u00e8re aux personnes qui se sont abonn\u00e9es<\/span><\/li>\n<\/ul>\n<p><strong>Le r\u00f4le des clubs (pr\u00e9sidents, secr\u00e9taires ou animateurs)<\/strong><\/p>\n<ul>\n<li><span style=\"color: #000000;\">Transmettre les informations sur les activit\u00e9s du club\u00a0(expositions, formations, sorties, etc.)<\/span><\/li>\n<li><span style=\"color: #000000;\">V\u00e9rifier les coordonn\u00e9es du club publi\u00e9es sur ce site, et informer le secr\u00e9tariat des modifications<\/span><\/li>\n<li><span style=\"color: #000000;\">Faire vivre leur association (\u00e9videmment)<\/span><\/li>\n<\/ul>\n<p><span style=\"color: #000000;\">Une pr\u00e9sentation du site sera faite lors de l&rsquo;assembl\u00e9e g\u00e9n\u00e9rale, au cours de laquelle je serai heureux de vous rencontrer<\/span><\/p>\n<p><span style=\"color: #000000;\">Le secr\u00e9taire g\u00e9n\u00e9ral<\/span><\/p>\n<p><span style=\"color: #000000;\">JP Petit<\/span><\/p>\n","protected":false},"excerpt":{"rendered":"<p>Objectif Image national change de look. Plus simple, plus lisible, plus accessible, le site offre de nouvelles fonctions : newsletter, partie r\u00e9serv\u00e9e aux pr\u00e9sidents de clubs, agenda, pr\u00e9sentation de l&rsquo;ann\u00e9e \u00e0 venir en bref, etc. Ses objectifs Vous fournir les informations nationales r\u00e9centes, actuelles, et \u00e0 venir (stages, rencontres, etc.) Vous permettre de faire connaitre [&hellip;]<\/p>\n","protected":false},"author":1,"featured_media":135,"comment_status":"closed","ping_status":"closed","sticky":false,"template":"","format":"standard","meta":{"_acf_changed":false,"footnotes":""},"categories":[15],"tags":[],"class_list":["post-1","post","type-post","status-publish","format-standard","has-post-thumbnail","hentry","category-information-du-secretariat"],"acf":[],"yoast_head":"<!-- This site is optimized with the Yoast SEO plugin v27.5 - https:\/\/yoast.com\/product\/yoast-seo-wordpress\/ -->\n<title>Le nouveau site OI est arriv\u00e9 avant le p\u00e8re No\u00ebl - Objectif Image<\/title>\n<meta name=\"robots\" content=\"index, follow, max-snippet:-1, max-image-preview:large, max-video-preview:-1\" \/>\n<link rel=\"canonical\" href=\"https:\/\/objectif-image.fr\/OI\/bonjour-tout-le-monde\/\" \/>\n<meta property=\"og:locale\" content=\"fr_FR\" \/>\n<meta property=\"og:type\" content=\"article\" \/>\n<meta property=\"og:title\" content=\"Le nouveau site OI est arriv\u00e9 avant le p\u00e8re No\u00ebl - Objectif Image\" \/>\n<meta property=\"og:description\" content=\"Objectif Image national change de look. Plus simple, plus lisible, plus accessible, le site offre de nouvelles fonctions : newsletter, partie r\u00e9serv\u00e9e aux pr\u00e9sidents de clubs, agenda, pr\u00e9sentation de l&rsquo;ann\u00e9e \u00e0 venir en bref, etc. Ses objectifs Vous fournir les informations nationales r\u00e9centes, actuelles, et \u00e0 venir (stages, rencontres, etc.) Vous permettre de faire connaitre [&hellip;]\" \/>\n<meta property=\"og:url\" content=\"https:\/\/objectif-image.fr\/OI\/bonjour-tout-le-monde\/\" \/>\n<meta property=\"og:site_name\" content=\"Objectif Image\" \/>\n<meta property=\"article:publisher\" content=\"https:\/\/www.facebook.com\/Objectif.mage\" \/>\n<meta property=\"article:published_time\" content=\"2015-12-15T08:40:50+00:00\" \/>\n<meta property=\"article:modified_time\" content=\"2016-01-24T09:24:46+00:00\" \/>\n<meta property=\"og:image\" content=\"https:\/\/objectif-image.fr\/OI\/wp-content\/uploads\/2015\/12\/zoom_sur_objectif_appareil_photo1.jpg\" \/>\n\t<meta property=\"og:image:width\" content=\"600\" \/>\n\t<meta property=\"og:image:height\" content=\"401\" \/>\n\t<meta property=\"og:image:type\" content=\"image\/jpeg\" \/>\n<meta name=\"author\" content=\"stephane\" \/>\n<meta name=\"twitter:card\" content=\"summary_large_image\" \/>\n<meta name=\"twitter:label1\" content=\"\u00c9crit par\" \/>\n\t<meta name=\"twitter:data1\" content=\"stephane\" \/>\n\t<meta name=\"twitter:label2\" content=\"Dur\u00e9e de lecture estim\u00e9e\" \/>\n\t<meta name=\"twitter:data2\" content=\"1 minute\" \/>\n<script type=\"application\/ld+json\" class=\"yoast-schema-graph\">{\"@context\":\"https:\\\/\\\/schema.org\",\"@graph\":[{\"@type\":\"Article\",\"@id\":\"https:\\\/\\\/objectif-image.fr\\\/OI\\\/bonjour-tout-le-monde\\\/#article\",\"isPartOf\":{\"@id\":\"https:\\\/\\\/objectif-image.fr\\\/OI\\\/bonjour-tout-le-monde\\\/\"},\"author\":{\"name\":\"stephane\",\"@id\":\"https:\\\/\\\/objectif-image.fr\\\/OI\\\/#\\\/schema\\\/person\\\/9645709a0d25d01826edae30cc2d054c\"},\"headline\":\"Le nouveau site OI est arriv\u00e9 avant le p\u00e8re No\u00ebl\",\"datePublished\":\"2015-12-15T08:40:50+00:00\",\"dateModified\":\"2016-01-24T09:24:46+00:00\",\"mainEntityOfPage\":{\"@id\":\"https:\\\/\\\/objectif-image.fr\\\/OI\\\/bonjour-tout-le-monde\\\/\"},\"wordCount\":232,\"publisher\":{\"@id\":\"https:\\\/\\\/objectif-image.fr\\\/OI\\\/#organization\"},\"image\":{\"@id\":\"https:\\\/\\\/objectif-image.fr\\\/OI\\\/bonjour-tout-le-monde\\\/#primaryimage\"},\"thumbnailUrl\":\"https:\\\/\\\/objectif-image.fr\\\/OI\\\/wp-content\\\/uploads\\\/2015\\\/12\\\/zoom_sur_objectif_appareil_photo1.jpg\",\"articleSection\":[\"Information du secr\u00e9tariat\"],\"inLanguage\":\"fr-FR\"},{\"@type\":\"WebPage\",\"@id\":\"https:\\\/\\\/objectif-image.fr\\\/OI\\\/bonjour-tout-le-monde\\\/\",\"url\":\"https:\\\/\\\/objectif-image.fr\\\/OI\\\/bonjour-tout-le-monde\\\/\",\"name\":\"Le nouveau site OI est arriv\u00e9 avant le p\u00e8re No\u00ebl - Objectif Image\",\"isPartOf\":{\"@id\":\"https:\\\/\\\/objectif-image.fr\\\/OI\\\/#website\"},\"primaryImageOfPage\":{\"@id\":\"https:\\\/\\\/objectif-image.fr\\\/OI\\\/bonjour-tout-le-monde\\\/#primaryimage\"},\"image\":{\"@id\":\"https:\\\/\\\/objectif-image.fr\\\/OI\\\/bonjour-tout-le-monde\\\/#primaryimage\"},\"thumbnailUrl\":\"https:\\\/\\\/objectif-image.fr\\\/OI\\\/wp-content\\\/uploads\\\/2015\\\/12\\\/zoom_sur_objectif_appareil_photo1.jpg\",\"datePublished\":\"2015-12-15T08:40:50+00:00\",\"dateModified\":\"2016-01-24T09:24:46+00:00\",\"breadcrumb\":{\"@id\":\"https:\\\/\\\/objectif-image.fr\\\/OI\\\/bonjour-tout-le-monde\\\/#breadcrumb\"},\"inLanguage\":\"fr-FR\",\"potentialAction\":[{\"@type\":\"ReadAction\",\"target\":[\"https:\\\/\\\/objectif-image.fr\\\/OI\\\/bonjour-tout-le-monde\\\/\"]}]},{\"@type\":\"ImageObject\",\"inLanguage\":\"fr-FR\",\"@id\":\"https:\\\/\\\/objectif-image.fr\\\/OI\\\/bonjour-tout-le-monde\\\/#primaryimage\",\"url\":\"https:\\\/\\\/objectif-image.fr\\\/OI\\\/wp-content\\\/uploads\\\/2015\\\/12\\\/zoom_sur_objectif_appareil_photo1.jpg\",\"contentUrl\":\"https:\\\/\\\/objectif-image.fr\\\/OI\\\/wp-content\\\/uploads\\\/2015\\\/12\\\/zoom_sur_objectif_appareil_photo1.jpg\",\"width\":600,\"height\":401},{\"@type\":\"BreadcrumbList\",\"@id\":\"https:\\\/\\\/objectif-image.fr\\\/OI\\\/bonjour-tout-le-monde\\\/#breadcrumb\",\"itemListElement\":[{\"@type\":\"ListItem\",\"position\":1,\"name\":\"Accueil\",\"item\":\"https:\\\/\\\/objectif-image.fr\\\/OI\\\/\"},{\"@type\":\"ListItem\",\"position\":2,\"name\":\"Le nouveau site OI est arriv\u00e9 avant le p\u00e8re No\u00ebl\"}]},{\"@type\":\"WebSite\",\"@id\":\"https:\\\/\\\/objectif-image.fr\\\/OI\\\/#website\",\"url\":\"https:\\\/\\\/objectif-image.fr\\\/OI\\\/\",\"name\":\"Objectif Image\",\"description\":\"Objectif Image\",\"publisher\":{\"@id\":\"https:\\\/\\\/objectif-image.fr\\\/OI\\\/#organization\"},\"potentialAction\":[{\"@type\":\"SearchAction\",\"target\":{\"@type\":\"EntryPoint\",\"urlTemplate\":\"https:\\\/\\\/objectif-image.fr\\\/OI\\\/?s={search_term_string}\"},\"query-input\":{\"@type\":\"PropertyValueSpecification\",\"valueRequired\":true,\"valueName\":\"search_term_string\"}}],\"inLanguage\":\"fr-FR\"},{\"@type\":\"Organization\",\"@id\":\"https:\\\/\\\/objectif-image.fr\\\/OI\\\/#organization\",\"name\":\"Objectif Image\",\"url\":\"https:\\\/\\\/objectif-image.fr\\\/OI\\\/\",\"logo\":{\"@type\":\"ImageObject\",\"inLanguage\":\"fr-FR\",\"@id\":\"https:\\\/\\\/objectif-image.fr\\\/OI\\\/#\\\/schema\\\/logo\\\/image\\\/\",\"url\":\"https:\\\/\\\/objectif-image.fr\\\/OI\\\/wp-content\\\/uploads\\\/2019\\\/02\\\/logo-OI-NATIONAL-rouge-2000px.jpg\",\"contentUrl\":\"https:\\\/\\\/objectif-image.fr\\\/OI\\\/wp-content\\\/uploads\\\/2019\\\/02\\\/logo-OI-NATIONAL-rouge-2000px.jpg\",\"width\":1081,\"height\":1024,\"caption\":\"Objectif Image\"},\"image\":{\"@id\":\"https:\\\/\\\/objectif-image.fr\\\/OI\\\/#\\\/schema\\\/logo\\\/image\\\/\"},\"sameAs\":[\"https:\\\/\\\/www.facebook.com\\\/Objectif.mage\"]},{\"@type\":\"Person\",\"@id\":\"https:\\\/\\\/objectif-image.fr\\\/OI\\\/#\\\/schema\\\/person\\\/9645709a0d25d01826edae30cc2d054c\",\"name\":\"stephane\",\"image\":{\"@type\":\"ImageObject\",\"inLanguage\":\"fr-FR\",\"@id\":\"https:\\\/\\\/secure.gravatar.com\\\/avatar\\\/eedc54c666d9bc5232627d249ac4cfdbd2b1b6d38cf61b0e53f187229753f85b?s=96&d=mm&r=g\",\"url\":\"https:\\\/\\\/secure.gravatar.com\\\/avatar\\\/eedc54c666d9bc5232627d249ac4cfdbd2b1b6d38cf61b0e53f187229753f85b?s=96&d=mm&r=g\",\"contentUrl\":\"https:\\\/\\\/secure.gravatar.com\\\/avatar\\\/eedc54c666d9bc5232627d249ac4cfdbd2b1b6d38cf61b0e53f187229753f85b?s=96&d=mm&r=g\",\"caption\":\"stephane\"},\"sameAs\":[\"http:\\\/\\\/www.derny.com\"],\"url\":\"https:\\\/\\\/objectif-image.fr\\\/OI\\\/author\\\/stephane-2-2-2-2-2-2-2\\\/\"}]}<\/script>\n<!-- \/ Yoast SEO plugin. -->","yoast_head_json":{"title":"Le nouveau site OI est arriv\u00e9 avant le p\u00e8re No\u00ebl - Objectif Image","robots":{"index":"index","follow":"follow","max-snippet":"max-snippet:-1","max-image-preview":"max-image-preview:large","max-video-preview":"max-video-preview:-1"},"canonical":"https:\/\/objectif-image.fr\/OI\/bonjour-tout-le-monde\/","og_locale":"fr_FR","og_type":"article","og_title":"Le nouveau site OI est arriv\u00e9 avant le p\u00e8re No\u00ebl - Objectif Image","og_description":"Objectif Image national change de look. Plus simple, plus lisible, plus accessible, le site offre de nouvelles fonctions : newsletter, partie r\u00e9serv\u00e9e aux pr\u00e9sidents de clubs, agenda, pr\u00e9sentation de l&rsquo;ann\u00e9e \u00e0 venir en bref, etc. Ses objectifs Vous fournir les informations nationales r\u00e9centes, actuelles, et \u00e0 venir (stages, rencontres, etc.) Vous permettre de faire connaitre [&hellip;]","og_url":"https:\/\/objectif-image.fr\/OI\/bonjour-tout-le-monde\/","og_site_name":"Objectif Image","article_publisher":"https:\/\/www.facebook.com\/Objectif.mage","article_published_time":"2015-12-15T08:40:50+00:00","article_modified_time":"2016-01-24T09:24:46+00:00","og_image":[{"width":600,"height":401,"url":"https:\/\/objectif-image.fr\/OI\/wp-content\/uploads\/2015\/12\/zoom_sur_objectif_appareil_photo1.jpg","type":"image\/jpeg"}],"author":"stephane","twitter_card":"summary_large_image","twitter_misc":{"\u00c9crit par":"stephane","Dur\u00e9e de lecture estim\u00e9e":"1 minute"},"schema":{"@context":"https:\/\/schema.org","@graph":[{"@type":"Article","@id":"https:\/\/objectif-image.fr\/OI\/bonjour-tout-le-monde\/#article","isPartOf":{"@id":"https:\/\/objectif-image.fr\/OI\/bonjour-tout-le-monde\/"},"author":{"name":"stephane","@id":"https:\/\/objectif-image.fr\/OI\/#\/schema\/person\/9645709a0d25d01826edae30cc2d054c"},"headline":"Le nouveau site OI est arriv\u00e9 avant le p\u00e8re No\u00ebl","datePublished":"2015-12-15T08:40:50+00:00","dateModified":"2016-01-24T09:24:46+00:00","mainEntityOfPage":{"@id":"https:\/\/objectif-image.fr\/OI\/bonjour-tout-le-monde\/"},"wordCount":232,"publisher":{"@id":"https:\/\/objectif-image.fr\/OI\/#organization"},"image":{"@id":"https:\/\/objectif-image.fr\/OI\/bonjour-tout-le-monde\/#primaryimage"},"thumbnailUrl":"https:\/\/objectif-image.fr\/OI\/wp-content\/uploads\/2015\/12\/zoom_sur_objectif_appareil_photo1.jpg","articleSection":["Information du secr\u00e9tariat"],"inLanguage":"fr-FR"},{"@type":"WebPage","@id":"https:\/\/objectif-image.fr\/OI\/bonjour-tout-le-monde\/","url":"https:\/\/objectif-image.fr\/OI\/bonjour-tout-le-monde\/","name":"Le nouveau site OI est arriv\u00e9 avant le p\u00e8re No\u00ebl - Objectif Image","isPartOf":{"@id":"https:\/\/objectif-image.fr\/OI\/#website"},"primaryImageOfPage":{"@id":"https:\/\/objectif-image.fr\/OI\/bonjour-tout-le-monde\/#primaryimage"},"image":{"@id":"https:\/\/objectif-image.fr\/OI\/bonjour-tout-le-monde\/#primaryimage"},"thumbnailUrl":"https:\/\/objectif-image.fr\/OI\/wp-content\/uploads\/2015\/12\/zoom_sur_objectif_appareil_photo1.jpg","datePublished":"2015-12-15T08:40:50+00:00","dateModified":"2016-01-24T09:24:46+00:00","breadcrumb":{"@id":"https:\/\/objectif-image.fr\/OI\/bonjour-tout-le-monde\/#breadcrumb"},"inLanguage":"fr-FR","potentialAction":[{"@type":"ReadAction","target":["https:\/\/objectif-image.fr\/OI\/bonjour-tout-le-monde\/"]}]},{"@type":"ImageObject","inLanguage":"fr-FR","@id":"https:\/\/objectif-image.fr\/OI\/bonjour-tout-le-monde\/#primaryimage","url":"https:\/\/objectif-image.fr\/OI\/wp-content\/uploads\/2015\/12\/zoom_sur_objectif_appareil_photo1.jpg","contentUrl":"https:\/\/objectif-image.fr\/OI\/wp-content\/uploads\/2015\/12\/zoom_sur_objectif_appareil_photo1.jpg","width":600,"height":401},{"@type":"BreadcrumbList","@id":"https:\/\/objectif-image.fr\/OI\/bonjour-tout-le-monde\/#breadcrumb","itemListElement":[{"@type":"ListItem","position":1,"name":"Accueil","item":"https:\/\/objectif-image.fr\/OI\/"},{"@type":"ListItem","position":2,"name":"Le nouveau site OI est arriv\u00e9 avant le p\u00e8re No\u00ebl"}]},{"@type":"WebSite","@id":"https:\/\/objectif-image.fr\/OI\/#website","url":"https:\/\/objectif-image.fr\/OI\/","name":"Objectif Image","description":"Objectif Image","publisher":{"@id":"https:\/\/objectif-image.fr\/OI\/#organization"},"potentialAction":[{"@type":"SearchAction","target":{"@type":"EntryPoint","urlTemplate":"https:\/\/objectif-image.fr\/OI\/?s={search_term_string}"},"query-input":{"@type":"PropertyValueSpecification","valueRequired":true,"valueName":"search_term_string"}}],"inLanguage":"fr-FR"},{"@type":"Organization","@id":"https:\/\/objectif-image.fr\/OI\/#organization","name":"Objectif Image","url":"https:\/\/objectif-image.fr\/OI\/","logo":{"@type":"ImageObject","inLanguage":"fr-FR","@id":"https:\/\/objectif-image.fr\/OI\/#\/schema\/logo\/image\/","url":"https:\/\/objectif-image.fr\/OI\/wp-content\/uploads\/2019\/02\/logo-OI-NATIONAL-rouge-2000px.jpg","contentUrl":"https:\/\/objectif-image.fr\/OI\/wp-content\/uploads\/2019\/02\/logo-OI-NATIONAL-rouge-2000px.jpg","width":1081,"height":1024,"caption":"Objectif Image"},"image":{"@id":"https:\/\/objectif-image.fr\/OI\/#\/schema\/logo\/image\/"},"sameAs":["https:\/\/www.facebook.com\/Objectif.mage"]},{"@type":"Person","@id":"https:\/\/objectif-image.fr\/OI\/#\/schema\/person\/9645709a0d25d01826edae30cc2d054c","name":"stephane","image":{"@type":"ImageObject","inLanguage":"fr-FR","@id":"https:\/\/secure.gravatar.com\/avatar\/eedc54c666d9bc5232627d249ac4cfdbd2b1b6d38cf61b0e53f187229753f85b?s=96&d=mm&r=g","url":"https:\/\/secure.gravatar.com\/avatar\/eedc54c666d9bc5232627d249ac4cfdbd2b1b6d38cf61b0e53f187229753f85b?s=96&d=mm&r=g","contentUrl":"https:\/\/secure.gravatar.com\/avatar\/eedc54c666d9bc5232627d249ac4cfdbd2b1b6d38cf61b0e53f187229753f85b?s=96&d=mm&r=g","caption":"stephane"},"sameAs":["http:\/\/www.derny.com"],"url":"https:\/\/objectif-image.fr\/OI\/author\/stephane-2-2-2-2-2-2-2\/"}]}},"_links":{"self":[{"href":"https:\/\/objectif-image.fr\/OI\/wp-json\/wp\/v2\/posts\/1","targetHints":{"allow":["GET"]}}],"collection":[{"href":"https:\/\/objectif-image.fr\/OI\/wp-json\/wp\/v2\/posts"}],"about":[{"href":"https:\/\/objectif-image.fr\/OI\/wp-json\/wp\/v2\/types\/post"}],"author":[{"embeddable":true,"href":"https:\/\/objectif-image.fr\/OI\/wp-json\/wp\/v2\/users\/1"}],"replies":[{"embeddable":true,"href":"https:\/\/objectif-image.fr\/OI\/wp-json\/wp\/v2\/comments?post=1"}],"version-history":[{"count":0,"href":"https:\/\/objectif-image.fr\/OI\/wp-json\/wp\/v2\/posts\/1\/revisions"}],"wp:featuredmedia":[{"embeddable":true,"href":"https:\/\/objectif-image.fr\/OI\/wp-json\/wp\/v2\/media\/135"}],"wp:attachment":[{"href":"https:\/\/objectif-image.fr\/OI\/wp-json\/wp\/v2\/media?parent=1"}],"wp:term":[{"taxonomy":"category","embeddable":true,"href":"https:\/\/objectif-image.fr\/OI\/wp-json\/wp\/v2\/categories?post=1"},{"taxonomy":"post_tag","embeddable":true,"href":"https:\/\/objectif-image.fr\/OI\/wp-json\/wp\/v2\/tags?post=1"}],"curies":[{"name":"wp","href":"https:\/\/api.w.org\/{rel}","templated":true}]}}