{"id":1288,"date":"2016-02-24T19:22:34","date_gmt":"2016-02-24T18:22:34","guid":{"rendered":"http:\/\/objectif-image.fr\/OI\/?p=1288"},"modified":"2016-02-24T19:28:33","modified_gmt":"2016-02-24T18:28:33","slug":"exposition-dans-les-locaux-de-la-poste-nimes","status":"publish","type":"post","link":"https:\/\/objectif-image.fr\/OI\/exposition-dans-les-locaux-de-la-poste-nimes\/","title":{"rendered":"Exposition dans les locaux de La Poste &#8211; N\u00eemes"},"content":{"rendered":"<p><a href=\"https:\/\/objectif-image.fr\/OI\/wp-content\/uploads\/2016\/02\/Expo-DL-poste-16-Modifier.jpg\" rel=\"attachment wp-att-1289\"><img loading=\"lazy\" decoding=\"async\" class=\"size-large wp-image-1289 aligncenter\" src=\"https:\/\/objectif-image.fr\/OI\/wp-content\/uploads\/2016\/02\/Expo-DL-poste-16-Modifier-1024x682.jpg\" alt=\"Expo DL poste 16-Modifier\" width=\"720\" height=\"480\" srcset=\"https:\/\/objectif-image.fr\/OI\/wp-content\/uploads\/2016\/02\/Expo-DL-poste-16-Modifier-1024x682.jpg 1024w, https:\/\/objectif-image.fr\/OI\/wp-content\/uploads\/2016\/02\/Expo-DL-poste-16-Modifier-400x266.jpg 400w, https:\/\/objectif-image.fr\/OI\/wp-content\/uploads\/2016\/02\/Expo-DL-poste-16-Modifier-150x100.jpg 150w, https:\/\/objectif-image.fr\/OI\/wp-content\/uploads\/2016\/02\/Expo-DL-poste-16-Modifier-300x200.jpg 300w, https:\/\/objectif-image.fr\/OI\/wp-content\/uploads\/2016\/02\/Expo-DL-poste-16-Modifier-768x511.jpg 768w, https:\/\/objectif-image.fr\/OI\/wp-content\/uploads\/2016\/02\/Expo-DL-poste-16-Modifier-100x67.jpg 100w, https:\/\/objectif-image.fr\/OI\/wp-content\/uploads\/2016\/02\/Expo-DL-poste-16-Modifier.jpg 1280w\" sizes=\"auto, (max-width: 720px) 100vw, 720px\" \/><\/a><span style=\"color: #000000;\"><span style=\"color: #800080;\"><strong>Objectif Image\u00a0 N\u00ceMES<\/strong> <\/span>r\u00e9alise, pour 2016, \u00a0une exposition permanente des \u0153uvres de ses membres dans les salles de r\u00e9union de la direction de la Poste \u00e0 N\u00eemes.<\/span><br \/>\n<span style=\"color: #000000;\">Pr\u00e9sentation d\u2019un \u00e9ventail assez large de th\u00e8mes photographiques abord\u00e9s lors d\u2019ateliers du club.<\/span><\/p>\n","protected":false},"excerpt":{"rendered":"<p>Objectif Image\u00a0 N\u00ceMES r\u00e9alise, pour 2016, \u00a0une exposition permanente des \u0153uvres de ses membres dans les salles de r\u00e9union de la direction de la Poste \u00e0 N\u00eemes. Pr\u00e9sentation d\u2019un \u00e9ventail assez large de th\u00e8mes photographiques abord\u00e9s lors d\u2019ateliers du club.<\/p>\n","protected":false},"author":3,"featured_media":1292,"comment_status":"closed","ping_status":"closed","sticky":false,"template":"","format":"standard","meta":{"_acf_changed":false,"footnotes":""},"categories":[13,6],"tags":[],"class_list":["post-1288","post","type-post","status-publish","format-standard","has-post-thumbnail","hentry","category-photo","category-vie-des-clubs"],"acf":[],"yoast_head":"<!-- This site is optimized with the Yoast SEO plugin v27.5 - https:\/\/yoast.com\/product\/yoast-seo-wordpress\/ -->\n<title>Exposition dans les locaux de La Poste - N\u00eemes - Objectif Image<\/title>\n<meta name=\"robots\" content=\"index, follow, max-snippet:-1, max-image-preview:large, max-video-preview:-1\" \/>\n<link rel=\"canonical\" href=\"https:\/\/objectif-image.fr\/OI\/exposition-dans-les-locaux-de-la-poste-nimes\/\" \/>\n<meta property=\"og:locale\" content=\"fr_FR\" \/>\n<meta property=\"og:type\" content=\"article\" \/>\n<meta property=\"og:title\" content=\"Exposition dans les locaux de La Poste - N\u00eemes - Objectif Image\" \/>\n<meta property=\"og:description\" content=\"Objectif Image\u00a0 N\u00ceMES r\u00e9alise, pour 2016, \u00a0une exposition permanente des \u0153uvres de ses membres dans les salles de r\u00e9union de la direction de la Poste \u00e0 N\u00eemes. Pr\u00e9sentation d\u2019un \u00e9ventail assez large de th\u00e8mes photographiques abord\u00e9s lors d\u2019ateliers du club.\" \/>\n<meta property=\"og:url\" content=\"https:\/\/objectif-image.fr\/OI\/exposition-dans-les-locaux-de-la-poste-nimes\/\" \/>\n<meta property=\"og:site_name\" content=\"Objectif Image\" \/>\n<meta property=\"article:publisher\" content=\"https:\/\/www.facebook.com\/Objectif.mage\" \/>\n<meta property=\"article:published_time\" content=\"2016-02-24T18:22:34+00:00\" \/>\n<meta property=\"article:modified_time\" content=\"2016-02-24T18:28:33+00:00\" \/>\n<meta property=\"og:image\" content=\"https:\/\/objectif-image.fr\/OI\/wp-content\/uploads\/2016\/02\/AFFICHE-2016-A4-BON-1-e1456338333801.jpg\" \/>\n\t<meta property=\"og:image:width\" content=\"500\" \/>\n\t<meta property=\"og:image:height\" content=\"158\" \/>\n\t<meta property=\"og:image:type\" content=\"image\/jpeg\" \/>\n<meta name=\"author\" content=\"Pierre S\" \/>\n<meta name=\"twitter:card\" content=\"summary_large_image\" \/>\n<meta name=\"twitter:label1\" content=\"\u00c9crit par\" \/>\n\t<meta name=\"twitter:data1\" content=\"Pierre S\" \/>\n<script type=\"application\/ld+json\" class=\"yoast-schema-graph\">{\"@context\":\"https:\\\/\\\/schema.org\",\"@graph\":[{\"@type\":\"Article\",\"@id\":\"https:\\\/\\\/objectif-image.fr\\\/OI\\\/exposition-dans-les-locaux-de-la-poste-nimes\\\/#article\",\"isPartOf\":{\"@id\":\"https:\\\/\\\/objectif-image.fr\\\/OI\\\/exposition-dans-les-locaux-de-la-poste-nimes\\\/\"},\"author\":{\"name\":\"Pierre S\",\"@id\":\"https:\\\/\\\/objectif-image.fr\\\/OI\\\/#\\\/schema\\\/person\\\/813c64cc2f0c70450ca653f2e80a6515\"},\"headline\":\"Exposition dans les locaux de La Poste &#8211; N\u00eemes\",\"datePublished\":\"2016-02-24T18:22:34+00:00\",\"dateModified\":\"2016-02-24T18:28:33+00:00\",\"mainEntityOfPage\":{\"@id\":\"https:\\\/\\\/objectif-image.fr\\\/OI\\\/exposition-dans-les-locaux-de-la-poste-nimes\\\/\"},\"wordCount\":57,\"publisher\":{\"@id\":\"https:\\\/\\\/objectif-image.fr\\\/OI\\\/#organization\"},\"image\":{\"@id\":\"https:\\\/\\\/objectif-image.fr\\\/OI\\\/exposition-dans-les-locaux-de-la-poste-nimes\\\/#primaryimage\"},\"thumbnailUrl\":\"https:\\\/\\\/objectif-image.fr\\\/OI\\\/wp-content\\\/uploads\\\/2016\\\/02\\\/AFFICHE-2016-A4-BON-1-e1456338333801.jpg\",\"articleSection\":[\"Photo\",\"Vie des clubs\"],\"inLanguage\":\"fr-FR\"},{\"@type\":\"WebPage\",\"@id\":\"https:\\\/\\\/objectif-image.fr\\\/OI\\\/exposition-dans-les-locaux-de-la-poste-nimes\\\/\",\"url\":\"https:\\\/\\\/objectif-image.fr\\\/OI\\\/exposition-dans-les-locaux-de-la-poste-nimes\\\/\",\"name\":\"Exposition dans les locaux de La Poste - N\u00eemes - Objectif Image\",\"isPartOf\":{\"@id\":\"https:\\\/\\\/objectif-image.fr\\\/OI\\\/#website\"},\"primaryImageOfPage\":{\"@id\":\"https:\\\/\\\/objectif-image.fr\\\/OI\\\/exposition-dans-les-locaux-de-la-poste-nimes\\\/#primaryimage\"},\"image\":{\"@id\":\"https:\\\/\\\/objectif-image.fr\\\/OI\\\/exposition-dans-les-locaux-de-la-poste-nimes\\\/#primaryimage\"},\"thumbnailUrl\":\"https:\\\/\\\/objectif-image.fr\\\/OI\\\/wp-content\\\/uploads\\\/2016\\\/02\\\/AFFICHE-2016-A4-BON-1-e1456338333801.jpg\",\"datePublished\":\"2016-02-24T18:22:34+00:00\",\"dateModified\":\"2016-02-24T18:28:33+00:00\",\"breadcrumb\":{\"@id\":\"https:\\\/\\\/objectif-image.fr\\\/OI\\\/exposition-dans-les-locaux-de-la-poste-nimes\\\/#breadcrumb\"},\"inLanguage\":\"fr-FR\",\"potentialAction\":[{\"@type\":\"ReadAction\",\"target\":[\"https:\\\/\\\/objectif-image.fr\\\/OI\\\/exposition-dans-les-locaux-de-la-poste-nimes\\\/\"]}]},{\"@type\":\"ImageObject\",\"inLanguage\":\"fr-FR\",\"@id\":\"https:\\\/\\\/objectif-image.fr\\\/OI\\\/exposition-dans-les-locaux-de-la-poste-nimes\\\/#primaryimage\",\"url\":\"https:\\\/\\\/objectif-image.fr\\\/OI\\\/wp-content\\\/uploads\\\/2016\\\/02\\\/AFFICHE-2016-A4-BON-1-e1456338333801.jpg\",\"contentUrl\":\"https:\\\/\\\/objectif-image.fr\\\/OI\\\/wp-content\\\/uploads\\\/2016\\\/02\\\/AFFICHE-2016-A4-BON-1-e1456338333801.jpg\",\"width\":500,\"height\":158,\"caption\":\"\"},{\"@type\":\"BreadcrumbList\",\"@id\":\"https:\\\/\\\/objectif-image.fr\\\/OI\\\/exposition-dans-les-locaux-de-la-poste-nimes\\\/#breadcrumb\",\"itemListElement\":[{\"@type\":\"ListItem\",\"position\":1,\"name\":\"Accueil\",\"item\":\"https:\\\/\\\/objectif-image.fr\\\/OI\\\/\"},{\"@type\":\"ListItem\",\"position\":2,\"name\":\"Exposition dans les locaux de La Poste &#8211; N\u00eemes\"}]},{\"@type\":\"WebSite\",\"@id\":\"https:\\\/\\\/objectif-image.fr\\\/OI\\\/#website\",\"url\":\"https:\\\/\\\/objectif-image.fr\\\/OI\\\/\",\"name\":\"Objectif Image\",\"description\":\"Objectif Image\",\"publisher\":{\"@id\":\"https:\\\/\\\/objectif-image.fr\\\/OI\\\/#organization\"},\"potentialAction\":[{\"@type\":\"SearchAction\",\"target\":{\"@type\":\"EntryPoint\",\"urlTemplate\":\"https:\\\/\\\/objectif-image.fr\\\/OI\\\/?s={search_term_string}\"},\"query-input\":{\"@type\":\"PropertyValueSpecification\",\"valueRequired\":true,\"valueName\":\"search_term_string\"}}],\"inLanguage\":\"fr-FR\"},{\"@type\":\"Organization\",\"@id\":\"https:\\\/\\\/objectif-image.fr\\\/OI\\\/#organization\",\"name\":\"Objectif Image\",\"url\":\"https:\\\/\\\/objectif-image.fr\\\/OI\\\/\",\"logo\":{\"@type\":\"ImageObject\",\"inLanguage\":\"fr-FR\",\"@id\":\"https:\\\/\\\/objectif-image.fr\\\/OI\\\/#\\\/schema\\\/logo\\\/image\\\/\",\"url\":\"https:\\\/\\\/objectif-image.fr\\\/OI\\\/wp-content\\\/uploads\\\/2019\\\/02\\\/logo-OI-NATIONAL-rouge-2000px.jpg\",\"contentUrl\":\"https:\\\/\\\/objectif-image.fr\\\/OI\\\/wp-content\\\/uploads\\\/2019\\\/02\\\/logo-OI-NATIONAL-rouge-2000px.jpg\",\"width\":1081,\"height\":1024,\"caption\":\"Objectif Image\"},\"image\":{\"@id\":\"https:\\\/\\\/objectif-image.fr\\\/OI\\\/#\\\/schema\\\/logo\\\/image\\\/\"},\"sameAs\":[\"https:\\\/\\\/www.facebook.com\\\/Objectif.mage\"]},{\"@type\":\"Person\",\"@id\":\"https:\\\/\\\/objectif-image.fr\\\/OI\\\/#\\\/schema\\\/person\\\/813c64cc2f0c70450ca653f2e80a6515\",\"name\":\"Pierre S\",\"image\":{\"@type\":\"ImageObject\",\"inLanguage\":\"fr-FR\",\"@id\":\"https:\\\/\\\/secure.gravatar.com\\\/avatar\\\/6d1df1cb0bf58ef7d330b8910acfe62e7fbc0c2138564189224f85869b953674?s=96&d=mm&r=g\",\"url\":\"https:\\\/\\\/secure.gravatar.com\\\/avatar\\\/6d1df1cb0bf58ef7d330b8910acfe62e7fbc0c2138564189224f85869b953674?s=96&d=mm&r=g\",\"contentUrl\":\"https:\\\/\\\/secure.gravatar.com\\\/avatar\\\/6d1df1cb0bf58ef7d330b8910acfe62e7fbc0c2138564189224f85869b953674?s=96&d=mm&r=g\",\"caption\":\"Pierre S\"},\"url\":\"https:\\\/\\\/objectif-image.fr\\\/OI\\\/author\\\/pierres-2-2\\\/\"}]}<\/script>\n<!-- \/ Yoast SEO plugin. -->","yoast_head_json":{"title":"Exposition dans les locaux de La Poste - N\u00eemes - Objectif Image","robots":{"index":"index","follow":"follow","max-snippet":"max-snippet:-1","max-image-preview":"max-image-preview:large","max-video-preview":"max-video-preview:-1"},"canonical":"https:\/\/objectif-image.fr\/OI\/exposition-dans-les-locaux-de-la-poste-nimes\/","og_locale":"fr_FR","og_type":"article","og_title":"Exposition dans les locaux de La Poste - N\u00eemes - Objectif Image","og_description":"Objectif Image\u00a0 N\u00ceMES r\u00e9alise, pour 2016, \u00a0une exposition permanente des \u0153uvres de ses membres dans les salles de r\u00e9union de la direction de la Poste \u00e0 N\u00eemes. Pr\u00e9sentation d\u2019un \u00e9ventail assez large de th\u00e8mes photographiques abord\u00e9s lors d\u2019ateliers du club.","og_url":"https:\/\/objectif-image.fr\/OI\/exposition-dans-les-locaux-de-la-poste-nimes\/","og_site_name":"Objectif Image","article_publisher":"https:\/\/www.facebook.com\/Objectif.mage","article_published_time":"2016-02-24T18:22:34+00:00","article_modified_time":"2016-02-24T18:28:33+00:00","og_image":[{"width":500,"height":158,"url":"https:\/\/objectif-image.fr\/OI\/wp-content\/uploads\/2016\/02\/AFFICHE-2016-A4-BON-1-e1456338333801.jpg","type":"image\/jpeg"}],"author":"Pierre S","twitter_card":"summary_large_image","twitter_misc":{"\u00c9crit par":"Pierre S"},"schema":{"@context":"https:\/\/schema.org","@graph":[{"@type":"Article","@id":"https:\/\/objectif-image.fr\/OI\/exposition-dans-les-locaux-de-la-poste-nimes\/#article","isPartOf":{"@id":"https:\/\/objectif-image.fr\/OI\/exposition-dans-les-locaux-de-la-poste-nimes\/"},"author":{"name":"Pierre S","@id":"https:\/\/objectif-image.fr\/OI\/#\/schema\/person\/813c64cc2f0c70450ca653f2e80a6515"},"headline":"Exposition dans les locaux de La Poste &#8211; N\u00eemes","datePublished":"2016-02-24T18:22:34+00:00","dateModified":"2016-02-24T18:28:33+00:00","mainEntityOfPage":{"@id":"https:\/\/objectif-image.fr\/OI\/exposition-dans-les-locaux-de-la-poste-nimes\/"},"wordCount":57,"publisher":{"@id":"https:\/\/objectif-image.fr\/OI\/#organization"},"image":{"@id":"https:\/\/objectif-image.fr\/OI\/exposition-dans-les-locaux-de-la-poste-nimes\/#primaryimage"},"thumbnailUrl":"https:\/\/objectif-image.fr\/OI\/wp-content\/uploads\/2016\/02\/AFFICHE-2016-A4-BON-1-e1456338333801.jpg","articleSection":["Photo","Vie des clubs"],"inLanguage":"fr-FR"},{"@type":"WebPage","@id":"https:\/\/objectif-image.fr\/OI\/exposition-dans-les-locaux-de-la-poste-nimes\/","url":"https:\/\/objectif-image.fr\/OI\/exposition-dans-les-locaux-de-la-poste-nimes\/","name":"Exposition dans les locaux de La Poste - N\u00eemes - Objectif Image","isPartOf":{"@id":"https:\/\/objectif-image.fr\/OI\/#website"},"primaryImageOfPage":{"@id":"https:\/\/objectif-image.fr\/OI\/exposition-dans-les-locaux-de-la-poste-nimes\/#primaryimage"},"image":{"@id":"https:\/\/objectif-image.fr\/OI\/exposition-dans-les-locaux-de-la-poste-nimes\/#primaryimage"},"thumbnailUrl":"https:\/\/objectif-image.fr\/OI\/wp-content\/uploads\/2016\/02\/AFFICHE-2016-A4-BON-1-e1456338333801.jpg","datePublished":"2016-02-24T18:22:34+00:00","dateModified":"2016-02-24T18:28:33+00:00","breadcrumb":{"@id":"https:\/\/objectif-image.fr\/OI\/exposition-dans-les-locaux-de-la-poste-nimes\/#breadcrumb"},"inLanguage":"fr-FR","potentialAction":[{"@type":"ReadAction","target":["https:\/\/objectif-image.fr\/OI\/exposition-dans-les-locaux-de-la-poste-nimes\/"]}]},{"@type":"ImageObject","inLanguage":"fr-FR","@id":"https:\/\/objectif-image.fr\/OI\/exposition-dans-les-locaux-de-la-poste-nimes\/#primaryimage","url":"https:\/\/objectif-image.fr\/OI\/wp-content\/uploads\/2016\/02\/AFFICHE-2016-A4-BON-1-e1456338333801.jpg","contentUrl":"https:\/\/objectif-image.fr\/OI\/wp-content\/uploads\/2016\/02\/AFFICHE-2016-A4-BON-1-e1456338333801.jpg","width":500,"height":158,"caption":""},{"@type":"BreadcrumbList","@id":"https:\/\/objectif-image.fr\/OI\/exposition-dans-les-locaux-de-la-poste-nimes\/#breadcrumb","itemListElement":[{"@type":"ListItem","position":1,"name":"Accueil","item":"https:\/\/objectif-image.fr\/OI\/"},{"@type":"ListItem","position":2,"name":"Exposition dans les locaux de La Poste &#8211; N\u00eemes"}]},{"@type":"WebSite","@id":"https:\/\/objectif-image.fr\/OI\/#website","url":"https:\/\/objectif-image.fr\/OI\/","name":"Objectif Image","description":"Objectif Image","publisher":{"@id":"https:\/\/objectif-image.fr\/OI\/#organization"},"potentialAction":[{"@type":"SearchAction","target":{"@type":"EntryPoint","urlTemplate":"https:\/\/objectif-image.fr\/OI\/?s={search_term_string}"},"query-input":{"@type":"PropertyValueSpecification","valueRequired":true,"valueName":"search_term_string"}}],"inLanguage":"fr-FR"},{"@type":"Organization","@id":"https:\/\/objectif-image.fr\/OI\/#organization","name":"Objectif Image","url":"https:\/\/objectif-image.fr\/OI\/","logo":{"@type":"ImageObject","inLanguage":"fr-FR","@id":"https:\/\/objectif-image.fr\/OI\/#\/schema\/logo\/image\/","url":"https:\/\/objectif-image.fr\/OI\/wp-content\/uploads\/2019\/02\/logo-OI-NATIONAL-rouge-2000px.jpg","contentUrl":"https:\/\/objectif-image.fr\/OI\/wp-content\/uploads\/2019\/02\/logo-OI-NATIONAL-rouge-2000px.jpg","width":1081,"height":1024,"caption":"Objectif Image"},"image":{"@id":"https:\/\/objectif-image.fr\/OI\/#\/schema\/logo\/image\/"},"sameAs":["https:\/\/www.facebook.com\/Objectif.mage"]},{"@type":"Person","@id":"https:\/\/objectif-image.fr\/OI\/#\/schema\/person\/813c64cc2f0c70450ca653f2e80a6515","name":"Pierre S","image":{"@type":"ImageObject","inLanguage":"fr-FR","@id":"https:\/\/secure.gravatar.com\/avatar\/6d1df1cb0bf58ef7d330b8910acfe62e7fbc0c2138564189224f85869b953674?s=96&d=mm&r=g","url":"https:\/\/secure.gravatar.com\/avatar\/6d1df1cb0bf58ef7d330b8910acfe62e7fbc0c2138564189224f85869b953674?s=96&d=mm&r=g","contentUrl":"https:\/\/secure.gravatar.com\/avatar\/6d1df1cb0bf58ef7d330b8910acfe62e7fbc0c2138564189224f85869b953674?s=96&d=mm&r=g","caption":"Pierre S"},"url":"https:\/\/objectif-image.fr\/OI\/author\/pierres-2-2\/"}]}},"_links":{"self":[{"href":"https:\/\/objectif-image.fr\/OI\/wp-json\/wp\/v2\/posts\/1288","targetHints":{"allow":["GET"]}}],"collection":[{"href":"https:\/\/objectif-image.fr\/OI\/wp-json\/wp\/v2\/posts"}],"about":[{"href":"https:\/\/objectif-image.fr\/OI\/wp-json\/wp\/v2\/types\/post"}],"author":[{"embeddable":true,"href":"https:\/\/objectif-image.fr\/OI\/wp-json\/wp\/v2\/users\/3"}],"replies":[{"embeddable":true,"href":"https:\/\/objectif-image.fr\/OI\/wp-json\/wp\/v2\/comments?post=1288"}],"version-history":[{"count":0,"href":"https:\/\/objectif-image.fr\/OI\/wp-json\/wp\/v2\/posts\/1288\/revisions"}],"wp:featuredmedia":[{"embeddable":true,"href":"https:\/\/objectif-image.fr\/OI\/wp-json\/wp\/v2\/media\/1292"}],"wp:attachment":[{"href":"https:\/\/objectif-image.fr\/OI\/wp-json\/wp\/v2\/media?parent=1288"}],"wp:term":[{"taxonomy":"category","embeddable":true,"href":"https:\/\/objectif-image.fr\/OI\/wp-json\/wp\/v2\/categories?post=1288"},{"taxonomy":"post_tag","embeddable":true,"href":"https:\/\/objectif-image.fr\/OI\/wp-json\/wp\/v2\/tags?post=1288"}],"curies":[{"name":"wp","href":"https:\/\/api.w.org\/{rel}","templated":true}]}}