{"id":1566,"date":"2016-03-17T07:17:42","date_gmt":"2016-03-17T06:17:42","guid":{"rendered":"http:\/\/objectif-image.fr\/OI\/?p=1566"},"modified":"2018-02-16T13:22:59","modified_gmt":"2018-02-16T12:22:59","slug":"la-rue-en-fete-roland-laboye","status":"publish","type":"post","link":"https:\/\/objectif-image.fr\/OI\/la-rue-en-fete-roland-laboye\/","title":{"rendered":"\u00a0\u00bb La Rue  en F\u00eate\u00a0\u00bb &#8211; Roland  LABOYE"},"content":{"rendered":"<p><span style=\"color: #000000;\">Un stage photo organis\u00e9 par les <strong><span style=\"color: #800080;\">Rencontres Photographiques C\u00e9venoles.<\/span><\/strong><\/span><\/p>\n<p><!--more--><\/p>\n<p><strong><span style=\"color: #800080;\">Roland LABOYE<\/span><\/strong> <span style=\"color: #000000;\">nous informe qu&rsquo;il conduit un stage <\/span><\/p>\n<p><span style=\"color: #000000;\">lors de \u00ab\u00a0<strong>LA FETE A BESSEGES<\/strong> &#8211; GARD \u00a0\u00bb le 2-3-4 septembre<\/span><\/p>\n<div><span style=\"color: #000000;\"><em>Ce stage de \u00ab\u00a0reportage de la rue\u00a0\u00bb aura pour cadre La F\u00eate de Bess\u00e8ges 2016<\/em><\/span><\/div>\n<div><span style=\"color: #000000;\"><em>Durant 3 jours, Bess\u00e8ges est en f\u00eate et la sortie de son tr\u00e8s r\u00e9put\u00e9 CORSO FLEURI offrira de nombreuses opportunit\u00e9s pour construire une ou plusieurs histoires.<\/em><\/span><\/div>\n<div><\/div>\n<div id=\"yiv2714113855yui_3_16_0_1_1456941361713_4893\" dir=\"ltr\"><span style=\"color: #000000;\">infos sur le site des :\u00a0<\/span> <span style=\"color: #800080;\"><strong>Rencontres Photographiques C\u00e9venoles<\/strong><\/span><\/div>\n<div dir=\"ltr\"><\/div>\n<div dir=\"ltr\"><\/div>\n<div dir=\"ltr\"><span style=\"color: #000000;\">Inscriptions aupr\u00e8s de\u00a0 :<\/span><\/div>\n<div dir=\"ltr\"><span style=\"color: #000000;\"><strong>Rencontres C\u00e9venoles de la Photo<br \/>\nLe Petit Villard Sud<br \/>\n30160 BESSEGES<br \/>\n04.66.25.17.20<\/strong><\/span><\/div>\n<div dir=\"ltr\">\n<hr \/>\n<\/div>\n<div dir=\"ltr\"><span style=\"color: #000000;\">Roland organisera ensuite un stage, ce coup-ci \u00e0 la demande d&rsquo;Objectif Image du<strong> jeudi 15 septembre au dimanche 18 septembre2016 <\/strong>(4 jours)<span style=\"color: #000000;\"> \u00e0 Montpellier.<\/span><strong><br \/>\n<\/strong><\/span><\/div>\n<div dir=\"ltr\">\n<ul>\n<li><span style=\"color: #000000;\">Aller plus loin dans la photographie humaniste dans\u00a0la rue.<\/span><\/li>\n<li><span style=\"color: #000000;\">Info<\/span> : <strong><a href=\"https:\/\/objectif-image.fr\/OI\/index.php\/sirop-de-la-rue\/\" target=\"_blank\">ICI<\/a><\/strong><\/li>\n<\/ul>\n<\/div>\n<p><a href=\"https:\/\/objectif-image.fr\/OI\/wp-content\/uploads\/2016\/03\/IMG_1484.jpg\" rel=\"attachment wp-att-1567\"><img loading=\"lazy\" decoding=\"async\" class=\"wp-image-1567 aligncenter\" src=\"https:\/\/objectif-image.fr\/OI\/wp-content\/uploads\/2016\/03\/IMG_1484.jpg\" alt=\"IMG_1484\" width=\"712\" height=\"531\" srcset=\"https:\/\/objectif-image.fr\/OI\/wp-content\/uploads\/2016\/03\/IMG_1484.jpg 800w, https:\/\/objectif-image.fr\/OI\/wp-content\/uploads\/2016\/03\/IMG_1484-400x299.jpg 400w, https:\/\/objectif-image.fr\/OI\/wp-content\/uploads\/2016\/03\/IMG_1484-150x112.jpg 150w, https:\/\/objectif-image.fr\/OI\/wp-content\/uploads\/2016\/03\/IMG_1484-300x224.jpg 300w, https:\/\/objectif-image.fr\/OI\/wp-content\/uploads\/2016\/03\/IMG_1484-768x573.jpg 768w, https:\/\/objectif-image.fr\/OI\/wp-content\/uploads\/2016\/03\/IMG_1484-100x75.jpg 100w\" sizes=\"auto, (max-width: 712px) 100vw, 712px\" \/><\/a><\/p>\n<p><a href=\"https:\/\/objectif-image.fr\/OI\/wp-content\/uploads\/2016\/03\/IMG_7191.jpg\" rel=\"attachment wp-att-1568\"><img loading=\"lazy\" decoding=\"async\" class=\"wp-image-1568 aligncenter\" src=\"https:\/\/objectif-image.fr\/OI\/wp-content\/uploads\/2016\/03\/IMG_7191.jpg\" alt=\"IMG_7191\" width=\"710\" height=\"530\" srcset=\"https:\/\/objectif-image.fr\/OI\/wp-content\/uploads\/2016\/03\/IMG_7191.jpg 800w, https:\/\/objectif-image.fr\/OI\/wp-content\/uploads\/2016\/03\/IMG_7191-400x299.jpg 400w, https:\/\/objectif-image.fr\/OI\/wp-content\/uploads\/2016\/03\/IMG_7191-150x112.jpg 150w, https:\/\/objectif-image.fr\/OI\/wp-content\/uploads\/2016\/03\/IMG_7191-300x224.jpg 300w, https:\/\/objectif-image.fr\/OI\/wp-content\/uploads\/2016\/03\/IMG_7191-768x573.jpg 768w, https:\/\/objectif-image.fr\/OI\/wp-content\/uploads\/2016\/03\/IMG_7191-100x75.jpg 100w\" sizes=\"auto, (max-width: 710px) 100vw, 710px\" \/><\/a><\/p>\n","protected":false},"excerpt":{"rendered":"<p>Un stage photo organis\u00e9 par les Rencontres Photographiques C\u00e9venoles.<\/p>\n","protected":false},"author":3,"featured_media":1568,"comment_status":"closed","ping_status":"closed","sticky":false,"template":"","format":"standard","meta":{"_acf_changed":false,"footnotes":""},"categories":[9],"tags":[],"class_list":["post-1566","post","type-post","status-publish","format-standard","has-post-thumbnail","hentry","category-stages"],"acf":[],"yoast_head":"<!-- This site is optimized with the Yoast SEO plugin v27.5 - https:\/\/yoast.com\/product\/yoast-seo-wordpress\/ -->\n<title>&quot; La Rue en F\u00eate&quot; - Roland LABOYE - Objectif Image<\/title>\n<meta name=\"robots\" content=\"index, follow, max-snippet:-1, max-image-preview:large, max-video-preview:-1\" \/>\n<link rel=\"canonical\" href=\"https:\/\/objectif-image.fr\/OI\/la-rue-en-fete-roland-laboye\/\" \/>\n<meta property=\"og:locale\" content=\"fr_FR\" \/>\n<meta property=\"og:type\" content=\"article\" \/>\n<meta property=\"og:title\" content=\"&quot; La Rue en F\u00eate&quot; - Roland LABOYE - Objectif Image\" \/>\n<meta property=\"og:description\" content=\"Un stage photo organis\u00e9 par les Rencontres Photographiques C\u00e9venoles.\" \/>\n<meta property=\"og:url\" content=\"https:\/\/objectif-image.fr\/OI\/la-rue-en-fete-roland-laboye\/\" \/>\n<meta property=\"og:site_name\" content=\"Objectif Image\" \/>\n<meta property=\"article:publisher\" content=\"https:\/\/www.facebook.com\/Objectif.mage\" \/>\n<meta property=\"article:published_time\" content=\"2016-03-17T06:17:42+00:00\" \/>\n<meta property=\"article:modified_time\" content=\"2018-02-16T12:22:59+00:00\" \/>\n<meta property=\"og:image\" content=\"https:\/\/objectif-image.fr\/OI\/wp-content\/uploads\/2016\/03\/IMG_7191.jpg\" \/>\n\t<meta property=\"og:image:width\" content=\"800\" \/>\n\t<meta property=\"og:image:height\" content=\"597\" \/>\n\t<meta property=\"og:image:type\" content=\"image\/jpeg\" \/>\n<meta name=\"author\" content=\"Pierre S\" \/>\n<meta name=\"twitter:card\" content=\"summary_large_image\" \/>\n<meta name=\"twitter:label1\" content=\"\u00c9crit par\" \/>\n\t<meta name=\"twitter:data1\" content=\"Pierre S\" \/>\n\t<meta name=\"twitter:label2\" content=\"Dur\u00e9e de lecture estim\u00e9e\" \/>\n\t<meta name=\"twitter:data2\" content=\"1 minute\" \/>\n<script type=\"application\/ld+json\" class=\"yoast-schema-graph\">{\"@context\":\"https:\\\/\\\/schema.org\",\"@graph\":[{\"@type\":\"Article\",\"@id\":\"https:\\\/\\\/objectif-image.fr\\\/OI\\\/la-rue-en-fete-roland-laboye\\\/#article\",\"isPartOf\":{\"@id\":\"https:\\\/\\\/objectif-image.fr\\\/OI\\\/la-rue-en-fete-roland-laboye\\\/\"},\"author\":{\"name\":\"Pierre S\",\"@id\":\"https:\\\/\\\/objectif-image.fr\\\/OI\\\/#\\\/schema\\\/person\\\/813c64cc2f0c70450ca653f2e80a6515\"},\"headline\":\"\u00a0\u00bb La Rue en F\u00eate\u00a0\u00bb &#8211; Roland LABOYE\",\"datePublished\":\"2016-03-17T06:17:42+00:00\",\"dateModified\":\"2018-02-16T12:22:59+00:00\",\"mainEntityOfPage\":{\"@id\":\"https:\\\/\\\/objectif-image.fr\\\/OI\\\/la-rue-en-fete-roland-laboye\\\/\"},\"wordCount\":141,\"publisher\":{\"@id\":\"https:\\\/\\\/objectif-image.fr\\\/OI\\\/#organization\"},\"image\":{\"@id\":\"https:\\\/\\\/objectif-image.fr\\\/OI\\\/la-rue-en-fete-roland-laboye\\\/#primaryimage\"},\"thumbnailUrl\":\"https:\\\/\\\/objectif-image.fr\\\/OI\\\/wp-content\\\/uploads\\\/2016\\\/03\\\/IMG_7191.jpg\",\"articleSection\":[\"Stages\"],\"inLanguage\":\"fr-FR\"},{\"@type\":\"WebPage\",\"@id\":\"https:\\\/\\\/objectif-image.fr\\\/OI\\\/la-rue-en-fete-roland-laboye\\\/\",\"url\":\"https:\\\/\\\/objectif-image.fr\\\/OI\\\/la-rue-en-fete-roland-laboye\\\/\",\"name\":\"\\\" La Rue en F\u00eate\\\" - Roland LABOYE - Objectif Image\",\"isPartOf\":{\"@id\":\"https:\\\/\\\/objectif-image.fr\\\/OI\\\/#website\"},\"primaryImageOfPage\":{\"@id\":\"https:\\\/\\\/objectif-image.fr\\\/OI\\\/la-rue-en-fete-roland-laboye\\\/#primaryimage\"},\"image\":{\"@id\":\"https:\\\/\\\/objectif-image.fr\\\/OI\\\/la-rue-en-fete-roland-laboye\\\/#primaryimage\"},\"thumbnailUrl\":\"https:\\\/\\\/objectif-image.fr\\\/OI\\\/wp-content\\\/uploads\\\/2016\\\/03\\\/IMG_7191.jpg\",\"datePublished\":\"2016-03-17T06:17:42+00:00\",\"dateModified\":\"2018-02-16T12:22:59+00:00\",\"breadcrumb\":{\"@id\":\"https:\\\/\\\/objectif-image.fr\\\/OI\\\/la-rue-en-fete-roland-laboye\\\/#breadcrumb\"},\"inLanguage\":\"fr-FR\",\"potentialAction\":[{\"@type\":\"ReadAction\",\"target\":[\"https:\\\/\\\/objectif-image.fr\\\/OI\\\/la-rue-en-fete-roland-laboye\\\/\"]}]},{\"@type\":\"ImageObject\",\"inLanguage\":\"fr-FR\",\"@id\":\"https:\\\/\\\/objectif-image.fr\\\/OI\\\/la-rue-en-fete-roland-laboye\\\/#primaryimage\",\"url\":\"https:\\\/\\\/objectif-image.fr\\\/OI\\\/wp-content\\\/uploads\\\/2016\\\/03\\\/IMG_7191.jpg\",\"contentUrl\":\"https:\\\/\\\/objectif-image.fr\\\/OI\\\/wp-content\\\/uploads\\\/2016\\\/03\\\/IMG_7191.jpg\",\"width\":800,\"height\":597},{\"@type\":\"BreadcrumbList\",\"@id\":\"https:\\\/\\\/objectif-image.fr\\\/OI\\\/la-rue-en-fete-roland-laboye\\\/#breadcrumb\",\"itemListElement\":[{\"@type\":\"ListItem\",\"position\":1,\"name\":\"Accueil\",\"item\":\"https:\\\/\\\/objectif-image.fr\\\/OI\\\/\"},{\"@type\":\"ListItem\",\"position\":2,\"name\":\"\u00a0\u00bb La Rue en F\u00eate\u00a0\u00bb &#8211; Roland LABOYE\"}]},{\"@type\":\"WebSite\",\"@id\":\"https:\\\/\\\/objectif-image.fr\\\/OI\\\/#website\",\"url\":\"https:\\\/\\\/objectif-image.fr\\\/OI\\\/\",\"name\":\"Objectif Image\",\"description\":\"Objectif Image\",\"publisher\":{\"@id\":\"https:\\\/\\\/objectif-image.fr\\\/OI\\\/#organization\"},\"potentialAction\":[{\"@type\":\"SearchAction\",\"target\":{\"@type\":\"EntryPoint\",\"urlTemplate\":\"https:\\\/\\\/objectif-image.fr\\\/OI\\\/?s={search_term_string}\"},\"query-input\":{\"@type\":\"PropertyValueSpecification\",\"valueRequired\":true,\"valueName\":\"search_term_string\"}}],\"inLanguage\":\"fr-FR\"},{\"@type\":\"Organization\",\"@id\":\"https:\\\/\\\/objectif-image.fr\\\/OI\\\/#organization\",\"name\":\"Objectif Image\",\"url\":\"https:\\\/\\\/objectif-image.fr\\\/OI\\\/\",\"logo\":{\"@type\":\"ImageObject\",\"inLanguage\":\"fr-FR\",\"@id\":\"https:\\\/\\\/objectif-image.fr\\\/OI\\\/#\\\/schema\\\/logo\\\/image\\\/\",\"url\":\"https:\\\/\\\/objectif-image.fr\\\/OI\\\/wp-content\\\/uploads\\\/2019\\\/02\\\/logo-OI-NATIONAL-rouge-2000px.jpg\",\"contentUrl\":\"https:\\\/\\\/objectif-image.fr\\\/OI\\\/wp-content\\\/uploads\\\/2019\\\/02\\\/logo-OI-NATIONAL-rouge-2000px.jpg\",\"width\":1081,\"height\":1024,\"caption\":\"Objectif Image\"},\"image\":{\"@id\":\"https:\\\/\\\/objectif-image.fr\\\/OI\\\/#\\\/schema\\\/logo\\\/image\\\/\"},\"sameAs\":[\"https:\\\/\\\/www.facebook.com\\\/Objectif.mage\"]},{\"@type\":\"Person\",\"@id\":\"https:\\\/\\\/objectif-image.fr\\\/OI\\\/#\\\/schema\\\/person\\\/813c64cc2f0c70450ca653f2e80a6515\",\"name\":\"Pierre S\",\"image\":{\"@type\":\"ImageObject\",\"inLanguage\":\"fr-FR\",\"@id\":\"https:\\\/\\\/secure.gravatar.com\\\/avatar\\\/6d1df1cb0bf58ef7d330b8910acfe62e7fbc0c2138564189224f85869b953674?s=96&d=mm&r=g\",\"url\":\"https:\\\/\\\/secure.gravatar.com\\\/avatar\\\/6d1df1cb0bf58ef7d330b8910acfe62e7fbc0c2138564189224f85869b953674?s=96&d=mm&r=g\",\"contentUrl\":\"https:\\\/\\\/secure.gravatar.com\\\/avatar\\\/6d1df1cb0bf58ef7d330b8910acfe62e7fbc0c2138564189224f85869b953674?s=96&d=mm&r=g\",\"caption\":\"Pierre S\"},\"url\":\"https:\\\/\\\/objectif-image.fr\\\/OI\\\/author\\\/pierres-2-2\\\/\"}]}<\/script>\n<!-- \/ Yoast SEO plugin. -->","yoast_head_json":{"title":"\" La Rue en F\u00eate\" - Roland LABOYE - Objectif Image","robots":{"index":"index","follow":"follow","max-snippet":"max-snippet:-1","max-image-preview":"max-image-preview:large","max-video-preview":"max-video-preview:-1"},"canonical":"https:\/\/objectif-image.fr\/OI\/la-rue-en-fete-roland-laboye\/","og_locale":"fr_FR","og_type":"article","og_title":"\" La Rue en F\u00eate\" - Roland LABOYE - Objectif Image","og_description":"Un stage photo organis\u00e9 par les Rencontres Photographiques C\u00e9venoles.","og_url":"https:\/\/objectif-image.fr\/OI\/la-rue-en-fete-roland-laboye\/","og_site_name":"Objectif Image","article_publisher":"https:\/\/www.facebook.com\/Objectif.mage","article_published_time":"2016-03-17T06:17:42+00:00","article_modified_time":"2018-02-16T12:22:59+00:00","og_image":[{"width":800,"height":597,"url":"https:\/\/objectif-image.fr\/OI\/wp-content\/uploads\/2016\/03\/IMG_7191.jpg","type":"image\/jpeg"}],"author":"Pierre S","twitter_card":"summary_large_image","twitter_misc":{"\u00c9crit par":"Pierre S","Dur\u00e9e de lecture estim\u00e9e":"1 minute"},"schema":{"@context":"https:\/\/schema.org","@graph":[{"@type":"Article","@id":"https:\/\/objectif-image.fr\/OI\/la-rue-en-fete-roland-laboye\/#article","isPartOf":{"@id":"https:\/\/objectif-image.fr\/OI\/la-rue-en-fete-roland-laboye\/"},"author":{"name":"Pierre S","@id":"https:\/\/objectif-image.fr\/OI\/#\/schema\/person\/813c64cc2f0c70450ca653f2e80a6515"},"headline":"\u00a0\u00bb La Rue en F\u00eate\u00a0\u00bb &#8211; Roland LABOYE","datePublished":"2016-03-17T06:17:42+00:00","dateModified":"2018-02-16T12:22:59+00:00","mainEntityOfPage":{"@id":"https:\/\/objectif-image.fr\/OI\/la-rue-en-fete-roland-laboye\/"},"wordCount":141,"publisher":{"@id":"https:\/\/objectif-image.fr\/OI\/#organization"},"image":{"@id":"https:\/\/objectif-image.fr\/OI\/la-rue-en-fete-roland-laboye\/#primaryimage"},"thumbnailUrl":"https:\/\/objectif-image.fr\/OI\/wp-content\/uploads\/2016\/03\/IMG_7191.jpg","articleSection":["Stages"],"inLanguage":"fr-FR"},{"@type":"WebPage","@id":"https:\/\/objectif-image.fr\/OI\/la-rue-en-fete-roland-laboye\/","url":"https:\/\/objectif-image.fr\/OI\/la-rue-en-fete-roland-laboye\/","name":"\" La Rue en F\u00eate\" - Roland LABOYE - Objectif Image","isPartOf":{"@id":"https:\/\/objectif-image.fr\/OI\/#website"},"primaryImageOfPage":{"@id":"https:\/\/objectif-image.fr\/OI\/la-rue-en-fete-roland-laboye\/#primaryimage"},"image":{"@id":"https:\/\/objectif-image.fr\/OI\/la-rue-en-fete-roland-laboye\/#primaryimage"},"thumbnailUrl":"https:\/\/objectif-image.fr\/OI\/wp-content\/uploads\/2016\/03\/IMG_7191.jpg","datePublished":"2016-03-17T06:17:42+00:00","dateModified":"2018-02-16T12:22:59+00:00","breadcrumb":{"@id":"https:\/\/objectif-image.fr\/OI\/la-rue-en-fete-roland-laboye\/#breadcrumb"},"inLanguage":"fr-FR","potentialAction":[{"@type":"ReadAction","target":["https:\/\/objectif-image.fr\/OI\/la-rue-en-fete-roland-laboye\/"]}]},{"@type":"ImageObject","inLanguage":"fr-FR","@id":"https:\/\/objectif-image.fr\/OI\/la-rue-en-fete-roland-laboye\/#primaryimage","url":"https:\/\/objectif-image.fr\/OI\/wp-content\/uploads\/2016\/03\/IMG_7191.jpg","contentUrl":"https:\/\/objectif-image.fr\/OI\/wp-content\/uploads\/2016\/03\/IMG_7191.jpg","width":800,"height":597},{"@type":"BreadcrumbList","@id":"https:\/\/objectif-image.fr\/OI\/la-rue-en-fete-roland-laboye\/#breadcrumb","itemListElement":[{"@type":"ListItem","position":1,"name":"Accueil","item":"https:\/\/objectif-image.fr\/OI\/"},{"@type":"ListItem","position":2,"name":"\u00a0\u00bb La Rue en F\u00eate\u00a0\u00bb &#8211; Roland LABOYE"}]},{"@type":"WebSite","@id":"https:\/\/objectif-image.fr\/OI\/#website","url":"https:\/\/objectif-image.fr\/OI\/","name":"Objectif Image","description":"Objectif Image","publisher":{"@id":"https:\/\/objectif-image.fr\/OI\/#organization"},"potentialAction":[{"@type":"SearchAction","target":{"@type":"EntryPoint","urlTemplate":"https:\/\/objectif-image.fr\/OI\/?s={search_term_string}"},"query-input":{"@type":"PropertyValueSpecification","valueRequired":true,"valueName":"search_term_string"}}],"inLanguage":"fr-FR"},{"@type":"Organization","@id":"https:\/\/objectif-image.fr\/OI\/#organization","name":"Objectif Image","url":"https:\/\/objectif-image.fr\/OI\/","logo":{"@type":"ImageObject","inLanguage":"fr-FR","@id":"https:\/\/objectif-image.fr\/OI\/#\/schema\/logo\/image\/","url":"https:\/\/objectif-image.fr\/OI\/wp-content\/uploads\/2019\/02\/logo-OI-NATIONAL-rouge-2000px.jpg","contentUrl":"https:\/\/objectif-image.fr\/OI\/wp-content\/uploads\/2019\/02\/logo-OI-NATIONAL-rouge-2000px.jpg","width":1081,"height":1024,"caption":"Objectif Image"},"image":{"@id":"https:\/\/objectif-image.fr\/OI\/#\/schema\/logo\/image\/"},"sameAs":["https:\/\/www.facebook.com\/Objectif.mage"]},{"@type":"Person","@id":"https:\/\/objectif-image.fr\/OI\/#\/schema\/person\/813c64cc2f0c70450ca653f2e80a6515","name":"Pierre S","image":{"@type":"ImageObject","inLanguage":"fr-FR","@id":"https:\/\/secure.gravatar.com\/avatar\/6d1df1cb0bf58ef7d330b8910acfe62e7fbc0c2138564189224f85869b953674?s=96&d=mm&r=g","url":"https:\/\/secure.gravatar.com\/avatar\/6d1df1cb0bf58ef7d330b8910acfe62e7fbc0c2138564189224f85869b953674?s=96&d=mm&r=g","contentUrl":"https:\/\/secure.gravatar.com\/avatar\/6d1df1cb0bf58ef7d330b8910acfe62e7fbc0c2138564189224f85869b953674?s=96&d=mm&r=g","caption":"Pierre S"},"url":"https:\/\/objectif-image.fr\/OI\/author\/pierres-2-2\/"}]}},"_links":{"self":[{"href":"https:\/\/objectif-image.fr\/OI\/wp-json\/wp\/v2\/posts\/1566","targetHints":{"allow":["GET"]}}],"collection":[{"href":"https:\/\/objectif-image.fr\/OI\/wp-json\/wp\/v2\/posts"}],"about":[{"href":"https:\/\/objectif-image.fr\/OI\/wp-json\/wp\/v2\/types\/post"}],"author":[{"embeddable":true,"href":"https:\/\/objectif-image.fr\/OI\/wp-json\/wp\/v2\/users\/3"}],"replies":[{"embeddable":true,"href":"https:\/\/objectif-image.fr\/OI\/wp-json\/wp\/v2\/comments?post=1566"}],"version-history":[{"count":0,"href":"https:\/\/objectif-image.fr\/OI\/wp-json\/wp\/v2\/posts\/1566\/revisions"}],"wp:featuredmedia":[{"embeddable":true,"href":"https:\/\/objectif-image.fr\/OI\/wp-json\/wp\/v2\/media\/1568"}],"wp:attachment":[{"href":"https:\/\/objectif-image.fr\/OI\/wp-json\/wp\/v2\/media?parent=1566"}],"wp:term":[{"taxonomy":"category","embeddable":true,"href":"https:\/\/objectif-image.fr\/OI\/wp-json\/wp\/v2\/categories?post=1566"},{"taxonomy":"post_tag","embeddable":true,"href":"https:\/\/objectif-image.fr\/OI\/wp-json\/wp\/v2\/tags?post=1566"}],"curies":[{"name":"wp","href":"https:\/\/api.w.org\/{rel}","templated":true}]}}