{"id":1702,"date":"2016-04-04T13:20:19","date_gmt":"2016-04-04T12:20:19","guid":{"rendered":"http:\/\/objectif-image.fr\/OI\/?p=1702"},"modified":"2021-07-05T10:05:30","modified_gmt":"2021-07-05T08:05:30","slug":"assemblee-generale-2016","status":"publish","type":"post","link":"https:\/\/objectif-image.fr\/OI\/assemblee-generale-2016\/","title":{"rendered":"Assembl\u00e9e G\u00e9n\u00e9rale 2016"},"content":{"rendered":"<p><span style=\"color: #000000;\">Les <strong><span style=\"color: #800080;\">01 et 02 avril 2016<\/span><\/strong> s\u2019est d\u00e9roul\u00e9e l\u2019<strong>A<\/strong>ssembl\u00e9e <strong>G<\/strong>\u00e9n\u00e9rale de notre union, <strong>Objectif Image<\/strong>.<\/span><\/p>\n<p><!--more--><\/p>\n<p><a href=\"https:\/\/objectif-image.fr\/OI\/wp-content\/uploads\/2016\/04\/022.jpg\" rel=\"attachment wp-att-1705\"><img loading=\"lazy\" decoding=\"async\" class=\"wp-image-1705 alignleft\" src=\"https:\/\/objectif-image.fr\/OI\/wp-content\/uploads\/2016\/04\/022-1024x768.jpg\" alt=\"022\" width=\"447\" height=\"335\" srcset=\"https:\/\/objectif-image.fr\/OI\/wp-content\/uploads\/2016\/04\/022-1024x768.jpg 1024w, https:\/\/objectif-image.fr\/OI\/wp-content\/uploads\/2016\/04\/022-400x300.jpg 400w, https:\/\/objectif-image.fr\/OI\/wp-content\/uploads\/2016\/04\/022-150x113.jpg 150w, https:\/\/objectif-image.fr\/OI\/wp-content\/uploads\/2016\/04\/022-300x225.jpg 300w, https:\/\/objectif-image.fr\/OI\/wp-content\/uploads\/2016\/04\/022-768x576.jpg 768w, https:\/\/objectif-image.fr\/OI\/wp-content\/uploads\/2016\/04\/022-100x75.jpg 100w, https:\/\/objectif-image.fr\/OI\/wp-content\/uploads\/2016\/04\/022.jpg 1054w\" sizes=\"auto, (max-width: 447px) 100vw, 447px\" \/><\/a><\/p>\n<p><span style=\"color: #000000;\">Moment important dans la vie de toute association, cette r\u00e9union permet de faire le bilan des activit\u00e9s de l\u2019ann\u00e9e \u00e9coul\u00e9e, mais \u00e9galement de pr\u00e9voir la suite, de pr\u00e9senter des projets de resserrer les liens entre les membres.<\/span><\/p>\n<p><span style=\"color: #000000;\"><strong>Une soixantaine de personnes repr\u00e9sentant 37 clubs sur les 43 que compte notre association s&rsquo;est\u00a0 d\u00e9plac\u00e9e. Le compte rendu sera diffus\u00e9 aux pr\u00e9sidents puis publi\u00e9 sur le site d&rsquo;ici\u00a0quelques\u00a0semaines.<\/strong><\/span><\/p>\n<p>&nbsp;<\/p>\n<p>&nbsp;<\/p>\n<p><span style=\"color: #000000;\">Comme \u00e0 chaque fois, la premi\u00e8re journ\u00e9e, celle du vendredi 01 avril, \u00e9tait consacr\u00e9e \u00e0 des r\u00e9unions de travail par groupe pour discuter des activit\u00e9s\u00a0 <strong>PHOTO &#8211; VIDEO \u2013 DIAPORAMAS &#8211;\u00a0 FORMATION<\/strong> mais aussi de la <strong>GESTION<\/strong> d\u2019une association.<\/span><\/p>\n<p><span style=\"color: #000000;\"><a href=\"https:\/\/objectif-image.fr\/OI\/wp-content\/uploads\/2016\/04\/011.jpg\" rel=\"attachment wp-att-1703\"><img loading=\"lazy\" decoding=\"async\" class=\"wp-image-1703 aligncenter\" src=\"https:\/\/objectif-image.fr\/OI\/wp-content\/uploads\/2016\/04\/011-1024x683.jpg\" alt=\"011\" width=\"614\" height=\"410\" srcset=\"https:\/\/objectif-image.fr\/OI\/wp-content\/uploads\/2016\/04\/011-1024x683.jpg 1024w, https:\/\/objectif-image.fr\/OI\/wp-content\/uploads\/2016\/04\/011-400x267.jpg 400w, https:\/\/objectif-image.fr\/OI\/wp-content\/uploads\/2016\/04\/011-150x100.jpg 150w, https:\/\/objectif-image.fr\/OI\/wp-content\/uploads\/2016\/04\/011-300x200.jpg 300w, https:\/\/objectif-image.fr\/OI\/wp-content\/uploads\/2016\/04\/011-768x513.jpg 768w, https:\/\/objectif-image.fr\/OI\/wp-content\/uploads\/2016\/04\/011-100x67.jpg 100w, https:\/\/objectif-image.fr\/OI\/wp-content\/uploads\/2016\/04\/011.jpg 1320w\" sizes=\"auto, (max-width: 614px) 100vw, 614px\" \/><\/a><\/span><\/p>\n<p><a href=\"https:\/\/objectif-image.fr\/OI\/wp-content\/uploads\/2016\/04\/FLC-AG-2016_DSF4729.jpg\" rel=\"attachment wp-att-1713\"><img loading=\"lazy\" decoding=\"async\" class=\"wp-image-1713 aligncenter\" src=\"https:\/\/objectif-image.fr\/OI\/wp-content\/uploads\/2016\/04\/FLC-AG-2016_DSF4729-1024x683.jpg\" alt=\"FLC AG 2016_DSF4729\" width=\"610\" height=\"407\" srcset=\"https:\/\/objectif-image.fr\/OI\/wp-content\/uploads\/2016\/04\/FLC-AG-2016_DSF4729-1024x683.jpg 1024w, https:\/\/objectif-image.fr\/OI\/wp-content\/uploads\/2016\/04\/FLC-AG-2016_DSF4729-400x267.jpg 400w, https:\/\/objectif-image.fr\/OI\/wp-content\/uploads\/2016\/04\/FLC-AG-2016_DSF4729-150x100.jpg 150w, https:\/\/objectif-image.fr\/OI\/wp-content\/uploads\/2016\/04\/FLC-AG-2016_DSF4729-300x200.jpg 300w, https:\/\/objectif-image.fr\/OI\/wp-content\/uploads\/2016\/04\/FLC-AG-2016_DSF4729-768x512.jpg 768w, https:\/\/objectif-image.fr\/OI\/wp-content\/uploads\/2016\/04\/FLC-AG-2016_DSF4729-100x67.jpg 100w, https:\/\/objectif-image.fr\/OI\/wp-content\/uploads\/2016\/04\/FLC-AG-2016_DSF4729.jpg 1320w\" sizes=\"auto, (max-width: 610px) 100vw, 610px\" \/><\/a><\/p>\n<p><a href=\"https:\/\/objectif-image.fr\/OI\/wp-content\/uploads\/2016\/04\/FLC-AG-2016_DSF4730.jpg\" rel=\"attachment wp-att-1714\"><img loading=\"lazy\" decoding=\"async\" class=\"wp-image-1714 aligncenter\" src=\"https:\/\/objectif-image.fr\/OI\/wp-content\/uploads\/2016\/04\/FLC-AG-2016_DSF4730-1024x683.jpg\" alt=\"FLC AG 2016_DSF4730\" width=\"611\" height=\"407\" srcset=\"https:\/\/objectif-image.fr\/OI\/wp-content\/uploads\/2016\/04\/FLC-AG-2016_DSF4730-1024x683.jpg 1024w, https:\/\/objectif-image.fr\/OI\/wp-content\/uploads\/2016\/04\/FLC-AG-2016_DSF4730-400x267.jpg 400w, https:\/\/objectif-image.fr\/OI\/wp-content\/uploads\/2016\/04\/FLC-AG-2016_DSF4730-150x100.jpg 150w, https:\/\/objectif-image.fr\/OI\/wp-content\/uploads\/2016\/04\/FLC-AG-2016_DSF4730-300x200.jpg 300w, https:\/\/objectif-image.fr\/OI\/wp-content\/uploads\/2016\/04\/FLC-AG-2016_DSF4730-768x512.jpg 768w, https:\/\/objectif-image.fr\/OI\/wp-content\/uploads\/2016\/04\/FLC-AG-2016_DSF4730-100x67.jpg 100w, https:\/\/objectif-image.fr\/OI\/wp-content\/uploads\/2016\/04\/FLC-AG-2016_DSF4730.jpg 1320w\" sizes=\"auto, (max-width: 611px) 100vw, 611px\" \/><\/a><\/p>\n<p><a href=\"https:\/\/objectif-image.fr\/OI\/wp-content\/uploads\/2016\/04\/FLC-AG-2016_DSF4732.jpg\" rel=\"attachment wp-att-1715\"><img loading=\"lazy\" decoding=\"async\" class=\"wp-image-1715 aligncenter\" src=\"https:\/\/objectif-image.fr\/OI\/wp-content\/uploads\/2016\/04\/FLC-AG-2016_DSF4732-1024x683.jpg\" alt=\"FLC AG 2016_DSF4732\" width=\"597\" height=\"398\" srcset=\"https:\/\/objectif-image.fr\/OI\/wp-content\/uploads\/2016\/04\/FLC-AG-2016_DSF4732-1024x683.jpg 1024w, https:\/\/objectif-image.fr\/OI\/wp-content\/uploads\/2016\/04\/FLC-AG-2016_DSF4732-400x267.jpg 400w, https:\/\/objectif-image.fr\/OI\/wp-content\/uploads\/2016\/04\/FLC-AG-2016_DSF4732-150x100.jpg 150w, https:\/\/objectif-image.fr\/OI\/wp-content\/uploads\/2016\/04\/FLC-AG-2016_DSF4732-300x200.jpg 300w, https:\/\/objectif-image.fr\/OI\/wp-content\/uploads\/2016\/04\/FLC-AG-2016_DSF4732-768x512.jpg 768w, https:\/\/objectif-image.fr\/OI\/wp-content\/uploads\/2016\/04\/FLC-AG-2016_DSF4732-100x67.jpg 100w, https:\/\/objectif-image.fr\/OI\/wp-content\/uploads\/2016\/04\/FLC-AG-2016_DSF4732.jpg 1320w\" sizes=\"auto, (max-width: 597px) 100vw, 597px\" \/><\/a><\/p>\n<p><a href=\"https:\/\/objectif-image.fr\/OI\/wp-content\/uploads\/2016\/04\/024.jpg\" rel=\"attachment wp-att-1706\"><img loading=\"lazy\" decoding=\"async\" class=\" wp-image-1706 alignleft\" src=\"https:\/\/objectif-image.fr\/OI\/wp-content\/uploads\/2016\/04\/024-1024x788.jpg\" alt=\"024\" width=\"395\" height=\"304\" srcset=\"https:\/\/objectif-image.fr\/OI\/wp-content\/uploads\/2016\/04\/024-1024x788.jpg 1024w, https:\/\/objectif-image.fr\/OI\/wp-content\/uploads\/2016\/04\/024-400x308.jpg 400w, https:\/\/objectif-image.fr\/OI\/wp-content\/uploads\/2016\/04\/024-150x115.jpg 150w, https:\/\/objectif-image.fr\/OI\/wp-content\/uploads\/2016\/04\/024-300x231.jpg 300w, https:\/\/objectif-image.fr\/OI\/wp-content\/uploads\/2016\/04\/024-768x591.jpg 768w, https:\/\/objectif-image.fr\/OI\/wp-content\/uploads\/2016\/04\/024-100x77.jpg 100w, https:\/\/objectif-image.fr\/OI\/wp-content\/uploads\/2016\/04\/024.jpg 1028w\" sizes=\"auto, (max-width: 395px) 100vw, 395px\" \/><\/a><\/p>\n<p><span style=\"color: #000000;\">La seconde journ\u00e9e, celle du <strong>samedi 02 avril<\/strong>, c\u2019est la journ\u00e9e pl\u00e9ni\u00e8re de l\u2019Assembl\u00e9e G\u00e9n\u00e9rale.\u00a0<\/span><\/p>\n<p><span style=\"color: #000000;\">Vote des rapports d\u2019activit\u00e9s, des rapports de gestion, de la tr\u00e9sorerie, \u00e9lection au comit\u00e9 directeur etc.<\/span><\/p>\n<p><span style=\"color: #000000;\">Bref ce fut riche en d\u00e9bats, en \u00e9change&#8230;<\/span><\/p>\n<p><span style=\"color: #000000;\">\u00a0<\/span><\/p>\n<p>&nbsp;<\/p>\n<p><a href=\"https:\/\/objectif-image.fr\/OI\/wp-content\/uploads\/2016\/04\/FLC-AG-2016_DSF4740.jpg\" rel=\"attachment wp-att-1719\"><img loading=\"lazy\" decoding=\"async\" class=\"wp-image-1719 aligncenter\" src=\"https:\/\/objectif-image.fr\/OI\/wp-content\/uploads\/2016\/04\/FLC-AG-2016_DSF4740-1024x683.jpg\" alt=\"FLC AG 2016_DSF4740\" width=\"638\" height=\"425\" srcset=\"https:\/\/objectif-image.fr\/OI\/wp-content\/uploads\/2016\/04\/FLC-AG-2016_DSF4740-1024x683.jpg 1024w, https:\/\/objectif-image.fr\/OI\/wp-content\/uploads\/2016\/04\/FLC-AG-2016_DSF4740-400x267.jpg 400w, https:\/\/objectif-image.fr\/OI\/wp-content\/uploads\/2016\/04\/FLC-AG-2016_DSF4740-150x100.jpg 150w, https:\/\/objectif-image.fr\/OI\/wp-content\/uploads\/2016\/04\/FLC-AG-2016_DSF4740-300x200.jpg 300w, https:\/\/objectif-image.fr\/OI\/wp-content\/uploads\/2016\/04\/FLC-AG-2016_DSF4740-768x512.jpg 768w, https:\/\/objectif-image.fr\/OI\/wp-content\/uploads\/2016\/04\/FLC-AG-2016_DSF4740-100x67.jpg 100w, https:\/\/objectif-image.fr\/OI\/wp-content\/uploads\/2016\/04\/FLC-AG-2016_DSF4740.jpg 1320w\" sizes=\"auto, (max-width: 638px) 100vw, 638px\" \/><\/a><\/p>\n<p><a href=\"https:\/\/objectif-image.fr\/OI\/wp-content\/uploads\/2016\/04\/021.jpg\" rel=\"attachment wp-att-1704\"><img loading=\"lazy\" decoding=\"async\" class=\"wp-image-1704 aligncenter\" src=\"https:\/\/objectif-image.fr\/OI\/wp-content\/uploads\/2016\/04\/021-1024x769.jpg\" alt=\"021\" width=\"633\" height=\"475\" srcset=\"https:\/\/objectif-image.fr\/OI\/wp-content\/uploads\/2016\/04\/021-1024x769.jpg 1024w, https:\/\/objectif-image.fr\/OI\/wp-content\/uploads\/2016\/04\/021-400x300.jpg 400w, https:\/\/objectif-image.fr\/OI\/wp-content\/uploads\/2016\/04\/021-150x113.jpg 150w, https:\/\/objectif-image.fr\/OI\/wp-content\/uploads\/2016\/04\/021-300x225.jpg 300w, https:\/\/objectif-image.fr\/OI\/wp-content\/uploads\/2016\/04\/021-768x577.jpg 768w, https:\/\/objectif-image.fr\/OI\/wp-content\/uploads\/2016\/04\/021-100x75.jpg 100w, https:\/\/objectif-image.fr\/OI\/wp-content\/uploads\/2016\/04\/021.jpg 1320w\" sizes=\"auto, (max-width: 633px) 100vw, 633px\" \/><\/a><\/p>\n<p><a href=\"https:\/\/objectif-image.fr\/OI\/wp-content\/uploads\/2016\/04\/028.jpg\" rel=\"attachment wp-att-1708\"><img loading=\"lazy\" decoding=\"async\" class=\" wp-image-1708 aligncenter\" src=\"https:\/\/objectif-image.fr\/OI\/wp-content\/uploads\/2016\/04\/028-1024x788.jpg\" alt=\"028\" width=\"640\" height=\"492\" srcset=\"https:\/\/objectif-image.fr\/OI\/wp-content\/uploads\/2016\/04\/028-1024x788.jpg 1024w, https:\/\/objectif-image.fr\/OI\/wp-content\/uploads\/2016\/04\/028-400x308.jpg 400w, https:\/\/objectif-image.fr\/OI\/wp-content\/uploads\/2016\/04\/028-150x115.jpg 150w, https:\/\/objectif-image.fr\/OI\/wp-content\/uploads\/2016\/04\/028-300x231.jpg 300w, https:\/\/objectif-image.fr\/OI\/wp-content\/uploads\/2016\/04\/028-768x591.jpg 768w, https:\/\/objectif-image.fr\/OI\/wp-content\/uploads\/2016\/04\/028-100x77.jpg 100w, https:\/\/objectif-image.fr\/OI\/wp-content\/uploads\/2016\/04\/028.jpg 1028w\" sizes=\"auto, (max-width: 640px) 100vw, 640px\" \/><\/a><\/p>\n<p><a href=\"https:\/\/objectif-image.fr\/OI\/wp-content\/uploads\/2016\/04\/026.jpg\" rel=\"attachment wp-att-1707\"><img loading=\"lazy\" decoding=\"async\" class=\"wp-image-1707 aligncenter\" src=\"https:\/\/objectif-image.fr\/OI\/wp-content\/uploads\/2016\/04\/026-1024x768.jpg\" alt=\"026\" width=\"639\" height=\"480\" srcset=\"https:\/\/objectif-image.fr\/OI\/wp-content\/uploads\/2016\/04\/026-1024x768.jpg 1024w, https:\/\/objectif-image.fr\/OI\/wp-content\/uploads\/2016\/04\/026-400x300.jpg 400w, https:\/\/objectif-image.fr\/OI\/wp-content\/uploads\/2016\/04\/026-150x113.jpg 150w, https:\/\/objectif-image.fr\/OI\/wp-content\/uploads\/2016\/04\/026-300x225.jpg 300w, https:\/\/objectif-image.fr\/OI\/wp-content\/uploads\/2016\/04\/026-768x576.jpg 768w, https:\/\/objectif-image.fr\/OI\/wp-content\/uploads\/2016\/04\/026-100x75.jpg 100w, https:\/\/objectif-image.fr\/OI\/wp-content\/uploads\/2016\/04\/026.jpg 1054w\" sizes=\"auto, (max-width: 639px) 100vw, 639px\" \/><\/a><\/p>\n<p><a href=\"https:\/\/objectif-image.fr\/OI\/wp-content\/uploads\/2016\/04\/CD-OI-2016-3.jpg\" rel=\"attachment wp-att-1723\"><img loading=\"lazy\" decoding=\"async\" class=\"wp-image-1723 aligncenter\" src=\"https:\/\/objectif-image.fr\/OI\/wp-content\/uploads\/2016\/04\/CD-OI-2016-3-1024x768.jpg\" alt=\"CD OI 2016 (3)\" width=\"644\" height=\"483\" srcset=\"https:\/\/objectif-image.fr\/OI\/wp-content\/uploads\/2016\/04\/CD-OI-2016-3-1024x768.jpg 1024w, https:\/\/objectif-image.fr\/OI\/wp-content\/uploads\/2016\/04\/CD-OI-2016-3-400x300.jpg 400w, https:\/\/objectif-image.fr\/OI\/wp-content\/uploads\/2016\/04\/CD-OI-2016-3-150x113.jpg 150w, https:\/\/objectif-image.fr\/OI\/wp-content\/uploads\/2016\/04\/CD-OI-2016-3-300x225.jpg 300w, https:\/\/objectif-image.fr\/OI\/wp-content\/uploads\/2016\/04\/CD-OI-2016-3-768x576.jpg 768w, https:\/\/objectif-image.fr\/OI\/wp-content\/uploads\/2016\/04\/CD-OI-2016-3-100x75.jpg 100w, https:\/\/objectif-image.fr\/OI\/wp-content\/uploads\/2016\/04\/CD-OI-2016-3.jpg 1320w\" sizes=\"auto, (max-width: 644px) 100vw, 644px\" \/><\/a><\/p>\n<p><a href=\"https:\/\/objectif-image.fr\/OI\/wp-content\/uploads\/2016\/04\/FLC-AG-2016_DSF4735.jpg\" rel=\"attachment wp-att-1716\"><img loading=\"lazy\" decoding=\"async\" class=\"wp-image-1716 aligncenter\" src=\"https:\/\/objectif-image.fr\/OI\/wp-content\/uploads\/2016\/04\/FLC-AG-2016_DSF4735-1024x683.jpg\" alt=\"FLC AG 2016_DSF4735\" width=\"644\" height=\"429\" srcset=\"https:\/\/objectif-image.fr\/OI\/wp-content\/uploads\/2016\/04\/FLC-AG-2016_DSF4735-1024x683.jpg 1024w, https:\/\/objectif-image.fr\/OI\/wp-content\/uploads\/2016\/04\/FLC-AG-2016_DSF4735-400x267.jpg 400w, https:\/\/objectif-image.fr\/OI\/wp-content\/uploads\/2016\/04\/FLC-AG-2016_DSF4735-150x100.jpg 150w, https:\/\/objectif-image.fr\/OI\/wp-content\/uploads\/2016\/04\/FLC-AG-2016_DSF4735-300x200.jpg 300w, https:\/\/objectif-image.fr\/OI\/wp-content\/uploads\/2016\/04\/FLC-AG-2016_DSF4735-768x512.jpg 768w, https:\/\/objectif-image.fr\/OI\/wp-content\/uploads\/2016\/04\/FLC-AG-2016_DSF4735-100x67.jpg 100w, https:\/\/objectif-image.fr\/OI\/wp-content\/uploads\/2016\/04\/FLC-AG-2016_DSF4735.jpg 1320w\" sizes=\"auto, (max-width: 644px) 100vw, 644px\" \/><\/a><\/p>\n<p><a href=\"https:\/\/objectif-image.fr\/OI\/wp-content\/uploads\/2016\/04\/FLC-AG-2016_DSF4736.jpg\" rel=\"attachment wp-att-1717\"><img loading=\"lazy\" decoding=\"async\" class=\"wp-image-1717 aligncenter\" src=\"https:\/\/objectif-image.fr\/OI\/wp-content\/uploads\/2016\/04\/FLC-AG-2016_DSF4736-1024x683.jpg\" alt=\"FLC AG 2016_DSF4736\" width=\"639\" height=\"426\" srcset=\"https:\/\/objectif-image.fr\/OI\/wp-content\/uploads\/2016\/04\/FLC-AG-2016_DSF4736-1024x683.jpg 1024w, https:\/\/objectif-image.fr\/OI\/wp-content\/uploads\/2016\/04\/FLC-AG-2016_DSF4736-400x267.jpg 400w, https:\/\/objectif-image.fr\/OI\/wp-content\/uploads\/2016\/04\/FLC-AG-2016_DSF4736-150x100.jpg 150w, https:\/\/objectif-image.fr\/OI\/wp-content\/uploads\/2016\/04\/FLC-AG-2016_DSF4736-300x200.jpg 300w, https:\/\/objectif-image.fr\/OI\/wp-content\/uploads\/2016\/04\/FLC-AG-2016_DSF4736-768x512.jpg 768w, https:\/\/objectif-image.fr\/OI\/wp-content\/uploads\/2016\/04\/FLC-AG-2016_DSF4736-100x67.jpg 100w, https:\/\/objectif-image.fr\/OI\/wp-content\/uploads\/2016\/04\/FLC-AG-2016_DSF4736.jpg 1320w\" sizes=\"auto, (max-width: 639px) 100vw, 639px\" \/><\/a><\/p>\n<p>&nbsp;<\/p>\n<p><span style=\"color: #000000;\">Ce fut \u00e9galement l&rsquo;occasion de revenir sur notre manifestation de 2015 \u00e0 Hendaye pour f\u00eater les 40ans d&rsquo;OI et remettre quelques prix&#8230;<\/span><\/p>\n<p><a href=\"https:\/\/objectif-image.fr\/OI\/wp-content\/uploads\/2016\/04\/image001.jpg\" rel=\"attachment wp-att-1729\"><img loading=\"lazy\" decoding=\"async\" class=\"wp-image-1729 aligncenter\" src=\"https:\/\/objectif-image.fr\/OI\/wp-content\/uploads\/2016\/04\/image001.jpg\" alt=\"image001\" width=\"576\" height=\"324\" srcset=\"https:\/\/objectif-image.fr\/OI\/wp-content\/uploads\/2016\/04\/image001.jpg 1015w, https:\/\/objectif-image.fr\/OI\/wp-content\/uploads\/2016\/04\/image001-400x225.jpg 400w, https:\/\/objectif-image.fr\/OI\/wp-content\/uploads\/2016\/04\/image001-150x84.jpg 150w, https:\/\/objectif-image.fr\/OI\/wp-content\/uploads\/2016\/04\/image001-300x169.jpg 300w, https:\/\/objectif-image.fr\/OI\/wp-content\/uploads\/2016\/04\/image001-768x432.jpg 768w, https:\/\/objectif-image.fr\/OI\/wp-content\/uploads\/2016\/04\/image001-100x56.jpg 100w\" sizes=\"auto, (max-width: 576px) 100vw, 576px\" \/><\/a><\/p>\n<p><span style=\"color: #000000;\">Retour sur la manfestation d&rsquo;Hendaye par <strong><span style=\"color: #800080;\">Claude Capdevielle<\/span><\/strong> &#8211; Objectif Image Pau<\/span><\/p>\n<p><a href=\"https:\/\/objectif-image.fr\/OI\/wp-content\/uploads\/2016\/04\/054.jpg\" rel=\"attachment wp-att-1709\"><img loading=\"lazy\" decoding=\"async\" class=\"wp-image-1709 aligncenter\" src=\"https:\/\/objectif-image.fr\/OI\/wp-content\/uploads\/2016\/04\/054-1024x788.jpg\" alt=\"054\" width=\"574\" height=\"442\" srcset=\"https:\/\/objectif-image.fr\/OI\/wp-content\/uploads\/2016\/04\/054-1024x788.jpg 1024w, https:\/\/objectif-image.fr\/OI\/wp-content\/uploads\/2016\/04\/054-400x308.jpg 400w, https:\/\/objectif-image.fr\/OI\/wp-content\/uploads\/2016\/04\/054-150x115.jpg 150w, https:\/\/objectif-image.fr\/OI\/wp-content\/uploads\/2016\/04\/054-300x231.jpg 300w, https:\/\/objectif-image.fr\/OI\/wp-content\/uploads\/2016\/04\/054-768x591.jpg 768w, https:\/\/objectif-image.fr\/OI\/wp-content\/uploads\/2016\/04\/054-100x77.jpg 100w, https:\/\/objectif-image.fr\/OI\/wp-content\/uploads\/2016\/04\/054.jpg 1028w\" sizes=\"auto, (max-width: 574px) 100vw, 574px\" \/><\/a><\/p>\n<p>&nbsp;<\/p>\n<p><span style=\"color: #000000;\">Remise du troph\u00e9e <span style=\"text-decoration: underline;\">Jean Masson<\/span> \u00e0\u00a0 <strong><span style=\"color: #800080;\">Camille DUTROUILH<\/span><\/strong>\u00a0\u00a0Objectif Image Paris<\/span><\/p>\n<p><a href=\"https:\/\/objectif-image.fr\/OI\/wp-content\/uploads\/2016\/04\/058.jpg\" rel=\"attachment wp-att-1710\"><img loading=\"lazy\" decoding=\"async\" class=\"wp-image-1710 aligncenter\" src=\"https:\/\/objectif-image.fr\/OI\/wp-content\/uploads\/2016\/04\/058-1024x788.jpg\" alt=\"058\" width=\"575\" height=\"442\" srcset=\"https:\/\/objectif-image.fr\/OI\/wp-content\/uploads\/2016\/04\/058-1024x788.jpg 1024w, https:\/\/objectif-image.fr\/OI\/wp-content\/uploads\/2016\/04\/058-400x308.jpg 400w, https:\/\/objectif-image.fr\/OI\/wp-content\/uploads\/2016\/04\/058-150x115.jpg 150w, https:\/\/objectif-image.fr\/OI\/wp-content\/uploads\/2016\/04\/058-300x231.jpg 300w, https:\/\/objectif-image.fr\/OI\/wp-content\/uploads\/2016\/04\/058-768x591.jpg 768w, https:\/\/objectif-image.fr\/OI\/wp-content\/uploads\/2016\/04\/058-100x77.jpg 100w, https:\/\/objectif-image.fr\/OI\/wp-content\/uploads\/2016\/04\/058.jpg 1028w\" sizes=\"auto, (max-width: 575px) 100vw, 575px\" \/><\/a><\/p>\n<p>&nbsp;<\/p>\n<p><span style=\"color: #000000;\">Remise du prix <span style=\"text-decoration: underline;\">Raymond Eymonerie<\/span> \u00e0 <span style=\"color: #800080;\"><strong>Jacques Carmant<\/strong><\/span> &#8211; Objectif Image Paris<\/span><\/p>\n<p><a href=\"https:\/\/objectif-image.fr\/OI\/wp-content\/uploads\/2016\/04\/FLC-AG-2016_DSF4751.jpg\" rel=\"attachment wp-att-1718\"><img loading=\"lazy\" decoding=\"async\" class=\"wp-image-1718 aligncenter\" src=\"https:\/\/objectif-image.fr\/OI\/wp-content\/uploads\/2016\/04\/FLC-AG-2016_DSF4751-1024x683.jpg\" alt=\"FLC AG 2016_DSF4751\" width=\"568\" height=\"379\" srcset=\"https:\/\/objectif-image.fr\/OI\/wp-content\/uploads\/2016\/04\/FLC-AG-2016_DSF4751-1024x683.jpg 1024w, https:\/\/objectif-image.fr\/OI\/wp-content\/uploads\/2016\/04\/FLC-AG-2016_DSF4751-400x267.jpg 400w, https:\/\/objectif-image.fr\/OI\/wp-content\/uploads\/2016\/04\/FLC-AG-2016_DSF4751-150x100.jpg 150w, https:\/\/objectif-image.fr\/OI\/wp-content\/uploads\/2016\/04\/FLC-AG-2016_DSF4751-300x200.jpg 300w, https:\/\/objectif-image.fr\/OI\/wp-content\/uploads\/2016\/04\/FLC-AG-2016_DSF4751-768x512.jpg 768w, https:\/\/objectif-image.fr\/OI\/wp-content\/uploads\/2016\/04\/FLC-AG-2016_DSF4751-100x67.jpg 100w, https:\/\/objectif-image.fr\/OI\/wp-content\/uploads\/2016\/04\/FLC-AG-2016_DSF4751.jpg 1320w\" sizes=\"auto, (max-width: 568px) 100vw, 568px\" \/><\/a><\/p>\n","protected":false},"excerpt":{"rendered":"<p>Les 01 et 02 avril 2016 s\u2019est d\u00e9roul\u00e9e l\u2019Assembl\u00e9e G\u00e9n\u00e9rale de notre union, Objectif Image.<\/p>\n","protected":false},"author":3,"featured_media":1728,"comment_status":"closed","ping_status":"closed","sticky":false,"template":"","format":"standard","meta":{"_acf_changed":false,"footnotes":""},"categories":[10],"tags":[],"class_list":["post-1702","post","type-post","status-publish","format-standard","has-post-thumbnail","hentry","category-assemblee-generale"],"acf":[],"yoast_head":"<!-- This site is optimized with the Yoast SEO plugin v27.5 - https:\/\/yoast.com\/product\/yoast-seo-wordpress\/ -->\n<title>Assembl\u00e9e G\u00e9n\u00e9rale 2016 - Objectif Image<\/title>\n<meta name=\"robots\" content=\"index, follow, max-snippet:-1, max-image-preview:large, max-video-preview:-1\" \/>\n<link rel=\"canonical\" href=\"https:\/\/objectif-image.fr\/OI\/assemblee-generale-2016\/\" \/>\n<meta property=\"og:locale\" content=\"fr_FR\" \/>\n<meta property=\"og:type\" content=\"article\" \/>\n<meta property=\"og:title\" content=\"Assembl\u00e9e G\u00e9n\u00e9rale 2016 - Objectif Image\" \/>\n<meta property=\"og:description\" content=\"Les 01 et 02 avril 2016 s\u2019est d\u00e9roul\u00e9e l\u2019Assembl\u00e9e G\u00e9n\u00e9rale de notre union, Objectif Image.\" \/>\n<meta property=\"og:url\" content=\"https:\/\/objectif-image.fr\/OI\/assemblee-generale-2016\/\" \/>\n<meta property=\"og:site_name\" content=\"Objectif Image\" \/>\n<meta property=\"article:publisher\" content=\"https:\/\/www.facebook.com\/Objectif.mage\" \/>\n<meta property=\"article:published_time\" content=\"2016-04-04T12:20:19+00:00\" \/>\n<meta property=\"article:modified_time\" content=\"2021-07-05T08:05:30+00:00\" \/>\n<meta property=\"og:image\" content=\"https:\/\/objectif-image.fr\/OI\/wp-content\/uploads\/2016\/04\/AG2016.jpg\" \/>\n\t<meta property=\"og:image:width\" content=\"1320\" \/>\n\t<meta property=\"og:image:height\" content=\"624\" \/>\n\t<meta property=\"og:image:type\" content=\"image\/jpeg\" \/>\n<meta name=\"author\" content=\"Pierre S\" \/>\n<meta name=\"twitter:card\" content=\"summary_large_image\" \/>\n<meta name=\"twitter:label1\" content=\"\u00c9crit par\" \/>\n\t<meta name=\"twitter:data1\" content=\"Pierre S\" \/>\n\t<meta name=\"twitter:label2\" content=\"Dur\u00e9e de lecture estim\u00e9e\" \/>\n\t<meta name=\"twitter:data2\" content=\"1 minute\" \/>\n<script type=\"application\/ld+json\" class=\"yoast-schema-graph\">{\"@context\":\"https:\\\/\\\/schema.org\",\"@graph\":[{\"@type\":\"Article\",\"@id\":\"https:\\\/\\\/objectif-image.fr\\\/OI\\\/assemblee-generale-2016\\\/#article\",\"isPartOf\":{\"@id\":\"https:\\\/\\\/objectif-image.fr\\\/OI\\\/assemblee-generale-2016\\\/\"},\"author\":{\"name\":\"Pierre S\",\"@id\":\"https:\\\/\\\/objectif-image.fr\\\/OI\\\/#\\\/schema\\\/person\\\/813c64cc2f0c70450ca653f2e80a6515\"},\"headline\":\"Assembl\u00e9e G\u00e9n\u00e9rale 2016\",\"datePublished\":\"2016-04-04T12:20:19+00:00\",\"dateModified\":\"2021-07-05T08:05:30+00:00\",\"mainEntityOfPage\":{\"@id\":\"https:\\\/\\\/objectif-image.fr\\\/OI\\\/assemblee-generale-2016\\\/\"},\"wordCount\":259,\"publisher\":{\"@id\":\"https:\\\/\\\/objectif-image.fr\\\/OI\\\/#organization\"},\"image\":{\"@id\":\"https:\\\/\\\/objectif-image.fr\\\/OI\\\/assemblee-generale-2016\\\/#primaryimage\"},\"thumbnailUrl\":\"https:\\\/\\\/objectif-image.fr\\\/OI\\\/wp-content\\\/uploads\\\/2016\\\/04\\\/AG2016.jpg\",\"articleSection\":[\"Assembl\u00e9e g\u00e9n\u00e9rale\"],\"inLanguage\":\"fr-FR\"},{\"@type\":\"WebPage\",\"@id\":\"https:\\\/\\\/objectif-image.fr\\\/OI\\\/assemblee-generale-2016\\\/\",\"url\":\"https:\\\/\\\/objectif-image.fr\\\/OI\\\/assemblee-generale-2016\\\/\",\"name\":\"Assembl\u00e9e G\u00e9n\u00e9rale 2016 - Objectif Image\",\"isPartOf\":{\"@id\":\"https:\\\/\\\/objectif-image.fr\\\/OI\\\/#website\"},\"primaryImageOfPage\":{\"@id\":\"https:\\\/\\\/objectif-image.fr\\\/OI\\\/assemblee-generale-2016\\\/#primaryimage\"},\"image\":{\"@id\":\"https:\\\/\\\/objectif-image.fr\\\/OI\\\/assemblee-generale-2016\\\/#primaryimage\"},\"thumbnailUrl\":\"https:\\\/\\\/objectif-image.fr\\\/OI\\\/wp-content\\\/uploads\\\/2016\\\/04\\\/AG2016.jpg\",\"datePublished\":\"2016-04-04T12:20:19+00:00\",\"dateModified\":\"2021-07-05T08:05:30+00:00\",\"breadcrumb\":{\"@id\":\"https:\\\/\\\/objectif-image.fr\\\/OI\\\/assemblee-generale-2016\\\/#breadcrumb\"},\"inLanguage\":\"fr-FR\",\"potentialAction\":[{\"@type\":\"ReadAction\",\"target\":[\"https:\\\/\\\/objectif-image.fr\\\/OI\\\/assemblee-generale-2016\\\/\"]}]},{\"@type\":\"ImageObject\",\"inLanguage\":\"fr-FR\",\"@id\":\"https:\\\/\\\/objectif-image.fr\\\/OI\\\/assemblee-generale-2016\\\/#primaryimage\",\"url\":\"https:\\\/\\\/objectif-image.fr\\\/OI\\\/wp-content\\\/uploads\\\/2016\\\/04\\\/AG2016.jpg\",\"contentUrl\":\"https:\\\/\\\/objectif-image.fr\\\/OI\\\/wp-content\\\/uploads\\\/2016\\\/04\\\/AG2016.jpg\",\"width\":1320,\"height\":624},{\"@type\":\"BreadcrumbList\",\"@id\":\"https:\\\/\\\/objectif-image.fr\\\/OI\\\/assemblee-generale-2016\\\/#breadcrumb\",\"itemListElement\":[{\"@type\":\"ListItem\",\"position\":1,\"name\":\"Accueil\",\"item\":\"https:\\\/\\\/objectif-image.fr\\\/OI\\\/\"},{\"@type\":\"ListItem\",\"position\":2,\"name\":\"Assembl\u00e9e G\u00e9n\u00e9rale 2016\"}]},{\"@type\":\"WebSite\",\"@id\":\"https:\\\/\\\/objectif-image.fr\\\/OI\\\/#website\",\"url\":\"https:\\\/\\\/objectif-image.fr\\\/OI\\\/\",\"name\":\"Objectif Image\",\"description\":\"Objectif Image\",\"publisher\":{\"@id\":\"https:\\\/\\\/objectif-image.fr\\\/OI\\\/#organization\"},\"potentialAction\":[{\"@type\":\"SearchAction\",\"target\":{\"@type\":\"EntryPoint\",\"urlTemplate\":\"https:\\\/\\\/objectif-image.fr\\\/OI\\\/?s={search_term_string}\"},\"query-input\":{\"@type\":\"PropertyValueSpecification\",\"valueRequired\":true,\"valueName\":\"search_term_string\"}}],\"inLanguage\":\"fr-FR\"},{\"@type\":\"Organization\",\"@id\":\"https:\\\/\\\/objectif-image.fr\\\/OI\\\/#organization\",\"name\":\"Objectif Image\",\"url\":\"https:\\\/\\\/objectif-image.fr\\\/OI\\\/\",\"logo\":{\"@type\":\"ImageObject\",\"inLanguage\":\"fr-FR\",\"@id\":\"https:\\\/\\\/objectif-image.fr\\\/OI\\\/#\\\/schema\\\/logo\\\/image\\\/\",\"url\":\"https:\\\/\\\/objectif-image.fr\\\/OI\\\/wp-content\\\/uploads\\\/2019\\\/02\\\/logo-OI-NATIONAL-rouge-2000px.jpg\",\"contentUrl\":\"https:\\\/\\\/objectif-image.fr\\\/OI\\\/wp-content\\\/uploads\\\/2019\\\/02\\\/logo-OI-NATIONAL-rouge-2000px.jpg\",\"width\":1081,\"height\":1024,\"caption\":\"Objectif Image\"},\"image\":{\"@id\":\"https:\\\/\\\/objectif-image.fr\\\/OI\\\/#\\\/schema\\\/logo\\\/image\\\/\"},\"sameAs\":[\"https:\\\/\\\/www.facebook.com\\\/Objectif.mage\"]},{\"@type\":\"Person\",\"@id\":\"https:\\\/\\\/objectif-image.fr\\\/OI\\\/#\\\/schema\\\/person\\\/813c64cc2f0c70450ca653f2e80a6515\",\"name\":\"Pierre S\",\"image\":{\"@type\":\"ImageObject\",\"inLanguage\":\"fr-FR\",\"@id\":\"https:\\\/\\\/secure.gravatar.com\\\/avatar\\\/6d1df1cb0bf58ef7d330b8910acfe62e7fbc0c2138564189224f85869b953674?s=96&d=mm&r=g\",\"url\":\"https:\\\/\\\/secure.gravatar.com\\\/avatar\\\/6d1df1cb0bf58ef7d330b8910acfe62e7fbc0c2138564189224f85869b953674?s=96&d=mm&r=g\",\"contentUrl\":\"https:\\\/\\\/secure.gravatar.com\\\/avatar\\\/6d1df1cb0bf58ef7d330b8910acfe62e7fbc0c2138564189224f85869b953674?s=96&d=mm&r=g\",\"caption\":\"Pierre S\"},\"url\":\"https:\\\/\\\/objectif-image.fr\\\/OI\\\/author\\\/pierres-2-2\\\/\"}]}<\/script>\n<!-- \/ Yoast SEO plugin. -->","yoast_head_json":{"title":"Assembl\u00e9e G\u00e9n\u00e9rale 2016 - Objectif Image","robots":{"index":"index","follow":"follow","max-snippet":"max-snippet:-1","max-image-preview":"max-image-preview:large","max-video-preview":"max-video-preview:-1"},"canonical":"https:\/\/objectif-image.fr\/OI\/assemblee-generale-2016\/","og_locale":"fr_FR","og_type":"article","og_title":"Assembl\u00e9e G\u00e9n\u00e9rale 2016 - Objectif Image","og_description":"Les 01 et 02 avril 2016 s\u2019est d\u00e9roul\u00e9e l\u2019Assembl\u00e9e G\u00e9n\u00e9rale de notre union, Objectif Image.","og_url":"https:\/\/objectif-image.fr\/OI\/assemblee-generale-2016\/","og_site_name":"Objectif Image","article_publisher":"https:\/\/www.facebook.com\/Objectif.mage","article_published_time":"2016-04-04T12:20:19+00:00","article_modified_time":"2021-07-05T08:05:30+00:00","og_image":[{"width":1320,"height":624,"url":"https:\/\/objectif-image.fr\/OI\/wp-content\/uploads\/2016\/04\/AG2016.jpg","type":"image\/jpeg"}],"author":"Pierre S","twitter_card":"summary_large_image","twitter_misc":{"\u00c9crit par":"Pierre S","Dur\u00e9e de lecture estim\u00e9e":"1 minute"},"schema":{"@context":"https:\/\/schema.org","@graph":[{"@type":"Article","@id":"https:\/\/objectif-image.fr\/OI\/assemblee-generale-2016\/#article","isPartOf":{"@id":"https:\/\/objectif-image.fr\/OI\/assemblee-generale-2016\/"},"author":{"name":"Pierre S","@id":"https:\/\/objectif-image.fr\/OI\/#\/schema\/person\/813c64cc2f0c70450ca653f2e80a6515"},"headline":"Assembl\u00e9e G\u00e9n\u00e9rale 2016","datePublished":"2016-04-04T12:20:19+00:00","dateModified":"2021-07-05T08:05:30+00:00","mainEntityOfPage":{"@id":"https:\/\/objectif-image.fr\/OI\/assemblee-generale-2016\/"},"wordCount":259,"publisher":{"@id":"https:\/\/objectif-image.fr\/OI\/#organization"},"image":{"@id":"https:\/\/objectif-image.fr\/OI\/assemblee-generale-2016\/#primaryimage"},"thumbnailUrl":"https:\/\/objectif-image.fr\/OI\/wp-content\/uploads\/2016\/04\/AG2016.jpg","articleSection":["Assembl\u00e9e g\u00e9n\u00e9rale"],"inLanguage":"fr-FR"},{"@type":"WebPage","@id":"https:\/\/objectif-image.fr\/OI\/assemblee-generale-2016\/","url":"https:\/\/objectif-image.fr\/OI\/assemblee-generale-2016\/","name":"Assembl\u00e9e G\u00e9n\u00e9rale 2016 - Objectif Image","isPartOf":{"@id":"https:\/\/objectif-image.fr\/OI\/#website"},"primaryImageOfPage":{"@id":"https:\/\/objectif-image.fr\/OI\/assemblee-generale-2016\/#primaryimage"},"image":{"@id":"https:\/\/objectif-image.fr\/OI\/assemblee-generale-2016\/#primaryimage"},"thumbnailUrl":"https:\/\/objectif-image.fr\/OI\/wp-content\/uploads\/2016\/04\/AG2016.jpg","datePublished":"2016-04-04T12:20:19+00:00","dateModified":"2021-07-05T08:05:30+00:00","breadcrumb":{"@id":"https:\/\/objectif-image.fr\/OI\/assemblee-generale-2016\/#breadcrumb"},"inLanguage":"fr-FR","potentialAction":[{"@type":"ReadAction","target":["https:\/\/objectif-image.fr\/OI\/assemblee-generale-2016\/"]}]},{"@type":"ImageObject","inLanguage":"fr-FR","@id":"https:\/\/objectif-image.fr\/OI\/assemblee-generale-2016\/#primaryimage","url":"https:\/\/objectif-image.fr\/OI\/wp-content\/uploads\/2016\/04\/AG2016.jpg","contentUrl":"https:\/\/objectif-image.fr\/OI\/wp-content\/uploads\/2016\/04\/AG2016.jpg","width":1320,"height":624},{"@type":"BreadcrumbList","@id":"https:\/\/objectif-image.fr\/OI\/assemblee-generale-2016\/#breadcrumb","itemListElement":[{"@type":"ListItem","position":1,"name":"Accueil","item":"https:\/\/objectif-image.fr\/OI\/"},{"@type":"ListItem","position":2,"name":"Assembl\u00e9e G\u00e9n\u00e9rale 2016"}]},{"@type":"WebSite","@id":"https:\/\/objectif-image.fr\/OI\/#website","url":"https:\/\/objectif-image.fr\/OI\/","name":"Objectif Image","description":"Objectif Image","publisher":{"@id":"https:\/\/objectif-image.fr\/OI\/#organization"},"potentialAction":[{"@type":"SearchAction","target":{"@type":"EntryPoint","urlTemplate":"https:\/\/objectif-image.fr\/OI\/?s={search_term_string}"},"query-input":{"@type":"PropertyValueSpecification","valueRequired":true,"valueName":"search_term_string"}}],"inLanguage":"fr-FR"},{"@type":"Organization","@id":"https:\/\/objectif-image.fr\/OI\/#organization","name":"Objectif Image","url":"https:\/\/objectif-image.fr\/OI\/","logo":{"@type":"ImageObject","inLanguage":"fr-FR","@id":"https:\/\/objectif-image.fr\/OI\/#\/schema\/logo\/image\/","url":"https:\/\/objectif-image.fr\/OI\/wp-content\/uploads\/2019\/02\/logo-OI-NATIONAL-rouge-2000px.jpg","contentUrl":"https:\/\/objectif-image.fr\/OI\/wp-content\/uploads\/2019\/02\/logo-OI-NATIONAL-rouge-2000px.jpg","width":1081,"height":1024,"caption":"Objectif Image"},"image":{"@id":"https:\/\/objectif-image.fr\/OI\/#\/schema\/logo\/image\/"},"sameAs":["https:\/\/www.facebook.com\/Objectif.mage"]},{"@type":"Person","@id":"https:\/\/objectif-image.fr\/OI\/#\/schema\/person\/813c64cc2f0c70450ca653f2e80a6515","name":"Pierre S","image":{"@type":"ImageObject","inLanguage":"fr-FR","@id":"https:\/\/secure.gravatar.com\/avatar\/6d1df1cb0bf58ef7d330b8910acfe62e7fbc0c2138564189224f85869b953674?s=96&d=mm&r=g","url":"https:\/\/secure.gravatar.com\/avatar\/6d1df1cb0bf58ef7d330b8910acfe62e7fbc0c2138564189224f85869b953674?s=96&d=mm&r=g","contentUrl":"https:\/\/secure.gravatar.com\/avatar\/6d1df1cb0bf58ef7d330b8910acfe62e7fbc0c2138564189224f85869b953674?s=96&d=mm&r=g","caption":"Pierre S"},"url":"https:\/\/objectif-image.fr\/OI\/author\/pierres-2-2\/"}]}},"_links":{"self":[{"href":"https:\/\/objectif-image.fr\/OI\/wp-json\/wp\/v2\/posts\/1702","targetHints":{"allow":["GET"]}}],"collection":[{"href":"https:\/\/objectif-image.fr\/OI\/wp-json\/wp\/v2\/posts"}],"about":[{"href":"https:\/\/objectif-image.fr\/OI\/wp-json\/wp\/v2\/types\/post"}],"author":[{"embeddable":true,"href":"https:\/\/objectif-image.fr\/OI\/wp-json\/wp\/v2\/users\/3"}],"replies":[{"embeddable":true,"href":"https:\/\/objectif-image.fr\/OI\/wp-json\/wp\/v2\/comments?post=1702"}],"version-history":[{"count":0,"href":"https:\/\/objectif-image.fr\/OI\/wp-json\/wp\/v2\/posts\/1702\/revisions"}],"wp:featuredmedia":[{"embeddable":true,"href":"https:\/\/objectif-image.fr\/OI\/wp-json\/wp\/v2\/media\/1728"}],"wp:attachment":[{"href":"https:\/\/objectif-image.fr\/OI\/wp-json\/wp\/v2\/media?parent=1702"}],"wp:term":[{"taxonomy":"category","embeddable":true,"href":"https:\/\/objectif-image.fr\/OI\/wp-json\/wp\/v2\/categories?post=1702"},{"taxonomy":"post_tag","embeddable":true,"href":"https:\/\/objectif-image.fr\/OI\/wp-json\/wp\/v2\/tags?post=1702"}],"curies":[{"name":"wp","href":"https:\/\/api.w.org\/{rel}","templated":true}]}}