{"id":24934,"date":"2020-02-05T12:19:32","date_gmt":"2020-02-05T11:19:32","guid":{"rendered":"https:\/\/objectif-image.fr\/OI\/?p=24934"},"modified":"2020-02-05T12:19:34","modified_gmt":"2020-02-05T11:19:34","slug":"hergo","status":"publish","type":"post","link":"https:\/\/objectif-image.fr\/OI\/hergo\/","title":{"rendered":"HERGO"},"content":{"rendered":"\n<p style=\"color:#0e0e0e\" class=\"has-text-color has-medium-font-size\">Nous apprenons la triste nouvelle du d\u00e9c\u00e8s du photographe <strong>HERGO<\/strong>.<\/p>\n\n\n\n<p style=\"color:#0c0c0c\" class=\"has-text-color has-medium-font-size\">Animateur depuis 1997 \u00e0 Objectif Image Paris et intervenant pour Objectif Image<\/p>\n\n\n\n<figure class=\"wp-block-gallery columns-2 is-cropped wp-block-gallery-2 is-layout-flex wp-block-gallery-is-layout-flex\"><ul class=\"blocks-gallery-grid\"><li class=\"blocks-gallery-item\"><figure><img loading=\"lazy\" decoding=\"async\" width=\"300\" height=\"225\" src=\"https:\/\/objectif-image.fr\/OI\/wp-content\/uploads\/2020\/02\/Hergo-1-300x225-1.jpg\" alt=\"\" data-id=\"24941\" data-full-url=\"https:\/\/objectif-image.fr\/OI\/wp-content\/uploads\/2020\/02\/Hergo-1-300x225-1.jpg\" data-link=\"https:\/\/objectif-image.fr\/OI\/?attachment_id=24941\" class=\"wp-image-24941\" srcset=\"https:\/\/objectif-image.fr\/OI\/wp-content\/uploads\/2020\/02\/Hergo-1-300x225-1.jpg 300w, https:\/\/objectif-image.fr\/OI\/wp-content\/uploads\/2020\/02\/Hergo-1-300x225-1-150x113.jpg 150w, https:\/\/objectif-image.fr\/OI\/wp-content\/uploads\/2020\/02\/Hergo-1-300x225-1-100x75.jpg 100w\" sizes=\"auto, (max-width: 300px) 100vw, 300px\" \/><\/figure><\/li><li class=\"blocks-gallery-item\"><figure><img loading=\"lazy\" decoding=\"async\" width=\"300\" height=\"225\" src=\"https:\/\/objectif-image.fr\/OI\/wp-content\/uploads\/2020\/02\/Hergo-2-300x225-1.jpg\" alt=\"\" data-id=\"24942\" data-full-url=\"https:\/\/objectif-image.fr\/OI\/wp-content\/uploads\/2020\/02\/Hergo-2-300x225-1.jpg\" data-link=\"https:\/\/objectif-image.fr\/OI\/?attachment_id=24942\" class=\"wp-image-24942\" srcset=\"https:\/\/objectif-image.fr\/OI\/wp-content\/uploads\/2020\/02\/Hergo-2-300x225-1.jpg 300w, https:\/\/objectif-image.fr\/OI\/wp-content\/uploads\/2020\/02\/Hergo-2-300x225-1-150x113.jpg 150w, https:\/\/objectif-image.fr\/OI\/wp-content\/uploads\/2020\/02\/Hergo-2-300x225-1-100x75.jpg 100w\" sizes=\"auto, (max-width: 300px) 100vw, 300px\" \/><\/figure><\/li><\/ul><\/figure>\n\n\n\n<p style=\"color:#0a0a0a\" class=\"has-text-color has-medium-font-size\">Je l\u2019ai rencontr\u00e9 la premi\u00e8re fois en 2006 mais il animait depuis d\u00e9j\u00e0 plusieurs ann\u00e9es <strong>\u00ab\u00a0L&rsquo;universit\u00e9 de la photo d&rsquo;auteurs\u00a0\u00bb <\/strong>au club de Paris. Il a ensuite insuffl\u00e9 une nouvelle dynamique \u00e0 Paris en proposant une r\u00e9union non technique et rassemblant toutes les activit\u00e9s photo, vid\u00e9o et audiovisuelle, <strong>les Mardis d\u2019OI.<\/strong><\/p>\n\n\n\n<p style=\"color:#0e0e0e\" class=\"has-text-color has-medium-font-size\">Une excellente ambiance cr\u00e9ative et conviviale est n\u00e9e de cette initiative et nous ne le remercierons jamais assez.<\/p>\n\n\n\n<p style=\"color:#0d0e0e\" class=\"has-text-color has-medium-font-size\">Il nous a fait le plaisir de venir inaugurer&nbsp; le Salon National 2019 \u00e0 Paris comme invit\u00e9 d&rsquo;honneur avec deux photos qui ont rejoint la collection d Prestige d\u2019Objectif Image.<\/p>\n\n\n\n<figure class=\"wp-block-gallery columns-2 wp-block-gallery-3 is-layout-flex wp-block-gallery-is-layout-flex\"><ul class=\"blocks-gallery-grid\"><li class=\"blocks-gallery-item\"><figure><img loading=\"lazy\" decoding=\"async\" width=\"376\" height=\"570\" src=\"https:\/\/objectif-image.fr\/OI\/wp-content\/uploads\/2020\/02\/deuxenfants-1.jpg\" alt=\"\" data-id=\"24958\" data-full-url=\"https:\/\/objectif-image.fr\/OI\/wp-content\/uploads\/2020\/02\/deuxenfants-1.jpg\" data-link=\"https:\/\/objectif-image.fr\/OI\/?attachment_id=24958\" class=\"wp-image-24958\" srcset=\"https:\/\/objectif-image.fr\/OI\/wp-content\/uploads\/2020\/02\/deuxenfants-1.jpg 376w, https:\/\/objectif-image.fr\/OI\/wp-content\/uploads\/2020\/02\/deuxenfants-1-198x300.jpg 198w, https:\/\/objectif-image.fr\/OI\/wp-content\/uploads\/2020\/02\/deuxenfants-1-99x150.jpg 99w, https:\/\/objectif-image.fr\/OI\/wp-content\/uploads\/2020\/02\/deuxenfants-1-66x100.jpg 66w\" sizes=\"auto, (max-width: 376px) 100vw, 376px\" \/><figcaption class=\"blocks-gallery-item__caption\">Deux enfants sur le chemin <\/figcaption><\/figure><\/li><li class=\"blocks-gallery-item\"><figure><img loading=\"lazy\" decoding=\"async\" width=\"547\" height=\"555\" src=\"https:\/\/objectif-image.fr\/OI\/wp-content\/uploads\/2020\/02\/blac-lin-0-5-.jpg\" alt=\"\" data-id=\"24957\" data-full-url=\"https:\/\/objectif-image.fr\/OI\/wp-content\/uploads\/2020\/02\/blac-lin-0-5-.jpg\" data-link=\"https:\/\/objectif-image.fr\/OI\/?attachment_id=24957\" class=\"wp-image-24957\" srcset=\"https:\/\/objectif-image.fr\/OI\/wp-content\/uploads\/2020\/02\/blac-lin-0-5-.jpg 547w, https:\/\/objectif-image.fr\/OI\/wp-content\/uploads\/2020\/02\/blac-lin-0-5--100x100.jpg 100w, https:\/\/objectif-image.fr\/OI\/wp-content\/uploads\/2020\/02\/blac-lin-0-5--400x406.jpg 400w, https:\/\/objectif-image.fr\/OI\/wp-content\/uploads\/2020\/02\/blac-lin-0-5--296x300.jpg 296w, https:\/\/objectif-image.fr\/OI\/wp-content\/uploads\/2020\/02\/blac-lin-0-5--148x150.jpg 148w, https:\/\/objectif-image.fr\/OI\/wp-content\/uploads\/2020\/02\/blac-lin-0-5--80x80.jpg 80w, https:\/\/objectif-image.fr\/OI\/wp-content\/uploads\/2020\/02\/blac-lin-0-5--398x404.jpg 398w\" sizes=\"auto, (max-width: 547px) 100vw, 547px\" \/><figcaption class=\"blocks-gallery-item__caption\">Black Line<\/figcaption><\/figure><\/li><\/ul><\/figure>\n\n\n\n<p style=\"color:#0d0e0e\" class=\"has-text-color has-medium-font-size\">En 2017 notre revue <strong>IMAGES <\/strong>lui a consacr\u00e9 la couverture du num\u00e9ro <strong>67 <\/strong>et un portfolio.<\/p>\n\n\n\n<figure class=\"wp-block-image size-large is-resized\"><img loading=\"lazy\" decoding=\"async\" src=\"https:\/\/objectif-image.fr\/OI\/wp-content\/uploads\/2020\/02\/COUVERTURE-N-67.jpg\" alt=\"\" class=\"wp-image-24962\" width=\"232\" height=\"327\" srcset=\"https:\/\/objectif-image.fr\/OI\/wp-content\/uploads\/2020\/02\/COUVERTURE-N-67.jpg 544w, https:\/\/objectif-image.fr\/OI\/wp-content\/uploads\/2020\/02\/COUVERTURE-N-67-400x565.jpg 400w, https:\/\/objectif-image.fr\/OI\/wp-content\/uploads\/2020\/02\/COUVERTURE-N-67-213x300.jpg 213w, https:\/\/objectif-image.fr\/OI\/wp-content\/uploads\/2020\/02\/COUVERTURE-N-67-106x150.jpg 106w, https:\/\/objectif-image.fr\/OI\/wp-content\/uploads\/2020\/02\/COUVERTURE-N-67-71x100.jpg 71w, https:\/\/objectif-image.fr\/OI\/wp-content\/uploads\/2020\/02\/COUVERTURE-N-67-398x562.jpg 398w\" sizes=\"auto, (max-width: 232px) 100vw, 232px\" \/><\/figure>\n\n\n\n<p style=\"color:#0f1010\" class=\"has-text-color\">Je me souviens de la pr\u00e9paration de ce num\u00e9ro avec Christelle, la d\u00e9couverte des portfolios et le choix difficile de la s\u00e9lection finale. \u0226 la parution, tout le monde en a \u00e9t\u00e9 satisfait. Merci Hergo d\u2019avoir permis la r\u00e9alisation de ce beau projet !<\/p>\n\n\n\n<p style=\"color:#0c0c0c\" class=\"has-text-color\">Bon vent l\u2019ami dans un monde que l\u2019on dit meilleur&nbsp;!<\/p>\n\n\n\n<p style=\"color:#0a0a0a\" class=\"has-text-color\"><em>St\u00e9phane<\/em><\/p>\n\n\n\n<p style=\"color:#0a0a0a\" class=\"has-text-color\">Pour terminer\u00a0 quelques citations d&rsquo;Hergo dans la revue <strong>IMAGES<\/strong><\/p>\n\n\n\n<blockquote class=\"wp-block-quote is-style-large is-layout-flow wp-block-quote-is-layout-flow\"><p>\u00ab Si \u00e0 20 ans on se pose la question : que faire de sa jeunesse ? En entrant comme par surprise dans sa 65<sup>e<\/sup> ann\u00e9e, on peut s\u2019interroger sur bien des aspects de la vie et en l\u2019occurrence sur la repr\u00e9sentation de son corps.&nbsp;\u00bb<\/p><\/blockquote>\n\n\n\n<p style=\"color:#060707\" class=\"has-text-color\"><em>\u00ab\u00a0Jusqu\u2019\u00e0 ce jour, j\u2019ai toujours photographi\u00e9 l\u2019autre, la rencontre, l\u2019intime et la singularit\u00e9 ; cette qu\u00eate insatiable et son \u00e9volution comblaient largement mes vell\u00e9it\u00e9s existentielles.\u00a0\u00bb<\/em><\/p>\n\n\n\n<p style=\"color:#050505\" class=\"has-text-color\"><em>\u00ab\u00a0\u0226 pr\u00e9sent, je retourne l\u2019objectif sur ma pr\u00e9sence pour en interroger sa repr\u00e9sentation. \u00ab\u00a0\u0226 cette \u00e9tape de la vie, tout semble se bousculer avec l\u2019\u00e2ge si vite arriv\u00e9 et la menace de la maladie bien install\u00e9e.\u00a0\u00bb<\/em><\/p>\n\n\n\n<p style=\"color:#070707\" class=\"has-text-color\">\u00ab<em>\u00a0Alors place aux imaginaires&#8230; ce sera \u00ab BODY TALKING \u00bb<\/em><\/p>\n\n\n\n<p style=\"color:#000000\" class=\"has-text-color\"><em>\u00ab\u00a0Face \u00e0 un avenir \u00e9triqu\u00e9, j\u2019opte pour des postures burlesques et lib\u00e9r\u00e9es, laissant ainsi la part belle \u00e0 la pr\u00e9sence corporelle ; l\u2019autoportrait devient mon sujet de l\u2019ann\u00e9e. \u00a0Le masque affuble le corps d\u2019une identit\u00e9 brouill\u00e9e, la condition humaine est malmen\u00e9e, je peux ainsi transgresser la notion d\u2019\u00e2ge mais aussi passer d\u2019un sexe \u00e0 un autre ; l\u2019ambigu\u00eft\u00e9 est de mise et la diversion de rigueur dans la tentative de perturber les \u00e9ch\u00e9ances \u00e0 venir.\u00a0\u00bb<\/em><\/p>\n\n\n\n<p style=\"color:#000000\" class=\"has-text-color has-medium-font-size\"><strong>Hergo<\/strong><\/p>\n\n\n\n<p style=\"color:#111111\" class=\"has-text-color\">Juillet 2016<\/p>\n\n\n\n<figure class=\"wp-block-gallery columns-2 is-cropped wp-block-gallery-4 is-layout-flex wp-block-gallery-is-layout-flex\"><ul class=\"blocks-gallery-grid\"><li class=\"blocks-gallery-item\"><figure><img loading=\"lazy\" decoding=\"async\" width=\"380\" height=\"570\" src=\"https:\/\/objectif-image.fr\/OI\/wp-content\/uploads\/2020\/02\/auto-0-6-1.jpg\" alt=\"\" data-id=\"24945\" data-full-url=\"https:\/\/objectif-image.fr\/OI\/wp-content\/uploads\/2020\/02\/auto-0-6-1.jpg\" data-link=\"https:\/\/objectif-image.fr\/OI\/?attachment_id=24945\" class=\"wp-image-24945\" srcset=\"https:\/\/objectif-image.fr\/OI\/wp-content\/uploads\/2020\/02\/auto-0-6-1.jpg 380w, https:\/\/objectif-image.fr\/OI\/wp-content\/uploads\/2020\/02\/auto-0-6-1-200x300.jpg 200w, https:\/\/objectif-image.fr\/OI\/wp-content\/uploads\/2020\/02\/auto-0-6-1-100x150.jpg 100w, https:\/\/objectif-image.fr\/OI\/wp-content\/uploads\/2020\/02\/auto-0-6-1-67x100.jpg 67w\" sizes=\"auto, (max-width: 380px) 100vw, 380px\" \/><\/figure><\/li><li class=\"blocks-gallery-item\"><figure><img loading=\"lazy\" decoding=\"async\" width=\"200\" height=\"300\" src=\"https:\/\/objectif-image.fr\/OI\/wp-content\/uploads\/2020\/02\/Hergo_MG_6641-200x300-2.jpg\" alt=\"\" data-id=\"24946\" data-full-url=\"https:\/\/objectif-image.fr\/OI\/wp-content\/uploads\/2020\/02\/Hergo_MG_6641-200x300-2.jpg\" data-link=\"https:\/\/objectif-image.fr\/OI\/?attachment_id=24946\" class=\"wp-image-24946\" srcset=\"https:\/\/objectif-image.fr\/OI\/wp-content\/uploads\/2020\/02\/Hergo_MG_6641-200x300-2.jpg 200w, https:\/\/objectif-image.fr\/OI\/wp-content\/uploads\/2020\/02\/Hergo_MG_6641-200x300-2-100x150.jpg 100w, https:\/\/objectif-image.fr\/OI\/wp-content\/uploads\/2020\/02\/Hergo_MG_6641-200x300-2-67x100.jpg 67w\" sizes=\"auto, (max-width: 200px) 100vw, 200px\" \/><\/figure><\/li><\/ul><\/figure>\n\n\n\n<p style=\"font-size:28px\"><strong>Le site <a href=\"http:\/\/www.hergo.fr\/\" target=\"_blank\" rel=\"noreferrer noopener\" aria-label=\"d'HERGO (s\u2019ouvre dans un nouvel onglet)\">d&rsquo;HERGO<\/a><\/strong><\/p>\n","protected":false},"excerpt":{"rendered":"<p>Nous apprenons la triste nouvelle du d\u00e9c\u00e8s du photographe HERGO. Animateur depuis 1997 \u00e0 Objectif Image Paris et intervenant pour Objectif Image Je l\u2019ai rencontr\u00e9 la premi\u00e8re fois en 2006 mais il animait depuis d\u00e9j\u00e0 plusieurs ann\u00e9es \u00ab\u00a0L&rsquo;universit\u00e9 de la photo d&rsquo;auteurs\u00a0\u00bb au club de Paris. Il a ensuite insuffl\u00e9 une nouvelle dynamique \u00e0 Paris [&hellip;]<\/p>\n","protected":false},"author":1,"featured_media":24941,"comment_status":"closed","ping_status":"closed","sticky":false,"template":"","format":"standard","meta":{"_acf_changed":false,"footnotes":""},"categories":[61],"tags":[312,104],"class_list":["post-24934","post","type-post","status-publish","format-standard","has-post-thumbnail","hentry","category-divers","tag-hergo","tag-objectif-image"],"acf":[],"yoast_head":"<!-- This site is optimized with the Yoast SEO plugin v27.5 - https:\/\/yoast.com\/product\/yoast-seo-wordpress\/ -->\n<title>HERGO - Objectif Image<\/title>\n<meta name=\"robots\" content=\"index, follow, max-snippet:-1, max-image-preview:large, max-video-preview:-1\" \/>\n<link rel=\"canonical\" href=\"https:\/\/objectif-image.fr\/OI\/hergo\/\" \/>\n<meta property=\"og:locale\" content=\"fr_FR\" \/>\n<meta property=\"og:type\" content=\"article\" \/>\n<meta property=\"og:title\" content=\"HERGO - Objectif Image\" \/>\n<meta property=\"og:description\" content=\"Nous apprenons la triste nouvelle du d\u00e9c\u00e8s du photographe HERGO. Animateur depuis 1997 \u00e0 Objectif Image Paris et intervenant pour Objectif Image Je l\u2019ai rencontr\u00e9 la premi\u00e8re fois en 2006 mais il animait depuis d\u00e9j\u00e0 plusieurs ann\u00e9es \u00ab\u00a0L&rsquo;universit\u00e9 de la photo d&rsquo;auteurs\u00a0\u00bb au club de Paris. Il a ensuite insuffl\u00e9 une nouvelle dynamique \u00e0 Paris [&hellip;]\" \/>\n<meta property=\"og:url\" content=\"https:\/\/objectif-image.fr\/OI\/hergo\/\" \/>\n<meta property=\"og:site_name\" content=\"Objectif Image\" \/>\n<meta property=\"article:publisher\" content=\"https:\/\/www.facebook.com\/Objectif.mage\" \/>\n<meta property=\"article:published_time\" content=\"2020-02-05T11:19:32+00:00\" \/>\n<meta property=\"article:modified_time\" content=\"2020-02-05T11:19:34+00:00\" \/>\n<meta property=\"og:image\" content=\"https:\/\/objectif-image.fr\/OI\/wp-content\/uploads\/2020\/02\/Hergo-1-300x225-1.jpg\" \/>\n\t<meta property=\"og:image:width\" content=\"300\" \/>\n\t<meta property=\"og:image:height\" content=\"225\" \/>\n\t<meta property=\"og:image:type\" content=\"image\/jpeg\" \/>\n<meta name=\"author\" content=\"stephane\" \/>\n<meta name=\"twitter:card\" content=\"summary_large_image\" \/>\n<meta name=\"twitter:label1\" content=\"\u00c9crit par\" \/>\n\t<meta name=\"twitter:data1\" content=\"stephane\" \/>\n\t<meta name=\"twitter:label2\" content=\"Dur\u00e9e de lecture estim\u00e9e\" \/>\n\t<meta name=\"twitter:data2\" content=\"2 minutes\" \/>\n<script type=\"application\/ld+json\" class=\"yoast-schema-graph\">{\"@context\":\"https:\\\/\\\/schema.org\",\"@graph\":[{\"@type\":\"Article\",\"@id\":\"https:\\\/\\\/objectif-image.fr\\\/OI\\\/hergo\\\/#article\",\"isPartOf\":{\"@id\":\"https:\\\/\\\/objectif-image.fr\\\/OI\\\/hergo\\\/\"},\"author\":{\"name\":\"stephane\",\"@id\":\"https:\\\/\\\/objectif-image.fr\\\/OI\\\/#\\\/schema\\\/person\\\/9645709a0d25d01826edae30cc2d054c\"},\"headline\":\"HERGO\",\"datePublished\":\"2020-02-05T11:19:32+00:00\",\"dateModified\":\"2020-02-05T11:19:34+00:00\",\"mainEntityOfPage\":{\"@id\":\"https:\\\/\\\/objectif-image.fr\\\/OI\\\/hergo\\\/\"},\"wordCount\":441,\"publisher\":{\"@id\":\"https:\\\/\\\/objectif-image.fr\\\/OI\\\/#organization\"},\"image\":{\"@id\":\"https:\\\/\\\/objectif-image.fr\\\/OI\\\/hergo\\\/#primaryimage\"},\"thumbnailUrl\":\"https:\\\/\\\/objectif-image.fr\\\/OI\\\/wp-content\\\/uploads\\\/2020\\\/02\\\/Hergo-1-300x225-1.jpg\",\"keywords\":[\"Hergo\",\"Objectif Image\"],\"articleSection\":[\"Divers\"],\"inLanguage\":\"fr-FR\"},{\"@type\":\"WebPage\",\"@id\":\"https:\\\/\\\/objectif-image.fr\\\/OI\\\/hergo\\\/\",\"url\":\"https:\\\/\\\/objectif-image.fr\\\/OI\\\/hergo\\\/\",\"name\":\"HERGO - Objectif Image\",\"isPartOf\":{\"@id\":\"https:\\\/\\\/objectif-image.fr\\\/OI\\\/#website\"},\"primaryImageOfPage\":{\"@id\":\"https:\\\/\\\/objectif-image.fr\\\/OI\\\/hergo\\\/#primaryimage\"},\"image\":{\"@id\":\"https:\\\/\\\/objectif-image.fr\\\/OI\\\/hergo\\\/#primaryimage\"},\"thumbnailUrl\":\"https:\\\/\\\/objectif-image.fr\\\/OI\\\/wp-content\\\/uploads\\\/2020\\\/02\\\/Hergo-1-300x225-1.jpg\",\"datePublished\":\"2020-02-05T11:19:32+00:00\",\"dateModified\":\"2020-02-05T11:19:34+00:00\",\"breadcrumb\":{\"@id\":\"https:\\\/\\\/objectif-image.fr\\\/OI\\\/hergo\\\/#breadcrumb\"},\"inLanguage\":\"fr-FR\",\"potentialAction\":[{\"@type\":\"ReadAction\",\"target\":[\"https:\\\/\\\/objectif-image.fr\\\/OI\\\/hergo\\\/\"]}]},{\"@type\":\"ImageObject\",\"inLanguage\":\"fr-FR\",\"@id\":\"https:\\\/\\\/objectif-image.fr\\\/OI\\\/hergo\\\/#primaryimage\",\"url\":\"https:\\\/\\\/objectif-image.fr\\\/OI\\\/wp-content\\\/uploads\\\/2020\\\/02\\\/Hergo-1-300x225-1.jpg\",\"contentUrl\":\"https:\\\/\\\/objectif-image.fr\\\/OI\\\/wp-content\\\/uploads\\\/2020\\\/02\\\/Hergo-1-300x225-1.jpg\",\"width\":300,\"height\":225},{\"@type\":\"BreadcrumbList\",\"@id\":\"https:\\\/\\\/objectif-image.fr\\\/OI\\\/hergo\\\/#breadcrumb\",\"itemListElement\":[{\"@type\":\"ListItem\",\"position\":1,\"name\":\"Accueil\",\"item\":\"https:\\\/\\\/objectif-image.fr\\\/OI\\\/\"},{\"@type\":\"ListItem\",\"position\":2,\"name\":\"HERGO\"}]},{\"@type\":\"WebSite\",\"@id\":\"https:\\\/\\\/objectif-image.fr\\\/OI\\\/#website\",\"url\":\"https:\\\/\\\/objectif-image.fr\\\/OI\\\/\",\"name\":\"Objectif Image\",\"description\":\"Objectif Image\",\"publisher\":{\"@id\":\"https:\\\/\\\/objectif-image.fr\\\/OI\\\/#organization\"},\"potentialAction\":[{\"@type\":\"SearchAction\",\"target\":{\"@type\":\"EntryPoint\",\"urlTemplate\":\"https:\\\/\\\/objectif-image.fr\\\/OI\\\/?s={search_term_string}\"},\"query-input\":{\"@type\":\"PropertyValueSpecification\",\"valueRequired\":true,\"valueName\":\"search_term_string\"}}],\"inLanguage\":\"fr-FR\"},{\"@type\":\"Organization\",\"@id\":\"https:\\\/\\\/objectif-image.fr\\\/OI\\\/#organization\",\"name\":\"Objectif Image\",\"url\":\"https:\\\/\\\/objectif-image.fr\\\/OI\\\/\",\"logo\":{\"@type\":\"ImageObject\",\"inLanguage\":\"fr-FR\",\"@id\":\"https:\\\/\\\/objectif-image.fr\\\/OI\\\/#\\\/schema\\\/logo\\\/image\\\/\",\"url\":\"https:\\\/\\\/objectif-image.fr\\\/OI\\\/wp-content\\\/uploads\\\/2019\\\/02\\\/logo-OI-NATIONAL-rouge-2000px.jpg\",\"contentUrl\":\"https:\\\/\\\/objectif-image.fr\\\/OI\\\/wp-content\\\/uploads\\\/2019\\\/02\\\/logo-OI-NATIONAL-rouge-2000px.jpg\",\"width\":1081,\"height\":1024,\"caption\":\"Objectif Image\"},\"image\":{\"@id\":\"https:\\\/\\\/objectif-image.fr\\\/OI\\\/#\\\/schema\\\/logo\\\/image\\\/\"},\"sameAs\":[\"https:\\\/\\\/www.facebook.com\\\/Objectif.mage\"]},{\"@type\":\"Person\",\"@id\":\"https:\\\/\\\/objectif-image.fr\\\/OI\\\/#\\\/schema\\\/person\\\/9645709a0d25d01826edae30cc2d054c\",\"name\":\"stephane\",\"image\":{\"@type\":\"ImageObject\",\"inLanguage\":\"fr-FR\",\"@id\":\"https:\\\/\\\/secure.gravatar.com\\\/avatar\\\/eedc54c666d9bc5232627d249ac4cfdbd2b1b6d38cf61b0e53f187229753f85b?s=96&d=mm&r=g\",\"url\":\"https:\\\/\\\/secure.gravatar.com\\\/avatar\\\/eedc54c666d9bc5232627d249ac4cfdbd2b1b6d38cf61b0e53f187229753f85b?s=96&d=mm&r=g\",\"contentUrl\":\"https:\\\/\\\/secure.gravatar.com\\\/avatar\\\/eedc54c666d9bc5232627d249ac4cfdbd2b1b6d38cf61b0e53f187229753f85b?s=96&d=mm&r=g\",\"caption\":\"stephane\"},\"sameAs\":[\"http:\\\/\\\/www.derny.com\"],\"url\":\"https:\\\/\\\/objectif-image.fr\\\/OI\\\/author\\\/stephane-2-2-2-2-2-2-2\\\/\"}]}<\/script>\n<!-- \/ Yoast SEO plugin. -->","yoast_head_json":{"title":"HERGO - Objectif Image","robots":{"index":"index","follow":"follow","max-snippet":"max-snippet:-1","max-image-preview":"max-image-preview:large","max-video-preview":"max-video-preview:-1"},"canonical":"https:\/\/objectif-image.fr\/OI\/hergo\/","og_locale":"fr_FR","og_type":"article","og_title":"HERGO - Objectif Image","og_description":"Nous apprenons la triste nouvelle du d\u00e9c\u00e8s du photographe HERGO. Animateur depuis 1997 \u00e0 Objectif Image Paris et intervenant pour Objectif Image Je l\u2019ai rencontr\u00e9 la premi\u00e8re fois en 2006 mais il animait depuis d\u00e9j\u00e0 plusieurs ann\u00e9es \u00ab\u00a0L&rsquo;universit\u00e9 de la photo d&rsquo;auteurs\u00a0\u00bb au club de Paris. Il a ensuite insuffl\u00e9 une nouvelle dynamique \u00e0 Paris [&hellip;]","og_url":"https:\/\/objectif-image.fr\/OI\/hergo\/","og_site_name":"Objectif Image","article_publisher":"https:\/\/www.facebook.com\/Objectif.mage","article_published_time":"2020-02-05T11:19:32+00:00","article_modified_time":"2020-02-05T11:19:34+00:00","og_image":[{"width":300,"height":225,"url":"https:\/\/objectif-image.fr\/OI\/wp-content\/uploads\/2020\/02\/Hergo-1-300x225-1.jpg","type":"image\/jpeg"}],"author":"stephane","twitter_card":"summary_large_image","twitter_misc":{"\u00c9crit par":"stephane","Dur\u00e9e de lecture estim\u00e9e":"2 minutes"},"schema":{"@context":"https:\/\/schema.org","@graph":[{"@type":"Article","@id":"https:\/\/objectif-image.fr\/OI\/hergo\/#article","isPartOf":{"@id":"https:\/\/objectif-image.fr\/OI\/hergo\/"},"author":{"name":"stephane","@id":"https:\/\/objectif-image.fr\/OI\/#\/schema\/person\/9645709a0d25d01826edae30cc2d054c"},"headline":"HERGO","datePublished":"2020-02-05T11:19:32+00:00","dateModified":"2020-02-05T11:19:34+00:00","mainEntityOfPage":{"@id":"https:\/\/objectif-image.fr\/OI\/hergo\/"},"wordCount":441,"publisher":{"@id":"https:\/\/objectif-image.fr\/OI\/#organization"},"image":{"@id":"https:\/\/objectif-image.fr\/OI\/hergo\/#primaryimage"},"thumbnailUrl":"https:\/\/objectif-image.fr\/OI\/wp-content\/uploads\/2020\/02\/Hergo-1-300x225-1.jpg","keywords":["Hergo","Objectif Image"],"articleSection":["Divers"],"inLanguage":"fr-FR"},{"@type":"WebPage","@id":"https:\/\/objectif-image.fr\/OI\/hergo\/","url":"https:\/\/objectif-image.fr\/OI\/hergo\/","name":"HERGO - Objectif Image","isPartOf":{"@id":"https:\/\/objectif-image.fr\/OI\/#website"},"primaryImageOfPage":{"@id":"https:\/\/objectif-image.fr\/OI\/hergo\/#primaryimage"},"image":{"@id":"https:\/\/objectif-image.fr\/OI\/hergo\/#primaryimage"},"thumbnailUrl":"https:\/\/objectif-image.fr\/OI\/wp-content\/uploads\/2020\/02\/Hergo-1-300x225-1.jpg","datePublished":"2020-02-05T11:19:32+00:00","dateModified":"2020-02-05T11:19:34+00:00","breadcrumb":{"@id":"https:\/\/objectif-image.fr\/OI\/hergo\/#breadcrumb"},"inLanguage":"fr-FR","potentialAction":[{"@type":"ReadAction","target":["https:\/\/objectif-image.fr\/OI\/hergo\/"]}]},{"@type":"ImageObject","inLanguage":"fr-FR","@id":"https:\/\/objectif-image.fr\/OI\/hergo\/#primaryimage","url":"https:\/\/objectif-image.fr\/OI\/wp-content\/uploads\/2020\/02\/Hergo-1-300x225-1.jpg","contentUrl":"https:\/\/objectif-image.fr\/OI\/wp-content\/uploads\/2020\/02\/Hergo-1-300x225-1.jpg","width":300,"height":225},{"@type":"BreadcrumbList","@id":"https:\/\/objectif-image.fr\/OI\/hergo\/#breadcrumb","itemListElement":[{"@type":"ListItem","position":1,"name":"Accueil","item":"https:\/\/objectif-image.fr\/OI\/"},{"@type":"ListItem","position":2,"name":"HERGO"}]},{"@type":"WebSite","@id":"https:\/\/objectif-image.fr\/OI\/#website","url":"https:\/\/objectif-image.fr\/OI\/","name":"Objectif Image","description":"Objectif Image","publisher":{"@id":"https:\/\/objectif-image.fr\/OI\/#organization"},"potentialAction":[{"@type":"SearchAction","target":{"@type":"EntryPoint","urlTemplate":"https:\/\/objectif-image.fr\/OI\/?s={search_term_string}"},"query-input":{"@type":"PropertyValueSpecification","valueRequired":true,"valueName":"search_term_string"}}],"inLanguage":"fr-FR"},{"@type":"Organization","@id":"https:\/\/objectif-image.fr\/OI\/#organization","name":"Objectif Image","url":"https:\/\/objectif-image.fr\/OI\/","logo":{"@type":"ImageObject","inLanguage":"fr-FR","@id":"https:\/\/objectif-image.fr\/OI\/#\/schema\/logo\/image\/","url":"https:\/\/objectif-image.fr\/OI\/wp-content\/uploads\/2019\/02\/logo-OI-NATIONAL-rouge-2000px.jpg","contentUrl":"https:\/\/objectif-image.fr\/OI\/wp-content\/uploads\/2019\/02\/logo-OI-NATIONAL-rouge-2000px.jpg","width":1081,"height":1024,"caption":"Objectif Image"},"image":{"@id":"https:\/\/objectif-image.fr\/OI\/#\/schema\/logo\/image\/"},"sameAs":["https:\/\/www.facebook.com\/Objectif.mage"]},{"@type":"Person","@id":"https:\/\/objectif-image.fr\/OI\/#\/schema\/person\/9645709a0d25d01826edae30cc2d054c","name":"stephane","image":{"@type":"ImageObject","inLanguage":"fr-FR","@id":"https:\/\/secure.gravatar.com\/avatar\/eedc54c666d9bc5232627d249ac4cfdbd2b1b6d38cf61b0e53f187229753f85b?s=96&d=mm&r=g","url":"https:\/\/secure.gravatar.com\/avatar\/eedc54c666d9bc5232627d249ac4cfdbd2b1b6d38cf61b0e53f187229753f85b?s=96&d=mm&r=g","contentUrl":"https:\/\/secure.gravatar.com\/avatar\/eedc54c666d9bc5232627d249ac4cfdbd2b1b6d38cf61b0e53f187229753f85b?s=96&d=mm&r=g","caption":"stephane"},"sameAs":["http:\/\/www.derny.com"],"url":"https:\/\/objectif-image.fr\/OI\/author\/stephane-2-2-2-2-2-2-2\/"}]}},"_links":{"self":[{"href":"https:\/\/objectif-image.fr\/OI\/wp-json\/wp\/v2\/posts\/24934","targetHints":{"allow":["GET"]}}],"collection":[{"href":"https:\/\/objectif-image.fr\/OI\/wp-json\/wp\/v2\/posts"}],"about":[{"href":"https:\/\/objectif-image.fr\/OI\/wp-json\/wp\/v2\/types\/post"}],"author":[{"embeddable":true,"href":"https:\/\/objectif-image.fr\/OI\/wp-json\/wp\/v2\/users\/1"}],"replies":[{"embeddable":true,"href":"https:\/\/objectif-image.fr\/OI\/wp-json\/wp\/v2\/comments?post=24934"}],"version-history":[{"count":0,"href":"https:\/\/objectif-image.fr\/OI\/wp-json\/wp\/v2\/posts\/24934\/revisions"}],"wp:featuredmedia":[{"embeddable":true,"href":"https:\/\/objectif-image.fr\/OI\/wp-json\/wp\/v2\/media\/24941"}],"wp:attachment":[{"href":"https:\/\/objectif-image.fr\/OI\/wp-json\/wp\/v2\/media?parent=24934"}],"wp:term":[{"taxonomy":"category","embeddable":true,"href":"https:\/\/objectif-image.fr\/OI\/wp-json\/wp\/v2\/categories?post=24934"},{"taxonomy":"post_tag","embeddable":true,"href":"https:\/\/objectif-image.fr\/OI\/wp-json\/wp\/v2\/tags?post=24934"}],"curies":[{"name":"wp","href":"https:\/\/api.w.org\/{rel}","templated":true}]}}