{"id":2648,"date":"2016-08-13T06:00:56","date_gmt":"2016-08-13T05:00:56","guid":{"rendered":"http:\/\/objectif-image.fr\/OI\/?p=2648"},"modified":"2016-08-12T18:34:34","modified_gmt":"2016-08-12T17:34:34","slug":"festival-photo-des-azimutes-a-uzes-30","status":"publish","type":"post","link":"https:\/\/objectif-image.fr\/OI\/festival-photo-des-azimutes-a-uzes-30\/","title":{"rendered":"Festival Photo des Azimut\u00e9s \u00e0 UZES (30)"},"content":{"rendered":"<p><span style=\"color: #000000;\">C\u2019est parti pour la <strong>2\u00e8me<\/strong> \u00e9dition du festival de la photographie \u00e0 l\u2019H\u00f4tel de Ville d\u2019Uz\u00e8s, du <strong>19 au 28 ao\u00fbt 2016<\/strong> !<\/span><\/p>\n<p><!--more--><\/p>\n<p><span style=\"color: #000000;\"><a href=\"https:\/\/objectif-image.fr\/OI\/wp-content\/uploads\/2016\/08\/affiche-a3-simple-light.jpeg\"><img loading=\"lazy\" decoding=\"async\" class=\" wp-image-2649 alignleft\" src=\"https:\/\/objectif-image.fr\/OI\/wp-content\/uploads\/2016\/08\/affiche-a3-simple-light.jpeg\" alt=\"affiche-a3-simple-light\" width=\"276\" height=\"355\" srcset=\"https:\/\/objectif-image.fr\/OI\/wp-content\/uploads\/2016\/08\/affiche-a3-simple-light.jpeg 250w, https:\/\/objectif-image.fr\/OI\/wp-content\/uploads\/2016\/08\/affiche-a3-simple-light-116x150.jpeg 116w, https:\/\/objectif-image.fr\/OI\/wp-content\/uploads\/2016\/08\/affiche-a3-simple-light-233x300.jpeg 233w, https:\/\/objectif-image.fr\/OI\/wp-content\/uploads\/2016\/08\/affiche-a3-simple-light-78x100.jpeg 78w\" sizes=\"auto, (max-width: 276px) 100vw, 276px\" \/><\/a>Expositions et performances vous permettrons de d\u00e9couvrir les cr\u00e9ations d\u2019une quinzaine d\u2019auteurs photographes. <\/span><\/p>\n<p><span style=\"color: #000000;\">Dont <span style=\"color: #800080;\"><strong>Julien VINBER<\/strong><\/span> d&rsquo;<strong>Objectif Image Montpellier <\/strong>et <span style=\"color: #800080;\"><strong>Cathy BAUD<\/strong><\/span> qui fut membre du jury de notre\u00a0 Salon National d&rsquo;Auteurs 2015 \u00e0 N\u00eemes.<\/span><br \/>\n<span style=\"color: #000000;\"> Tout au long du festival, un riche programme d\u2019<strong>animation<\/strong> vous sera propos\u00e9 et vous pourrez <strong>rencontrer les artistes<\/strong> lors des conf\u00e9rences, ateliers et projections.<\/span><\/p>\n<h5><span style=\"color: #000000;\">Programme et infos<\/span> : <a href=\"https:\/\/lesazimutesduzes.com\/festival-2016\/\" target=\"_blank\">ICI<\/a><\/h5>\n<p>&nbsp;<\/p>\n<h5>Pour sa part <a href=\"https:\/\/lesazimutesduzes.com\/julien-vinber\/\" target=\"_blank\"><span style=\"color: #800080;\"><strong>Julien VINBER<\/strong><\/span><\/a> pr\u00e9sentera<\/h5>\n<p><span style=\"color: #000000;\"><strong>Samedi 20 ao\u00fbt<\/strong> de 15h \u00e0 17h <span style=\"color: #800080;\">Studio de poche \u00ab\u00a0Nuances Indicibles\u00a0\u00bb<\/span> &#8211; <strong>atelier objets en photo<\/strong><\/span><\/p>\n<p><span style=\"color: #000000;\"><strong>Samedi 27 ao\u00fbt<\/strong> \u00e0 15h\u00a0 <span style=\"color: #800080;\">Foto Povera, des pratiques alternatives<\/span> &#8211; <strong>conf\u00e9rence et r\u00e9flexions<\/strong><\/span><\/p>\n<p><span style=\"color: #000000;\">et il exposera une s\u00e9rie intitul\u00e9e<\/span> <span style=\"color: #800080;\"><strong>\u00ab\u00a0Cartes Postales\u00a0\u00bb<\/strong><\/span><\/p>\n<p><a href=\"https:\/\/objectif-image.fr\/OI\/wp-content\/uploads\/2016\/08\/DSC7772.jpg\"><img loading=\"lazy\" decoding=\"async\" class=\"wp-image-2650 alignleft\" src=\"https:\/\/objectif-image.fr\/OI\/wp-content\/uploads\/2016\/08\/DSC7772.jpg\" alt=\"_DSC7772\" width=\"376\" height=\"249\" srcset=\"https:\/\/objectif-image.fr\/OI\/wp-content\/uploads\/2016\/08\/DSC7772.jpg 1000w, https:\/\/objectif-image.fr\/OI\/wp-content\/uploads\/2016\/08\/DSC7772-400x265.jpg 400w, https:\/\/objectif-image.fr\/OI\/wp-content\/uploads\/2016\/08\/DSC7772-150x99.jpg 150w, https:\/\/objectif-image.fr\/OI\/wp-content\/uploads\/2016\/08\/DSC7772-300x199.jpg 300w, https:\/\/objectif-image.fr\/OI\/wp-content\/uploads\/2016\/08\/DSC7772-768x508.jpg 768w, https:\/\/objectif-image.fr\/OI\/wp-content\/uploads\/2016\/08\/DSC7772-100x66.jpg 100w\" sizes=\"auto, (max-width: 376px) 100vw, 376px\" \/><\/a> <span style=\"color: #000000;\">\u00ab Tout montrer serait-ce la meilleure fa\u00e7on pour voir? Paysage de carte postale, l&rsquo;absence humaine se fait sentir, elle s&rsquo;impose \u00e0 nous jusqu&rsquo;\u00e0 nous pousser \u00e0 la combler par notre imagination. Du manque na\u00eet la pr\u00e9sence, comme l&rsquo;ombre et la lumi\u00e8re.<\/span><br \/>\n<span style=\"color: #000000;\"> Lieu de vill\u00e9giature, l&rsquo;\u00e9t\u00e9 et son soleil implacable remplissent chaque coin de son lot de touristes anonymes que l&rsquo;on ne remarque plus.<\/span><br \/>\n<span style=\"color: #000000;\"> L&rsquo;hiver, transition entre un \u00e9t\u00e9 pass\u00e9 et un autre \u00e0 venir. Au repos, se souvenant du pass\u00e9 ou pensant au futur. Respiration entre vague humaine ou inhumaine. La r\u00e9alit\u00e9 s&rsquo;estompe, mais ne dispara\u00eet pas. Le calme s&rsquo;installe nous faisant entendre les r\u00e9miniscences de la foule. Vide, pour que nous puissions enfin l&rsquo;habiter.\u00a0\u00bb (Julien Vinber)<\/span><\/p>\n<p>&nbsp;<\/p>\n<p>&nbsp;<\/p>\n<p><a href=\"https:\/\/objectif-image.fr\/OI\/wp-content\/uploads\/2016\/08\/decc81pli-verso.jpg\"><img loading=\"lazy\" decoding=\"async\" class=\"alignnone size-large wp-image-2703\" src=\"https:\/\/objectif-image.fr\/OI\/wp-content\/uploads\/2016\/08\/decc81pli-verso-1024x497.jpg\" alt=\"decc81pli-verso\" width=\"1024\" height=\"497\" srcset=\"https:\/\/objectif-image.fr\/OI\/wp-content\/uploads\/2016\/08\/decc81pli-verso-1024x497.jpg 1024w, https:\/\/objectif-image.fr\/OI\/wp-content\/uploads\/2016\/08\/decc81pli-verso-400x194.jpg 400w, https:\/\/objectif-image.fr\/OI\/wp-content\/uploads\/2016\/08\/decc81pli-verso-150x73.jpg 150w, https:\/\/objectif-image.fr\/OI\/wp-content\/uploads\/2016\/08\/decc81pli-verso-300x146.jpg 300w, https:\/\/objectif-image.fr\/OI\/wp-content\/uploads\/2016\/08\/decc81pli-verso-768x373.jpg 768w, https:\/\/objectif-image.fr\/OI\/wp-content\/uploads\/2016\/08\/decc81pli-verso-100x49.jpg 100w, https:\/\/objectif-image.fr\/OI\/wp-content\/uploads\/2016\/08\/decc81pli-verso.jpg 1320w\" sizes=\"auto, (max-width: 1024px) 100vw, 1024px\" \/><\/a><\/p>\n<p>&nbsp;<\/p>\n","protected":false},"excerpt":{"rendered":"<p>C\u2019est parti pour la 2\u00e8me \u00e9dition du festival de la photographie \u00e0 l\u2019H\u00f4tel de Ville d\u2019Uz\u00e8s, du 19 au 28 ao\u00fbt 2016 !<\/p>\n","protected":false},"author":3,"featured_media":2652,"comment_status":"closed","ping_status":"closed","sticky":false,"template":"","format":"standard","meta":{"_acf_changed":false,"footnotes":""},"categories":[13],"tags":[],"class_list":["post-2648","post","type-post","status-publish","format-standard","has-post-thumbnail","hentry","category-photo"],"acf":[],"yoast_head":"<!-- This site is optimized with the Yoast SEO plugin v27.5 - https:\/\/yoast.com\/product\/yoast-seo-wordpress\/ -->\n<title>Festival Photo des Azimut\u00e9s \u00e0 UZES (30) - Objectif Image<\/title>\n<meta name=\"robots\" content=\"index, follow, max-snippet:-1, max-image-preview:large, max-video-preview:-1\" \/>\n<link rel=\"canonical\" href=\"https:\/\/objectif-image.fr\/OI\/festival-photo-des-azimutes-a-uzes-30\/\" \/>\n<meta property=\"og:locale\" content=\"fr_FR\" \/>\n<meta property=\"og:type\" content=\"article\" \/>\n<meta property=\"og:title\" content=\"Festival Photo des Azimut\u00e9s \u00e0 UZES (30) - Objectif Image\" \/>\n<meta property=\"og:description\" content=\"C\u2019est parti pour la 2\u00e8me \u00e9dition du festival de la photographie \u00e0 l\u2019H\u00f4tel de Ville d\u2019Uz\u00e8s, du 19 au 28 ao\u00fbt 2016 !\" \/>\n<meta property=\"og:url\" content=\"https:\/\/objectif-image.fr\/OI\/festival-photo-des-azimutes-a-uzes-30\/\" \/>\n<meta property=\"og:site_name\" content=\"Objectif Image\" \/>\n<meta property=\"article:publisher\" content=\"https:\/\/www.facebook.com\/Objectif.mage\" \/>\n<meta property=\"article:published_time\" content=\"2016-08-13T05:00:56+00:00\" \/>\n<meta property=\"og:image\" content=\"https:\/\/objectif-image.fr\/OI\/wp-content\/uploads\/2016\/08\/cp01_grand-copie.png\" \/>\n\t<meta property=\"og:image:width\" content=\"1000\" \/>\n\t<meta property=\"og:image:height\" content=\"662\" \/>\n\t<meta property=\"og:image:type\" content=\"image\/png\" \/>\n<meta name=\"author\" content=\"Pierre S\" \/>\n<meta name=\"twitter:card\" content=\"summary_large_image\" \/>\n<meta name=\"twitter:label1\" content=\"\u00c9crit par\" \/>\n\t<meta name=\"twitter:data1\" content=\"Pierre S\" \/>\n\t<meta name=\"twitter:label2\" content=\"Dur\u00e9e de lecture estim\u00e9e\" \/>\n\t<meta name=\"twitter:data2\" content=\"1 minute\" \/>\n<script type=\"application\/ld+json\" class=\"yoast-schema-graph\">{\"@context\":\"https:\\\/\\\/schema.org\",\"@graph\":[{\"@type\":\"Article\",\"@id\":\"https:\\\/\\\/objectif-image.fr\\\/OI\\\/festival-photo-des-azimutes-a-uzes-30\\\/#article\",\"isPartOf\":{\"@id\":\"https:\\\/\\\/objectif-image.fr\\\/OI\\\/festival-photo-des-azimutes-a-uzes-30\\\/\"},\"author\":{\"name\":\"Pierre S\",\"@id\":\"https:\\\/\\\/objectif-image.fr\\\/OI\\\/#\\\/schema\\\/person\\\/813c64cc2f0c70450ca653f2e80a6515\"},\"headline\":\"Festival Photo des Azimut\u00e9s \u00e0 UZES (30)\",\"datePublished\":\"2016-08-13T05:00:56+00:00\",\"mainEntityOfPage\":{\"@id\":\"https:\\\/\\\/objectif-image.fr\\\/OI\\\/festival-photo-des-azimutes-a-uzes-30\\\/\"},\"wordCount\":282,\"publisher\":{\"@id\":\"https:\\\/\\\/objectif-image.fr\\\/OI\\\/#organization\"},\"image\":{\"@id\":\"https:\\\/\\\/objectif-image.fr\\\/OI\\\/festival-photo-des-azimutes-a-uzes-30\\\/#primaryimage\"},\"thumbnailUrl\":\"https:\\\/\\\/objectif-image.fr\\\/OI\\\/wp-content\\\/uploads\\\/2016\\\/08\\\/cp01_grand-copie.png\",\"articleSection\":[\"Photo\"],\"inLanguage\":\"fr-FR\"},{\"@type\":\"WebPage\",\"@id\":\"https:\\\/\\\/objectif-image.fr\\\/OI\\\/festival-photo-des-azimutes-a-uzes-30\\\/\",\"url\":\"https:\\\/\\\/objectif-image.fr\\\/OI\\\/festival-photo-des-azimutes-a-uzes-30\\\/\",\"name\":\"Festival Photo des Azimut\u00e9s \u00e0 UZES (30) - Objectif Image\",\"isPartOf\":{\"@id\":\"https:\\\/\\\/objectif-image.fr\\\/OI\\\/#website\"},\"primaryImageOfPage\":{\"@id\":\"https:\\\/\\\/objectif-image.fr\\\/OI\\\/festival-photo-des-azimutes-a-uzes-30\\\/#primaryimage\"},\"image\":{\"@id\":\"https:\\\/\\\/objectif-image.fr\\\/OI\\\/festival-photo-des-azimutes-a-uzes-30\\\/#primaryimage\"},\"thumbnailUrl\":\"https:\\\/\\\/objectif-image.fr\\\/OI\\\/wp-content\\\/uploads\\\/2016\\\/08\\\/cp01_grand-copie.png\",\"datePublished\":\"2016-08-13T05:00:56+00:00\",\"breadcrumb\":{\"@id\":\"https:\\\/\\\/objectif-image.fr\\\/OI\\\/festival-photo-des-azimutes-a-uzes-30\\\/#breadcrumb\"},\"inLanguage\":\"fr-FR\",\"potentialAction\":[{\"@type\":\"ReadAction\",\"target\":[\"https:\\\/\\\/objectif-image.fr\\\/OI\\\/festival-photo-des-azimutes-a-uzes-30\\\/\"]}]},{\"@type\":\"ImageObject\",\"inLanguage\":\"fr-FR\",\"@id\":\"https:\\\/\\\/objectif-image.fr\\\/OI\\\/festival-photo-des-azimutes-a-uzes-30\\\/#primaryimage\",\"url\":\"https:\\\/\\\/objectif-image.fr\\\/OI\\\/wp-content\\\/uploads\\\/2016\\\/08\\\/cp01_grand-copie.png\",\"contentUrl\":\"https:\\\/\\\/objectif-image.fr\\\/OI\\\/wp-content\\\/uploads\\\/2016\\\/08\\\/cp01_grand-copie.png\",\"width\":1000,\"height\":662},{\"@type\":\"BreadcrumbList\",\"@id\":\"https:\\\/\\\/objectif-image.fr\\\/OI\\\/festival-photo-des-azimutes-a-uzes-30\\\/#breadcrumb\",\"itemListElement\":[{\"@type\":\"ListItem\",\"position\":1,\"name\":\"Accueil\",\"item\":\"https:\\\/\\\/objectif-image.fr\\\/OI\\\/\"},{\"@type\":\"ListItem\",\"position\":2,\"name\":\"Festival Photo des Azimut\u00e9s \u00e0 UZES (30)\"}]},{\"@type\":\"WebSite\",\"@id\":\"https:\\\/\\\/objectif-image.fr\\\/OI\\\/#website\",\"url\":\"https:\\\/\\\/objectif-image.fr\\\/OI\\\/\",\"name\":\"Objectif Image\",\"description\":\"Objectif Image\",\"publisher\":{\"@id\":\"https:\\\/\\\/objectif-image.fr\\\/OI\\\/#organization\"},\"potentialAction\":[{\"@type\":\"SearchAction\",\"target\":{\"@type\":\"EntryPoint\",\"urlTemplate\":\"https:\\\/\\\/objectif-image.fr\\\/OI\\\/?s={search_term_string}\"},\"query-input\":{\"@type\":\"PropertyValueSpecification\",\"valueRequired\":true,\"valueName\":\"search_term_string\"}}],\"inLanguage\":\"fr-FR\"},{\"@type\":\"Organization\",\"@id\":\"https:\\\/\\\/objectif-image.fr\\\/OI\\\/#organization\",\"name\":\"Objectif Image\",\"url\":\"https:\\\/\\\/objectif-image.fr\\\/OI\\\/\",\"logo\":{\"@type\":\"ImageObject\",\"inLanguage\":\"fr-FR\",\"@id\":\"https:\\\/\\\/objectif-image.fr\\\/OI\\\/#\\\/schema\\\/logo\\\/image\\\/\",\"url\":\"https:\\\/\\\/objectif-image.fr\\\/OI\\\/wp-content\\\/uploads\\\/2019\\\/02\\\/logo-OI-NATIONAL-rouge-2000px.jpg\",\"contentUrl\":\"https:\\\/\\\/objectif-image.fr\\\/OI\\\/wp-content\\\/uploads\\\/2019\\\/02\\\/logo-OI-NATIONAL-rouge-2000px.jpg\",\"width\":1081,\"height\":1024,\"caption\":\"Objectif Image\"},\"image\":{\"@id\":\"https:\\\/\\\/objectif-image.fr\\\/OI\\\/#\\\/schema\\\/logo\\\/image\\\/\"},\"sameAs\":[\"https:\\\/\\\/www.facebook.com\\\/Objectif.mage\"]},{\"@type\":\"Person\",\"@id\":\"https:\\\/\\\/objectif-image.fr\\\/OI\\\/#\\\/schema\\\/person\\\/813c64cc2f0c70450ca653f2e80a6515\",\"name\":\"Pierre S\",\"image\":{\"@type\":\"ImageObject\",\"inLanguage\":\"fr-FR\",\"@id\":\"https:\\\/\\\/secure.gravatar.com\\\/avatar\\\/6d1df1cb0bf58ef7d330b8910acfe62e7fbc0c2138564189224f85869b953674?s=96&d=mm&r=g\",\"url\":\"https:\\\/\\\/secure.gravatar.com\\\/avatar\\\/6d1df1cb0bf58ef7d330b8910acfe62e7fbc0c2138564189224f85869b953674?s=96&d=mm&r=g\",\"contentUrl\":\"https:\\\/\\\/secure.gravatar.com\\\/avatar\\\/6d1df1cb0bf58ef7d330b8910acfe62e7fbc0c2138564189224f85869b953674?s=96&d=mm&r=g\",\"caption\":\"Pierre S\"},\"url\":\"https:\\\/\\\/objectif-image.fr\\\/OI\\\/author\\\/pierres-2-2\\\/\"}]}<\/script>\n<!-- \/ Yoast SEO plugin. -->","yoast_head_json":{"title":"Festival Photo des Azimut\u00e9s \u00e0 UZES (30) - Objectif Image","robots":{"index":"index","follow":"follow","max-snippet":"max-snippet:-1","max-image-preview":"max-image-preview:large","max-video-preview":"max-video-preview:-1"},"canonical":"https:\/\/objectif-image.fr\/OI\/festival-photo-des-azimutes-a-uzes-30\/","og_locale":"fr_FR","og_type":"article","og_title":"Festival Photo des Azimut\u00e9s \u00e0 UZES (30) - Objectif Image","og_description":"C\u2019est parti pour la 2\u00e8me \u00e9dition du festival de la photographie \u00e0 l\u2019H\u00f4tel de Ville d\u2019Uz\u00e8s, du 19 au 28 ao\u00fbt 2016 !","og_url":"https:\/\/objectif-image.fr\/OI\/festival-photo-des-azimutes-a-uzes-30\/","og_site_name":"Objectif Image","article_publisher":"https:\/\/www.facebook.com\/Objectif.mage","article_published_time":"2016-08-13T05:00:56+00:00","og_image":[{"width":1000,"height":662,"url":"https:\/\/objectif-image.fr\/OI\/wp-content\/uploads\/2016\/08\/cp01_grand-copie.png","type":"image\/png"}],"author":"Pierre S","twitter_card":"summary_large_image","twitter_misc":{"\u00c9crit par":"Pierre S","Dur\u00e9e de lecture estim\u00e9e":"1 minute"},"schema":{"@context":"https:\/\/schema.org","@graph":[{"@type":"Article","@id":"https:\/\/objectif-image.fr\/OI\/festival-photo-des-azimutes-a-uzes-30\/#article","isPartOf":{"@id":"https:\/\/objectif-image.fr\/OI\/festival-photo-des-azimutes-a-uzes-30\/"},"author":{"name":"Pierre S","@id":"https:\/\/objectif-image.fr\/OI\/#\/schema\/person\/813c64cc2f0c70450ca653f2e80a6515"},"headline":"Festival Photo des Azimut\u00e9s \u00e0 UZES (30)","datePublished":"2016-08-13T05:00:56+00:00","mainEntityOfPage":{"@id":"https:\/\/objectif-image.fr\/OI\/festival-photo-des-azimutes-a-uzes-30\/"},"wordCount":282,"publisher":{"@id":"https:\/\/objectif-image.fr\/OI\/#organization"},"image":{"@id":"https:\/\/objectif-image.fr\/OI\/festival-photo-des-azimutes-a-uzes-30\/#primaryimage"},"thumbnailUrl":"https:\/\/objectif-image.fr\/OI\/wp-content\/uploads\/2016\/08\/cp01_grand-copie.png","articleSection":["Photo"],"inLanguage":"fr-FR"},{"@type":"WebPage","@id":"https:\/\/objectif-image.fr\/OI\/festival-photo-des-azimutes-a-uzes-30\/","url":"https:\/\/objectif-image.fr\/OI\/festival-photo-des-azimutes-a-uzes-30\/","name":"Festival Photo des Azimut\u00e9s \u00e0 UZES (30) - Objectif Image","isPartOf":{"@id":"https:\/\/objectif-image.fr\/OI\/#website"},"primaryImageOfPage":{"@id":"https:\/\/objectif-image.fr\/OI\/festival-photo-des-azimutes-a-uzes-30\/#primaryimage"},"image":{"@id":"https:\/\/objectif-image.fr\/OI\/festival-photo-des-azimutes-a-uzes-30\/#primaryimage"},"thumbnailUrl":"https:\/\/objectif-image.fr\/OI\/wp-content\/uploads\/2016\/08\/cp01_grand-copie.png","datePublished":"2016-08-13T05:00:56+00:00","breadcrumb":{"@id":"https:\/\/objectif-image.fr\/OI\/festival-photo-des-azimutes-a-uzes-30\/#breadcrumb"},"inLanguage":"fr-FR","potentialAction":[{"@type":"ReadAction","target":["https:\/\/objectif-image.fr\/OI\/festival-photo-des-azimutes-a-uzes-30\/"]}]},{"@type":"ImageObject","inLanguage":"fr-FR","@id":"https:\/\/objectif-image.fr\/OI\/festival-photo-des-azimutes-a-uzes-30\/#primaryimage","url":"https:\/\/objectif-image.fr\/OI\/wp-content\/uploads\/2016\/08\/cp01_grand-copie.png","contentUrl":"https:\/\/objectif-image.fr\/OI\/wp-content\/uploads\/2016\/08\/cp01_grand-copie.png","width":1000,"height":662},{"@type":"BreadcrumbList","@id":"https:\/\/objectif-image.fr\/OI\/festival-photo-des-azimutes-a-uzes-30\/#breadcrumb","itemListElement":[{"@type":"ListItem","position":1,"name":"Accueil","item":"https:\/\/objectif-image.fr\/OI\/"},{"@type":"ListItem","position":2,"name":"Festival Photo des Azimut\u00e9s \u00e0 UZES (30)"}]},{"@type":"WebSite","@id":"https:\/\/objectif-image.fr\/OI\/#website","url":"https:\/\/objectif-image.fr\/OI\/","name":"Objectif Image","description":"Objectif Image","publisher":{"@id":"https:\/\/objectif-image.fr\/OI\/#organization"},"potentialAction":[{"@type":"SearchAction","target":{"@type":"EntryPoint","urlTemplate":"https:\/\/objectif-image.fr\/OI\/?s={search_term_string}"},"query-input":{"@type":"PropertyValueSpecification","valueRequired":true,"valueName":"search_term_string"}}],"inLanguage":"fr-FR"},{"@type":"Organization","@id":"https:\/\/objectif-image.fr\/OI\/#organization","name":"Objectif Image","url":"https:\/\/objectif-image.fr\/OI\/","logo":{"@type":"ImageObject","inLanguage":"fr-FR","@id":"https:\/\/objectif-image.fr\/OI\/#\/schema\/logo\/image\/","url":"https:\/\/objectif-image.fr\/OI\/wp-content\/uploads\/2019\/02\/logo-OI-NATIONAL-rouge-2000px.jpg","contentUrl":"https:\/\/objectif-image.fr\/OI\/wp-content\/uploads\/2019\/02\/logo-OI-NATIONAL-rouge-2000px.jpg","width":1081,"height":1024,"caption":"Objectif Image"},"image":{"@id":"https:\/\/objectif-image.fr\/OI\/#\/schema\/logo\/image\/"},"sameAs":["https:\/\/www.facebook.com\/Objectif.mage"]},{"@type":"Person","@id":"https:\/\/objectif-image.fr\/OI\/#\/schema\/person\/813c64cc2f0c70450ca653f2e80a6515","name":"Pierre S","image":{"@type":"ImageObject","inLanguage":"fr-FR","@id":"https:\/\/secure.gravatar.com\/avatar\/6d1df1cb0bf58ef7d330b8910acfe62e7fbc0c2138564189224f85869b953674?s=96&d=mm&r=g","url":"https:\/\/secure.gravatar.com\/avatar\/6d1df1cb0bf58ef7d330b8910acfe62e7fbc0c2138564189224f85869b953674?s=96&d=mm&r=g","contentUrl":"https:\/\/secure.gravatar.com\/avatar\/6d1df1cb0bf58ef7d330b8910acfe62e7fbc0c2138564189224f85869b953674?s=96&d=mm&r=g","caption":"Pierre S"},"url":"https:\/\/objectif-image.fr\/OI\/author\/pierres-2-2\/"}]}},"_links":{"self":[{"href":"https:\/\/objectif-image.fr\/OI\/wp-json\/wp\/v2\/posts\/2648","targetHints":{"allow":["GET"]}}],"collection":[{"href":"https:\/\/objectif-image.fr\/OI\/wp-json\/wp\/v2\/posts"}],"about":[{"href":"https:\/\/objectif-image.fr\/OI\/wp-json\/wp\/v2\/types\/post"}],"author":[{"embeddable":true,"href":"https:\/\/objectif-image.fr\/OI\/wp-json\/wp\/v2\/users\/3"}],"replies":[{"embeddable":true,"href":"https:\/\/objectif-image.fr\/OI\/wp-json\/wp\/v2\/comments?post=2648"}],"version-history":[{"count":0,"href":"https:\/\/objectif-image.fr\/OI\/wp-json\/wp\/v2\/posts\/2648\/revisions"}],"wp:featuredmedia":[{"embeddable":true,"href":"https:\/\/objectif-image.fr\/OI\/wp-json\/wp\/v2\/media\/2652"}],"wp:attachment":[{"href":"https:\/\/objectif-image.fr\/OI\/wp-json\/wp\/v2\/media?parent=2648"}],"wp:term":[{"taxonomy":"category","embeddable":true,"href":"https:\/\/objectif-image.fr\/OI\/wp-json\/wp\/v2\/categories?post=2648"},{"taxonomy":"post_tag","embeddable":true,"href":"https:\/\/objectif-image.fr\/OI\/wp-json\/wp\/v2\/tags?post=2648"}],"curies":[{"name":"wp","href":"https:\/\/api.w.org\/{rel}","templated":true}]}}