{"id":27296,"date":"2020-07-10T07:11:08","date_gmt":"2020-07-10T05:11:08","guid":{"rendered":"https:\/\/objectif-image.fr\/OI\/?p=27296"},"modified":"2020-07-10T07:11:11","modified_gmt":"2020-07-10T05:11:11","slug":"revue-images-n-70","status":"publish","type":"post","link":"https:\/\/objectif-image.fr\/OI\/revue-images-n-70\/","title":{"rendered":"Revue IMAGES n\u00b0 70"},"content":{"rendered":"\n<p style=\"background-color:#e0f1f9;font-size:23px\" class=\"has-text-color has-background has-very-dark-gray-color\">Le <strong>num\u00e9ro 70<\/strong> de la revue <strong>IMAGES <\/strong>(publication d\u2019Objectif Image), sur le th\u00e8me&nbsp;<strong> \u00ab Prendre de la hauteur \u00bb<\/strong> est disponible.<\/p>\n\n\n\n<p style=\"font-size:22px\" class=\"has-text-color has-very-dark-gray-color\"><em>&#8230; Rendre compte de la diversit\u00e9 de tous ces points de vue (prendre de la hauteur), explorer des domaines dont la diffusion est restreinte, a constitu\u00e9 l\u2019ossature de ce num\u00e9ro d\u2019Images qui permet aux amateurs de po\u00e9sie lyrique ou aux passionn\u00e9s de recherche scientifique de voir la r\u00e9alit\u00e9 avec un certain recul.<\/em><\/p>\n\n\n\n<div class=\"wp-block-image\"><figure class=\"alignleft size-large is-resized\"><img loading=\"lazy\" decoding=\"async\" src=\"https:\/\/objectif-image.fr\/OI\/wp-content\/uploads\/2020\/06\/couverture-1a-682x1024.jpg\" alt=\"\" class=\"wp-image-26901\" width=\"334\" height=\"501\"\/><\/figure><\/div>\n\n\n\n<p style=\"color:#085171\" class=\"has-text-color has-medium-font-size\"><strong>Au sommaire<\/strong><\/p>\n\n\n\n<p style=\"color:#030303;font-size:17px\" class=\"has-text-color\"><br>\u2022 <strong>Antoine Rose<\/strong> \u2013 <em>Up in the Air<\/em><br>\u2022 <strong>Jacques Dassi\u00e9<\/strong> \u2013 <em>Arch\u00e9ologie a\u00e9rienne<\/em><br>\u2022 <strong>Loes Heerink<\/strong> \u2013 <em>Merchants in Motion<\/em><br>\u2022 <strong>Raimond Wouda<\/strong> \u2013 <em>School<\/em><br>\u2022 <strong>Rapha\u00eal Dalloporta<\/strong> \u2013 <em>Ruins<\/em><br>\u2022 <strong>Philippe Cauneau<\/strong> \u2013 <em>Sur Terre, ailleurs<\/em><br>\u2022 <strong>Jean-Marc Vesseron<\/strong> \u2013 <em>L\u2019albatros<\/em><\/p>\n\n\n\n<p><\/p>\n\n\n\n<p>Les adh\u00e9rents d\u2019Objectif Image trouveront la revue dans leur association. Sinon vous pouvez&nbsp; la <strong>commander<\/strong> (8 \u20ac) aupr\u00e8s du secr\u00e9tariat d\u2019Objectif Image<\/p>\n\n\n\n<div class=\"wp-block-file\"><a href=\"https:\/\/objectif-image.fr\/OI\/wp-content\/uploads\/2020\/06\/bulletin-de-commande-1-1.pdf\" target=\"_blank\" rel=\"noreferrer noopener\"><strong>bulletin de commande<\/strong><\/a><a href=\"https:\/\/objectif-image.fr\/OI\/wp-content\/uploads\/2020\/06\/bulletin-de-commande-1-1.pdf\" class=\"wp-block-file__button\" download>T\u00e9l\u00e9charger<\/a><\/div>\n\n\n\n<figure class=\"wp-block-image size-large\"><img loading=\"lazy\" decoding=\"async\" width=\"1024\" height=\"689\" src=\"https:\/\/objectif-image.fr\/OI\/wp-content\/uploads\/2020\/02\/Image-70-3.jpg\" alt=\"\" class=\"wp-image-25036\" srcset=\"https:\/\/objectif-image.fr\/OI\/wp-content\/uploads\/2020\/02\/Image-70-3.jpg 1024w, https:\/\/objectif-image.fr\/OI\/wp-content\/uploads\/2020\/02\/Image-70-3-400x269.jpg 400w, https:\/\/objectif-image.fr\/OI\/wp-content\/uploads\/2020\/02\/Image-70-3-300x202.jpg 300w, https:\/\/objectif-image.fr\/OI\/wp-content\/uploads\/2020\/02\/Image-70-3-150x101.jpg 150w, https:\/\/objectif-image.fr\/OI\/wp-content\/uploads\/2020\/02\/Image-70-3-768x517.jpg 768w, https:\/\/objectif-image.fr\/OI\/wp-content\/uploads\/2020\/02\/Image-70-3-100x67.jpg 100w, https:\/\/objectif-image.fr\/OI\/wp-content\/uploads\/2020\/02\/Image-70-3-398x268.jpg 398w\" sizes=\"auto, (max-width: 1024px) 100vw, 1024px\" \/><\/figure>\n\n\n\n<figure class=\"wp-block-image size-large\"><img loading=\"lazy\" decoding=\"async\" width=\"1024\" height=\"702\" src=\"https:\/\/objectif-image.fr\/OI\/wp-content\/uploads\/2020\/02\/Image-70-1.jpg\" alt=\"\" class=\"wp-image-25037\" srcset=\"https:\/\/objectif-image.fr\/OI\/wp-content\/uploads\/2020\/02\/Image-70-1.jpg 1024w, https:\/\/objectif-image.fr\/OI\/wp-content\/uploads\/2020\/02\/Image-70-1-400x274.jpg 400w, https:\/\/objectif-image.fr\/OI\/wp-content\/uploads\/2020\/02\/Image-70-1-300x206.jpg 300w, https:\/\/objectif-image.fr\/OI\/wp-content\/uploads\/2020\/02\/Image-70-1-150x103.jpg 150w, https:\/\/objectif-image.fr\/OI\/wp-content\/uploads\/2020\/02\/Image-70-1-768x527.jpg 768w, https:\/\/objectif-image.fr\/OI\/wp-content\/uploads\/2020\/02\/Image-70-1-100x69.jpg 100w, https:\/\/objectif-image.fr\/OI\/wp-content\/uploads\/2020\/02\/Image-70-1-398x273.jpg 398w\" sizes=\"auto, (max-width: 1024px) 100vw, 1024px\" \/><\/figure>\n","protected":false},"excerpt":{"rendered":"<p>Le num\u00e9ro 70 de la revue IMAGES (publication d\u2019Objectif Image), sur le th\u00e8me&nbsp; \u00ab Prendre de la hauteur \u00bb est disponible. &#8230; Rendre compte de la diversit\u00e9 de tous ces points de vue (prendre de la hauteur), explorer des domaines dont la diffusion est restreinte, a constitu\u00e9 l\u2019ossature de ce num\u00e9ro d\u2019Images qui permet aux [&hellip;]<\/p>\n","protected":false},"author":3,"featured_media":27299,"comment_status":"closed","ping_status":"closed","sticky":false,"template":"","format":"standard","meta":{"_acf_changed":false,"footnotes":""},"categories":[128],"tags":[],"class_list":["post-27296","post","type-post","status-publish","format-standard","has-post-thumbnail","hentry","category-revue-images"],"acf":[],"yoast_head":"<!-- This site is optimized with the Yoast SEO plugin v27.5 - https:\/\/yoast.com\/product\/yoast-seo-wordpress\/ -->\n<title>Revue IMAGES n\u00b0 70 - Objectif Image<\/title>\n<meta name=\"robots\" content=\"index, follow, max-snippet:-1, max-image-preview:large, max-video-preview:-1\" \/>\n<link rel=\"canonical\" href=\"https:\/\/objectif-image.fr\/OI\/revue-images-n-70\/\" \/>\n<meta property=\"og:locale\" content=\"fr_FR\" \/>\n<meta property=\"og:type\" content=\"article\" \/>\n<meta property=\"og:title\" content=\"Revue IMAGES n\u00b0 70 - Objectif Image\" \/>\n<meta property=\"og:description\" content=\"Le num\u00e9ro 70 de la revue IMAGES (publication d\u2019Objectif Image), sur le th\u00e8me&nbsp; \u00ab Prendre de la hauteur \u00bb est disponible. &#8230; Rendre compte de la diversit\u00e9 de tous ces points de vue (prendre de la hauteur), explorer des domaines dont la diffusion est restreinte, a constitu\u00e9 l\u2019ossature de ce num\u00e9ro d\u2019Images qui permet aux [&hellip;]\" \/>\n<meta property=\"og:url\" content=\"https:\/\/objectif-image.fr\/OI\/revue-images-n-70\/\" \/>\n<meta property=\"og:site_name\" content=\"Objectif Image\" \/>\n<meta property=\"article:publisher\" content=\"https:\/\/www.facebook.com\/Objectif.mage\" \/>\n<meta property=\"article:published_time\" content=\"2020-07-10T05:11:08+00:00\" \/>\n<meta property=\"article:modified_time\" content=\"2020-07-10T05:11:11+00:00\" \/>\n<meta property=\"og:image\" content=\"https:\/\/objectif-image.fr\/OI\/wp-content\/uploads\/2020\/06\/Image1.png\" \/>\n\t<meta property=\"og:image:width\" content=\"664\" \/>\n\t<meta property=\"og:image:height\" content=\"305\" \/>\n\t<meta property=\"og:image:type\" content=\"image\/png\" \/>\n<meta name=\"author\" content=\"Pierre S\" \/>\n<meta name=\"twitter:card\" content=\"summary_large_image\" \/>\n<meta name=\"twitter:label1\" content=\"\u00c9crit par\" \/>\n\t<meta name=\"twitter:data1\" content=\"Pierre S\" \/>\n\t<meta name=\"twitter:label2\" content=\"Dur\u00e9e de lecture estim\u00e9e\" \/>\n\t<meta name=\"twitter:data2\" content=\"1 minute\" \/>\n<script type=\"application\/ld+json\" class=\"yoast-schema-graph\">{\"@context\":\"https:\\\/\\\/schema.org\",\"@graph\":[{\"@type\":\"Article\",\"@id\":\"https:\\\/\\\/objectif-image.fr\\\/OI\\\/revue-images-n-70\\\/#article\",\"isPartOf\":{\"@id\":\"https:\\\/\\\/objectif-image.fr\\\/OI\\\/revue-images-n-70\\\/\"},\"author\":{\"name\":\"Pierre S\",\"@id\":\"https:\\\/\\\/objectif-image.fr\\\/OI\\\/#\\\/schema\\\/person\\\/813c64cc2f0c70450ca653f2e80a6515\"},\"headline\":\"Revue IMAGES n\u00b0 70\",\"datePublished\":\"2020-07-10T05:11:08+00:00\",\"dateModified\":\"2020-07-10T05:11:11+00:00\",\"mainEntityOfPage\":{\"@id\":\"https:\\\/\\\/objectif-image.fr\\\/OI\\\/revue-images-n-70\\\/\"},\"wordCount\":149,\"publisher\":{\"@id\":\"https:\\\/\\\/objectif-image.fr\\\/OI\\\/#organization\"},\"image\":{\"@id\":\"https:\\\/\\\/objectif-image.fr\\\/OI\\\/revue-images-n-70\\\/#primaryimage\"},\"thumbnailUrl\":\"https:\\\/\\\/objectif-image.fr\\\/OI\\\/wp-content\\\/uploads\\\/2020\\\/06\\\/Image1.png\",\"articleSection\":[\"revue IMAGES\"],\"inLanguage\":\"fr-FR\"},{\"@type\":\"WebPage\",\"@id\":\"https:\\\/\\\/objectif-image.fr\\\/OI\\\/revue-images-n-70\\\/\",\"url\":\"https:\\\/\\\/objectif-image.fr\\\/OI\\\/revue-images-n-70\\\/\",\"name\":\"Revue IMAGES n\u00b0 70 - Objectif Image\",\"isPartOf\":{\"@id\":\"https:\\\/\\\/objectif-image.fr\\\/OI\\\/#website\"},\"primaryImageOfPage\":{\"@id\":\"https:\\\/\\\/objectif-image.fr\\\/OI\\\/revue-images-n-70\\\/#primaryimage\"},\"image\":{\"@id\":\"https:\\\/\\\/objectif-image.fr\\\/OI\\\/revue-images-n-70\\\/#primaryimage\"},\"thumbnailUrl\":\"https:\\\/\\\/objectif-image.fr\\\/OI\\\/wp-content\\\/uploads\\\/2020\\\/06\\\/Image1.png\",\"datePublished\":\"2020-07-10T05:11:08+00:00\",\"dateModified\":\"2020-07-10T05:11:11+00:00\",\"breadcrumb\":{\"@id\":\"https:\\\/\\\/objectif-image.fr\\\/OI\\\/revue-images-n-70\\\/#breadcrumb\"},\"inLanguage\":\"fr-FR\",\"potentialAction\":[{\"@type\":\"ReadAction\",\"target\":[\"https:\\\/\\\/objectif-image.fr\\\/OI\\\/revue-images-n-70\\\/\"]}]},{\"@type\":\"ImageObject\",\"inLanguage\":\"fr-FR\",\"@id\":\"https:\\\/\\\/objectif-image.fr\\\/OI\\\/revue-images-n-70\\\/#primaryimage\",\"url\":\"https:\\\/\\\/objectif-image.fr\\\/OI\\\/wp-content\\\/uploads\\\/2020\\\/06\\\/Image1.png\",\"contentUrl\":\"https:\\\/\\\/objectif-image.fr\\\/OI\\\/wp-content\\\/uploads\\\/2020\\\/06\\\/Image1.png\",\"width\":664,\"height\":305},{\"@type\":\"BreadcrumbList\",\"@id\":\"https:\\\/\\\/objectif-image.fr\\\/OI\\\/revue-images-n-70\\\/#breadcrumb\",\"itemListElement\":[{\"@type\":\"ListItem\",\"position\":1,\"name\":\"Accueil\",\"item\":\"https:\\\/\\\/objectif-image.fr\\\/OI\\\/\"},{\"@type\":\"ListItem\",\"position\":2,\"name\":\"Revue IMAGES n\u00b0 70\"}]},{\"@type\":\"WebSite\",\"@id\":\"https:\\\/\\\/objectif-image.fr\\\/OI\\\/#website\",\"url\":\"https:\\\/\\\/objectif-image.fr\\\/OI\\\/\",\"name\":\"Objectif Image\",\"description\":\"Objectif Image\",\"publisher\":{\"@id\":\"https:\\\/\\\/objectif-image.fr\\\/OI\\\/#organization\"},\"potentialAction\":[{\"@type\":\"SearchAction\",\"target\":{\"@type\":\"EntryPoint\",\"urlTemplate\":\"https:\\\/\\\/objectif-image.fr\\\/OI\\\/?s={search_term_string}\"},\"query-input\":{\"@type\":\"PropertyValueSpecification\",\"valueRequired\":true,\"valueName\":\"search_term_string\"}}],\"inLanguage\":\"fr-FR\"},{\"@type\":\"Organization\",\"@id\":\"https:\\\/\\\/objectif-image.fr\\\/OI\\\/#organization\",\"name\":\"Objectif Image\",\"url\":\"https:\\\/\\\/objectif-image.fr\\\/OI\\\/\",\"logo\":{\"@type\":\"ImageObject\",\"inLanguage\":\"fr-FR\",\"@id\":\"https:\\\/\\\/objectif-image.fr\\\/OI\\\/#\\\/schema\\\/logo\\\/image\\\/\",\"url\":\"https:\\\/\\\/objectif-image.fr\\\/OI\\\/wp-content\\\/uploads\\\/2019\\\/02\\\/logo-OI-NATIONAL-rouge-2000px.jpg\",\"contentUrl\":\"https:\\\/\\\/objectif-image.fr\\\/OI\\\/wp-content\\\/uploads\\\/2019\\\/02\\\/logo-OI-NATIONAL-rouge-2000px.jpg\",\"width\":1081,\"height\":1024,\"caption\":\"Objectif Image\"},\"image\":{\"@id\":\"https:\\\/\\\/objectif-image.fr\\\/OI\\\/#\\\/schema\\\/logo\\\/image\\\/\"},\"sameAs\":[\"https:\\\/\\\/www.facebook.com\\\/Objectif.mage\"]},{\"@type\":\"Person\",\"@id\":\"https:\\\/\\\/objectif-image.fr\\\/OI\\\/#\\\/schema\\\/person\\\/813c64cc2f0c70450ca653f2e80a6515\",\"name\":\"Pierre S\",\"image\":{\"@type\":\"ImageObject\",\"inLanguage\":\"fr-FR\",\"@id\":\"https:\\\/\\\/secure.gravatar.com\\\/avatar\\\/6d1df1cb0bf58ef7d330b8910acfe62e7fbc0c2138564189224f85869b953674?s=96&d=mm&r=g\",\"url\":\"https:\\\/\\\/secure.gravatar.com\\\/avatar\\\/6d1df1cb0bf58ef7d330b8910acfe62e7fbc0c2138564189224f85869b953674?s=96&d=mm&r=g\",\"contentUrl\":\"https:\\\/\\\/secure.gravatar.com\\\/avatar\\\/6d1df1cb0bf58ef7d330b8910acfe62e7fbc0c2138564189224f85869b953674?s=96&d=mm&r=g\",\"caption\":\"Pierre S\"},\"url\":\"https:\\\/\\\/objectif-image.fr\\\/OI\\\/author\\\/pierres-2-2\\\/\"}]}<\/script>\n<!-- \/ Yoast SEO plugin. -->","yoast_head_json":{"title":"Revue IMAGES n\u00b0 70 - Objectif Image","robots":{"index":"index","follow":"follow","max-snippet":"max-snippet:-1","max-image-preview":"max-image-preview:large","max-video-preview":"max-video-preview:-1"},"canonical":"https:\/\/objectif-image.fr\/OI\/revue-images-n-70\/","og_locale":"fr_FR","og_type":"article","og_title":"Revue IMAGES n\u00b0 70 - Objectif Image","og_description":"Le num\u00e9ro 70 de la revue IMAGES (publication d\u2019Objectif Image), sur le th\u00e8me&nbsp; \u00ab Prendre de la hauteur \u00bb est disponible. &#8230; Rendre compte de la diversit\u00e9 de tous ces points de vue (prendre de la hauteur), explorer des domaines dont la diffusion est restreinte, a constitu\u00e9 l\u2019ossature de ce num\u00e9ro d\u2019Images qui permet aux [&hellip;]","og_url":"https:\/\/objectif-image.fr\/OI\/revue-images-n-70\/","og_site_name":"Objectif Image","article_publisher":"https:\/\/www.facebook.com\/Objectif.mage","article_published_time":"2020-07-10T05:11:08+00:00","article_modified_time":"2020-07-10T05:11:11+00:00","og_image":[{"width":664,"height":305,"url":"https:\/\/objectif-image.fr\/OI\/wp-content\/uploads\/2020\/06\/Image1.png","type":"image\/png"}],"author":"Pierre S","twitter_card":"summary_large_image","twitter_misc":{"\u00c9crit par":"Pierre S","Dur\u00e9e de lecture estim\u00e9e":"1 minute"},"schema":{"@context":"https:\/\/schema.org","@graph":[{"@type":"Article","@id":"https:\/\/objectif-image.fr\/OI\/revue-images-n-70\/#article","isPartOf":{"@id":"https:\/\/objectif-image.fr\/OI\/revue-images-n-70\/"},"author":{"name":"Pierre S","@id":"https:\/\/objectif-image.fr\/OI\/#\/schema\/person\/813c64cc2f0c70450ca653f2e80a6515"},"headline":"Revue IMAGES n\u00b0 70","datePublished":"2020-07-10T05:11:08+00:00","dateModified":"2020-07-10T05:11:11+00:00","mainEntityOfPage":{"@id":"https:\/\/objectif-image.fr\/OI\/revue-images-n-70\/"},"wordCount":149,"publisher":{"@id":"https:\/\/objectif-image.fr\/OI\/#organization"},"image":{"@id":"https:\/\/objectif-image.fr\/OI\/revue-images-n-70\/#primaryimage"},"thumbnailUrl":"https:\/\/objectif-image.fr\/OI\/wp-content\/uploads\/2020\/06\/Image1.png","articleSection":["revue IMAGES"],"inLanguage":"fr-FR"},{"@type":"WebPage","@id":"https:\/\/objectif-image.fr\/OI\/revue-images-n-70\/","url":"https:\/\/objectif-image.fr\/OI\/revue-images-n-70\/","name":"Revue IMAGES n\u00b0 70 - Objectif Image","isPartOf":{"@id":"https:\/\/objectif-image.fr\/OI\/#website"},"primaryImageOfPage":{"@id":"https:\/\/objectif-image.fr\/OI\/revue-images-n-70\/#primaryimage"},"image":{"@id":"https:\/\/objectif-image.fr\/OI\/revue-images-n-70\/#primaryimage"},"thumbnailUrl":"https:\/\/objectif-image.fr\/OI\/wp-content\/uploads\/2020\/06\/Image1.png","datePublished":"2020-07-10T05:11:08+00:00","dateModified":"2020-07-10T05:11:11+00:00","breadcrumb":{"@id":"https:\/\/objectif-image.fr\/OI\/revue-images-n-70\/#breadcrumb"},"inLanguage":"fr-FR","potentialAction":[{"@type":"ReadAction","target":["https:\/\/objectif-image.fr\/OI\/revue-images-n-70\/"]}]},{"@type":"ImageObject","inLanguage":"fr-FR","@id":"https:\/\/objectif-image.fr\/OI\/revue-images-n-70\/#primaryimage","url":"https:\/\/objectif-image.fr\/OI\/wp-content\/uploads\/2020\/06\/Image1.png","contentUrl":"https:\/\/objectif-image.fr\/OI\/wp-content\/uploads\/2020\/06\/Image1.png","width":664,"height":305},{"@type":"BreadcrumbList","@id":"https:\/\/objectif-image.fr\/OI\/revue-images-n-70\/#breadcrumb","itemListElement":[{"@type":"ListItem","position":1,"name":"Accueil","item":"https:\/\/objectif-image.fr\/OI\/"},{"@type":"ListItem","position":2,"name":"Revue IMAGES n\u00b0 70"}]},{"@type":"WebSite","@id":"https:\/\/objectif-image.fr\/OI\/#website","url":"https:\/\/objectif-image.fr\/OI\/","name":"Objectif Image","description":"Objectif Image","publisher":{"@id":"https:\/\/objectif-image.fr\/OI\/#organization"},"potentialAction":[{"@type":"SearchAction","target":{"@type":"EntryPoint","urlTemplate":"https:\/\/objectif-image.fr\/OI\/?s={search_term_string}"},"query-input":{"@type":"PropertyValueSpecification","valueRequired":true,"valueName":"search_term_string"}}],"inLanguage":"fr-FR"},{"@type":"Organization","@id":"https:\/\/objectif-image.fr\/OI\/#organization","name":"Objectif Image","url":"https:\/\/objectif-image.fr\/OI\/","logo":{"@type":"ImageObject","inLanguage":"fr-FR","@id":"https:\/\/objectif-image.fr\/OI\/#\/schema\/logo\/image\/","url":"https:\/\/objectif-image.fr\/OI\/wp-content\/uploads\/2019\/02\/logo-OI-NATIONAL-rouge-2000px.jpg","contentUrl":"https:\/\/objectif-image.fr\/OI\/wp-content\/uploads\/2019\/02\/logo-OI-NATIONAL-rouge-2000px.jpg","width":1081,"height":1024,"caption":"Objectif Image"},"image":{"@id":"https:\/\/objectif-image.fr\/OI\/#\/schema\/logo\/image\/"},"sameAs":["https:\/\/www.facebook.com\/Objectif.mage"]},{"@type":"Person","@id":"https:\/\/objectif-image.fr\/OI\/#\/schema\/person\/813c64cc2f0c70450ca653f2e80a6515","name":"Pierre S","image":{"@type":"ImageObject","inLanguage":"fr-FR","@id":"https:\/\/secure.gravatar.com\/avatar\/6d1df1cb0bf58ef7d330b8910acfe62e7fbc0c2138564189224f85869b953674?s=96&d=mm&r=g","url":"https:\/\/secure.gravatar.com\/avatar\/6d1df1cb0bf58ef7d330b8910acfe62e7fbc0c2138564189224f85869b953674?s=96&d=mm&r=g","contentUrl":"https:\/\/secure.gravatar.com\/avatar\/6d1df1cb0bf58ef7d330b8910acfe62e7fbc0c2138564189224f85869b953674?s=96&d=mm&r=g","caption":"Pierre S"},"url":"https:\/\/objectif-image.fr\/OI\/author\/pierres-2-2\/"}]}},"_links":{"self":[{"href":"https:\/\/objectif-image.fr\/OI\/wp-json\/wp\/v2\/posts\/27296","targetHints":{"allow":["GET"]}}],"collection":[{"href":"https:\/\/objectif-image.fr\/OI\/wp-json\/wp\/v2\/posts"}],"about":[{"href":"https:\/\/objectif-image.fr\/OI\/wp-json\/wp\/v2\/types\/post"}],"author":[{"embeddable":true,"href":"https:\/\/objectif-image.fr\/OI\/wp-json\/wp\/v2\/users\/3"}],"replies":[{"embeddable":true,"href":"https:\/\/objectif-image.fr\/OI\/wp-json\/wp\/v2\/comments?post=27296"}],"version-history":[{"count":0,"href":"https:\/\/objectif-image.fr\/OI\/wp-json\/wp\/v2\/posts\/27296\/revisions"}],"wp:featuredmedia":[{"embeddable":true,"href":"https:\/\/objectif-image.fr\/OI\/wp-json\/wp\/v2\/media\/27299"}],"wp:attachment":[{"href":"https:\/\/objectif-image.fr\/OI\/wp-json\/wp\/v2\/media?parent=27296"}],"wp:term":[{"taxonomy":"category","embeddable":true,"href":"https:\/\/objectif-image.fr\/OI\/wp-json\/wp\/v2\/categories?post=27296"},{"taxonomy":"post_tag","embeddable":true,"href":"https:\/\/objectif-image.fr\/OI\/wp-json\/wp\/v2\/tags?post=27296"}],"curies":[{"name":"wp","href":"https:\/\/api.w.org\/{rel}","templated":true}]}}