{"id":28785,"date":"2020-09-11T07:42:21","date_gmt":"2020-09-11T05:42:21","guid":{"rendered":"https:\/\/objectif-image.fr\/OI\/?p=28785"},"modified":"2020-09-11T07:42:25","modified_gmt":"2020-09-11T05:42:25","slug":"la-rentree-dobjectif-image-evreux","status":"publish","type":"post","link":"https:\/\/objectif-image.fr\/OI\/la-rentree-dobjectif-image-evreux\/","title":{"rendered":"La Rentr\u00e9e d&rsquo;Objectif Image Evreux"},"content":{"rendered":"\n<p class=\"has-black-color has-text-color has-background\" style=\"font-size:clamp(16.293px, 1.018rem + ((1vw - 3.2px) * 0.67), 25px);px;background-color:#d7edfb\"><strong>Forum des associations &#8211; Objectif Image Evreux<\/strong><\/p>\n\n\n\n<p class=\"has-black-color has-white-background-color has-text-color has-background has-medium-font-size\">Et voil\u00e0, c&rsquo;est reparti pour une ann\u00e9e, mais cette fois-ci un peu particuli\u00e8re\u2026<\/p>\n\n\n\n<p class=\"has-black-color has-text-color has-medium-font-size\">Fid\u00e8les \u00e0 nos habitudes, nous \u00e9tions pr\u00e9sents au <strong>forum des associations<\/strong> qui s&rsquo;est tenu malgr\u00e9 des conditions sanitaires compliqu\u00e9es li\u00e9es \u00e0 la Covid. Des stands r\u00e9duits, des all\u00e9es \u00e9largies et le port du masque obligatoire pour tous, avec un nombre d&rsquo;entr\u00e9es filtr\u00e9es pour maintenir la distanciation de rigueur. Durant les trois jours, \u00e0 tour de r\u00f4le, les membres d&rsquo;<strong>Objectif Image 27<\/strong> se sont relay\u00e9s sur le stand pour apporter renseignements et modes de fonctionnement de notre structure \u00e0 toutes celles et ceux qui souhaitent pratiquer la photographie.<\/p>\n\n\n\n<figure class=\"wp-block-gallery columns-2 is-cropped wp-block-gallery-2 is-layout-flex wp-block-gallery-is-layout-flex\"><ul class=\"blocks-gallery-grid\"><li class=\"blocks-gallery-item\"><figure><img loading=\"lazy\" decoding=\"async\" width=\"1024\" height=\"768\" src=\"https:\/\/objectif-image.fr\/OI\/wp-content\/uploads\/2020\/09\/Forum1-1024x768-1.jpg\" alt=\"\" data-id=\"28787\" data-full-url=\"https:\/\/objectif-image.fr\/OI\/wp-content\/uploads\/2020\/09\/Forum1-1024x768-1.jpg\" data-link=\"https:\/\/objectif-image.fr\/OI\/?attachment_id=28787\" class=\"wp-image-28787\" srcset=\"https:\/\/objectif-image.fr\/OI\/wp-content\/uploads\/2020\/09\/Forum1-1024x768-1.jpg 1024w, https:\/\/objectif-image.fr\/OI\/wp-content\/uploads\/2020\/09\/Forum1-1024x768-1-400x300.jpg 400w, https:\/\/objectif-image.fr\/OI\/wp-content\/uploads\/2020\/09\/Forum1-1024x768-1-150x113.jpg 150w, https:\/\/objectif-image.fr\/OI\/wp-content\/uploads\/2020\/09\/Forum1-1024x768-1-300x225.jpg 300w, https:\/\/objectif-image.fr\/OI\/wp-content\/uploads\/2020\/09\/Forum1-1024x768-1-768x576.jpg 768w, https:\/\/objectif-image.fr\/OI\/wp-content\/uploads\/2020\/09\/Forum1-1024x768-1-100x75.jpg 100w, https:\/\/objectif-image.fr\/OI\/wp-content\/uploads\/2020\/09\/Forum1-1024x768-1-398x299.jpg 398w\" sizes=\"auto, (max-width: 1024px) 100vw, 1024px\" \/><\/figure><\/li><li class=\"blocks-gallery-item\"><figure><img loading=\"lazy\" decoding=\"async\" width=\"1024\" height=\"768\" src=\"https:\/\/objectif-image.fr\/OI\/wp-content\/uploads\/2020\/09\/Forum2-1024x768-1.jpg\" alt=\"\" data-id=\"28788\" data-full-url=\"https:\/\/objectif-image.fr\/OI\/wp-content\/uploads\/2020\/09\/Forum2-1024x768-1.jpg\" data-link=\"https:\/\/objectif-image.fr\/OI\/?attachment_id=28788\" class=\"wp-image-28788\" srcset=\"https:\/\/objectif-image.fr\/OI\/wp-content\/uploads\/2020\/09\/Forum2-1024x768-1.jpg 1024w, https:\/\/objectif-image.fr\/OI\/wp-content\/uploads\/2020\/09\/Forum2-1024x768-1-400x300.jpg 400w, https:\/\/objectif-image.fr\/OI\/wp-content\/uploads\/2020\/09\/Forum2-1024x768-1-300x225.jpg 300w, https:\/\/objectif-image.fr\/OI\/wp-content\/uploads\/2020\/09\/Forum2-1024x768-1-150x113.jpg 150w, https:\/\/objectif-image.fr\/OI\/wp-content\/uploads\/2020\/09\/Forum2-1024x768-1-768x576.jpg 768w, https:\/\/objectif-image.fr\/OI\/wp-content\/uploads\/2020\/09\/Forum2-1024x768-1-100x75.jpg 100w, https:\/\/objectif-image.fr\/OI\/wp-content\/uploads\/2020\/09\/Forum2-1024x768-1-398x299.jpg 398w\" sizes=\"auto, (max-width: 1024px) 100vw, 1024px\" \/><\/figure><\/li><li class=\"blocks-gallery-item\"><figure><img loading=\"lazy\" decoding=\"async\" width=\"1024\" height=\"768\" src=\"https:\/\/objectif-image.fr\/OI\/wp-content\/uploads\/2020\/09\/Forum3-1024x768-1.jpg\" alt=\"\" data-id=\"28789\" data-full-url=\"https:\/\/objectif-image.fr\/OI\/wp-content\/uploads\/2020\/09\/Forum3-1024x768-1.jpg\" data-link=\"https:\/\/objectif-image.fr\/OI\/?attachment_id=28789\" class=\"wp-image-28789\" srcset=\"https:\/\/objectif-image.fr\/OI\/wp-content\/uploads\/2020\/09\/Forum3-1024x768-1.jpg 1024w, https:\/\/objectif-image.fr\/OI\/wp-content\/uploads\/2020\/09\/Forum3-1024x768-1-400x300.jpg 400w, https:\/\/objectif-image.fr\/OI\/wp-content\/uploads\/2020\/09\/Forum3-1024x768-1-300x225.jpg 300w, https:\/\/objectif-image.fr\/OI\/wp-content\/uploads\/2020\/09\/Forum3-1024x768-1-150x113.jpg 150w, https:\/\/objectif-image.fr\/OI\/wp-content\/uploads\/2020\/09\/Forum3-1024x768-1-768x576.jpg 768w, https:\/\/objectif-image.fr\/OI\/wp-content\/uploads\/2020\/09\/Forum3-1024x768-1-100x75.jpg 100w, https:\/\/objectif-image.fr\/OI\/wp-content\/uploads\/2020\/09\/Forum3-1024x768-1-398x299.jpg 398w\" sizes=\"auto, (max-width: 1024px) 100vw, 1024px\" \/><\/figure><\/li><li class=\"blocks-gallery-item\"><figure><img loading=\"lazy\" decoding=\"async\" width=\"1024\" height=\"768\" src=\"https:\/\/objectif-image.fr\/OI\/wp-content\/uploads\/2020\/09\/Forum4-1024x768-1.jpg\" alt=\"\" data-id=\"28790\" data-full-url=\"https:\/\/objectif-image.fr\/OI\/wp-content\/uploads\/2020\/09\/Forum4-1024x768-1.jpg\" data-link=\"https:\/\/objectif-image.fr\/OI\/?attachment_id=28790\" class=\"wp-image-28790\" srcset=\"https:\/\/objectif-image.fr\/OI\/wp-content\/uploads\/2020\/09\/Forum4-1024x768-1.jpg 1024w, https:\/\/objectif-image.fr\/OI\/wp-content\/uploads\/2020\/09\/Forum4-1024x768-1-400x300.jpg 400w, https:\/\/objectif-image.fr\/OI\/wp-content\/uploads\/2020\/09\/Forum4-1024x768-1-300x225.jpg 300w, https:\/\/objectif-image.fr\/OI\/wp-content\/uploads\/2020\/09\/Forum4-1024x768-1-150x113.jpg 150w, https:\/\/objectif-image.fr\/OI\/wp-content\/uploads\/2020\/09\/Forum4-1024x768-1-768x576.jpg 768w, https:\/\/objectif-image.fr\/OI\/wp-content\/uploads\/2020\/09\/Forum4-1024x768-1-100x75.jpg 100w, https:\/\/objectif-image.fr\/OI\/wp-content\/uploads\/2020\/09\/Forum4-1024x768-1-398x299.jpg 398w\" sizes=\"auto, (max-width: 1024px) 100vw, 1024px\" \/><\/figure><\/li><\/ul><\/figure>\n\n\n\n<p class=\"has-black-color has-text-color has-medium-font-size\">Cette ann\u00e9e encore notre activit\u00e9 a attir\u00e9 l&rsquo;attention de nombreux visiteurs et chaque personne rencontr\u00e9e a pr\u00e9alablement \u00e9t\u00e9 inform\u00e9e du futur <strong>protocole sanitaire<\/strong> qui sera mis en place d\u00e8s l&rsquo;ouverture des animations du club pour satisfaire aux consignes pr\u00e9fectorales. Les membres du bureau d&rsquo;Objectif Image 27, bien d\u00e9cid\u00e9s \u00e0 pr\u00e9server la p\u00e9rennit\u00e9 du club, se mobilisent pour assurer une organisation et un programme respectueux des difficult\u00e9s actuelles et de ce fait, de la s\u00e9curit\u00e9 de chacun.<\/p>\n\n\n\n<p class=\"has-black-color has-text-color has-normal-font-size\"><em>Texte r\u00e9dig\u00e9 par Philippe LEBRETON, Brigitte CHATENET et Christine VERGER &#8211; Cr\u00e9dit photos Christine VERGER<\/em> (Objectif Image 27)<\/p>\n\n\n\n<figure class=\"wp-block-image size-large\"><img loading=\"lazy\" decoding=\"async\" width=\"686\" height=\"1024\" src=\"https:\/\/objectif-image.fr\/OI\/wp-content\/uploads\/2020\/09\/FORUM-686x1024-2.jpg\" alt=\"\" class=\"wp-image-28791\" srcset=\"https:\/\/objectif-image.fr\/OI\/wp-content\/uploads\/2020\/09\/FORUM-686x1024-2.jpg 686w, https:\/\/objectif-image.fr\/OI\/wp-content\/uploads\/2020\/09\/FORUM-686x1024-2-400x597.jpg 400w, https:\/\/objectif-image.fr\/OI\/wp-content\/uploads\/2020\/09\/FORUM-686x1024-2-201x300.jpg 201w, https:\/\/objectif-image.fr\/OI\/wp-content\/uploads\/2020\/09\/FORUM-686x1024-2-100x150.jpg 100w, https:\/\/objectif-image.fr\/OI\/wp-content\/uploads\/2020\/09\/FORUM-686x1024-2-67x100.jpg 67w, https:\/\/objectif-image.fr\/OI\/wp-content\/uploads\/2020\/09\/FORUM-686x1024-2-398x594.jpg 398w\" sizes=\"auto, (max-width: 686px) 100vw, 686px\" \/><\/figure>\n","protected":false},"excerpt":{"rendered":"<p>Forum des associations &#8211; Objectif Image Evreux Et voil\u00e0, c&rsquo;est reparti pour une ann\u00e9e, mais cette fois-ci un peu particuli\u00e8re\u2026 Fid\u00e8les \u00e0 nos habitudes, nous \u00e9tions pr\u00e9sents au forum des associations qui s&rsquo;est tenu malgr\u00e9 des conditions sanitaires compliqu\u00e9es li\u00e9es \u00e0 la Covid. Des stands r\u00e9duits, des all\u00e9es \u00e9largies et le port du masque obligatoire [&hellip;]<\/p>\n","protected":false},"author":3,"featured_media":28787,"comment_status":"closed","ping_status":"closed","sticky":false,"template":"","format":"standard","meta":{"_acf_changed":false,"footnotes":""},"categories":[6],"tags":[159],"class_list":["post-28785","post","type-post","status-publish","format-standard","has-post-thumbnail","hentry","category-vie-des-clubs","tag-objectif-image-evreux"],"acf":[],"yoast_head":"<!-- This site is optimized with the Yoast SEO plugin v27.5 - https:\/\/yoast.com\/product\/yoast-seo-wordpress\/ -->\n<title>La Rentr\u00e9e d&#039;Objectif Image Evreux - Objectif Image<\/title>\n<meta name=\"robots\" content=\"index, follow, max-snippet:-1, max-image-preview:large, max-video-preview:-1\" \/>\n<link rel=\"canonical\" href=\"https:\/\/objectif-image.fr\/OI\/la-rentree-dobjectif-image-evreux\/\" \/>\n<meta property=\"og:locale\" content=\"fr_FR\" \/>\n<meta property=\"og:type\" content=\"article\" \/>\n<meta property=\"og:title\" content=\"La Rentr\u00e9e d&#039;Objectif Image Evreux - Objectif Image\" \/>\n<meta property=\"og:description\" content=\"Forum des associations &#8211; Objectif Image Evreux Et voil\u00e0, c&rsquo;est reparti pour une ann\u00e9e, mais cette fois-ci un peu particuli\u00e8re\u2026 Fid\u00e8les \u00e0 nos habitudes, nous \u00e9tions pr\u00e9sents au forum des associations qui s&rsquo;est tenu malgr\u00e9 des conditions sanitaires compliqu\u00e9es li\u00e9es \u00e0 la Covid. Des stands r\u00e9duits, des all\u00e9es \u00e9largies et le port du masque obligatoire [&hellip;]\" \/>\n<meta property=\"og:url\" content=\"https:\/\/objectif-image.fr\/OI\/la-rentree-dobjectif-image-evreux\/\" \/>\n<meta property=\"og:site_name\" content=\"Objectif Image\" \/>\n<meta property=\"article:publisher\" content=\"https:\/\/www.facebook.com\/Objectif.mage\" \/>\n<meta property=\"article:published_time\" content=\"2020-09-11T05:42:21+00:00\" \/>\n<meta property=\"article:modified_time\" content=\"2020-09-11T05:42:25+00:00\" \/>\n<meta property=\"og:image\" content=\"https:\/\/objectif-image.fr\/OI\/wp-content\/uploads\/2020\/09\/Forum1-1024x768-1.jpg\" \/>\n\t<meta property=\"og:image:width\" content=\"1024\" \/>\n\t<meta property=\"og:image:height\" content=\"768\" \/>\n\t<meta property=\"og:image:type\" content=\"image\/jpeg\" \/>\n<meta name=\"author\" content=\"Pierre S\" \/>\n<meta name=\"twitter:card\" content=\"summary_large_image\" \/>\n<meta name=\"twitter:label1\" content=\"\u00c9crit par\" \/>\n\t<meta name=\"twitter:data1\" content=\"Pierre S\" \/>\n\t<meta name=\"twitter:label2\" content=\"Dur\u00e9e de lecture estim\u00e9e\" \/>\n\t<meta name=\"twitter:data2\" content=\"1 minute\" \/>\n<script type=\"application\/ld+json\" class=\"yoast-schema-graph\">{\"@context\":\"https:\\\/\\\/schema.org\",\"@graph\":[{\"@type\":\"Article\",\"@id\":\"https:\\\/\\\/objectif-image.fr\\\/OI\\\/la-rentree-dobjectif-image-evreux\\\/#article\",\"isPartOf\":{\"@id\":\"https:\\\/\\\/objectif-image.fr\\\/OI\\\/la-rentree-dobjectif-image-evreux\\\/\"},\"author\":{\"name\":\"Pierre S\",\"@id\":\"https:\\\/\\\/objectif-image.fr\\\/OI\\\/#\\\/schema\\\/person\\\/813c64cc2f0c70450ca653f2e80a6515\"},\"headline\":\"La Rentr\u00e9e d&rsquo;Objectif Image Evreux\",\"datePublished\":\"2020-09-11T05:42:21+00:00\",\"dateModified\":\"2020-09-11T05:42:25+00:00\",\"mainEntityOfPage\":{\"@id\":\"https:\\\/\\\/objectif-image.fr\\\/OI\\\/la-rentree-dobjectif-image-evreux\\\/\"},\"wordCount\":233,\"publisher\":{\"@id\":\"https:\\\/\\\/objectif-image.fr\\\/OI\\\/#organization\"},\"image\":{\"@id\":\"https:\\\/\\\/objectif-image.fr\\\/OI\\\/la-rentree-dobjectif-image-evreux\\\/#primaryimage\"},\"thumbnailUrl\":\"https:\\\/\\\/objectif-image.fr\\\/OI\\\/wp-content\\\/uploads\\\/2020\\\/09\\\/Forum1-1024x768-1.jpg\",\"keywords\":[\"Objectif Image Evreux\"],\"articleSection\":[\"Vie des clubs\"],\"inLanguage\":\"fr-FR\"},{\"@type\":\"WebPage\",\"@id\":\"https:\\\/\\\/objectif-image.fr\\\/OI\\\/la-rentree-dobjectif-image-evreux\\\/\",\"url\":\"https:\\\/\\\/objectif-image.fr\\\/OI\\\/la-rentree-dobjectif-image-evreux\\\/\",\"name\":\"La Rentr\u00e9e d'Objectif Image Evreux - Objectif Image\",\"isPartOf\":{\"@id\":\"https:\\\/\\\/objectif-image.fr\\\/OI\\\/#website\"},\"primaryImageOfPage\":{\"@id\":\"https:\\\/\\\/objectif-image.fr\\\/OI\\\/la-rentree-dobjectif-image-evreux\\\/#primaryimage\"},\"image\":{\"@id\":\"https:\\\/\\\/objectif-image.fr\\\/OI\\\/la-rentree-dobjectif-image-evreux\\\/#primaryimage\"},\"thumbnailUrl\":\"https:\\\/\\\/objectif-image.fr\\\/OI\\\/wp-content\\\/uploads\\\/2020\\\/09\\\/Forum1-1024x768-1.jpg\",\"datePublished\":\"2020-09-11T05:42:21+00:00\",\"dateModified\":\"2020-09-11T05:42:25+00:00\",\"breadcrumb\":{\"@id\":\"https:\\\/\\\/objectif-image.fr\\\/OI\\\/la-rentree-dobjectif-image-evreux\\\/#breadcrumb\"},\"inLanguage\":\"fr-FR\",\"potentialAction\":[{\"@type\":\"ReadAction\",\"target\":[\"https:\\\/\\\/objectif-image.fr\\\/OI\\\/la-rentree-dobjectif-image-evreux\\\/\"]}]},{\"@type\":\"ImageObject\",\"inLanguage\":\"fr-FR\",\"@id\":\"https:\\\/\\\/objectif-image.fr\\\/OI\\\/la-rentree-dobjectif-image-evreux\\\/#primaryimage\",\"url\":\"https:\\\/\\\/objectif-image.fr\\\/OI\\\/wp-content\\\/uploads\\\/2020\\\/09\\\/Forum1-1024x768-1.jpg\",\"contentUrl\":\"https:\\\/\\\/objectif-image.fr\\\/OI\\\/wp-content\\\/uploads\\\/2020\\\/09\\\/Forum1-1024x768-1.jpg\",\"width\":1024,\"height\":768},{\"@type\":\"BreadcrumbList\",\"@id\":\"https:\\\/\\\/objectif-image.fr\\\/OI\\\/la-rentree-dobjectif-image-evreux\\\/#breadcrumb\",\"itemListElement\":[{\"@type\":\"ListItem\",\"position\":1,\"name\":\"Accueil\",\"item\":\"https:\\\/\\\/objectif-image.fr\\\/OI\\\/\"},{\"@type\":\"ListItem\",\"position\":2,\"name\":\"La Rentr\u00e9e d&rsquo;Objectif Image Evreux\"}]},{\"@type\":\"WebSite\",\"@id\":\"https:\\\/\\\/objectif-image.fr\\\/OI\\\/#website\",\"url\":\"https:\\\/\\\/objectif-image.fr\\\/OI\\\/\",\"name\":\"Objectif Image\",\"description\":\"Objectif Image\",\"publisher\":{\"@id\":\"https:\\\/\\\/objectif-image.fr\\\/OI\\\/#organization\"},\"potentialAction\":[{\"@type\":\"SearchAction\",\"target\":{\"@type\":\"EntryPoint\",\"urlTemplate\":\"https:\\\/\\\/objectif-image.fr\\\/OI\\\/?s={search_term_string}\"},\"query-input\":{\"@type\":\"PropertyValueSpecification\",\"valueRequired\":true,\"valueName\":\"search_term_string\"}}],\"inLanguage\":\"fr-FR\"},{\"@type\":\"Organization\",\"@id\":\"https:\\\/\\\/objectif-image.fr\\\/OI\\\/#organization\",\"name\":\"Objectif Image\",\"url\":\"https:\\\/\\\/objectif-image.fr\\\/OI\\\/\",\"logo\":{\"@type\":\"ImageObject\",\"inLanguage\":\"fr-FR\",\"@id\":\"https:\\\/\\\/objectif-image.fr\\\/OI\\\/#\\\/schema\\\/logo\\\/image\\\/\",\"url\":\"https:\\\/\\\/objectif-image.fr\\\/OI\\\/wp-content\\\/uploads\\\/2019\\\/02\\\/logo-OI-NATIONAL-rouge-2000px.jpg\",\"contentUrl\":\"https:\\\/\\\/objectif-image.fr\\\/OI\\\/wp-content\\\/uploads\\\/2019\\\/02\\\/logo-OI-NATIONAL-rouge-2000px.jpg\",\"width\":1081,\"height\":1024,\"caption\":\"Objectif Image\"},\"image\":{\"@id\":\"https:\\\/\\\/objectif-image.fr\\\/OI\\\/#\\\/schema\\\/logo\\\/image\\\/\"},\"sameAs\":[\"https:\\\/\\\/www.facebook.com\\\/Objectif.mage\"]},{\"@type\":\"Person\",\"@id\":\"https:\\\/\\\/objectif-image.fr\\\/OI\\\/#\\\/schema\\\/person\\\/813c64cc2f0c70450ca653f2e80a6515\",\"name\":\"Pierre S\",\"image\":{\"@type\":\"ImageObject\",\"inLanguage\":\"fr-FR\",\"@id\":\"https:\\\/\\\/secure.gravatar.com\\\/avatar\\\/6d1df1cb0bf58ef7d330b8910acfe62e7fbc0c2138564189224f85869b953674?s=96&d=mm&r=g\",\"url\":\"https:\\\/\\\/secure.gravatar.com\\\/avatar\\\/6d1df1cb0bf58ef7d330b8910acfe62e7fbc0c2138564189224f85869b953674?s=96&d=mm&r=g\",\"contentUrl\":\"https:\\\/\\\/secure.gravatar.com\\\/avatar\\\/6d1df1cb0bf58ef7d330b8910acfe62e7fbc0c2138564189224f85869b953674?s=96&d=mm&r=g\",\"caption\":\"Pierre S\"},\"url\":\"https:\\\/\\\/objectif-image.fr\\\/OI\\\/author\\\/pierres-2-2\\\/\"}]}<\/script>\n<!-- \/ Yoast SEO plugin. -->","yoast_head_json":{"title":"La Rentr\u00e9e d'Objectif Image Evreux - Objectif Image","robots":{"index":"index","follow":"follow","max-snippet":"max-snippet:-1","max-image-preview":"max-image-preview:large","max-video-preview":"max-video-preview:-1"},"canonical":"https:\/\/objectif-image.fr\/OI\/la-rentree-dobjectif-image-evreux\/","og_locale":"fr_FR","og_type":"article","og_title":"La Rentr\u00e9e d'Objectif Image Evreux - Objectif Image","og_description":"Forum des associations &#8211; Objectif Image Evreux Et voil\u00e0, c&rsquo;est reparti pour une ann\u00e9e, mais cette fois-ci un peu particuli\u00e8re\u2026 Fid\u00e8les \u00e0 nos habitudes, nous \u00e9tions pr\u00e9sents au forum des associations qui s&rsquo;est tenu malgr\u00e9 des conditions sanitaires compliqu\u00e9es li\u00e9es \u00e0 la Covid. Des stands r\u00e9duits, des all\u00e9es \u00e9largies et le port du masque obligatoire [&hellip;]","og_url":"https:\/\/objectif-image.fr\/OI\/la-rentree-dobjectif-image-evreux\/","og_site_name":"Objectif Image","article_publisher":"https:\/\/www.facebook.com\/Objectif.mage","article_published_time":"2020-09-11T05:42:21+00:00","article_modified_time":"2020-09-11T05:42:25+00:00","og_image":[{"width":1024,"height":768,"url":"https:\/\/objectif-image.fr\/OI\/wp-content\/uploads\/2020\/09\/Forum1-1024x768-1.jpg","type":"image\/jpeg"}],"author":"Pierre S","twitter_card":"summary_large_image","twitter_misc":{"\u00c9crit par":"Pierre S","Dur\u00e9e de lecture estim\u00e9e":"1 minute"},"schema":{"@context":"https:\/\/schema.org","@graph":[{"@type":"Article","@id":"https:\/\/objectif-image.fr\/OI\/la-rentree-dobjectif-image-evreux\/#article","isPartOf":{"@id":"https:\/\/objectif-image.fr\/OI\/la-rentree-dobjectif-image-evreux\/"},"author":{"name":"Pierre S","@id":"https:\/\/objectif-image.fr\/OI\/#\/schema\/person\/813c64cc2f0c70450ca653f2e80a6515"},"headline":"La Rentr\u00e9e d&rsquo;Objectif Image Evreux","datePublished":"2020-09-11T05:42:21+00:00","dateModified":"2020-09-11T05:42:25+00:00","mainEntityOfPage":{"@id":"https:\/\/objectif-image.fr\/OI\/la-rentree-dobjectif-image-evreux\/"},"wordCount":233,"publisher":{"@id":"https:\/\/objectif-image.fr\/OI\/#organization"},"image":{"@id":"https:\/\/objectif-image.fr\/OI\/la-rentree-dobjectif-image-evreux\/#primaryimage"},"thumbnailUrl":"https:\/\/objectif-image.fr\/OI\/wp-content\/uploads\/2020\/09\/Forum1-1024x768-1.jpg","keywords":["Objectif Image Evreux"],"articleSection":["Vie des clubs"],"inLanguage":"fr-FR"},{"@type":"WebPage","@id":"https:\/\/objectif-image.fr\/OI\/la-rentree-dobjectif-image-evreux\/","url":"https:\/\/objectif-image.fr\/OI\/la-rentree-dobjectif-image-evreux\/","name":"La Rentr\u00e9e d'Objectif Image Evreux - Objectif Image","isPartOf":{"@id":"https:\/\/objectif-image.fr\/OI\/#website"},"primaryImageOfPage":{"@id":"https:\/\/objectif-image.fr\/OI\/la-rentree-dobjectif-image-evreux\/#primaryimage"},"image":{"@id":"https:\/\/objectif-image.fr\/OI\/la-rentree-dobjectif-image-evreux\/#primaryimage"},"thumbnailUrl":"https:\/\/objectif-image.fr\/OI\/wp-content\/uploads\/2020\/09\/Forum1-1024x768-1.jpg","datePublished":"2020-09-11T05:42:21+00:00","dateModified":"2020-09-11T05:42:25+00:00","breadcrumb":{"@id":"https:\/\/objectif-image.fr\/OI\/la-rentree-dobjectif-image-evreux\/#breadcrumb"},"inLanguage":"fr-FR","potentialAction":[{"@type":"ReadAction","target":["https:\/\/objectif-image.fr\/OI\/la-rentree-dobjectif-image-evreux\/"]}]},{"@type":"ImageObject","inLanguage":"fr-FR","@id":"https:\/\/objectif-image.fr\/OI\/la-rentree-dobjectif-image-evreux\/#primaryimage","url":"https:\/\/objectif-image.fr\/OI\/wp-content\/uploads\/2020\/09\/Forum1-1024x768-1.jpg","contentUrl":"https:\/\/objectif-image.fr\/OI\/wp-content\/uploads\/2020\/09\/Forum1-1024x768-1.jpg","width":1024,"height":768},{"@type":"BreadcrumbList","@id":"https:\/\/objectif-image.fr\/OI\/la-rentree-dobjectif-image-evreux\/#breadcrumb","itemListElement":[{"@type":"ListItem","position":1,"name":"Accueil","item":"https:\/\/objectif-image.fr\/OI\/"},{"@type":"ListItem","position":2,"name":"La Rentr\u00e9e d&rsquo;Objectif Image Evreux"}]},{"@type":"WebSite","@id":"https:\/\/objectif-image.fr\/OI\/#website","url":"https:\/\/objectif-image.fr\/OI\/","name":"Objectif Image","description":"Objectif Image","publisher":{"@id":"https:\/\/objectif-image.fr\/OI\/#organization"},"potentialAction":[{"@type":"SearchAction","target":{"@type":"EntryPoint","urlTemplate":"https:\/\/objectif-image.fr\/OI\/?s={search_term_string}"},"query-input":{"@type":"PropertyValueSpecification","valueRequired":true,"valueName":"search_term_string"}}],"inLanguage":"fr-FR"},{"@type":"Organization","@id":"https:\/\/objectif-image.fr\/OI\/#organization","name":"Objectif Image","url":"https:\/\/objectif-image.fr\/OI\/","logo":{"@type":"ImageObject","inLanguage":"fr-FR","@id":"https:\/\/objectif-image.fr\/OI\/#\/schema\/logo\/image\/","url":"https:\/\/objectif-image.fr\/OI\/wp-content\/uploads\/2019\/02\/logo-OI-NATIONAL-rouge-2000px.jpg","contentUrl":"https:\/\/objectif-image.fr\/OI\/wp-content\/uploads\/2019\/02\/logo-OI-NATIONAL-rouge-2000px.jpg","width":1081,"height":1024,"caption":"Objectif Image"},"image":{"@id":"https:\/\/objectif-image.fr\/OI\/#\/schema\/logo\/image\/"},"sameAs":["https:\/\/www.facebook.com\/Objectif.mage"]},{"@type":"Person","@id":"https:\/\/objectif-image.fr\/OI\/#\/schema\/person\/813c64cc2f0c70450ca653f2e80a6515","name":"Pierre S","image":{"@type":"ImageObject","inLanguage":"fr-FR","@id":"https:\/\/secure.gravatar.com\/avatar\/6d1df1cb0bf58ef7d330b8910acfe62e7fbc0c2138564189224f85869b953674?s=96&d=mm&r=g","url":"https:\/\/secure.gravatar.com\/avatar\/6d1df1cb0bf58ef7d330b8910acfe62e7fbc0c2138564189224f85869b953674?s=96&d=mm&r=g","contentUrl":"https:\/\/secure.gravatar.com\/avatar\/6d1df1cb0bf58ef7d330b8910acfe62e7fbc0c2138564189224f85869b953674?s=96&d=mm&r=g","caption":"Pierre S"},"url":"https:\/\/objectif-image.fr\/OI\/author\/pierres-2-2\/"}]}},"_links":{"self":[{"href":"https:\/\/objectif-image.fr\/OI\/wp-json\/wp\/v2\/posts\/28785","targetHints":{"allow":["GET"]}}],"collection":[{"href":"https:\/\/objectif-image.fr\/OI\/wp-json\/wp\/v2\/posts"}],"about":[{"href":"https:\/\/objectif-image.fr\/OI\/wp-json\/wp\/v2\/types\/post"}],"author":[{"embeddable":true,"href":"https:\/\/objectif-image.fr\/OI\/wp-json\/wp\/v2\/users\/3"}],"replies":[{"embeddable":true,"href":"https:\/\/objectif-image.fr\/OI\/wp-json\/wp\/v2\/comments?post=28785"}],"version-history":[{"count":0,"href":"https:\/\/objectif-image.fr\/OI\/wp-json\/wp\/v2\/posts\/28785\/revisions"}],"wp:featuredmedia":[{"embeddable":true,"href":"https:\/\/objectif-image.fr\/OI\/wp-json\/wp\/v2\/media\/28787"}],"wp:attachment":[{"href":"https:\/\/objectif-image.fr\/OI\/wp-json\/wp\/v2\/media?parent=28785"}],"wp:term":[{"taxonomy":"category","embeddable":true,"href":"https:\/\/objectif-image.fr\/OI\/wp-json\/wp\/v2\/categories?post=28785"},{"taxonomy":"post_tag","embeddable":true,"href":"https:\/\/objectif-image.fr\/OI\/wp-json\/wp\/v2\/tags?post=28785"}],"curies":[{"name":"wp","href":"https:\/\/api.w.org\/{rel}","templated":true}]}}