{"id":29250,"date":"2020-09-25T15:13:24","date_gmt":"2020-09-25T13:13:24","guid":{"rendered":"https:\/\/objectif-image.fr\/OI\/?p=29250"},"modified":"2020-09-25T15:13:26","modified_gmt":"2020-09-25T13:13:26","slug":"forum-de-associations-oi33","status":"publish","type":"post","link":"https:\/\/objectif-image.fr\/OI\/forum-de-associations-oi33\/","title":{"rendered":"Forum de associations &#8211; OI33"},"content":{"rendered":"\n<p class=\"has-black-color has-text-color\" style=\"font-size:clamp(15.747px, 0.984rem + ((1vw - 3.2px) * 0.635), 24px);px\"><strong>Objectif Image 33<\/strong> \u00e9tait pr\u00e9sent lors du Forum des associations le \u00a07 septembre  \u00e0 La Poste (immeuble Bonnac). <\/p>\n\n\n\n<p class=\"has-black-color has-text-color has-medium-font-size\"><em>L\u2019int\u00e9r\u00eat \u00e9tait d\u2019associer l\u2019ouverture d\u2019un lieu (le patio) qui se veut lieu de pause, d\u00e9tente et convivialit\u00e9 au sein de l\u2019entreprise avec les associations de La Poste et tous les services offerts aux postiers.<\/em><\/p>\n\n\n\n<figure class=\"wp-block-image size-large\"><img loading=\"lazy\" decoding=\"async\" width=\"640\" height=\"311\" src=\"https:\/\/objectif-image.fr\/OI\/wp-content\/uploads\/2020\/09\/20200907_112430.jpeg\" alt=\"\" class=\"wp-image-29251\" srcset=\"https:\/\/objectif-image.fr\/OI\/wp-content\/uploads\/2020\/09\/20200907_112430.jpeg 640w, https:\/\/objectif-image.fr\/OI\/wp-content\/uploads\/2020\/09\/20200907_112430-400x194.jpeg 400w, https:\/\/objectif-image.fr\/OI\/wp-content\/uploads\/2020\/09\/20200907_112430-150x73.jpeg 150w, https:\/\/objectif-image.fr\/OI\/wp-content\/uploads\/2020\/09\/20200907_112430-300x146.jpeg 300w, https:\/\/objectif-image.fr\/OI\/wp-content\/uploads\/2020\/09\/20200907_112430-100x49.jpeg 100w, https:\/\/objectif-image.fr\/OI\/wp-content\/uploads\/2020\/09\/20200907_112430-398x193.jpeg 398w\" sizes=\"auto, (max-width: 640px) 100vw, 640px\" \/><\/figure>\n\n\n\n<figure class=\"wp-block-image size-large\"><img loading=\"lazy\" decoding=\"async\" width=\"640\" height=\"427\" src=\"https:\/\/objectif-image.fr\/OI\/wp-content\/uploads\/2020\/09\/L1140150.jpeg\" alt=\"\" class=\"wp-image-29252\" srcset=\"https:\/\/objectif-image.fr\/OI\/wp-content\/uploads\/2020\/09\/L1140150.jpeg 640w, https:\/\/objectif-image.fr\/OI\/wp-content\/uploads\/2020\/09\/L1140150-400x267.jpeg 400w, https:\/\/objectif-image.fr\/OI\/wp-content\/uploads\/2020\/09\/L1140150-300x200.jpeg 300w, https:\/\/objectif-image.fr\/OI\/wp-content\/uploads\/2020\/09\/L1140150-150x100.jpeg 150w, https:\/\/objectif-image.fr\/OI\/wp-content\/uploads\/2020\/09\/L1140150-100x67.jpeg 100w, https:\/\/objectif-image.fr\/OI\/wp-content\/uploads\/2020\/09\/L1140150-398x266.jpeg 398w\" sizes=\"auto, (max-width: 640px) 100vw, 640px\" \/><\/figure>\n\n\n\n<figure class=\"wp-block-image size-large\"><img loading=\"lazy\" decoding=\"async\" width=\"640\" height=\"427\" src=\"https:\/\/objectif-image.fr\/OI\/wp-content\/uploads\/2020\/09\/L1140161.jpeg\" alt=\"\" class=\"wp-image-29253\" srcset=\"https:\/\/objectif-image.fr\/OI\/wp-content\/uploads\/2020\/09\/L1140161.jpeg 640w, https:\/\/objectif-image.fr\/OI\/wp-content\/uploads\/2020\/09\/L1140161-400x267.jpeg 400w, https:\/\/objectif-image.fr\/OI\/wp-content\/uploads\/2020\/09\/L1140161-300x200.jpeg 300w, https:\/\/objectif-image.fr\/OI\/wp-content\/uploads\/2020\/09\/L1140161-150x100.jpeg 150w, https:\/\/objectif-image.fr\/OI\/wp-content\/uploads\/2020\/09\/L1140161-100x67.jpeg 100w, https:\/\/objectif-image.fr\/OI\/wp-content\/uploads\/2020\/09\/L1140161-398x266.jpeg 398w\" sizes=\"auto, (max-width: 640px) 100vw, 640px\" \/><\/figure>\n","protected":false},"excerpt":{"rendered":"<p>Objectif Image 33 \u00e9tait pr\u00e9sent lors du Forum des associations le \u00a07 septembre \u00e0 La Poste (immeuble Bonnac). L\u2019int\u00e9r\u00eat \u00e9tait d\u2019associer l\u2019ouverture d\u2019un lieu (le patio) qui se veut lieu de pause, d\u00e9tente et convivialit\u00e9 au sein de l\u2019entreprise avec les associations de La Poste et tous les services offerts aux postiers.<\/p>\n","protected":false},"author":3,"featured_media":29251,"comment_status":"closed","ping_status":"closed","sticky":false,"template":"","format":"standard","meta":{"_acf_changed":false,"footnotes":""},"categories":[6],"tags":[212],"class_list":["post-29250","post","type-post","status-publish","format-standard","has-post-thumbnail","hentry","category-vie-des-clubs","tag-objectif-image-bordeaux"],"acf":[],"yoast_head":"<!-- This site is optimized with the Yoast SEO plugin v27.5 - https:\/\/yoast.com\/product\/yoast-seo-wordpress\/ -->\n<title>Forum de associations - OI33 - Objectif Image<\/title>\n<meta name=\"robots\" content=\"index, follow, max-snippet:-1, max-image-preview:large, max-video-preview:-1\" \/>\n<link rel=\"canonical\" href=\"https:\/\/objectif-image.fr\/OI\/forum-de-associations-oi33\/\" \/>\n<meta property=\"og:locale\" content=\"fr_FR\" \/>\n<meta property=\"og:type\" content=\"article\" \/>\n<meta property=\"og:title\" content=\"Forum de associations - OI33 - Objectif Image\" \/>\n<meta property=\"og:description\" content=\"Objectif Image 33 \u00e9tait pr\u00e9sent lors du Forum des associations le \u00a07 septembre \u00e0 La Poste (immeuble Bonnac). L\u2019int\u00e9r\u00eat \u00e9tait d\u2019associer l\u2019ouverture d\u2019un lieu (le patio) qui se veut lieu de pause, d\u00e9tente et convivialit\u00e9 au sein de l\u2019entreprise avec les associations de La Poste et tous les services offerts aux postiers.\" \/>\n<meta property=\"og:url\" content=\"https:\/\/objectif-image.fr\/OI\/forum-de-associations-oi33\/\" \/>\n<meta property=\"og:site_name\" content=\"Objectif Image\" \/>\n<meta property=\"article:publisher\" content=\"https:\/\/www.facebook.com\/Objectif.mage\" \/>\n<meta property=\"article:published_time\" content=\"2020-09-25T13:13:24+00:00\" \/>\n<meta property=\"article:modified_time\" content=\"2020-09-25T13:13:26+00:00\" \/>\n<meta property=\"og:image\" content=\"https:\/\/objectif-image.fr\/OI\/wp-content\/uploads\/2020\/09\/20200907_112430.jpeg\" \/>\n\t<meta property=\"og:image:width\" content=\"640\" \/>\n\t<meta property=\"og:image:height\" content=\"311\" \/>\n\t<meta property=\"og:image:type\" content=\"image\/jpeg\" \/>\n<meta name=\"author\" content=\"Pierre S\" \/>\n<meta name=\"twitter:card\" content=\"summary_large_image\" \/>\n<meta name=\"twitter:label1\" content=\"\u00c9crit par\" \/>\n\t<meta name=\"twitter:data1\" content=\"Pierre S\" \/>\n<script type=\"application\/ld+json\" class=\"yoast-schema-graph\">{\"@context\":\"https:\\\/\\\/schema.org\",\"@graph\":[{\"@type\":\"Article\",\"@id\":\"https:\\\/\\\/objectif-image.fr\\\/OI\\\/forum-de-associations-oi33\\\/#article\",\"isPartOf\":{\"@id\":\"https:\\\/\\\/objectif-image.fr\\\/OI\\\/forum-de-associations-oi33\\\/\"},\"author\":{\"name\":\"Pierre S\",\"@id\":\"https:\\\/\\\/objectif-image.fr\\\/OI\\\/#\\\/schema\\\/person\\\/813c64cc2f0c70450ca653f2e80a6515\"},\"headline\":\"Forum de associations &#8211; OI33\",\"datePublished\":\"2020-09-25T13:13:24+00:00\",\"dateModified\":\"2020-09-25T13:13:26+00:00\",\"mainEntityOfPage\":{\"@id\":\"https:\\\/\\\/objectif-image.fr\\\/OI\\\/forum-de-associations-oi33\\\/\"},\"wordCount\":63,\"publisher\":{\"@id\":\"https:\\\/\\\/objectif-image.fr\\\/OI\\\/#organization\"},\"image\":{\"@id\":\"https:\\\/\\\/objectif-image.fr\\\/OI\\\/forum-de-associations-oi33\\\/#primaryimage\"},\"thumbnailUrl\":\"https:\\\/\\\/objectif-image.fr\\\/OI\\\/wp-content\\\/uploads\\\/2020\\\/09\\\/20200907_112430.jpeg\",\"keywords\":[\"Objectif Image Bordeaux\"],\"articleSection\":[\"Vie des clubs\"],\"inLanguage\":\"fr-FR\"},{\"@type\":\"WebPage\",\"@id\":\"https:\\\/\\\/objectif-image.fr\\\/OI\\\/forum-de-associations-oi33\\\/\",\"url\":\"https:\\\/\\\/objectif-image.fr\\\/OI\\\/forum-de-associations-oi33\\\/\",\"name\":\"Forum de associations - OI33 - Objectif Image\",\"isPartOf\":{\"@id\":\"https:\\\/\\\/objectif-image.fr\\\/OI\\\/#website\"},\"primaryImageOfPage\":{\"@id\":\"https:\\\/\\\/objectif-image.fr\\\/OI\\\/forum-de-associations-oi33\\\/#primaryimage\"},\"image\":{\"@id\":\"https:\\\/\\\/objectif-image.fr\\\/OI\\\/forum-de-associations-oi33\\\/#primaryimage\"},\"thumbnailUrl\":\"https:\\\/\\\/objectif-image.fr\\\/OI\\\/wp-content\\\/uploads\\\/2020\\\/09\\\/20200907_112430.jpeg\",\"datePublished\":\"2020-09-25T13:13:24+00:00\",\"dateModified\":\"2020-09-25T13:13:26+00:00\",\"breadcrumb\":{\"@id\":\"https:\\\/\\\/objectif-image.fr\\\/OI\\\/forum-de-associations-oi33\\\/#breadcrumb\"},\"inLanguage\":\"fr-FR\",\"potentialAction\":[{\"@type\":\"ReadAction\",\"target\":[\"https:\\\/\\\/objectif-image.fr\\\/OI\\\/forum-de-associations-oi33\\\/\"]}]},{\"@type\":\"ImageObject\",\"inLanguage\":\"fr-FR\",\"@id\":\"https:\\\/\\\/objectif-image.fr\\\/OI\\\/forum-de-associations-oi33\\\/#primaryimage\",\"url\":\"https:\\\/\\\/objectif-image.fr\\\/OI\\\/wp-content\\\/uploads\\\/2020\\\/09\\\/20200907_112430.jpeg\",\"contentUrl\":\"https:\\\/\\\/objectif-image.fr\\\/OI\\\/wp-content\\\/uploads\\\/2020\\\/09\\\/20200907_112430.jpeg\",\"width\":640,\"height\":311},{\"@type\":\"BreadcrumbList\",\"@id\":\"https:\\\/\\\/objectif-image.fr\\\/OI\\\/forum-de-associations-oi33\\\/#breadcrumb\",\"itemListElement\":[{\"@type\":\"ListItem\",\"position\":1,\"name\":\"Accueil\",\"item\":\"https:\\\/\\\/objectif-image.fr\\\/OI\\\/\"},{\"@type\":\"ListItem\",\"position\":2,\"name\":\"Forum de associations &#8211; OI33\"}]},{\"@type\":\"WebSite\",\"@id\":\"https:\\\/\\\/objectif-image.fr\\\/OI\\\/#website\",\"url\":\"https:\\\/\\\/objectif-image.fr\\\/OI\\\/\",\"name\":\"Objectif Image\",\"description\":\"Objectif Image\",\"publisher\":{\"@id\":\"https:\\\/\\\/objectif-image.fr\\\/OI\\\/#organization\"},\"potentialAction\":[{\"@type\":\"SearchAction\",\"target\":{\"@type\":\"EntryPoint\",\"urlTemplate\":\"https:\\\/\\\/objectif-image.fr\\\/OI\\\/?s={search_term_string}\"},\"query-input\":{\"@type\":\"PropertyValueSpecification\",\"valueRequired\":true,\"valueName\":\"search_term_string\"}}],\"inLanguage\":\"fr-FR\"},{\"@type\":\"Organization\",\"@id\":\"https:\\\/\\\/objectif-image.fr\\\/OI\\\/#organization\",\"name\":\"Objectif Image\",\"url\":\"https:\\\/\\\/objectif-image.fr\\\/OI\\\/\",\"logo\":{\"@type\":\"ImageObject\",\"inLanguage\":\"fr-FR\",\"@id\":\"https:\\\/\\\/objectif-image.fr\\\/OI\\\/#\\\/schema\\\/logo\\\/image\\\/\",\"url\":\"https:\\\/\\\/objectif-image.fr\\\/OI\\\/wp-content\\\/uploads\\\/2019\\\/02\\\/logo-OI-NATIONAL-rouge-2000px.jpg\",\"contentUrl\":\"https:\\\/\\\/objectif-image.fr\\\/OI\\\/wp-content\\\/uploads\\\/2019\\\/02\\\/logo-OI-NATIONAL-rouge-2000px.jpg\",\"width\":1081,\"height\":1024,\"caption\":\"Objectif Image\"},\"image\":{\"@id\":\"https:\\\/\\\/objectif-image.fr\\\/OI\\\/#\\\/schema\\\/logo\\\/image\\\/\"},\"sameAs\":[\"https:\\\/\\\/www.facebook.com\\\/Objectif.mage\"]},{\"@type\":\"Person\",\"@id\":\"https:\\\/\\\/objectif-image.fr\\\/OI\\\/#\\\/schema\\\/person\\\/813c64cc2f0c70450ca653f2e80a6515\",\"name\":\"Pierre S\",\"image\":{\"@type\":\"ImageObject\",\"inLanguage\":\"fr-FR\",\"@id\":\"https:\\\/\\\/secure.gravatar.com\\\/avatar\\\/6d1df1cb0bf58ef7d330b8910acfe62e7fbc0c2138564189224f85869b953674?s=96&d=mm&r=g\",\"url\":\"https:\\\/\\\/secure.gravatar.com\\\/avatar\\\/6d1df1cb0bf58ef7d330b8910acfe62e7fbc0c2138564189224f85869b953674?s=96&d=mm&r=g\",\"contentUrl\":\"https:\\\/\\\/secure.gravatar.com\\\/avatar\\\/6d1df1cb0bf58ef7d330b8910acfe62e7fbc0c2138564189224f85869b953674?s=96&d=mm&r=g\",\"caption\":\"Pierre S\"},\"url\":\"https:\\\/\\\/objectif-image.fr\\\/OI\\\/author\\\/pierres-2-2\\\/\"}]}<\/script>\n<!-- \/ Yoast SEO plugin. -->","yoast_head_json":{"title":"Forum de associations - OI33 - Objectif Image","robots":{"index":"index","follow":"follow","max-snippet":"max-snippet:-1","max-image-preview":"max-image-preview:large","max-video-preview":"max-video-preview:-1"},"canonical":"https:\/\/objectif-image.fr\/OI\/forum-de-associations-oi33\/","og_locale":"fr_FR","og_type":"article","og_title":"Forum de associations - OI33 - Objectif Image","og_description":"Objectif Image 33 \u00e9tait pr\u00e9sent lors du Forum des associations le \u00a07 septembre \u00e0 La Poste (immeuble Bonnac). L\u2019int\u00e9r\u00eat \u00e9tait d\u2019associer l\u2019ouverture d\u2019un lieu (le patio) qui se veut lieu de pause, d\u00e9tente et convivialit\u00e9 au sein de l\u2019entreprise avec les associations de La Poste et tous les services offerts aux postiers.","og_url":"https:\/\/objectif-image.fr\/OI\/forum-de-associations-oi33\/","og_site_name":"Objectif Image","article_publisher":"https:\/\/www.facebook.com\/Objectif.mage","article_published_time":"2020-09-25T13:13:24+00:00","article_modified_time":"2020-09-25T13:13:26+00:00","og_image":[{"width":640,"height":311,"url":"https:\/\/objectif-image.fr\/OI\/wp-content\/uploads\/2020\/09\/20200907_112430.jpeg","type":"image\/jpeg"}],"author":"Pierre S","twitter_card":"summary_large_image","twitter_misc":{"\u00c9crit par":"Pierre S"},"schema":{"@context":"https:\/\/schema.org","@graph":[{"@type":"Article","@id":"https:\/\/objectif-image.fr\/OI\/forum-de-associations-oi33\/#article","isPartOf":{"@id":"https:\/\/objectif-image.fr\/OI\/forum-de-associations-oi33\/"},"author":{"name":"Pierre S","@id":"https:\/\/objectif-image.fr\/OI\/#\/schema\/person\/813c64cc2f0c70450ca653f2e80a6515"},"headline":"Forum de associations &#8211; OI33","datePublished":"2020-09-25T13:13:24+00:00","dateModified":"2020-09-25T13:13:26+00:00","mainEntityOfPage":{"@id":"https:\/\/objectif-image.fr\/OI\/forum-de-associations-oi33\/"},"wordCount":63,"publisher":{"@id":"https:\/\/objectif-image.fr\/OI\/#organization"},"image":{"@id":"https:\/\/objectif-image.fr\/OI\/forum-de-associations-oi33\/#primaryimage"},"thumbnailUrl":"https:\/\/objectif-image.fr\/OI\/wp-content\/uploads\/2020\/09\/20200907_112430.jpeg","keywords":["Objectif Image Bordeaux"],"articleSection":["Vie des clubs"],"inLanguage":"fr-FR"},{"@type":"WebPage","@id":"https:\/\/objectif-image.fr\/OI\/forum-de-associations-oi33\/","url":"https:\/\/objectif-image.fr\/OI\/forum-de-associations-oi33\/","name":"Forum de associations - OI33 - Objectif Image","isPartOf":{"@id":"https:\/\/objectif-image.fr\/OI\/#website"},"primaryImageOfPage":{"@id":"https:\/\/objectif-image.fr\/OI\/forum-de-associations-oi33\/#primaryimage"},"image":{"@id":"https:\/\/objectif-image.fr\/OI\/forum-de-associations-oi33\/#primaryimage"},"thumbnailUrl":"https:\/\/objectif-image.fr\/OI\/wp-content\/uploads\/2020\/09\/20200907_112430.jpeg","datePublished":"2020-09-25T13:13:24+00:00","dateModified":"2020-09-25T13:13:26+00:00","breadcrumb":{"@id":"https:\/\/objectif-image.fr\/OI\/forum-de-associations-oi33\/#breadcrumb"},"inLanguage":"fr-FR","potentialAction":[{"@type":"ReadAction","target":["https:\/\/objectif-image.fr\/OI\/forum-de-associations-oi33\/"]}]},{"@type":"ImageObject","inLanguage":"fr-FR","@id":"https:\/\/objectif-image.fr\/OI\/forum-de-associations-oi33\/#primaryimage","url":"https:\/\/objectif-image.fr\/OI\/wp-content\/uploads\/2020\/09\/20200907_112430.jpeg","contentUrl":"https:\/\/objectif-image.fr\/OI\/wp-content\/uploads\/2020\/09\/20200907_112430.jpeg","width":640,"height":311},{"@type":"BreadcrumbList","@id":"https:\/\/objectif-image.fr\/OI\/forum-de-associations-oi33\/#breadcrumb","itemListElement":[{"@type":"ListItem","position":1,"name":"Accueil","item":"https:\/\/objectif-image.fr\/OI\/"},{"@type":"ListItem","position":2,"name":"Forum de associations &#8211; OI33"}]},{"@type":"WebSite","@id":"https:\/\/objectif-image.fr\/OI\/#website","url":"https:\/\/objectif-image.fr\/OI\/","name":"Objectif Image","description":"Objectif Image","publisher":{"@id":"https:\/\/objectif-image.fr\/OI\/#organization"},"potentialAction":[{"@type":"SearchAction","target":{"@type":"EntryPoint","urlTemplate":"https:\/\/objectif-image.fr\/OI\/?s={search_term_string}"},"query-input":{"@type":"PropertyValueSpecification","valueRequired":true,"valueName":"search_term_string"}}],"inLanguage":"fr-FR"},{"@type":"Organization","@id":"https:\/\/objectif-image.fr\/OI\/#organization","name":"Objectif Image","url":"https:\/\/objectif-image.fr\/OI\/","logo":{"@type":"ImageObject","inLanguage":"fr-FR","@id":"https:\/\/objectif-image.fr\/OI\/#\/schema\/logo\/image\/","url":"https:\/\/objectif-image.fr\/OI\/wp-content\/uploads\/2019\/02\/logo-OI-NATIONAL-rouge-2000px.jpg","contentUrl":"https:\/\/objectif-image.fr\/OI\/wp-content\/uploads\/2019\/02\/logo-OI-NATIONAL-rouge-2000px.jpg","width":1081,"height":1024,"caption":"Objectif Image"},"image":{"@id":"https:\/\/objectif-image.fr\/OI\/#\/schema\/logo\/image\/"},"sameAs":["https:\/\/www.facebook.com\/Objectif.mage"]},{"@type":"Person","@id":"https:\/\/objectif-image.fr\/OI\/#\/schema\/person\/813c64cc2f0c70450ca653f2e80a6515","name":"Pierre S","image":{"@type":"ImageObject","inLanguage":"fr-FR","@id":"https:\/\/secure.gravatar.com\/avatar\/6d1df1cb0bf58ef7d330b8910acfe62e7fbc0c2138564189224f85869b953674?s=96&d=mm&r=g","url":"https:\/\/secure.gravatar.com\/avatar\/6d1df1cb0bf58ef7d330b8910acfe62e7fbc0c2138564189224f85869b953674?s=96&d=mm&r=g","contentUrl":"https:\/\/secure.gravatar.com\/avatar\/6d1df1cb0bf58ef7d330b8910acfe62e7fbc0c2138564189224f85869b953674?s=96&d=mm&r=g","caption":"Pierre S"},"url":"https:\/\/objectif-image.fr\/OI\/author\/pierres-2-2\/"}]}},"_links":{"self":[{"href":"https:\/\/objectif-image.fr\/OI\/wp-json\/wp\/v2\/posts\/29250","targetHints":{"allow":["GET"]}}],"collection":[{"href":"https:\/\/objectif-image.fr\/OI\/wp-json\/wp\/v2\/posts"}],"about":[{"href":"https:\/\/objectif-image.fr\/OI\/wp-json\/wp\/v2\/types\/post"}],"author":[{"embeddable":true,"href":"https:\/\/objectif-image.fr\/OI\/wp-json\/wp\/v2\/users\/3"}],"replies":[{"embeddable":true,"href":"https:\/\/objectif-image.fr\/OI\/wp-json\/wp\/v2\/comments?post=29250"}],"version-history":[{"count":0,"href":"https:\/\/objectif-image.fr\/OI\/wp-json\/wp\/v2\/posts\/29250\/revisions"}],"wp:featuredmedia":[{"embeddable":true,"href":"https:\/\/objectif-image.fr\/OI\/wp-json\/wp\/v2\/media\/29251"}],"wp:attachment":[{"href":"https:\/\/objectif-image.fr\/OI\/wp-json\/wp\/v2\/media?parent=29250"}],"wp:term":[{"taxonomy":"category","embeddable":true,"href":"https:\/\/objectif-image.fr\/OI\/wp-json\/wp\/v2\/categories?post=29250"},{"taxonomy":"post_tag","embeddable":true,"href":"https:\/\/objectif-image.fr\/OI\/wp-json\/wp\/v2\/tags?post=29250"}],"curies":[{"name":"wp","href":"https:\/\/api.w.org\/{rel}","templated":true}]}}