{"id":34349,"date":"2021-05-21T07:32:15","date_gmt":"2021-05-21T05:32:15","guid":{"rendered":"https:\/\/objectif-image.fr\/OI\/?p=34349"},"modified":"2021-05-21T07:35:38","modified_gmt":"2021-05-21T05:35:38","slug":"question-de-temps-jacques-amiel","status":"publish","type":"post","link":"https:\/\/objectif-image.fr\/OI\/question-de-temps-jacques-amiel\/","title":{"rendered":"Question de Temps &#8211; Jacques Amiel"},"content":{"rendered":"\n<p class=\"has-black-color has-text-color has-background\" style=\"background-color:#bee1f7;font-size:clamp(15.747px, 0.984rem + ((1vw - 3.2px) * 0.635), 24px);px\"><strong>Question de Temps<\/strong>, notre th\u00e8me de l&rsquo;ann\u00e9e<\/p>\n\n\n\n<p class=\"has-black-color has-text-color\" style=\"font-size:clamp(17.371px, 1.086rem + ((1vw - 3.2px) * 0.741), 27px);px\"><strong>Jacques AMIEL<\/strong> &#8211; Objectif Image Paris<\/p>\n\n\n\n<p class=\"has-text-align-center has-text-color\" style=\"color:#0576a6;font-size:clamp(16.293px, 1.018rem + ((1vw - 3.2px) * 0.67), 25px);px\"><em>L&rsquo;\u00e9closion des \u0153ufs de cigognes \u00e0 <strong>Sarralbe<\/strong><\/em><\/p>\n\n\n\n<p class=\"has-black-color has-text-color\" style=\"font-size:clamp(14.642px, 0.915rem + ((1vw - 3.2px) * 0.566), 22px);px\"><em><strong>Sarralbe<\/strong>&nbsp;est situ\u00e9e, dans le&nbsp;d\u00e9partement&nbsp;de la&nbsp;Moselle, dans la r\u00e9gion traditionnelle de Lorraine.<\/em> Tous les ans des cigognes y s\u00e9journent pour leur r\u00e9sidence d&rsquo;\u00e9t\u00e9. C&rsquo;est juste une question de Temps de voir l&rsquo;\u00e9closion des oeufs et l&rsquo;envol des petits. Vous pouvez les suivre gr\u00e2ce \u00e0 une webcam install\u00e9e par la municipalit\u00e9  au-dessus d\u2019un nid \u00e9difi\u00e9 sur une chemin\u00e9e de l\u2019H\u00f4tel de ville<\/p>\n\n\n\n<p class=\"has-black-color has-text-color has-medium-font-size\">Immobile, sur une patte, en attitude de m\u00e9ditation&nbsp; il n\u2019est pas \u00e9tonnant qu\u2019elle soit le symbole du philosophe en contemplation. En extr\u00eame orient, on lui attribue une long\u00e9vit\u00e9 exceptionnelle et elle est symbole de longue vie.<\/p>\n\n\n\n<p><\/p>\n\n\n\n<figure class=\"wp-block-gallery columns-2 is-cropped wp-block-gallery-2 is-layout-flex wp-block-gallery-is-layout-flex\"><ul class=\"blocks-gallery-grid\"><li class=\"blocks-gallery-item\"><figure><img loading=\"lazy\" decoding=\"async\" width=\"1024\" height=\"576\" src=\"https:\/\/objectif-image.fr\/OI\/wp-content\/uploads\/2021\/05\/2021-15-04_la-ponte-2-1024x576.jpg\" alt=\"\" data-id=\"34350\" data-full-url=\"https:\/\/objectif-image.fr\/OI\/wp-content\/uploads\/2021\/05\/2021-15-04_la-ponte-2.jpg\" data-link=\"https:\/\/objectif-image.fr\/OI\/?attachment_id=34350\" class=\"wp-image-34350\" srcset=\"https:\/\/objectif-image.fr\/OI\/wp-content\/uploads\/2021\/05\/2021-15-04_la-ponte-2-1024x576.jpg 1024w, https:\/\/objectif-image.fr\/OI\/wp-content\/uploads\/2021\/05\/2021-15-04_la-ponte-2-400x225.jpg 400w, https:\/\/objectif-image.fr\/OI\/wp-content\/uploads\/2021\/05\/2021-15-04_la-ponte-2-300x169.jpg 300w, https:\/\/objectif-image.fr\/OI\/wp-content\/uploads\/2021\/05\/2021-15-04_la-ponte-2-150x84.jpg 150w, https:\/\/objectif-image.fr\/OI\/wp-content\/uploads\/2021\/05\/2021-15-04_la-ponte-2-768x432.jpg 768w, https:\/\/objectif-image.fr\/OI\/wp-content\/uploads\/2021\/05\/2021-15-04_la-ponte-2-100x56.jpg 100w, https:\/\/objectif-image.fr\/OI\/wp-content\/uploads\/2021\/05\/2021-15-04_la-ponte-2-1536x864.jpg 1536w, https:\/\/objectif-image.fr\/OI\/wp-content\/uploads\/2021\/05\/2021-15-04_la-ponte-2-1320x743.jpg 1320w, https:\/\/objectif-image.fr\/OI\/wp-content\/uploads\/2021\/05\/2021-15-04_la-ponte-2-398x224.jpg 398w, https:\/\/objectif-image.fr\/OI\/wp-content\/uploads\/2021\/05\/2021-15-04_la-ponte-2.jpg 1920w\" sizes=\"auto, (max-width: 1024px) 100vw, 1024px\" \/><\/figure><\/li><li class=\"blocks-gallery-item\"><figure><img loading=\"lazy\" decoding=\"async\" width=\"1024\" height=\"640\" src=\"https:\/\/objectif-image.fr\/OI\/wp-content\/uploads\/2021\/05\/2021-22-04_cinq-oeufs-1-1024x640.jpg\" alt=\"\" data-id=\"34351\" data-full-url=\"https:\/\/objectif-image.fr\/OI\/wp-content\/uploads\/2021\/05\/2021-22-04_cinq-oeufs-1.jpg\" data-link=\"https:\/\/objectif-image.fr\/OI\/?attachment_id=34351\" class=\"wp-image-34351\" srcset=\"https:\/\/objectif-image.fr\/OI\/wp-content\/uploads\/2021\/05\/2021-22-04_cinq-oeufs-1-1024x640.jpg 1024w, https:\/\/objectif-image.fr\/OI\/wp-content\/uploads\/2021\/05\/2021-22-04_cinq-oeufs-1-400x250.jpg 400w, https:\/\/objectif-image.fr\/OI\/wp-content\/uploads\/2021\/05\/2021-22-04_cinq-oeufs-1-150x94.jpg 150w, https:\/\/objectif-image.fr\/OI\/wp-content\/uploads\/2021\/05\/2021-22-04_cinq-oeufs-1-300x188.jpg 300w, https:\/\/objectif-image.fr\/OI\/wp-content\/uploads\/2021\/05\/2021-22-04_cinq-oeufs-1-768x480.jpg 768w, https:\/\/objectif-image.fr\/OI\/wp-content\/uploads\/2021\/05\/2021-22-04_cinq-oeufs-1-1536x960.jpg 1536w, https:\/\/objectif-image.fr\/OI\/wp-content\/uploads\/2021\/05\/2021-22-04_cinq-oeufs-1-100x63.jpg 100w, https:\/\/objectif-image.fr\/OI\/wp-content\/uploads\/2021\/05\/2021-22-04_cinq-oeufs-1-1320x825.jpg 1320w, https:\/\/objectif-image.fr\/OI\/wp-content\/uploads\/2021\/05\/2021-22-04_cinq-oeufs-1-398x249.jpg 398w, https:\/\/objectif-image.fr\/OI\/wp-content\/uploads\/2021\/05\/2021-22-04_cinq-oeufs-1.jpg 1920w\" sizes=\"auto, (max-width: 1024px) 100vw, 1024px\" \/><\/figure><\/li><li class=\"blocks-gallery-item\"><figure><img loading=\"lazy\" decoding=\"async\" width=\"1024\" height=\"640\" src=\"https:\/\/objectif-image.fr\/OI\/wp-content\/uploads\/2021\/05\/2021-23-04_1er-petit-1-1024x640.jpg\" alt=\"\" data-id=\"34352\" data-full-url=\"https:\/\/objectif-image.fr\/OI\/wp-content\/uploads\/2021\/05\/2021-23-04_1er-petit-1.jpg\" data-link=\"https:\/\/objectif-image.fr\/OI\/?attachment_id=34352\" class=\"wp-image-34352\" srcset=\"https:\/\/objectif-image.fr\/OI\/wp-content\/uploads\/2021\/05\/2021-23-04_1er-petit-1-1024x640.jpg 1024w, https:\/\/objectif-image.fr\/OI\/wp-content\/uploads\/2021\/05\/2021-23-04_1er-petit-1-400x250.jpg 400w, https:\/\/objectif-image.fr\/OI\/wp-content\/uploads\/2021\/05\/2021-23-04_1er-petit-1-300x188.jpg 300w, https:\/\/objectif-image.fr\/OI\/wp-content\/uploads\/2021\/05\/2021-23-04_1er-petit-1-150x94.jpg 150w, https:\/\/objectif-image.fr\/OI\/wp-content\/uploads\/2021\/05\/2021-23-04_1er-petit-1-768x480.jpg 768w, https:\/\/objectif-image.fr\/OI\/wp-content\/uploads\/2021\/05\/2021-23-04_1er-petit-1-100x63.jpg 100w, https:\/\/objectif-image.fr\/OI\/wp-content\/uploads\/2021\/05\/2021-23-04_1er-petit-1-1536x960.jpg 1536w, https:\/\/objectif-image.fr\/OI\/wp-content\/uploads\/2021\/05\/2021-23-04_1er-petit-1-1320x825.jpg 1320w, https:\/\/objectif-image.fr\/OI\/wp-content\/uploads\/2021\/05\/2021-23-04_1er-petit-1-398x249.jpg 398w, https:\/\/objectif-image.fr\/OI\/wp-content\/uploads\/2021\/05\/2021-23-04_1er-petit-1.jpg 1920w\" sizes=\"auto, (max-width: 1024px) 100vw, 1024px\" \/><\/figure><\/li><li class=\"blocks-gallery-item\"><figure><img loading=\"lazy\" decoding=\"async\" width=\"1024\" height=\"640\" src=\"https:\/\/objectif-image.fr\/OI\/wp-content\/uploads\/2021\/05\/2021-24-04_trois-petits-1-1024x640.jpg\" alt=\"\" data-id=\"34353\" data-full-url=\"https:\/\/objectif-image.fr\/OI\/wp-content\/uploads\/2021\/05\/2021-24-04_trois-petits-1.jpg\" data-link=\"https:\/\/objectif-image.fr\/OI\/?attachment_id=34353\" class=\"wp-image-34353\" srcset=\"https:\/\/objectif-image.fr\/OI\/wp-content\/uploads\/2021\/05\/2021-24-04_trois-petits-1-1024x640.jpg 1024w, https:\/\/objectif-image.fr\/OI\/wp-content\/uploads\/2021\/05\/2021-24-04_trois-petits-1-400x250.jpg 400w, https:\/\/objectif-image.fr\/OI\/wp-content\/uploads\/2021\/05\/2021-24-04_trois-petits-1-300x188.jpg 300w, https:\/\/objectif-image.fr\/OI\/wp-content\/uploads\/2021\/05\/2021-24-04_trois-petits-1-150x94.jpg 150w, https:\/\/objectif-image.fr\/OI\/wp-content\/uploads\/2021\/05\/2021-24-04_trois-petits-1-768x480.jpg 768w, https:\/\/objectif-image.fr\/OI\/wp-content\/uploads\/2021\/05\/2021-24-04_trois-petits-1-100x63.jpg 100w, https:\/\/objectif-image.fr\/OI\/wp-content\/uploads\/2021\/05\/2021-24-04_trois-petits-1-1536x960.jpg 1536w, https:\/\/objectif-image.fr\/OI\/wp-content\/uploads\/2021\/05\/2021-24-04_trois-petits-1-1320x825.jpg 1320w, https:\/\/objectif-image.fr\/OI\/wp-content\/uploads\/2021\/05\/2021-24-04_trois-petits-1-398x249.jpg 398w, https:\/\/objectif-image.fr\/OI\/wp-content\/uploads\/2021\/05\/2021-24-04_trois-petits-1.jpg 1920w\" sizes=\"auto, (max-width: 1024px) 100vw, 1024px\" \/><\/figure><\/li><li class=\"blocks-gallery-item\"><figure><img loading=\"lazy\" decoding=\"async\" width=\"1024\" height=\"640\" src=\"https:\/\/objectif-image.fr\/OI\/wp-content\/uploads\/2021\/05\/2021-26-04_quatre-petits-1-1024x640.jpg\" alt=\"\" data-id=\"34354\" data-full-url=\"https:\/\/objectif-image.fr\/OI\/wp-content\/uploads\/2021\/05\/2021-26-04_quatre-petits-1.jpg\" data-link=\"https:\/\/objectif-image.fr\/OI\/?attachment_id=34354\" class=\"wp-image-34354\" srcset=\"https:\/\/objectif-image.fr\/OI\/wp-content\/uploads\/2021\/05\/2021-26-04_quatre-petits-1-1024x640.jpg 1024w, https:\/\/objectif-image.fr\/OI\/wp-content\/uploads\/2021\/05\/2021-26-04_quatre-petits-1-400x250.jpg 400w, https:\/\/objectif-image.fr\/OI\/wp-content\/uploads\/2021\/05\/2021-26-04_quatre-petits-1-300x188.jpg 300w, https:\/\/objectif-image.fr\/OI\/wp-content\/uploads\/2021\/05\/2021-26-04_quatre-petits-1-150x94.jpg 150w, https:\/\/objectif-image.fr\/OI\/wp-content\/uploads\/2021\/05\/2021-26-04_quatre-petits-1-768x480.jpg 768w, https:\/\/objectif-image.fr\/OI\/wp-content\/uploads\/2021\/05\/2021-26-04_quatre-petits-1-100x63.jpg 100w, https:\/\/objectif-image.fr\/OI\/wp-content\/uploads\/2021\/05\/2021-26-04_quatre-petits-1-1536x960.jpg 1536w, https:\/\/objectif-image.fr\/OI\/wp-content\/uploads\/2021\/05\/2021-26-04_quatre-petits-1-1320x825.jpg 1320w, https:\/\/objectif-image.fr\/OI\/wp-content\/uploads\/2021\/05\/2021-26-04_quatre-petits-1-398x249.jpg 398w, https:\/\/objectif-image.fr\/OI\/wp-content\/uploads\/2021\/05\/2021-26-04_quatre-petits-1.jpg 1920w\" sizes=\"auto, (max-width: 1024px) 100vw, 1024px\" \/><\/figure><\/li><li class=\"blocks-gallery-item\"><figure><img loading=\"lazy\" decoding=\"async\" width=\"1024\" height=\"640\" src=\"https:\/\/objectif-image.fr\/OI\/wp-content\/uploads\/2021\/05\/2021-28-04_cinq-petits-1-1024x640.jpg\" alt=\"\" data-id=\"34355\" data-full-url=\"https:\/\/objectif-image.fr\/OI\/wp-content\/uploads\/2021\/05\/2021-28-04_cinq-petits-1.jpg\" data-link=\"https:\/\/objectif-image.fr\/OI\/?attachment_id=34355\" class=\"wp-image-34355\" srcset=\"https:\/\/objectif-image.fr\/OI\/wp-content\/uploads\/2021\/05\/2021-28-04_cinq-petits-1-1024x640.jpg 1024w, https:\/\/objectif-image.fr\/OI\/wp-content\/uploads\/2021\/05\/2021-28-04_cinq-petits-1-400x250.jpg 400w, https:\/\/objectif-image.fr\/OI\/wp-content\/uploads\/2021\/05\/2021-28-04_cinq-petits-1-300x188.jpg 300w, https:\/\/objectif-image.fr\/OI\/wp-content\/uploads\/2021\/05\/2021-28-04_cinq-petits-1-150x94.jpg 150w, https:\/\/objectif-image.fr\/OI\/wp-content\/uploads\/2021\/05\/2021-28-04_cinq-petits-1-768x480.jpg 768w, https:\/\/objectif-image.fr\/OI\/wp-content\/uploads\/2021\/05\/2021-28-04_cinq-petits-1-100x63.jpg 100w, https:\/\/objectif-image.fr\/OI\/wp-content\/uploads\/2021\/05\/2021-28-04_cinq-petits-1-1536x960.jpg 1536w, https:\/\/objectif-image.fr\/OI\/wp-content\/uploads\/2021\/05\/2021-28-04_cinq-petits-1-1320x825.jpg 1320w, https:\/\/objectif-image.fr\/OI\/wp-content\/uploads\/2021\/05\/2021-28-04_cinq-petits-1-398x249.jpg 398w, https:\/\/objectif-image.fr\/OI\/wp-content\/uploads\/2021\/05\/2021-28-04_cinq-petits-1.jpg 1920w\" sizes=\"auto, (max-width: 1024px) 100vw, 1024px\" \/><\/figure><\/li><\/ul><\/figure>\n\n\n\n<p style=\"font-size:clamp(20px, 1.25rem + ((1vw - 3.2px) * 0.923), 32px);px\"><a href=\"https:\/\/www.sarralbe.fr\/webcam.html\" target=\"_blank\" rel=\"noreferrer noopener\"><strong>Webcam &#8211; Sarralbe <\/strong><\/a><\/p>\n\n\n\n<p style=\"font-size:clamp(15.197px, 0.95rem + ((1vw - 3.2px) * 0.6), 23px);px\"><a href=\"https:\/\/www.sarralbe.fr\/Actus\/Nos-cigognes-00688.html\" target=\"_blank\" rel=\"noreferrer noopener\"><strong>Les cigognes de Sarralbe<\/strong><\/a><\/p>\n","protected":false},"excerpt":{"rendered":"<p>Question de Temps, notre th\u00e8me de l&rsquo;ann\u00e9e Jacques AMIEL &#8211; Objectif Image Paris L&rsquo;\u00e9closion des \u0153ufs de cigognes \u00e0 Sarralbe Sarralbe&nbsp;est situ\u00e9e, dans le&nbsp;d\u00e9partement&nbsp;de la&nbsp;Moselle, dans la r\u00e9gion traditionnelle de Lorraine. Tous les ans des cigognes y s\u00e9journent pour leur r\u00e9sidence d&rsquo;\u00e9t\u00e9. C&rsquo;est juste une question de Temps de voir l&rsquo;\u00e9closion des oeufs et l&rsquo;envol [&hellip;]<\/p>\n","protected":false},"author":3,"featured_media":34351,"comment_status":"closed","ping_status":"closed","sticky":false,"template":"","format":"standard","meta":{"_acf_changed":false,"footnotes":""},"categories":[357],"tags":[211],"class_list":["post-34349","post","type-post","status-publish","format-standard","has-post-thumbnail","hentry","category-question-de-temps","tag-objectif-image-paris"],"acf":[],"yoast_head":"<!-- This site is optimized with the Yoast SEO plugin v27.4 - https:\/\/yoast.com\/product\/yoast-seo-wordpress\/ -->\n<title>Question de Temps - Jacques Amiel - Objectif Image<\/title>\n<meta name=\"robots\" content=\"index, follow, max-snippet:-1, max-image-preview:large, max-video-preview:-1\" \/>\n<link rel=\"canonical\" href=\"https:\/\/objectif-image.fr\/OI\/question-de-temps-jacques-amiel\/\" \/>\n<meta property=\"og:locale\" content=\"fr_FR\" \/>\n<meta property=\"og:type\" content=\"article\" \/>\n<meta property=\"og:title\" content=\"Question de Temps - Jacques Amiel - Objectif Image\" \/>\n<meta property=\"og:description\" content=\"Question de Temps, notre th\u00e8me de l&rsquo;ann\u00e9e Jacques AMIEL &#8211; Objectif Image Paris L&rsquo;\u00e9closion des \u0153ufs de cigognes \u00e0 Sarralbe Sarralbe&nbsp;est situ\u00e9e, dans le&nbsp;d\u00e9partement&nbsp;de la&nbsp;Moselle, dans la r\u00e9gion traditionnelle de Lorraine. Tous les ans des cigognes y s\u00e9journent pour leur r\u00e9sidence d&rsquo;\u00e9t\u00e9. C&rsquo;est juste une question de Temps de voir l&rsquo;\u00e9closion des oeufs et l&rsquo;envol [&hellip;]\" \/>\n<meta property=\"og:url\" content=\"https:\/\/objectif-image.fr\/OI\/question-de-temps-jacques-amiel\/\" \/>\n<meta property=\"og:site_name\" content=\"Objectif Image\" \/>\n<meta property=\"article:publisher\" content=\"https:\/\/www.facebook.com\/Objectif.mage\" \/>\n<meta property=\"article:published_time\" content=\"2021-05-21T05:32:15+00:00\" \/>\n<meta property=\"article:modified_time\" content=\"2021-05-21T05:35:38+00:00\" \/>\n<meta property=\"og:image\" content=\"https:\/\/objectif-image.fr\/OI\/wp-content\/uploads\/2021\/05\/2021-22-04_cinq-oeufs-1.jpg\" \/>\n\t<meta property=\"og:image:width\" content=\"1920\" \/>\n\t<meta property=\"og:image:height\" content=\"1200\" \/>\n\t<meta property=\"og:image:type\" content=\"image\/jpeg\" \/>\n<meta name=\"author\" content=\"Pierre S\" \/>\n<meta name=\"twitter:card\" content=\"summary_large_image\" \/>\n<meta name=\"twitter:label1\" content=\"\u00c9crit par\" \/>\n\t<meta name=\"twitter:data1\" content=\"Pierre S\" \/>\n\t<meta name=\"twitter:label2\" content=\"Dur\u00e9e de lecture estim\u00e9e\" \/>\n\t<meta name=\"twitter:data2\" content=\"2 minutes\" \/>\n<script type=\"application\/ld+json\" class=\"yoast-schema-graph\">{\"@context\":\"https:\\\/\\\/schema.org\",\"@graph\":[{\"@type\":\"Article\",\"@id\":\"https:\\\/\\\/objectif-image.fr\\\/OI\\\/question-de-temps-jacques-amiel\\\/#article\",\"isPartOf\":{\"@id\":\"https:\\\/\\\/objectif-image.fr\\\/OI\\\/question-de-temps-jacques-amiel\\\/\"},\"author\":{\"name\":\"Pierre S\",\"@id\":\"https:\\\/\\\/objectif-image.fr\\\/OI\\\/#\\\/schema\\\/person\\\/813c64cc2f0c70450ca653f2e80a6515\"},\"headline\":\"Question de Temps &#8211; Jacques Amiel\",\"datePublished\":\"2021-05-21T05:32:15+00:00\",\"dateModified\":\"2021-05-21T05:35:38+00:00\",\"mainEntityOfPage\":{\"@id\":\"https:\\\/\\\/objectif-image.fr\\\/OI\\\/question-de-temps-jacques-amiel\\\/\"},\"wordCount\":160,\"publisher\":{\"@id\":\"https:\\\/\\\/objectif-image.fr\\\/OI\\\/#organization\"},\"image\":{\"@id\":\"https:\\\/\\\/objectif-image.fr\\\/OI\\\/question-de-temps-jacques-amiel\\\/#primaryimage\"},\"thumbnailUrl\":\"https:\\\/\\\/objectif-image.fr\\\/OI\\\/wp-content\\\/uploads\\\/2021\\\/05\\\/2021-22-04_cinq-oeufs-1.jpg\",\"keywords\":[\"Objectif Image Paris\"],\"articleSection\":[\"Question de temps\"],\"inLanguage\":\"fr-FR\"},{\"@type\":\"WebPage\",\"@id\":\"https:\\\/\\\/objectif-image.fr\\\/OI\\\/question-de-temps-jacques-amiel\\\/\",\"url\":\"https:\\\/\\\/objectif-image.fr\\\/OI\\\/question-de-temps-jacques-amiel\\\/\",\"name\":\"Question de Temps - Jacques Amiel - Objectif Image\",\"isPartOf\":{\"@id\":\"https:\\\/\\\/objectif-image.fr\\\/OI\\\/#website\"},\"primaryImageOfPage\":{\"@id\":\"https:\\\/\\\/objectif-image.fr\\\/OI\\\/question-de-temps-jacques-amiel\\\/#primaryimage\"},\"image\":{\"@id\":\"https:\\\/\\\/objectif-image.fr\\\/OI\\\/question-de-temps-jacques-amiel\\\/#primaryimage\"},\"thumbnailUrl\":\"https:\\\/\\\/objectif-image.fr\\\/OI\\\/wp-content\\\/uploads\\\/2021\\\/05\\\/2021-22-04_cinq-oeufs-1.jpg\",\"datePublished\":\"2021-05-21T05:32:15+00:00\",\"dateModified\":\"2021-05-21T05:35:38+00:00\",\"breadcrumb\":{\"@id\":\"https:\\\/\\\/objectif-image.fr\\\/OI\\\/question-de-temps-jacques-amiel\\\/#breadcrumb\"},\"inLanguage\":\"fr-FR\",\"potentialAction\":[{\"@type\":\"ReadAction\",\"target\":[\"https:\\\/\\\/objectif-image.fr\\\/OI\\\/question-de-temps-jacques-amiel\\\/\"]}]},{\"@type\":\"ImageObject\",\"inLanguage\":\"fr-FR\",\"@id\":\"https:\\\/\\\/objectif-image.fr\\\/OI\\\/question-de-temps-jacques-amiel\\\/#primaryimage\",\"url\":\"https:\\\/\\\/objectif-image.fr\\\/OI\\\/wp-content\\\/uploads\\\/2021\\\/05\\\/2021-22-04_cinq-oeufs-1.jpg\",\"contentUrl\":\"https:\\\/\\\/objectif-image.fr\\\/OI\\\/wp-content\\\/uploads\\\/2021\\\/05\\\/2021-22-04_cinq-oeufs-1.jpg\",\"width\":1920,\"height\":1200},{\"@type\":\"BreadcrumbList\",\"@id\":\"https:\\\/\\\/objectif-image.fr\\\/OI\\\/question-de-temps-jacques-amiel\\\/#breadcrumb\",\"itemListElement\":[{\"@type\":\"ListItem\",\"position\":1,\"name\":\"Accueil\",\"item\":\"https:\\\/\\\/objectif-image.fr\\\/OI\\\/\"},{\"@type\":\"ListItem\",\"position\":2,\"name\":\"Question de Temps &#8211; Jacques Amiel\"}]},{\"@type\":\"WebSite\",\"@id\":\"https:\\\/\\\/objectif-image.fr\\\/OI\\\/#website\",\"url\":\"https:\\\/\\\/objectif-image.fr\\\/OI\\\/\",\"name\":\"Objectif Image\",\"description\":\"Objectif Image\",\"publisher\":{\"@id\":\"https:\\\/\\\/objectif-image.fr\\\/OI\\\/#organization\"},\"potentialAction\":[{\"@type\":\"SearchAction\",\"target\":{\"@type\":\"EntryPoint\",\"urlTemplate\":\"https:\\\/\\\/objectif-image.fr\\\/OI\\\/?s={search_term_string}\"},\"query-input\":{\"@type\":\"PropertyValueSpecification\",\"valueRequired\":true,\"valueName\":\"search_term_string\"}}],\"inLanguage\":\"fr-FR\"},{\"@type\":\"Organization\",\"@id\":\"https:\\\/\\\/objectif-image.fr\\\/OI\\\/#organization\",\"name\":\"Objectif Image\",\"url\":\"https:\\\/\\\/objectif-image.fr\\\/OI\\\/\",\"logo\":{\"@type\":\"ImageObject\",\"inLanguage\":\"fr-FR\",\"@id\":\"https:\\\/\\\/objectif-image.fr\\\/OI\\\/#\\\/schema\\\/logo\\\/image\\\/\",\"url\":\"https:\\\/\\\/objectif-image.fr\\\/OI\\\/wp-content\\\/uploads\\\/2019\\\/02\\\/logo-OI-NATIONAL-rouge-2000px.jpg\",\"contentUrl\":\"https:\\\/\\\/objectif-image.fr\\\/OI\\\/wp-content\\\/uploads\\\/2019\\\/02\\\/logo-OI-NATIONAL-rouge-2000px.jpg\",\"width\":1081,\"height\":1024,\"caption\":\"Objectif Image\"},\"image\":{\"@id\":\"https:\\\/\\\/objectif-image.fr\\\/OI\\\/#\\\/schema\\\/logo\\\/image\\\/\"},\"sameAs\":[\"https:\\\/\\\/www.facebook.com\\\/Objectif.mage\"]},{\"@type\":\"Person\",\"@id\":\"https:\\\/\\\/objectif-image.fr\\\/OI\\\/#\\\/schema\\\/person\\\/813c64cc2f0c70450ca653f2e80a6515\",\"name\":\"Pierre S\",\"image\":{\"@type\":\"ImageObject\",\"inLanguage\":\"fr-FR\",\"@id\":\"https:\\\/\\\/secure.gravatar.com\\\/avatar\\\/6d1df1cb0bf58ef7d330b8910acfe62e7fbc0c2138564189224f85869b953674?s=96&d=mm&r=g\",\"url\":\"https:\\\/\\\/secure.gravatar.com\\\/avatar\\\/6d1df1cb0bf58ef7d330b8910acfe62e7fbc0c2138564189224f85869b953674?s=96&d=mm&r=g\",\"contentUrl\":\"https:\\\/\\\/secure.gravatar.com\\\/avatar\\\/6d1df1cb0bf58ef7d330b8910acfe62e7fbc0c2138564189224f85869b953674?s=96&d=mm&r=g\",\"caption\":\"Pierre S\"},\"url\":\"https:\\\/\\\/objectif-image.fr\\\/OI\\\/author\\\/pierres-2-2\\\/\"}]}<\/script>\n<!-- \/ Yoast SEO plugin. -->","yoast_head_json":{"title":"Question de Temps - Jacques Amiel - Objectif Image","robots":{"index":"index","follow":"follow","max-snippet":"max-snippet:-1","max-image-preview":"max-image-preview:large","max-video-preview":"max-video-preview:-1"},"canonical":"https:\/\/objectif-image.fr\/OI\/question-de-temps-jacques-amiel\/","og_locale":"fr_FR","og_type":"article","og_title":"Question de Temps - Jacques Amiel - Objectif Image","og_description":"Question de Temps, notre th\u00e8me de l&rsquo;ann\u00e9e Jacques AMIEL &#8211; Objectif Image Paris L&rsquo;\u00e9closion des \u0153ufs de cigognes \u00e0 Sarralbe Sarralbe&nbsp;est situ\u00e9e, dans le&nbsp;d\u00e9partement&nbsp;de la&nbsp;Moselle, dans la r\u00e9gion traditionnelle de Lorraine. Tous les ans des cigognes y s\u00e9journent pour leur r\u00e9sidence d&rsquo;\u00e9t\u00e9. C&rsquo;est juste une question de Temps de voir l&rsquo;\u00e9closion des oeufs et l&rsquo;envol [&hellip;]","og_url":"https:\/\/objectif-image.fr\/OI\/question-de-temps-jacques-amiel\/","og_site_name":"Objectif Image","article_publisher":"https:\/\/www.facebook.com\/Objectif.mage","article_published_time":"2021-05-21T05:32:15+00:00","article_modified_time":"2021-05-21T05:35:38+00:00","og_image":[{"width":1920,"height":1200,"url":"https:\/\/objectif-image.fr\/OI\/wp-content\/uploads\/2021\/05\/2021-22-04_cinq-oeufs-1.jpg","type":"image\/jpeg"}],"author":"Pierre S","twitter_card":"summary_large_image","twitter_misc":{"\u00c9crit par":"Pierre S","Dur\u00e9e de lecture estim\u00e9e":"2 minutes"},"schema":{"@context":"https:\/\/schema.org","@graph":[{"@type":"Article","@id":"https:\/\/objectif-image.fr\/OI\/question-de-temps-jacques-amiel\/#article","isPartOf":{"@id":"https:\/\/objectif-image.fr\/OI\/question-de-temps-jacques-amiel\/"},"author":{"name":"Pierre S","@id":"https:\/\/objectif-image.fr\/OI\/#\/schema\/person\/813c64cc2f0c70450ca653f2e80a6515"},"headline":"Question de Temps &#8211; Jacques Amiel","datePublished":"2021-05-21T05:32:15+00:00","dateModified":"2021-05-21T05:35:38+00:00","mainEntityOfPage":{"@id":"https:\/\/objectif-image.fr\/OI\/question-de-temps-jacques-amiel\/"},"wordCount":160,"publisher":{"@id":"https:\/\/objectif-image.fr\/OI\/#organization"},"image":{"@id":"https:\/\/objectif-image.fr\/OI\/question-de-temps-jacques-amiel\/#primaryimage"},"thumbnailUrl":"https:\/\/objectif-image.fr\/OI\/wp-content\/uploads\/2021\/05\/2021-22-04_cinq-oeufs-1.jpg","keywords":["Objectif Image Paris"],"articleSection":["Question de temps"],"inLanguage":"fr-FR"},{"@type":"WebPage","@id":"https:\/\/objectif-image.fr\/OI\/question-de-temps-jacques-amiel\/","url":"https:\/\/objectif-image.fr\/OI\/question-de-temps-jacques-amiel\/","name":"Question de Temps - Jacques Amiel - Objectif Image","isPartOf":{"@id":"https:\/\/objectif-image.fr\/OI\/#website"},"primaryImageOfPage":{"@id":"https:\/\/objectif-image.fr\/OI\/question-de-temps-jacques-amiel\/#primaryimage"},"image":{"@id":"https:\/\/objectif-image.fr\/OI\/question-de-temps-jacques-amiel\/#primaryimage"},"thumbnailUrl":"https:\/\/objectif-image.fr\/OI\/wp-content\/uploads\/2021\/05\/2021-22-04_cinq-oeufs-1.jpg","datePublished":"2021-05-21T05:32:15+00:00","dateModified":"2021-05-21T05:35:38+00:00","breadcrumb":{"@id":"https:\/\/objectif-image.fr\/OI\/question-de-temps-jacques-amiel\/#breadcrumb"},"inLanguage":"fr-FR","potentialAction":[{"@type":"ReadAction","target":["https:\/\/objectif-image.fr\/OI\/question-de-temps-jacques-amiel\/"]}]},{"@type":"ImageObject","inLanguage":"fr-FR","@id":"https:\/\/objectif-image.fr\/OI\/question-de-temps-jacques-amiel\/#primaryimage","url":"https:\/\/objectif-image.fr\/OI\/wp-content\/uploads\/2021\/05\/2021-22-04_cinq-oeufs-1.jpg","contentUrl":"https:\/\/objectif-image.fr\/OI\/wp-content\/uploads\/2021\/05\/2021-22-04_cinq-oeufs-1.jpg","width":1920,"height":1200},{"@type":"BreadcrumbList","@id":"https:\/\/objectif-image.fr\/OI\/question-de-temps-jacques-amiel\/#breadcrumb","itemListElement":[{"@type":"ListItem","position":1,"name":"Accueil","item":"https:\/\/objectif-image.fr\/OI\/"},{"@type":"ListItem","position":2,"name":"Question de Temps &#8211; Jacques Amiel"}]},{"@type":"WebSite","@id":"https:\/\/objectif-image.fr\/OI\/#website","url":"https:\/\/objectif-image.fr\/OI\/","name":"Objectif Image","description":"Objectif Image","publisher":{"@id":"https:\/\/objectif-image.fr\/OI\/#organization"},"potentialAction":[{"@type":"SearchAction","target":{"@type":"EntryPoint","urlTemplate":"https:\/\/objectif-image.fr\/OI\/?s={search_term_string}"},"query-input":{"@type":"PropertyValueSpecification","valueRequired":true,"valueName":"search_term_string"}}],"inLanguage":"fr-FR"},{"@type":"Organization","@id":"https:\/\/objectif-image.fr\/OI\/#organization","name":"Objectif Image","url":"https:\/\/objectif-image.fr\/OI\/","logo":{"@type":"ImageObject","inLanguage":"fr-FR","@id":"https:\/\/objectif-image.fr\/OI\/#\/schema\/logo\/image\/","url":"https:\/\/objectif-image.fr\/OI\/wp-content\/uploads\/2019\/02\/logo-OI-NATIONAL-rouge-2000px.jpg","contentUrl":"https:\/\/objectif-image.fr\/OI\/wp-content\/uploads\/2019\/02\/logo-OI-NATIONAL-rouge-2000px.jpg","width":1081,"height":1024,"caption":"Objectif Image"},"image":{"@id":"https:\/\/objectif-image.fr\/OI\/#\/schema\/logo\/image\/"},"sameAs":["https:\/\/www.facebook.com\/Objectif.mage"]},{"@type":"Person","@id":"https:\/\/objectif-image.fr\/OI\/#\/schema\/person\/813c64cc2f0c70450ca653f2e80a6515","name":"Pierre S","image":{"@type":"ImageObject","inLanguage":"fr-FR","@id":"https:\/\/secure.gravatar.com\/avatar\/6d1df1cb0bf58ef7d330b8910acfe62e7fbc0c2138564189224f85869b953674?s=96&d=mm&r=g","url":"https:\/\/secure.gravatar.com\/avatar\/6d1df1cb0bf58ef7d330b8910acfe62e7fbc0c2138564189224f85869b953674?s=96&d=mm&r=g","contentUrl":"https:\/\/secure.gravatar.com\/avatar\/6d1df1cb0bf58ef7d330b8910acfe62e7fbc0c2138564189224f85869b953674?s=96&d=mm&r=g","caption":"Pierre S"},"url":"https:\/\/objectif-image.fr\/OI\/author\/pierres-2-2\/"}]}},"_links":{"self":[{"href":"https:\/\/objectif-image.fr\/OI\/wp-json\/wp\/v2\/posts\/34349","targetHints":{"allow":["GET"]}}],"collection":[{"href":"https:\/\/objectif-image.fr\/OI\/wp-json\/wp\/v2\/posts"}],"about":[{"href":"https:\/\/objectif-image.fr\/OI\/wp-json\/wp\/v2\/types\/post"}],"author":[{"embeddable":true,"href":"https:\/\/objectif-image.fr\/OI\/wp-json\/wp\/v2\/users\/3"}],"replies":[{"embeddable":true,"href":"https:\/\/objectif-image.fr\/OI\/wp-json\/wp\/v2\/comments?post=34349"}],"version-history":[{"count":0,"href":"https:\/\/objectif-image.fr\/OI\/wp-json\/wp\/v2\/posts\/34349\/revisions"}],"wp:featuredmedia":[{"embeddable":true,"href":"https:\/\/objectif-image.fr\/OI\/wp-json\/wp\/v2\/media\/34351"}],"wp:attachment":[{"href":"https:\/\/objectif-image.fr\/OI\/wp-json\/wp\/v2\/media?parent=34349"}],"wp:term":[{"taxonomy":"category","embeddable":true,"href":"https:\/\/objectif-image.fr\/OI\/wp-json\/wp\/v2\/categories?post=34349"},{"taxonomy":"post_tag","embeddable":true,"href":"https:\/\/objectif-image.fr\/OI\/wp-json\/wp\/v2\/tags?post=34349"}],"curies":[{"name":"wp","href":"https:\/\/api.w.org\/{rel}","templated":true}]}}