{"id":34588,"date":"2021-06-13T06:59:00","date_gmt":"2021-06-13T04:59:00","guid":{"rendered":"https:\/\/objectif-image.fr\/OI\/?p=34588"},"modified":"2021-06-09T09:22:03","modified_gmt":"2021-06-09T07:22:03","slug":"question-de-temps-gerard-diebold-2","status":"publish","type":"post","link":"https:\/\/objectif-image.fr\/OI\/question-de-temps-gerard-diebold-2\/","title":{"rendered":"Question de Temps &#8211; G\u00e9rard Diebold"},"content":{"rendered":"\n<p class=\"has-black-color has-text-color has-background\" style=\"background-color:#c2e2f7;font-size:clamp(16.293px, 1.018rem + ((1vw - 3.2px) * 0.67), 25px);px\"><strong>Questions de Temps<\/strong>, notre th\u00e8me de l&rsquo;ann\u00e9e<\/p>\n\n\n\n<p class=\"has-black-color has-text-color\" style=\"font-size:clamp(16.293px, 1.018rem + ((1vw - 3.2px) * 0.67), 25px);px\"><strong>G\u00e9rard DIEBOLD<\/strong> &#8211; Objectif Image Lempdes (climat63)<\/p>\n\n\n\n<figure class=\"wp-block-gallery columns-2 is-cropped wp-block-gallery-2 is-layout-flex wp-block-gallery-is-layout-flex\"><ul class=\"blocks-gallery-grid\"><li class=\"blocks-gallery-item\"><figure><img loading=\"lazy\" decoding=\"async\" width=\"1024\" height=\"684\" src=\"https:\/\/objectif-image.fr\/OI\/wp-content\/uploads\/2021\/06\/Gerard-diebold--1024x684.jpg\" alt=\"\" data-id=\"34594\" data-link=\"https:\/\/objectif-image.fr\/OI\/?attachment_id=34594\" class=\"wp-image-34594\" srcset=\"https:\/\/objectif-image.fr\/OI\/wp-content\/uploads\/2021\/06\/Gerard-diebold--1024x684.jpg 1024w, https:\/\/objectif-image.fr\/OI\/wp-content\/uploads\/2021\/06\/Gerard-diebold--400x267.jpg 400w, https:\/\/objectif-image.fr\/OI\/wp-content\/uploads\/2021\/06\/Gerard-diebold--150x100.jpg 150w, https:\/\/objectif-image.fr\/OI\/wp-content\/uploads\/2021\/06\/Gerard-diebold--300x200.jpg 300w, https:\/\/objectif-image.fr\/OI\/wp-content\/uploads\/2021\/06\/Gerard-diebold--768x513.jpg 768w, https:\/\/objectif-image.fr\/OI\/wp-content\/uploads\/2021\/06\/Gerard-diebold--1536x1026.jpg 1536w, https:\/\/objectif-image.fr\/OI\/wp-content\/uploads\/2021\/06\/Gerard-diebold--100x67.jpg 100w, https:\/\/objectif-image.fr\/OI\/wp-content\/uploads\/2021\/06\/Gerard-diebold--1320x881.jpg 1320w, https:\/\/objectif-image.fr\/OI\/wp-content\/uploads\/2021\/06\/Gerard-diebold--398x266.jpg 398w, https:\/\/objectif-image.fr\/OI\/wp-content\/uploads\/2021\/06\/Gerard-diebold-.jpg 1920w\" sizes=\"auto, (max-width: 1024px) 100vw, 1024px\" \/><\/figure><\/li><li class=\"blocks-gallery-item\"><figure><img loading=\"lazy\" decoding=\"async\" width=\"1024\" height=\"1024\" src=\"https:\/\/objectif-image.fr\/OI\/wp-content\/uploads\/2021\/06\/Gerard-diebold-2-1024x1024.jpg\" alt=\"\" data-id=\"34589\" data-link=\"https:\/\/objectif-image.fr\/OI\/?attachment_id=34589\" class=\"wp-image-34589\" srcset=\"https:\/\/objectif-image.fr\/OI\/wp-content\/uploads\/2021\/06\/Gerard-diebold-2-1024x1024.jpg 1024w, https:\/\/objectif-image.fr\/OI\/wp-content\/uploads\/2021\/06\/Gerard-diebold-2-100x100.jpg 100w, https:\/\/objectif-image.fr\/OI\/wp-content\/uploads\/2021\/06\/Gerard-diebold-2-400x400.jpg 400w, https:\/\/objectif-image.fr\/OI\/wp-content\/uploads\/2021\/06\/Gerard-diebold-2-300x300.jpg 300w, https:\/\/objectif-image.fr\/OI\/wp-content\/uploads\/2021\/06\/Gerard-diebold-2-150x150.jpg 150w, https:\/\/objectif-image.fr\/OI\/wp-content\/uploads\/2021\/06\/Gerard-diebold-2-768x768.jpg 768w, https:\/\/objectif-image.fr\/OI\/wp-content\/uploads\/2021\/06\/Gerard-diebold-2-1536x1536.jpg 1536w, https:\/\/objectif-image.fr\/OI\/wp-content\/uploads\/2021\/06\/Gerard-diebold-2-80x80.jpg 80w, https:\/\/objectif-image.fr\/OI\/wp-content\/uploads\/2021\/06\/Gerard-diebold-2-320x320.jpg 320w, https:\/\/objectif-image.fr\/OI\/wp-content\/uploads\/2021\/06\/Gerard-diebold-2-1320x1320.jpg 1320w, https:\/\/objectif-image.fr\/OI\/wp-content\/uploads\/2021\/06\/Gerard-diebold-2-398x398.jpg 398w, https:\/\/objectif-image.fr\/OI\/wp-content\/uploads\/2021\/06\/Gerard-diebold-2.jpg 1920w\" sizes=\"auto, (max-width: 1024px) 100vw, 1024px\" \/><\/figure><\/li><li class=\"blocks-gallery-item\"><figure><img loading=\"lazy\" decoding=\"async\" width=\"1024\" height=\"1024\" src=\"https:\/\/objectif-image.fr\/OI\/wp-content\/uploads\/2021\/06\/Gerard-diebold-9507-1024x1024.jpg\" alt=\"\" data-id=\"34591\" data-link=\"https:\/\/objectif-image.fr\/OI\/?attachment_id=34591\" class=\"wp-image-34591\" srcset=\"https:\/\/objectif-image.fr\/OI\/wp-content\/uploads\/2021\/06\/Gerard-diebold-9507-1024x1024.jpg 1024w, https:\/\/objectif-image.fr\/OI\/wp-content\/uploads\/2021\/06\/Gerard-diebold-9507-100x100.jpg 100w, https:\/\/objectif-image.fr\/OI\/wp-content\/uploads\/2021\/06\/Gerard-diebold-9507-400x400.jpg 400w, https:\/\/objectif-image.fr\/OI\/wp-content\/uploads\/2021\/06\/Gerard-diebold-9507-300x300.jpg 300w, https:\/\/objectif-image.fr\/OI\/wp-content\/uploads\/2021\/06\/Gerard-diebold-9507-150x150.jpg 150w, https:\/\/objectif-image.fr\/OI\/wp-content\/uploads\/2021\/06\/Gerard-diebold-9507-768x768.jpg 768w, https:\/\/objectif-image.fr\/OI\/wp-content\/uploads\/2021\/06\/Gerard-diebold-9507-1536x1536.jpg 1536w, https:\/\/objectif-image.fr\/OI\/wp-content\/uploads\/2021\/06\/Gerard-diebold-9507-80x80.jpg 80w, https:\/\/objectif-image.fr\/OI\/wp-content\/uploads\/2021\/06\/Gerard-diebold-9507-320x320.jpg 320w, https:\/\/objectif-image.fr\/OI\/wp-content\/uploads\/2021\/06\/Gerard-diebold-9507-1320x1320.jpg 1320w, https:\/\/objectif-image.fr\/OI\/wp-content\/uploads\/2021\/06\/Gerard-diebold-9507-398x398.jpg 398w, https:\/\/objectif-image.fr\/OI\/wp-content\/uploads\/2021\/06\/Gerard-diebold-9507.jpg 1920w\" sizes=\"auto, (max-width: 1024px) 100vw, 1024px\" \/><\/figure><\/li><li class=\"blocks-gallery-item\"><figure><img loading=\"lazy\" decoding=\"async\" width=\"1024\" height=\"1024\" src=\"https:\/\/objectif-image.fr\/OI\/wp-content\/uploads\/2021\/06\/Gerard-diebold-9514-1024x1024.jpg\" alt=\"\" data-id=\"34593\" data-link=\"https:\/\/objectif-image.fr\/OI\/?attachment_id=34593\" class=\"wp-image-34593\" srcset=\"https:\/\/objectif-image.fr\/OI\/wp-content\/uploads\/2021\/06\/Gerard-diebold-9514-1024x1024.jpg 1024w, https:\/\/objectif-image.fr\/OI\/wp-content\/uploads\/2021\/06\/Gerard-diebold-9514-100x100.jpg 100w, https:\/\/objectif-image.fr\/OI\/wp-content\/uploads\/2021\/06\/Gerard-diebold-9514-400x400.jpg 400w, https:\/\/objectif-image.fr\/OI\/wp-content\/uploads\/2021\/06\/Gerard-diebold-9514-300x300.jpg 300w, https:\/\/objectif-image.fr\/OI\/wp-content\/uploads\/2021\/06\/Gerard-diebold-9514-150x150.jpg 150w, https:\/\/objectif-image.fr\/OI\/wp-content\/uploads\/2021\/06\/Gerard-diebold-9514-768x768.jpg 768w, https:\/\/objectif-image.fr\/OI\/wp-content\/uploads\/2021\/06\/Gerard-diebold-9514-1536x1536.jpg 1536w, https:\/\/objectif-image.fr\/OI\/wp-content\/uploads\/2021\/06\/Gerard-diebold-9514-80x80.jpg 80w, https:\/\/objectif-image.fr\/OI\/wp-content\/uploads\/2021\/06\/Gerard-diebold-9514-320x320.jpg 320w, https:\/\/objectif-image.fr\/OI\/wp-content\/uploads\/2021\/06\/Gerard-diebold-9514-1320x1320.jpg 1320w, https:\/\/objectif-image.fr\/OI\/wp-content\/uploads\/2021\/06\/Gerard-diebold-9514-398x398.jpg 398w, https:\/\/objectif-image.fr\/OI\/wp-content\/uploads\/2021\/06\/Gerard-diebold-9514.jpg 1920w\" sizes=\"auto, (max-width: 1024px) 100vw, 1024px\" \/><\/figure><\/li><li class=\"blocks-gallery-item\"><figure><img loading=\"lazy\" decoding=\"async\" width=\"1024\" height=\"1024\" src=\"https:\/\/objectif-image.fr\/OI\/wp-content\/uploads\/2021\/06\/Gerard-diebold-00463-1024x1024.jpg\" alt=\"\" data-id=\"34590\" data-link=\"https:\/\/objectif-image.fr\/OI\/?attachment_id=34590\" class=\"wp-image-34590\" srcset=\"https:\/\/objectif-image.fr\/OI\/wp-content\/uploads\/2021\/06\/Gerard-diebold-00463-1024x1024.jpg 1024w, https:\/\/objectif-image.fr\/OI\/wp-content\/uploads\/2021\/06\/Gerard-diebold-00463-100x100.jpg 100w, https:\/\/objectif-image.fr\/OI\/wp-content\/uploads\/2021\/06\/Gerard-diebold-00463-400x400.jpg 400w, https:\/\/objectif-image.fr\/OI\/wp-content\/uploads\/2021\/06\/Gerard-diebold-00463-300x300.jpg 300w, https:\/\/objectif-image.fr\/OI\/wp-content\/uploads\/2021\/06\/Gerard-diebold-00463-150x150.jpg 150w, https:\/\/objectif-image.fr\/OI\/wp-content\/uploads\/2021\/06\/Gerard-diebold-00463-768x768.jpg 768w, https:\/\/objectif-image.fr\/OI\/wp-content\/uploads\/2021\/06\/Gerard-diebold-00463-1536x1536.jpg 1536w, https:\/\/objectif-image.fr\/OI\/wp-content\/uploads\/2021\/06\/Gerard-diebold-00463-80x80.jpg 80w, https:\/\/objectif-image.fr\/OI\/wp-content\/uploads\/2021\/06\/Gerard-diebold-00463-320x320.jpg 320w, https:\/\/objectif-image.fr\/OI\/wp-content\/uploads\/2021\/06\/Gerard-diebold-00463-1320x1320.jpg 1320w, https:\/\/objectif-image.fr\/OI\/wp-content\/uploads\/2021\/06\/Gerard-diebold-00463-398x398.jpg 398w, https:\/\/objectif-image.fr\/OI\/wp-content\/uploads\/2021\/06\/Gerard-diebold-00463.jpg 1920w\" sizes=\"auto, (max-width: 1024px) 100vw, 1024px\" \/><\/figure><\/li><li class=\"blocks-gallery-item\"><figure><img loading=\"lazy\" decoding=\"async\" width=\"1024\" height=\"1024\" src=\"https:\/\/objectif-image.fr\/OI\/wp-content\/uploads\/2021\/06\/Gerard-diebold-3856-1024x1024.jpg\" alt=\"\" data-id=\"34595\" data-link=\"https:\/\/objectif-image.fr\/OI\/?attachment_id=34595\" class=\"wp-image-34595\" srcset=\"https:\/\/objectif-image.fr\/OI\/wp-content\/uploads\/2021\/06\/Gerard-diebold-3856-1024x1024.jpg 1024w, https:\/\/objectif-image.fr\/OI\/wp-content\/uploads\/2021\/06\/Gerard-diebold-3856-100x100.jpg 100w, https:\/\/objectif-image.fr\/OI\/wp-content\/uploads\/2021\/06\/Gerard-diebold-3856-400x400.jpg 400w, https:\/\/objectif-image.fr\/OI\/wp-content\/uploads\/2021\/06\/Gerard-diebold-3856-300x300.jpg 300w, https:\/\/objectif-image.fr\/OI\/wp-content\/uploads\/2021\/06\/Gerard-diebold-3856-150x150.jpg 150w, https:\/\/objectif-image.fr\/OI\/wp-content\/uploads\/2021\/06\/Gerard-diebold-3856-768x768.jpg 768w, https:\/\/objectif-image.fr\/OI\/wp-content\/uploads\/2021\/06\/Gerard-diebold-3856-1536x1536.jpg 1536w, https:\/\/objectif-image.fr\/OI\/wp-content\/uploads\/2021\/06\/Gerard-diebold-3856-80x80.jpg 80w, https:\/\/objectif-image.fr\/OI\/wp-content\/uploads\/2021\/06\/Gerard-diebold-3856-320x320.jpg 320w, https:\/\/objectif-image.fr\/OI\/wp-content\/uploads\/2021\/06\/Gerard-diebold-3856-1320x1320.jpg 1320w, https:\/\/objectif-image.fr\/OI\/wp-content\/uploads\/2021\/06\/Gerard-diebold-3856-398x398.jpg 398w, https:\/\/objectif-image.fr\/OI\/wp-content\/uploads\/2021\/06\/Gerard-diebold-3856.jpg 1920w\" sizes=\"auto, (max-width: 1024px) 100vw, 1024px\" \/><\/figure><\/li><li class=\"blocks-gallery-item\"><figure><img loading=\"lazy\" decoding=\"async\" width=\"768\" height=\"1024\" src=\"https:\/\/objectif-image.fr\/OI\/wp-content\/uploads\/2021\/06\/Gerard-diebold-2445-768x1024.jpg\" alt=\"\" data-id=\"34596\" data-full-url=\"https:\/\/objectif-image.fr\/OI\/wp-content\/uploads\/2021\/06\/Gerard-diebold-2445.jpg\" data-link=\"https:\/\/objectif-image.fr\/OI\/?attachment_id=34596\" class=\"wp-image-34596\" srcset=\"https:\/\/objectif-image.fr\/OI\/wp-content\/uploads\/2021\/06\/Gerard-diebold-2445-768x1024.jpg 768w, https:\/\/objectif-image.fr\/OI\/wp-content\/uploads\/2021\/06\/Gerard-diebold-2445-400x533.jpg 400w, https:\/\/objectif-image.fr\/OI\/wp-content\/uploads\/2021\/06\/Gerard-diebold-2445-225x300.jpg 225w, https:\/\/objectif-image.fr\/OI\/wp-content\/uploads\/2021\/06\/Gerard-diebold-2445-113x150.jpg 113w, https:\/\/objectif-image.fr\/OI\/wp-content\/uploads\/2021\/06\/Gerard-diebold-2445-75x100.jpg 75w, https:\/\/objectif-image.fr\/OI\/wp-content\/uploads\/2021\/06\/Gerard-diebold-2445-1152x1536.jpg 1152w, https:\/\/objectif-image.fr\/OI\/wp-content\/uploads\/2021\/06\/Gerard-diebold-2445-1320x1760.jpg 1320w, https:\/\/objectif-image.fr\/OI\/wp-content\/uploads\/2021\/06\/Gerard-diebold-2445-398x531.jpg 398w, https:\/\/objectif-image.fr\/OI\/wp-content\/uploads\/2021\/06\/Gerard-diebold-2445.jpg 1440w\" sizes=\"auto, (max-width: 768px) 100vw, 768px\" \/><\/figure><\/li><li class=\"blocks-gallery-item\"><figure><img loading=\"lazy\" decoding=\"async\" width=\"683\" height=\"1024\" src=\"https:\/\/objectif-image.fr\/OI\/wp-content\/uploads\/2021\/06\/Gerard-diebold-8993-683x1024.jpg\" alt=\"\" data-id=\"34597\" data-full-url=\"https:\/\/objectif-image.fr\/OI\/wp-content\/uploads\/2021\/06\/Gerard-diebold-8993.jpg\" data-link=\"https:\/\/objectif-image.fr\/OI\/?attachment_id=34597\" class=\"wp-image-34597\" srcset=\"https:\/\/objectif-image.fr\/OI\/wp-content\/uploads\/2021\/06\/Gerard-diebold-8993-683x1024.jpg 683w, https:\/\/objectif-image.fr\/OI\/wp-content\/uploads\/2021\/06\/Gerard-diebold-8993-400x600.jpg 400w, https:\/\/objectif-image.fr\/OI\/wp-content\/uploads\/2021\/06\/Gerard-diebold-8993-200x300.jpg 200w, https:\/\/objectif-image.fr\/OI\/wp-content\/uploads\/2021\/06\/Gerard-diebold-8993-100x150.jpg 100w, https:\/\/objectif-image.fr\/OI\/wp-content\/uploads\/2021\/06\/Gerard-diebold-8993-768x1152.jpg 768w, https:\/\/objectif-image.fr\/OI\/wp-content\/uploads\/2021\/06\/Gerard-diebold-8993-67x100.jpg 67w, https:\/\/objectif-image.fr\/OI\/wp-content\/uploads\/2021\/06\/Gerard-diebold-8993-1024x1536.jpg 1024w, https:\/\/objectif-image.fr\/OI\/wp-content\/uploads\/2021\/06\/Gerard-diebold-8993-398x597.jpg 398w, https:\/\/objectif-image.fr\/OI\/wp-content\/uploads\/2021\/06\/Gerard-diebold-8993.jpg 1280w\" sizes=\"auto, (max-width: 683px) 100vw, 683px\" \/><\/figure><\/li><\/ul><\/figure>\n","protected":false},"excerpt":{"rendered":"<p>Questions de Temps, notre th\u00e8me de l&rsquo;ann\u00e9e G\u00e9rard DIEBOLD &#8211; Objectif Image Lempdes (climat63)<\/p>\n","protected":false},"author":3,"featured_media":34594,"comment_status":"closed","ping_status":"closed","sticky":false,"template":"","format":"standard","meta":{"_acf_changed":false,"footnotes":""},"categories":[357],"tags":[281],"class_list":["post-34588","post","type-post","status-publish","format-standard","has-post-thumbnail","hentry","category-question-de-temps","tag-objectif-image-lempdes"],"acf":[],"yoast_head":"<!-- This site is optimized with the Yoast SEO plugin v27.4 - https:\/\/yoast.com\/product\/yoast-seo-wordpress\/ -->\n<title>Question de Temps - G\u00e9rard Diebold - Objectif Image<\/title>\n<meta name=\"robots\" content=\"index, follow, max-snippet:-1, max-image-preview:large, max-video-preview:-1\" \/>\n<link rel=\"canonical\" href=\"https:\/\/objectif-image.fr\/OI\/question-de-temps-gerard-diebold-2\/\" \/>\n<meta property=\"og:locale\" content=\"fr_FR\" \/>\n<meta property=\"og:type\" content=\"article\" \/>\n<meta property=\"og:title\" content=\"Question de Temps - G\u00e9rard Diebold - Objectif Image\" \/>\n<meta property=\"og:description\" content=\"Questions de Temps, notre th\u00e8me de l&rsquo;ann\u00e9e G\u00e9rard DIEBOLD &#8211; Objectif Image Lempdes (climat63)\" \/>\n<meta property=\"og:url\" content=\"https:\/\/objectif-image.fr\/OI\/question-de-temps-gerard-diebold-2\/\" \/>\n<meta property=\"og:site_name\" content=\"Objectif Image\" \/>\n<meta property=\"article:publisher\" content=\"https:\/\/www.facebook.com\/Objectif.mage\" \/>\n<meta property=\"article:published_time\" content=\"2021-06-13T04:59:00+00:00\" \/>\n<meta property=\"og:image\" content=\"https:\/\/objectif-image.fr\/OI\/wp-content\/uploads\/2021\/06\/Gerard-diebold-.jpg\" \/>\n\t<meta property=\"og:image:width\" content=\"1920\" \/>\n\t<meta property=\"og:image:height\" content=\"1282\" \/>\n\t<meta property=\"og:image:type\" content=\"image\/jpeg\" \/>\n<meta name=\"author\" content=\"Pierre S\" \/>\n<meta name=\"twitter:card\" content=\"summary_large_image\" \/>\n<meta name=\"twitter:label1\" content=\"\u00c9crit par\" \/>\n\t<meta name=\"twitter:data1\" content=\"Pierre S\" \/>\n\t<meta name=\"twitter:label2\" content=\"Dur\u00e9e de lecture estim\u00e9e\" \/>\n\t<meta name=\"twitter:data2\" content=\"2 minutes\" \/>\n<script type=\"application\/ld+json\" class=\"yoast-schema-graph\">{\"@context\":\"https:\\\/\\\/schema.org\",\"@graph\":[{\"@type\":\"Article\",\"@id\":\"https:\\\/\\\/objectif-image.fr\\\/OI\\\/question-de-temps-gerard-diebold-2\\\/#article\",\"isPartOf\":{\"@id\":\"https:\\\/\\\/objectif-image.fr\\\/OI\\\/question-de-temps-gerard-diebold-2\\\/\"},\"author\":{\"name\":\"Pierre S\",\"@id\":\"https:\\\/\\\/objectif-image.fr\\\/OI\\\/#\\\/schema\\\/person\\\/813c64cc2f0c70450ca653f2e80a6515\"},\"headline\":\"Question de Temps &#8211; G\u00e9rard Diebold\",\"datePublished\":\"2021-06-13T04:59:00+00:00\",\"mainEntityOfPage\":{\"@id\":\"https:\\\/\\\/objectif-image.fr\\\/OI\\\/question-de-temps-gerard-diebold-2\\\/\"},\"wordCount\":25,\"publisher\":{\"@id\":\"https:\\\/\\\/objectif-image.fr\\\/OI\\\/#organization\"},\"image\":{\"@id\":\"https:\\\/\\\/objectif-image.fr\\\/OI\\\/question-de-temps-gerard-diebold-2\\\/#primaryimage\"},\"thumbnailUrl\":\"https:\\\/\\\/objectif-image.fr\\\/OI\\\/wp-content\\\/uploads\\\/2021\\\/06\\\/Gerard-diebold-.jpg\",\"keywords\":[\"Objectif Image Lempdes\"],\"articleSection\":[\"Question de temps\"],\"inLanguage\":\"fr-FR\"},{\"@type\":\"WebPage\",\"@id\":\"https:\\\/\\\/objectif-image.fr\\\/OI\\\/question-de-temps-gerard-diebold-2\\\/\",\"url\":\"https:\\\/\\\/objectif-image.fr\\\/OI\\\/question-de-temps-gerard-diebold-2\\\/\",\"name\":\"Question de Temps - G\u00e9rard Diebold - Objectif Image\",\"isPartOf\":{\"@id\":\"https:\\\/\\\/objectif-image.fr\\\/OI\\\/#website\"},\"primaryImageOfPage\":{\"@id\":\"https:\\\/\\\/objectif-image.fr\\\/OI\\\/question-de-temps-gerard-diebold-2\\\/#primaryimage\"},\"image\":{\"@id\":\"https:\\\/\\\/objectif-image.fr\\\/OI\\\/question-de-temps-gerard-diebold-2\\\/#primaryimage\"},\"thumbnailUrl\":\"https:\\\/\\\/objectif-image.fr\\\/OI\\\/wp-content\\\/uploads\\\/2021\\\/06\\\/Gerard-diebold-.jpg\",\"datePublished\":\"2021-06-13T04:59:00+00:00\",\"breadcrumb\":{\"@id\":\"https:\\\/\\\/objectif-image.fr\\\/OI\\\/question-de-temps-gerard-diebold-2\\\/#breadcrumb\"},\"inLanguage\":\"fr-FR\",\"potentialAction\":[{\"@type\":\"ReadAction\",\"target\":[\"https:\\\/\\\/objectif-image.fr\\\/OI\\\/question-de-temps-gerard-diebold-2\\\/\"]}]},{\"@type\":\"ImageObject\",\"inLanguage\":\"fr-FR\",\"@id\":\"https:\\\/\\\/objectif-image.fr\\\/OI\\\/question-de-temps-gerard-diebold-2\\\/#primaryimage\",\"url\":\"https:\\\/\\\/objectif-image.fr\\\/OI\\\/wp-content\\\/uploads\\\/2021\\\/06\\\/Gerard-diebold-.jpg\",\"contentUrl\":\"https:\\\/\\\/objectif-image.fr\\\/OI\\\/wp-content\\\/uploads\\\/2021\\\/06\\\/Gerard-diebold-.jpg\",\"width\":1920,\"height\":1282},{\"@type\":\"BreadcrumbList\",\"@id\":\"https:\\\/\\\/objectif-image.fr\\\/OI\\\/question-de-temps-gerard-diebold-2\\\/#breadcrumb\",\"itemListElement\":[{\"@type\":\"ListItem\",\"position\":1,\"name\":\"Accueil\",\"item\":\"https:\\\/\\\/objectif-image.fr\\\/OI\\\/\"},{\"@type\":\"ListItem\",\"position\":2,\"name\":\"Question de Temps &#8211; G\u00e9rard Diebold\"}]},{\"@type\":\"WebSite\",\"@id\":\"https:\\\/\\\/objectif-image.fr\\\/OI\\\/#website\",\"url\":\"https:\\\/\\\/objectif-image.fr\\\/OI\\\/\",\"name\":\"Objectif Image\",\"description\":\"Objectif Image\",\"publisher\":{\"@id\":\"https:\\\/\\\/objectif-image.fr\\\/OI\\\/#organization\"},\"potentialAction\":[{\"@type\":\"SearchAction\",\"target\":{\"@type\":\"EntryPoint\",\"urlTemplate\":\"https:\\\/\\\/objectif-image.fr\\\/OI\\\/?s={search_term_string}\"},\"query-input\":{\"@type\":\"PropertyValueSpecification\",\"valueRequired\":true,\"valueName\":\"search_term_string\"}}],\"inLanguage\":\"fr-FR\"},{\"@type\":\"Organization\",\"@id\":\"https:\\\/\\\/objectif-image.fr\\\/OI\\\/#organization\",\"name\":\"Objectif Image\",\"url\":\"https:\\\/\\\/objectif-image.fr\\\/OI\\\/\",\"logo\":{\"@type\":\"ImageObject\",\"inLanguage\":\"fr-FR\",\"@id\":\"https:\\\/\\\/objectif-image.fr\\\/OI\\\/#\\\/schema\\\/logo\\\/image\\\/\",\"url\":\"https:\\\/\\\/objectif-image.fr\\\/OI\\\/wp-content\\\/uploads\\\/2019\\\/02\\\/logo-OI-NATIONAL-rouge-2000px.jpg\",\"contentUrl\":\"https:\\\/\\\/objectif-image.fr\\\/OI\\\/wp-content\\\/uploads\\\/2019\\\/02\\\/logo-OI-NATIONAL-rouge-2000px.jpg\",\"width\":1081,\"height\":1024,\"caption\":\"Objectif Image\"},\"image\":{\"@id\":\"https:\\\/\\\/objectif-image.fr\\\/OI\\\/#\\\/schema\\\/logo\\\/image\\\/\"},\"sameAs\":[\"https:\\\/\\\/www.facebook.com\\\/Objectif.mage\"]},{\"@type\":\"Person\",\"@id\":\"https:\\\/\\\/objectif-image.fr\\\/OI\\\/#\\\/schema\\\/person\\\/813c64cc2f0c70450ca653f2e80a6515\",\"name\":\"Pierre S\",\"image\":{\"@type\":\"ImageObject\",\"inLanguage\":\"fr-FR\",\"@id\":\"https:\\\/\\\/secure.gravatar.com\\\/avatar\\\/6d1df1cb0bf58ef7d330b8910acfe62e7fbc0c2138564189224f85869b953674?s=96&d=mm&r=g\",\"url\":\"https:\\\/\\\/secure.gravatar.com\\\/avatar\\\/6d1df1cb0bf58ef7d330b8910acfe62e7fbc0c2138564189224f85869b953674?s=96&d=mm&r=g\",\"contentUrl\":\"https:\\\/\\\/secure.gravatar.com\\\/avatar\\\/6d1df1cb0bf58ef7d330b8910acfe62e7fbc0c2138564189224f85869b953674?s=96&d=mm&r=g\",\"caption\":\"Pierre S\"},\"url\":\"https:\\\/\\\/objectif-image.fr\\\/OI\\\/author\\\/pierres-2-2\\\/\"}]}<\/script>\n<!-- \/ Yoast SEO plugin. -->","yoast_head_json":{"title":"Question de Temps - G\u00e9rard Diebold - Objectif Image","robots":{"index":"index","follow":"follow","max-snippet":"max-snippet:-1","max-image-preview":"max-image-preview:large","max-video-preview":"max-video-preview:-1"},"canonical":"https:\/\/objectif-image.fr\/OI\/question-de-temps-gerard-diebold-2\/","og_locale":"fr_FR","og_type":"article","og_title":"Question de Temps - G\u00e9rard Diebold - Objectif Image","og_description":"Questions de Temps, notre th\u00e8me de l&rsquo;ann\u00e9e G\u00e9rard DIEBOLD &#8211; Objectif Image Lempdes (climat63)","og_url":"https:\/\/objectif-image.fr\/OI\/question-de-temps-gerard-diebold-2\/","og_site_name":"Objectif Image","article_publisher":"https:\/\/www.facebook.com\/Objectif.mage","article_published_time":"2021-06-13T04:59:00+00:00","og_image":[{"width":1920,"height":1282,"url":"https:\/\/objectif-image.fr\/OI\/wp-content\/uploads\/2021\/06\/Gerard-diebold-.jpg","type":"image\/jpeg"}],"author":"Pierre S","twitter_card":"summary_large_image","twitter_misc":{"\u00c9crit par":"Pierre S","Dur\u00e9e de lecture estim\u00e9e":"2 minutes"},"schema":{"@context":"https:\/\/schema.org","@graph":[{"@type":"Article","@id":"https:\/\/objectif-image.fr\/OI\/question-de-temps-gerard-diebold-2\/#article","isPartOf":{"@id":"https:\/\/objectif-image.fr\/OI\/question-de-temps-gerard-diebold-2\/"},"author":{"name":"Pierre S","@id":"https:\/\/objectif-image.fr\/OI\/#\/schema\/person\/813c64cc2f0c70450ca653f2e80a6515"},"headline":"Question de Temps &#8211; G\u00e9rard Diebold","datePublished":"2021-06-13T04:59:00+00:00","mainEntityOfPage":{"@id":"https:\/\/objectif-image.fr\/OI\/question-de-temps-gerard-diebold-2\/"},"wordCount":25,"publisher":{"@id":"https:\/\/objectif-image.fr\/OI\/#organization"},"image":{"@id":"https:\/\/objectif-image.fr\/OI\/question-de-temps-gerard-diebold-2\/#primaryimage"},"thumbnailUrl":"https:\/\/objectif-image.fr\/OI\/wp-content\/uploads\/2021\/06\/Gerard-diebold-.jpg","keywords":["Objectif Image Lempdes"],"articleSection":["Question de temps"],"inLanguage":"fr-FR"},{"@type":"WebPage","@id":"https:\/\/objectif-image.fr\/OI\/question-de-temps-gerard-diebold-2\/","url":"https:\/\/objectif-image.fr\/OI\/question-de-temps-gerard-diebold-2\/","name":"Question de Temps - G\u00e9rard Diebold - Objectif Image","isPartOf":{"@id":"https:\/\/objectif-image.fr\/OI\/#website"},"primaryImageOfPage":{"@id":"https:\/\/objectif-image.fr\/OI\/question-de-temps-gerard-diebold-2\/#primaryimage"},"image":{"@id":"https:\/\/objectif-image.fr\/OI\/question-de-temps-gerard-diebold-2\/#primaryimage"},"thumbnailUrl":"https:\/\/objectif-image.fr\/OI\/wp-content\/uploads\/2021\/06\/Gerard-diebold-.jpg","datePublished":"2021-06-13T04:59:00+00:00","breadcrumb":{"@id":"https:\/\/objectif-image.fr\/OI\/question-de-temps-gerard-diebold-2\/#breadcrumb"},"inLanguage":"fr-FR","potentialAction":[{"@type":"ReadAction","target":["https:\/\/objectif-image.fr\/OI\/question-de-temps-gerard-diebold-2\/"]}]},{"@type":"ImageObject","inLanguage":"fr-FR","@id":"https:\/\/objectif-image.fr\/OI\/question-de-temps-gerard-diebold-2\/#primaryimage","url":"https:\/\/objectif-image.fr\/OI\/wp-content\/uploads\/2021\/06\/Gerard-diebold-.jpg","contentUrl":"https:\/\/objectif-image.fr\/OI\/wp-content\/uploads\/2021\/06\/Gerard-diebold-.jpg","width":1920,"height":1282},{"@type":"BreadcrumbList","@id":"https:\/\/objectif-image.fr\/OI\/question-de-temps-gerard-diebold-2\/#breadcrumb","itemListElement":[{"@type":"ListItem","position":1,"name":"Accueil","item":"https:\/\/objectif-image.fr\/OI\/"},{"@type":"ListItem","position":2,"name":"Question de Temps &#8211; G\u00e9rard Diebold"}]},{"@type":"WebSite","@id":"https:\/\/objectif-image.fr\/OI\/#website","url":"https:\/\/objectif-image.fr\/OI\/","name":"Objectif Image","description":"Objectif Image","publisher":{"@id":"https:\/\/objectif-image.fr\/OI\/#organization"},"potentialAction":[{"@type":"SearchAction","target":{"@type":"EntryPoint","urlTemplate":"https:\/\/objectif-image.fr\/OI\/?s={search_term_string}"},"query-input":{"@type":"PropertyValueSpecification","valueRequired":true,"valueName":"search_term_string"}}],"inLanguage":"fr-FR"},{"@type":"Organization","@id":"https:\/\/objectif-image.fr\/OI\/#organization","name":"Objectif Image","url":"https:\/\/objectif-image.fr\/OI\/","logo":{"@type":"ImageObject","inLanguage":"fr-FR","@id":"https:\/\/objectif-image.fr\/OI\/#\/schema\/logo\/image\/","url":"https:\/\/objectif-image.fr\/OI\/wp-content\/uploads\/2019\/02\/logo-OI-NATIONAL-rouge-2000px.jpg","contentUrl":"https:\/\/objectif-image.fr\/OI\/wp-content\/uploads\/2019\/02\/logo-OI-NATIONAL-rouge-2000px.jpg","width":1081,"height":1024,"caption":"Objectif Image"},"image":{"@id":"https:\/\/objectif-image.fr\/OI\/#\/schema\/logo\/image\/"},"sameAs":["https:\/\/www.facebook.com\/Objectif.mage"]},{"@type":"Person","@id":"https:\/\/objectif-image.fr\/OI\/#\/schema\/person\/813c64cc2f0c70450ca653f2e80a6515","name":"Pierre S","image":{"@type":"ImageObject","inLanguage":"fr-FR","@id":"https:\/\/secure.gravatar.com\/avatar\/6d1df1cb0bf58ef7d330b8910acfe62e7fbc0c2138564189224f85869b953674?s=96&d=mm&r=g","url":"https:\/\/secure.gravatar.com\/avatar\/6d1df1cb0bf58ef7d330b8910acfe62e7fbc0c2138564189224f85869b953674?s=96&d=mm&r=g","contentUrl":"https:\/\/secure.gravatar.com\/avatar\/6d1df1cb0bf58ef7d330b8910acfe62e7fbc0c2138564189224f85869b953674?s=96&d=mm&r=g","caption":"Pierre S"},"url":"https:\/\/objectif-image.fr\/OI\/author\/pierres-2-2\/"}]}},"_links":{"self":[{"href":"https:\/\/objectif-image.fr\/OI\/wp-json\/wp\/v2\/posts\/34588","targetHints":{"allow":["GET"]}}],"collection":[{"href":"https:\/\/objectif-image.fr\/OI\/wp-json\/wp\/v2\/posts"}],"about":[{"href":"https:\/\/objectif-image.fr\/OI\/wp-json\/wp\/v2\/types\/post"}],"author":[{"embeddable":true,"href":"https:\/\/objectif-image.fr\/OI\/wp-json\/wp\/v2\/users\/3"}],"replies":[{"embeddable":true,"href":"https:\/\/objectif-image.fr\/OI\/wp-json\/wp\/v2\/comments?post=34588"}],"version-history":[{"count":0,"href":"https:\/\/objectif-image.fr\/OI\/wp-json\/wp\/v2\/posts\/34588\/revisions"}],"wp:featuredmedia":[{"embeddable":true,"href":"https:\/\/objectif-image.fr\/OI\/wp-json\/wp\/v2\/media\/34594"}],"wp:attachment":[{"href":"https:\/\/objectif-image.fr\/OI\/wp-json\/wp\/v2\/media?parent=34588"}],"wp:term":[{"taxonomy":"category","embeddable":true,"href":"https:\/\/objectif-image.fr\/OI\/wp-json\/wp\/v2\/categories?post=34588"},{"taxonomy":"post_tag","embeddable":true,"href":"https:\/\/objectif-image.fr\/OI\/wp-json\/wp\/v2\/tags?post=34588"}],"curies":[{"name":"wp","href":"https:\/\/api.w.org\/{rel}","templated":true}]}}