{"id":36161,"date":"2021-09-22T06:04:00","date_gmt":"2021-09-22T04:04:00","guid":{"rendered":"https:\/\/objectif-image.fr\/OI\/?p=36161"},"modified":"2021-09-18T17:07:32","modified_gmt":"2021-09-18T15:07:32","slug":"festival-photo-regart-gruissan","status":"publish","type":"post","link":"https:\/\/objectif-image.fr\/OI\/festival-photo-regart-gruissan\/","title":{"rendered":"Festival Photo Reg&rsquo;Art &#8211; Gruissan"},"content":{"rendered":"\n<p class=\"has-black-color has-text-color has-background\" style=\"background-color:#cae3f3;font-size:clamp(16.293px, 1.018rem + ((1vw - 3.2px) * 0.67), 25px);\"><strong>Le club Reg&rsquo;art de Gruissan<\/strong> a rejoint Objectif Image en d\u00e9but d&rsquo;ann\u00e9e. Ils organisent un festival photo les <strong>2 et 3 octobre<\/strong> au Palais des Congr\u00e8s de Gruissan.<\/p>\n\n\n\n<p class=\"has-black-color has-text-color\" style=\"font-size:clamp(14.642px, 0.915rem + ((1vw - 3.2px) * 0.566), 22px);\"><em>Le Festival Photo du Club <strong>Reg\u2019art<\/strong> , vous invite en terre artistique le temps d\u2019un week-end.<br>Des photographes, professionnels ou amateurs, exposent leurs \u0153uvres au sein du Palais des Congr\u00e8s, des sorties ornithologiques vous permettront de d\u00e9couvrir et de photographier les oiseaux de la r\u00e9gion, et des animations seront propos\u00e9es pour petits et grands.<br>Le parrain de cette \u00e9dition 2021 est <strong>Serge GUIRAUD<\/strong>, photographe, r\u00e9alisateur de films documentaires et ethnographe, sp\u00e9cialiste de la culture mat\u00e9rielle des Am\u00e9rindiens du Br\u00e9sil. La conf\u00e9rence qu\u2019il proposera le vendredi soir donnera \u00e0 voir son travail r\u00e9alis\u00e9 lors des missions en immersion dans les cultures tribales du Br\u00e9sil central.<\/em><\/p>\n\n\n\n<figure class=\"wp-block-image alignwide size-large\"><img loading=\"lazy\" decoding=\"async\" width=\"1024\" height=\"680\" src=\"https:\/\/objectif-image.fr\/OI\/wp-content\/uploads\/2021\/09\/flutes-wupu-1024x680.jpg\" alt=\"\" class=\"wp-image-36166\" srcset=\"https:\/\/objectif-image.fr\/OI\/wp-content\/uploads\/2021\/09\/flutes-wupu-1024x680.jpg 1024w, https:\/\/objectif-image.fr\/OI\/wp-content\/uploads\/2021\/09\/flutes-wupu-400x266.jpg 400w, https:\/\/objectif-image.fr\/OI\/wp-content\/uploads\/2021\/09\/flutes-wupu-150x100.jpg 150w, https:\/\/objectif-image.fr\/OI\/wp-content\/uploads\/2021\/09\/flutes-wupu-300x199.jpg 300w, https:\/\/objectif-image.fr\/OI\/wp-content\/uploads\/2021\/09\/flutes-wupu-768x510.jpg 768w, https:\/\/objectif-image.fr\/OI\/wp-content\/uploads\/2021\/09\/flutes-wupu-100x66.jpg 100w, https:\/\/objectif-image.fr\/OI\/wp-content\/uploads\/2021\/09\/flutes-wupu-1320x876.jpg 1320w, https:\/\/objectif-image.fr\/OI\/wp-content\/uploads\/2021\/09\/flutes-wupu-398x264.jpg 398w, https:\/\/objectif-image.fr\/OI\/wp-content\/uploads\/2021\/09\/flutes-wupu.jpg 1500w\" sizes=\"auto, (max-width: 1024px) 100vw, 1024px\" \/><figcaption>fl\u00fbtes w\u00fcp\u00fc &#8211; Serge GUIRAUD<\/figcaption><\/figure>\n\n\n\n<figure class=\"wp-block-gallery alignwide columns-2 is-cropped wp-block-gallery-2 is-layout-flex wp-block-gallery-is-layout-flex\"><ul class=\"blocks-gallery-grid\"><li class=\"blocks-gallery-item\"><figure><img loading=\"lazy\" decoding=\"async\" width=\"436\" height=\"839\" src=\"https:\/\/objectif-image.fr\/OI\/wp-content\/uploads\/2021\/09\/Capture-decran-2021-09-04-164153.jpg\" alt=\"\" data-id=\"36162\" data-full-url=\"https:\/\/objectif-image.fr\/OI\/wp-content\/uploads\/2021\/09\/Capture-decran-2021-09-04-164153.jpg\" data-link=\"https:\/\/objectif-image.fr\/OI\/?attachment_id=36162\" class=\"wp-image-36162\" srcset=\"https:\/\/objectif-image.fr\/OI\/wp-content\/uploads\/2021\/09\/Capture-decran-2021-09-04-164153.jpg 436w, https:\/\/objectif-image.fr\/OI\/wp-content\/uploads\/2021\/09\/Capture-decran-2021-09-04-164153-400x770.jpg 400w, https:\/\/objectif-image.fr\/OI\/wp-content\/uploads\/2021\/09\/Capture-decran-2021-09-04-164153-156x300.jpg 156w, https:\/\/objectif-image.fr\/OI\/wp-content\/uploads\/2021\/09\/Capture-decran-2021-09-04-164153-78x150.jpg 78w, https:\/\/objectif-image.fr\/OI\/wp-content\/uploads\/2021\/09\/Capture-decran-2021-09-04-164153-52x100.jpg 52w, https:\/\/objectif-image.fr\/OI\/wp-content\/uploads\/2021\/09\/Capture-decran-2021-09-04-164153-398x766.jpg 398w\" sizes=\"auto, (max-width: 436px) 100vw, 436px\" \/><\/figure><\/li><li class=\"blocks-gallery-item\"><figure><img loading=\"lazy\" decoding=\"async\" width=\"432\" height=\"838\" src=\"https:\/\/objectif-image.fr\/OI\/wp-content\/uploads\/2021\/09\/Capture-decran-2021-09-04-164221.jpg\" alt=\"\" data-id=\"36163\" data-full-url=\"https:\/\/objectif-image.fr\/OI\/wp-content\/uploads\/2021\/09\/Capture-decran-2021-09-04-164221.jpg\" data-link=\"https:\/\/objectif-image.fr\/OI\/?attachment_id=36163\" class=\"wp-image-36163\" srcset=\"https:\/\/objectif-image.fr\/OI\/wp-content\/uploads\/2021\/09\/Capture-decran-2021-09-04-164221.jpg 432w, https:\/\/objectif-image.fr\/OI\/wp-content\/uploads\/2021\/09\/Capture-decran-2021-09-04-164221-400x776.jpg 400w, https:\/\/objectif-image.fr\/OI\/wp-content\/uploads\/2021\/09\/Capture-decran-2021-09-04-164221-155x300.jpg 155w, https:\/\/objectif-image.fr\/OI\/wp-content\/uploads\/2021\/09\/Capture-decran-2021-09-04-164221-77x150.jpg 77w, https:\/\/objectif-image.fr\/OI\/wp-content\/uploads\/2021\/09\/Capture-decran-2021-09-04-164221-52x100.jpg 52w, https:\/\/objectif-image.fr\/OI\/wp-content\/uploads\/2021\/09\/Capture-decran-2021-09-04-164221-398x772.jpg 398w\" sizes=\"auto, (max-width: 432px) 100vw, 432px\" \/><\/figure><\/li><li class=\"blocks-gallery-item\"><figure><img loading=\"lazy\" decoding=\"async\" width=\"432\" height=\"838\" src=\"https:\/\/objectif-image.fr\/OI\/wp-content\/uploads\/2021\/09\/Capture-decran-2021-09-04-164245.jpg\" alt=\"\" data-id=\"36164\" data-full-url=\"https:\/\/objectif-image.fr\/OI\/wp-content\/uploads\/2021\/09\/Capture-decran-2021-09-04-164245.jpg\" data-link=\"https:\/\/objectif-image.fr\/OI\/?attachment_id=36164\" class=\"wp-image-36164\" srcset=\"https:\/\/objectif-image.fr\/OI\/wp-content\/uploads\/2021\/09\/Capture-decran-2021-09-04-164245.jpg 432w, https:\/\/objectif-image.fr\/OI\/wp-content\/uploads\/2021\/09\/Capture-decran-2021-09-04-164245-400x776.jpg 400w, https:\/\/objectif-image.fr\/OI\/wp-content\/uploads\/2021\/09\/Capture-decran-2021-09-04-164245-155x300.jpg 155w, https:\/\/objectif-image.fr\/OI\/wp-content\/uploads\/2021\/09\/Capture-decran-2021-09-04-164245-77x150.jpg 77w, https:\/\/objectif-image.fr\/OI\/wp-content\/uploads\/2021\/09\/Capture-decran-2021-09-04-164245-52x100.jpg 52w, https:\/\/objectif-image.fr\/OI\/wp-content\/uploads\/2021\/09\/Capture-decran-2021-09-04-164245-398x772.jpg 398w\" sizes=\"auto, (max-width: 432px) 100vw, 432px\" \/><\/figure><\/li><li class=\"blocks-gallery-item\"><figure><img loading=\"lazy\" decoding=\"async\" width=\"432\" height=\"838\" src=\"https:\/\/objectif-image.fr\/OI\/wp-content\/uploads\/2021\/09\/Capture-decran-2021-09-04-164319.jpg\" alt=\"\" data-id=\"36165\" data-full-url=\"https:\/\/objectif-image.fr\/OI\/wp-content\/uploads\/2021\/09\/Capture-decran-2021-09-04-164319.jpg\" data-link=\"https:\/\/objectif-image.fr\/OI\/?attachment_id=36165\" class=\"wp-image-36165\" srcset=\"https:\/\/objectif-image.fr\/OI\/wp-content\/uploads\/2021\/09\/Capture-decran-2021-09-04-164319.jpg 432w, https:\/\/objectif-image.fr\/OI\/wp-content\/uploads\/2021\/09\/Capture-decran-2021-09-04-164319-400x776.jpg 400w, https:\/\/objectif-image.fr\/OI\/wp-content\/uploads\/2021\/09\/Capture-decran-2021-09-04-164319-155x300.jpg 155w, https:\/\/objectif-image.fr\/OI\/wp-content\/uploads\/2021\/09\/Capture-decran-2021-09-04-164319-77x150.jpg 77w, https:\/\/objectif-image.fr\/OI\/wp-content\/uploads\/2021\/09\/Capture-decran-2021-09-04-164319-52x100.jpg 52w, https:\/\/objectif-image.fr\/OI\/wp-content\/uploads\/2021\/09\/Capture-decran-2021-09-04-164319-398x772.jpg 398w\" sizes=\"auto, (max-width: 432px) 100vw, 432px\" \/><\/figure><\/li><\/ul><\/figure>\n\n\n\n<figure class=\"wp-block-image alignwide size-full\"><img loading=\"lazy\" decoding=\"async\" width=\"1000\" height=\"1000\" src=\"https:\/\/objectif-image.fr\/OI\/wp-content\/uploads\/2021\/09\/Autour-du-lac-Expo-Festival-photo-Gruissan.jpg\" alt=\"\" class=\"wp-image-36167\" srcset=\"https:\/\/objectif-image.fr\/OI\/wp-content\/uploads\/2021\/09\/Autour-du-lac-Expo-Festival-photo-Gruissan.jpg 1000w, https:\/\/objectif-image.fr\/OI\/wp-content\/uploads\/2021\/09\/Autour-du-lac-Expo-Festival-photo-Gruissan-100x100.jpg 100w, https:\/\/objectif-image.fr\/OI\/wp-content\/uploads\/2021\/09\/Autour-du-lac-Expo-Festival-photo-Gruissan-400x400.jpg 400w, https:\/\/objectif-image.fr\/OI\/wp-content\/uploads\/2021\/09\/Autour-du-lac-Expo-Festival-photo-Gruissan-300x300.jpg 300w, https:\/\/objectif-image.fr\/OI\/wp-content\/uploads\/2021\/09\/Autour-du-lac-Expo-Festival-photo-Gruissan-150x150.jpg 150w, https:\/\/objectif-image.fr\/OI\/wp-content\/uploads\/2021\/09\/Autour-du-lac-Expo-Festival-photo-Gruissan-768x768.jpg 768w, https:\/\/objectif-image.fr\/OI\/wp-content\/uploads\/2021\/09\/Autour-du-lac-Expo-Festival-photo-Gruissan-80x80.jpg 80w, https:\/\/objectif-image.fr\/OI\/wp-content\/uploads\/2021\/09\/Autour-du-lac-Expo-Festival-photo-Gruissan-320x320.jpg 320w, https:\/\/objectif-image.fr\/OI\/wp-content\/uploads\/2021\/09\/Autour-du-lac-Expo-Festival-photo-Gruissan-398x398.jpg 398w\" sizes=\"auto, (max-width: 1000px) 100vw, 1000px\" \/><figcaption>Autour du lac &#8211; G\u00e9rard BRET exposant.<\/figcaption><\/figure>\n\n\n\n<figure class=\"wp-block-gallery columns-2 is-cropped wp-block-gallery-3 is-layout-flex wp-block-gallery-is-layout-flex\"><ul class=\"blocks-gallery-grid\"><li class=\"blocks-gallery-item\"><figure><img loading=\"lazy\" decoding=\"async\" width=\"1024\" height=\"1024\" src=\"https:\/\/objectif-image.fr\/OI\/wp-content\/uploads\/2021\/09\/invitation-festival-p1-1024x1024.jpg\" alt=\"\" data-id=\"36259\" data-full-url=\"https:\/\/objectif-image.fr\/OI\/wp-content\/uploads\/2021\/09\/invitation-festival-p1.jpg\" data-link=\"https:\/\/objectif-image.fr\/OI\/?attachment_id=36259\" class=\"wp-image-36259\" srcset=\"https:\/\/objectif-image.fr\/OI\/wp-content\/uploads\/2021\/09\/invitation-festival-p1-1024x1024.jpg 1024w, https:\/\/objectif-image.fr\/OI\/wp-content\/uploads\/2021\/09\/invitation-festival-p1-100x100.jpg 100w, https:\/\/objectif-image.fr\/OI\/wp-content\/uploads\/2021\/09\/invitation-festival-p1-400x400.jpg 400w, https:\/\/objectif-image.fr\/OI\/wp-content\/uploads\/2021\/09\/invitation-festival-p1-300x300.jpg 300w, https:\/\/objectif-image.fr\/OI\/wp-content\/uploads\/2021\/09\/invitation-festival-p1-150x150.jpg 150w, https:\/\/objectif-image.fr\/OI\/wp-content\/uploads\/2021\/09\/invitation-festival-p1-768x768.jpg 768w, https:\/\/objectif-image.fr\/OI\/wp-content\/uploads\/2021\/09\/invitation-festival-p1-1536x1536.jpg 1536w, https:\/\/objectif-image.fr\/OI\/wp-content\/uploads\/2021\/09\/invitation-festival-p1-80x80.jpg 80w, https:\/\/objectif-image.fr\/OI\/wp-content\/uploads\/2021\/09\/invitation-festival-p1-320x320.jpg 320w, https:\/\/objectif-image.fr\/OI\/wp-content\/uploads\/2021\/09\/invitation-festival-p1-1320x1320.jpg 1320w, https:\/\/objectif-image.fr\/OI\/wp-content\/uploads\/2021\/09\/invitation-festival-p1-398x398.jpg 398w, https:\/\/objectif-image.fr\/OI\/wp-content\/uploads\/2021\/09\/invitation-festival-p1.jpg 1654w\" sizes=\"auto, (max-width: 1024px) 100vw, 1024px\" \/><\/figure><\/li><li class=\"blocks-gallery-item\"><figure><img loading=\"lazy\" decoding=\"async\" width=\"1024\" height=\"1024\" src=\"https:\/\/objectif-image.fr\/OI\/wp-content\/uploads\/2021\/09\/invitation-festival-p2-2-1024x1024.jpg\" alt=\"\" data-id=\"36260\" data-full-url=\"https:\/\/objectif-image.fr\/OI\/wp-content\/uploads\/2021\/09\/invitation-festival-p2-2.jpg\" data-link=\"https:\/\/objectif-image.fr\/OI\/?attachment_id=36260\" class=\"wp-image-36260\" srcset=\"https:\/\/objectif-image.fr\/OI\/wp-content\/uploads\/2021\/09\/invitation-festival-p2-2-1024x1024.jpg 1024w, https:\/\/objectif-image.fr\/OI\/wp-content\/uploads\/2021\/09\/invitation-festival-p2-2-100x100.jpg 100w, https:\/\/objectif-image.fr\/OI\/wp-content\/uploads\/2021\/09\/invitation-festival-p2-2-400x400.jpg 400w, https:\/\/objectif-image.fr\/OI\/wp-content\/uploads\/2021\/09\/invitation-festival-p2-2-300x300.jpg 300w, https:\/\/objectif-image.fr\/OI\/wp-content\/uploads\/2021\/09\/invitation-festival-p2-2-150x150.jpg 150w, https:\/\/objectif-image.fr\/OI\/wp-content\/uploads\/2021\/09\/invitation-festival-p2-2-768x768.jpg 768w, https:\/\/objectif-image.fr\/OI\/wp-content\/uploads\/2021\/09\/invitation-festival-p2-2-1536x1536.jpg 1536w, https:\/\/objectif-image.fr\/OI\/wp-content\/uploads\/2021\/09\/invitation-festival-p2-2-80x80.jpg 80w, https:\/\/objectif-image.fr\/OI\/wp-content\/uploads\/2021\/09\/invitation-festival-p2-2-320x320.jpg 320w, https:\/\/objectif-image.fr\/OI\/wp-content\/uploads\/2021\/09\/invitation-festival-p2-2-1320x1320.jpg 1320w, https:\/\/objectif-image.fr\/OI\/wp-content\/uploads\/2021\/09\/invitation-festival-p2-2-398x398.jpg 398w, https:\/\/objectif-image.fr\/OI\/wp-content\/uploads\/2021\/09\/invitation-festival-p2-2.jpg 1654w\" sizes=\"auto, (max-width: 1024px) 100vw, 1024px\" \/><\/figure><\/li><\/ul><\/figure>\n","protected":false},"excerpt":{"rendered":"<p>Le club Reg&rsquo;art de Gruissan a rejoint Objectif Image en d\u00e9but d&rsquo;ann\u00e9e. Ils organisent un festival photo les 2 et 3 octobre au Palais des Congr\u00e8s de Gruissan. Le Festival Photo du Club Reg\u2019art , vous invite en terre artistique le temps d\u2019un week-end.Des photographes, professionnels ou amateurs, exposent leurs \u0153uvres au sein du Palais [&hellip;]<\/p>\n","protected":false},"author":3,"featured_media":36166,"comment_status":"open","ping_status":"open","sticky":false,"template":"","format":"standard","meta":{"_acf_changed":false,"footnotes":""},"categories":[6],"tags":[436],"class_list":["post-36161","post","type-post","status-publish","format-standard","has-post-thumbnail","hentry","category-vie-des-clubs","tag-objectif-image-gruissan"],"acf":[],"yoast_head":"<!-- This site is optimized with the Yoast SEO plugin v27.5 - https:\/\/yoast.com\/product\/yoast-seo-wordpress\/ -->\n<title>Festival Photo Reg&#039;Art - Gruissan - Objectif Image<\/title>\n<meta name=\"robots\" content=\"index, follow, max-snippet:-1, max-image-preview:large, max-video-preview:-1\" \/>\n<link rel=\"canonical\" href=\"https:\/\/objectif-image.fr\/OI\/festival-photo-regart-gruissan\/\" \/>\n<meta property=\"og:locale\" content=\"fr_FR\" \/>\n<meta property=\"og:type\" content=\"article\" \/>\n<meta property=\"og:title\" content=\"Festival Photo Reg&#039;Art - Gruissan - Objectif Image\" \/>\n<meta property=\"og:description\" content=\"Le club Reg&rsquo;art de Gruissan a rejoint Objectif Image en d\u00e9but d&rsquo;ann\u00e9e. Ils organisent un festival photo les 2 et 3 octobre au Palais des Congr\u00e8s de Gruissan. Le Festival Photo du Club Reg\u2019art , vous invite en terre artistique le temps d\u2019un week-end.Des photographes, professionnels ou amateurs, exposent leurs \u0153uvres au sein du Palais [&hellip;]\" \/>\n<meta property=\"og:url\" content=\"https:\/\/objectif-image.fr\/OI\/festival-photo-regart-gruissan\/\" \/>\n<meta property=\"og:site_name\" content=\"Objectif Image\" \/>\n<meta property=\"article:publisher\" content=\"https:\/\/www.facebook.com\/Objectif.mage\" \/>\n<meta property=\"article:published_time\" content=\"2021-09-22T04:04:00+00:00\" \/>\n<meta property=\"og:image\" content=\"https:\/\/objectif-image.fr\/OI\/wp-content\/uploads\/2021\/09\/flutes-wupu-1024x680.jpg\" \/>\n\t<meta property=\"og:image:width\" content=\"1024\" \/>\n\t<meta property=\"og:image:height\" content=\"680\" \/>\n\t<meta property=\"og:image:type\" content=\"image\/jpeg\" \/>\n<meta name=\"author\" content=\"Pierre S\" \/>\n<meta name=\"twitter:card\" content=\"summary_large_image\" \/>\n<meta name=\"twitter:label1\" content=\"\u00c9crit par\" \/>\n\t<meta name=\"twitter:data1\" content=\"Pierre S\" \/>\n\t<meta name=\"twitter:label2\" content=\"Dur\u00e9e de lecture estim\u00e9e\" \/>\n\t<meta name=\"twitter:data2\" content=\"3 minutes\" \/>\n<script type=\"application\/ld+json\" class=\"yoast-schema-graph\">{\"@context\":\"https:\\\/\\\/schema.org\",\"@graph\":[{\"@type\":\"Article\",\"@id\":\"https:\\\/\\\/objectif-image.fr\\\/OI\\\/festival-photo-regart-gruissan\\\/#article\",\"isPartOf\":{\"@id\":\"https:\\\/\\\/objectif-image.fr\\\/OI\\\/festival-photo-regart-gruissan\\\/\"},\"author\":{\"name\":\"Pierre S\",\"@id\":\"https:\\\/\\\/objectif-image.fr\\\/OI\\\/#\\\/schema\\\/person\\\/813c64cc2f0c70450ca653f2e80a6515\"},\"headline\":\"Festival Photo Reg&rsquo;Art &#8211; Gruissan\",\"datePublished\":\"2021-09-22T04:04:00+00:00\",\"mainEntityOfPage\":{\"@id\":\"https:\\\/\\\/objectif-image.fr\\\/OI\\\/festival-photo-regart-gruissan\\\/\"},\"wordCount\":168,\"commentCount\":0,\"publisher\":{\"@id\":\"https:\\\/\\\/objectif-image.fr\\\/OI\\\/#organization\"},\"image\":{\"@id\":\"https:\\\/\\\/objectif-image.fr\\\/OI\\\/festival-photo-regart-gruissan\\\/#primaryimage\"},\"thumbnailUrl\":\"https:\\\/\\\/objectif-image.fr\\\/OI\\\/wp-content\\\/uploads\\\/2021\\\/09\\\/flutes-wupu.jpg\",\"keywords\":[\"Objectif Image Gruissan\"],\"articleSection\":[\"Vie des clubs\"],\"inLanguage\":\"fr-FR\",\"potentialAction\":[{\"@type\":\"CommentAction\",\"name\":\"Comment\",\"target\":[\"https:\\\/\\\/objectif-image.fr\\\/OI\\\/festival-photo-regart-gruissan\\\/#respond\"]}]},{\"@type\":\"WebPage\",\"@id\":\"https:\\\/\\\/objectif-image.fr\\\/OI\\\/festival-photo-regart-gruissan\\\/\",\"url\":\"https:\\\/\\\/objectif-image.fr\\\/OI\\\/festival-photo-regart-gruissan\\\/\",\"name\":\"Festival Photo Reg'Art - Gruissan - Objectif Image\",\"isPartOf\":{\"@id\":\"https:\\\/\\\/objectif-image.fr\\\/OI\\\/#website\"},\"primaryImageOfPage\":{\"@id\":\"https:\\\/\\\/objectif-image.fr\\\/OI\\\/festival-photo-regart-gruissan\\\/#primaryimage\"},\"image\":{\"@id\":\"https:\\\/\\\/objectif-image.fr\\\/OI\\\/festival-photo-regart-gruissan\\\/#primaryimage\"},\"thumbnailUrl\":\"https:\\\/\\\/objectif-image.fr\\\/OI\\\/wp-content\\\/uploads\\\/2021\\\/09\\\/flutes-wupu.jpg\",\"datePublished\":\"2021-09-22T04:04:00+00:00\",\"breadcrumb\":{\"@id\":\"https:\\\/\\\/objectif-image.fr\\\/OI\\\/festival-photo-regart-gruissan\\\/#breadcrumb\"},\"inLanguage\":\"fr-FR\",\"potentialAction\":[{\"@type\":\"ReadAction\",\"target\":[\"https:\\\/\\\/objectif-image.fr\\\/OI\\\/festival-photo-regart-gruissan\\\/\"]}]},{\"@type\":\"ImageObject\",\"inLanguage\":\"fr-FR\",\"@id\":\"https:\\\/\\\/objectif-image.fr\\\/OI\\\/festival-photo-regart-gruissan\\\/#primaryimage\",\"url\":\"https:\\\/\\\/objectif-image.fr\\\/OI\\\/wp-content\\\/uploads\\\/2021\\\/09\\\/flutes-wupu.jpg\",\"contentUrl\":\"https:\\\/\\\/objectif-image.fr\\\/OI\\\/wp-content\\\/uploads\\\/2021\\\/09\\\/flutes-wupu.jpg\",\"width\":1500,\"height\":996},{\"@type\":\"BreadcrumbList\",\"@id\":\"https:\\\/\\\/objectif-image.fr\\\/OI\\\/festival-photo-regart-gruissan\\\/#breadcrumb\",\"itemListElement\":[{\"@type\":\"ListItem\",\"position\":1,\"name\":\"Accueil\",\"item\":\"https:\\\/\\\/objectif-image.fr\\\/OI\\\/\"},{\"@type\":\"ListItem\",\"position\":2,\"name\":\"Festival Photo Reg&rsquo;Art &#8211; Gruissan\"}]},{\"@type\":\"WebSite\",\"@id\":\"https:\\\/\\\/objectif-image.fr\\\/OI\\\/#website\",\"url\":\"https:\\\/\\\/objectif-image.fr\\\/OI\\\/\",\"name\":\"Objectif Image\",\"description\":\"Objectif Image\",\"publisher\":{\"@id\":\"https:\\\/\\\/objectif-image.fr\\\/OI\\\/#organization\"},\"potentialAction\":[{\"@type\":\"SearchAction\",\"target\":{\"@type\":\"EntryPoint\",\"urlTemplate\":\"https:\\\/\\\/objectif-image.fr\\\/OI\\\/?s={search_term_string}\"},\"query-input\":{\"@type\":\"PropertyValueSpecification\",\"valueRequired\":true,\"valueName\":\"search_term_string\"}}],\"inLanguage\":\"fr-FR\"},{\"@type\":\"Organization\",\"@id\":\"https:\\\/\\\/objectif-image.fr\\\/OI\\\/#organization\",\"name\":\"Objectif Image\",\"url\":\"https:\\\/\\\/objectif-image.fr\\\/OI\\\/\",\"logo\":{\"@type\":\"ImageObject\",\"inLanguage\":\"fr-FR\",\"@id\":\"https:\\\/\\\/objectif-image.fr\\\/OI\\\/#\\\/schema\\\/logo\\\/image\\\/\",\"url\":\"https:\\\/\\\/objectif-image.fr\\\/OI\\\/wp-content\\\/uploads\\\/2019\\\/02\\\/logo-OI-NATIONAL-rouge-2000px.jpg\",\"contentUrl\":\"https:\\\/\\\/objectif-image.fr\\\/OI\\\/wp-content\\\/uploads\\\/2019\\\/02\\\/logo-OI-NATIONAL-rouge-2000px.jpg\",\"width\":1081,\"height\":1024,\"caption\":\"Objectif Image\"},\"image\":{\"@id\":\"https:\\\/\\\/objectif-image.fr\\\/OI\\\/#\\\/schema\\\/logo\\\/image\\\/\"},\"sameAs\":[\"https:\\\/\\\/www.facebook.com\\\/Objectif.mage\"]},{\"@type\":\"Person\",\"@id\":\"https:\\\/\\\/objectif-image.fr\\\/OI\\\/#\\\/schema\\\/person\\\/813c64cc2f0c70450ca653f2e80a6515\",\"name\":\"Pierre S\",\"image\":{\"@type\":\"ImageObject\",\"inLanguage\":\"fr-FR\",\"@id\":\"https:\\\/\\\/secure.gravatar.com\\\/avatar\\\/6d1df1cb0bf58ef7d330b8910acfe62e7fbc0c2138564189224f85869b953674?s=96&d=mm&r=g\",\"url\":\"https:\\\/\\\/secure.gravatar.com\\\/avatar\\\/6d1df1cb0bf58ef7d330b8910acfe62e7fbc0c2138564189224f85869b953674?s=96&d=mm&r=g\",\"contentUrl\":\"https:\\\/\\\/secure.gravatar.com\\\/avatar\\\/6d1df1cb0bf58ef7d330b8910acfe62e7fbc0c2138564189224f85869b953674?s=96&d=mm&r=g\",\"caption\":\"Pierre S\"},\"url\":\"https:\\\/\\\/objectif-image.fr\\\/OI\\\/author\\\/pierres-2-2\\\/\"}]}<\/script>\n<!-- \/ Yoast SEO plugin. -->","yoast_head_json":{"title":"Festival Photo Reg'Art - Gruissan - Objectif Image","robots":{"index":"index","follow":"follow","max-snippet":"max-snippet:-1","max-image-preview":"max-image-preview:large","max-video-preview":"max-video-preview:-1"},"canonical":"https:\/\/objectif-image.fr\/OI\/festival-photo-regart-gruissan\/","og_locale":"fr_FR","og_type":"article","og_title":"Festival Photo Reg'Art - Gruissan - Objectif Image","og_description":"Le club Reg&rsquo;art de Gruissan a rejoint Objectif Image en d\u00e9but d&rsquo;ann\u00e9e. Ils organisent un festival photo les 2 et 3 octobre au Palais des Congr\u00e8s de Gruissan. Le Festival Photo du Club Reg\u2019art , vous invite en terre artistique le temps d\u2019un week-end.Des photographes, professionnels ou amateurs, exposent leurs \u0153uvres au sein du Palais [&hellip;]","og_url":"https:\/\/objectif-image.fr\/OI\/festival-photo-regart-gruissan\/","og_site_name":"Objectif Image","article_publisher":"https:\/\/www.facebook.com\/Objectif.mage","article_published_time":"2021-09-22T04:04:00+00:00","og_image":[{"width":1024,"height":680,"url":"https:\/\/objectif-image.fr\/OI\/wp-content\/uploads\/2021\/09\/flutes-wupu-1024x680.jpg","type":"image\/jpeg"}],"author":"Pierre S","twitter_card":"summary_large_image","twitter_misc":{"\u00c9crit par":"Pierre S","Dur\u00e9e de lecture estim\u00e9e":"3 minutes"},"schema":{"@context":"https:\/\/schema.org","@graph":[{"@type":"Article","@id":"https:\/\/objectif-image.fr\/OI\/festival-photo-regart-gruissan\/#article","isPartOf":{"@id":"https:\/\/objectif-image.fr\/OI\/festival-photo-regart-gruissan\/"},"author":{"name":"Pierre S","@id":"https:\/\/objectif-image.fr\/OI\/#\/schema\/person\/813c64cc2f0c70450ca653f2e80a6515"},"headline":"Festival Photo Reg&rsquo;Art &#8211; Gruissan","datePublished":"2021-09-22T04:04:00+00:00","mainEntityOfPage":{"@id":"https:\/\/objectif-image.fr\/OI\/festival-photo-regart-gruissan\/"},"wordCount":168,"commentCount":0,"publisher":{"@id":"https:\/\/objectif-image.fr\/OI\/#organization"},"image":{"@id":"https:\/\/objectif-image.fr\/OI\/festival-photo-regart-gruissan\/#primaryimage"},"thumbnailUrl":"https:\/\/objectif-image.fr\/OI\/wp-content\/uploads\/2021\/09\/flutes-wupu.jpg","keywords":["Objectif Image Gruissan"],"articleSection":["Vie des clubs"],"inLanguage":"fr-FR","potentialAction":[{"@type":"CommentAction","name":"Comment","target":["https:\/\/objectif-image.fr\/OI\/festival-photo-regart-gruissan\/#respond"]}]},{"@type":"WebPage","@id":"https:\/\/objectif-image.fr\/OI\/festival-photo-regart-gruissan\/","url":"https:\/\/objectif-image.fr\/OI\/festival-photo-regart-gruissan\/","name":"Festival Photo Reg'Art - Gruissan - Objectif Image","isPartOf":{"@id":"https:\/\/objectif-image.fr\/OI\/#website"},"primaryImageOfPage":{"@id":"https:\/\/objectif-image.fr\/OI\/festival-photo-regart-gruissan\/#primaryimage"},"image":{"@id":"https:\/\/objectif-image.fr\/OI\/festival-photo-regart-gruissan\/#primaryimage"},"thumbnailUrl":"https:\/\/objectif-image.fr\/OI\/wp-content\/uploads\/2021\/09\/flutes-wupu.jpg","datePublished":"2021-09-22T04:04:00+00:00","breadcrumb":{"@id":"https:\/\/objectif-image.fr\/OI\/festival-photo-regart-gruissan\/#breadcrumb"},"inLanguage":"fr-FR","potentialAction":[{"@type":"ReadAction","target":["https:\/\/objectif-image.fr\/OI\/festival-photo-regart-gruissan\/"]}]},{"@type":"ImageObject","inLanguage":"fr-FR","@id":"https:\/\/objectif-image.fr\/OI\/festival-photo-regart-gruissan\/#primaryimage","url":"https:\/\/objectif-image.fr\/OI\/wp-content\/uploads\/2021\/09\/flutes-wupu.jpg","contentUrl":"https:\/\/objectif-image.fr\/OI\/wp-content\/uploads\/2021\/09\/flutes-wupu.jpg","width":1500,"height":996},{"@type":"BreadcrumbList","@id":"https:\/\/objectif-image.fr\/OI\/festival-photo-regart-gruissan\/#breadcrumb","itemListElement":[{"@type":"ListItem","position":1,"name":"Accueil","item":"https:\/\/objectif-image.fr\/OI\/"},{"@type":"ListItem","position":2,"name":"Festival Photo Reg&rsquo;Art &#8211; Gruissan"}]},{"@type":"WebSite","@id":"https:\/\/objectif-image.fr\/OI\/#website","url":"https:\/\/objectif-image.fr\/OI\/","name":"Objectif Image","description":"Objectif Image","publisher":{"@id":"https:\/\/objectif-image.fr\/OI\/#organization"},"potentialAction":[{"@type":"SearchAction","target":{"@type":"EntryPoint","urlTemplate":"https:\/\/objectif-image.fr\/OI\/?s={search_term_string}"},"query-input":{"@type":"PropertyValueSpecification","valueRequired":true,"valueName":"search_term_string"}}],"inLanguage":"fr-FR"},{"@type":"Organization","@id":"https:\/\/objectif-image.fr\/OI\/#organization","name":"Objectif Image","url":"https:\/\/objectif-image.fr\/OI\/","logo":{"@type":"ImageObject","inLanguage":"fr-FR","@id":"https:\/\/objectif-image.fr\/OI\/#\/schema\/logo\/image\/","url":"https:\/\/objectif-image.fr\/OI\/wp-content\/uploads\/2019\/02\/logo-OI-NATIONAL-rouge-2000px.jpg","contentUrl":"https:\/\/objectif-image.fr\/OI\/wp-content\/uploads\/2019\/02\/logo-OI-NATIONAL-rouge-2000px.jpg","width":1081,"height":1024,"caption":"Objectif Image"},"image":{"@id":"https:\/\/objectif-image.fr\/OI\/#\/schema\/logo\/image\/"},"sameAs":["https:\/\/www.facebook.com\/Objectif.mage"]},{"@type":"Person","@id":"https:\/\/objectif-image.fr\/OI\/#\/schema\/person\/813c64cc2f0c70450ca653f2e80a6515","name":"Pierre S","image":{"@type":"ImageObject","inLanguage":"fr-FR","@id":"https:\/\/secure.gravatar.com\/avatar\/6d1df1cb0bf58ef7d330b8910acfe62e7fbc0c2138564189224f85869b953674?s=96&d=mm&r=g","url":"https:\/\/secure.gravatar.com\/avatar\/6d1df1cb0bf58ef7d330b8910acfe62e7fbc0c2138564189224f85869b953674?s=96&d=mm&r=g","contentUrl":"https:\/\/secure.gravatar.com\/avatar\/6d1df1cb0bf58ef7d330b8910acfe62e7fbc0c2138564189224f85869b953674?s=96&d=mm&r=g","caption":"Pierre S"},"url":"https:\/\/objectif-image.fr\/OI\/author\/pierres-2-2\/"}]}},"_links":{"self":[{"href":"https:\/\/objectif-image.fr\/OI\/wp-json\/wp\/v2\/posts\/36161","targetHints":{"allow":["GET"]}}],"collection":[{"href":"https:\/\/objectif-image.fr\/OI\/wp-json\/wp\/v2\/posts"}],"about":[{"href":"https:\/\/objectif-image.fr\/OI\/wp-json\/wp\/v2\/types\/post"}],"author":[{"embeddable":true,"href":"https:\/\/objectif-image.fr\/OI\/wp-json\/wp\/v2\/users\/3"}],"replies":[{"embeddable":true,"href":"https:\/\/objectif-image.fr\/OI\/wp-json\/wp\/v2\/comments?post=36161"}],"version-history":[{"count":0,"href":"https:\/\/objectif-image.fr\/OI\/wp-json\/wp\/v2\/posts\/36161\/revisions"}],"wp:featuredmedia":[{"embeddable":true,"href":"https:\/\/objectif-image.fr\/OI\/wp-json\/wp\/v2\/media\/36166"}],"wp:attachment":[{"href":"https:\/\/objectif-image.fr\/OI\/wp-json\/wp\/v2\/media?parent=36161"}],"wp:term":[{"taxonomy":"category","embeddable":true,"href":"https:\/\/objectif-image.fr\/OI\/wp-json\/wp\/v2\/categories?post=36161"},{"taxonomy":"post_tag","embeddable":true,"href":"https:\/\/objectif-image.fr\/OI\/wp-json\/wp\/v2\/tags?post=36161"}],"curies":[{"name":"wp","href":"https:\/\/api.w.org\/{rel}","templated":true}]}}