{"id":36529,"date":"2021-10-11T08:09:33","date_gmt":"2021-10-11T06:09:33","guid":{"rendered":"https:\/\/objectif-image.fr\/OI\/?p=36529"},"modified":"2021-10-11T08:09:36","modified_gmt":"2021-10-11T06:09:36","slug":"retour-sur-le-stage-photographie-en-pose-longue","status":"publish","type":"post","link":"https:\/\/objectif-image.fr\/OI\/retour-sur-le-stage-photographie-en-pose-longue\/","title":{"rendered":"Retour sur le stage \u00ab\u00a0Photographie en Pose Longue\u00a0\u00bb"},"content":{"rendered":"\n<div class=\"wp-block-media-text alignwide is-stacked-on-mobile\"><figure class=\"wp-block-media-text__media\"><img loading=\"lazy\" decoding=\"async\" width=\"250\" height=\"250\" src=\"https:\/\/objectif-image.fr\/OI\/wp-content\/uploads\/2021\/10\/OI-PH-Etretat-6.jpg\" alt=\"\" class=\"wp-image-36526 size-full\" srcset=\"https:\/\/objectif-image.fr\/OI\/wp-content\/uploads\/2021\/10\/OI-PH-Etretat-6.jpg 250w, https:\/\/objectif-image.fr\/OI\/wp-content\/uploads\/2021\/10\/OI-PH-Etretat-6-100x100.jpg 100w, https:\/\/objectif-image.fr\/OI\/wp-content\/uploads\/2021\/10\/OI-PH-Etretat-6-150x150.jpg 150w, https:\/\/objectif-image.fr\/OI\/wp-content\/uploads\/2021\/10\/OI-PH-Etretat-6-80x80.jpg 80w\" sizes=\"auto, (max-width: 250px) 100vw, 250px\" \/><\/figure><div class=\"wp-block-media-text__content\">\n<p class=\"has-medium-font-size\">Le stage <strong>\u00ab\u00a0Photographie en Pose Longue\u00a0\u00bb<\/strong> s&rsquo;est tenu du 03 au 05 septembre dernier \u00e0 Yport, dirig\u00e9 par <strong>le ma\u00eetre de stage <span style=\"color:#09679e\" class=\"has-inline-color\">Christophe Audebert.<\/span><\/strong><\/p>\n\n\n\n<p class=\"has-medium-font-size\"><strong>Onze stagiaires<\/strong> des diff\u00e9rents club OI de<strong> Lyon, Montpellier, Orl\u00e9ans, Paris, Pau, Dijon, Villeneuve sur Lot, Bordeaux et Charleville-M\u00e9zi\u00e8res <\/strong>y ont particip\u00e9. <\/p>\n\n\n\n<p class=\"has-medium-font-size\"><strong>Christophe <\/strong>a pr\u00e9sent\u00e9 son <strong>travail<\/strong> le vendredi matin et la t<strong>echnique<\/strong> de la pose longue sur le plan th\u00e9orique. <\/p>\n\n\n\n<p class=\"has-medium-font-size\">Ensuite il a emmen\u00e9 tous les stagiaires <strong>sur le terrain<\/strong> <strong>pour la pratique.<\/strong> Sortie \u00e0 Etretat aux c\u00e9l\u00e8bres falaises, \u00e0 F\u00e9camp et \u00e0 Yport. <\/p>\n\n\n\n<p class=\"has-medium-font-size\">Tout au long du stage, visualisation, analyse des photos de chacun et d\u00e9briefing le dernier jour. <\/p>\n\n\n\n<p class=\"has-medium-font-size\"><strong>Christophe a toujours \u00e9t\u00e9 pr\u00e9sent, \u00e0 l&rsquo;\u00e9coute et attentif aupr\u00e8s de chaque stagiaire lors des sorties.<\/strong> <\/p>\n\n\n\n<p class=\"has-medium-font-size\">Le tout dans une a<strong>mbiance chaleureuse et conviviale. <\/strong><\/p>\n<\/div><\/div>\n\n\n\n<figure class=\"wp-block-image size-large\"><img loading=\"lazy\" decoding=\"async\" width=\"1024\" height=\"576\" src=\"https:\/\/objectif-image.fr\/OI\/wp-content\/uploads\/2021\/10\/OI-Yport_sept21_CA013-1024x576.jpg\" alt=\"\" class=\"wp-image-36528\" srcset=\"https:\/\/objectif-image.fr\/OI\/wp-content\/uploads\/2021\/10\/OI-Yport_sept21_CA013-1024x576.jpg 1024w, https:\/\/objectif-image.fr\/OI\/wp-content\/uploads\/2021\/10\/OI-Yport_sept21_CA013-400x225.jpg 400w, https:\/\/objectif-image.fr\/OI\/wp-content\/uploads\/2021\/10\/OI-Yport_sept21_CA013-300x169.jpg 300w, https:\/\/objectif-image.fr\/OI\/wp-content\/uploads\/2021\/10\/OI-Yport_sept21_CA013-150x84.jpg 150w, https:\/\/objectif-image.fr\/OI\/wp-content\/uploads\/2021\/10\/OI-Yport_sept21_CA013-768x432.jpg 768w, https:\/\/objectif-image.fr\/OI\/wp-content\/uploads\/2021\/10\/OI-Yport_sept21_CA013-100x56.jpg 100w, https:\/\/objectif-image.fr\/OI\/wp-content\/uploads\/2021\/10\/OI-Yport_sept21_CA013-398x224.jpg 398w, https:\/\/objectif-image.fr\/OI\/wp-content\/uploads\/2021\/10\/OI-Yport_sept21_CA013.jpg 1080w\" sizes=\"auto, (max-width: 1024px) 100vw, 1024px\" \/><\/figure>\n\n\n\n<figure class=\"wp-block-image size-large\"><img loading=\"lazy\" decoding=\"async\" width=\"1024\" height=\"512\" src=\"https:\/\/objectif-image.fr\/OI\/wp-content\/uploads\/2021\/10\/OI-Etretat-1024x512.jpg\" alt=\"\" class=\"wp-image-36519\" srcset=\"https:\/\/objectif-image.fr\/OI\/wp-content\/uploads\/2021\/10\/OI-Etretat-1024x512.jpg 1024w, https:\/\/objectif-image.fr\/OI\/wp-content\/uploads\/2021\/10\/OI-Etretat-400x200.jpg 400w, https:\/\/objectif-image.fr\/OI\/wp-content\/uploads\/2021\/10\/OI-Etretat-300x150.jpg 300w, https:\/\/objectif-image.fr\/OI\/wp-content\/uploads\/2021\/10\/OI-Etretat-150x75.jpg 150w, https:\/\/objectif-image.fr\/OI\/wp-content\/uploads\/2021\/10\/OI-Etretat-768x384.jpg 768w, https:\/\/objectif-image.fr\/OI\/wp-content\/uploads\/2021\/10\/OI-Etretat-100x50.jpg 100w, https:\/\/objectif-image.fr\/OI\/wp-content\/uploads\/2021\/10\/OI-Etretat-398x199.jpg 398w, https:\/\/objectif-image.fr\/OI\/wp-content\/uploads\/2021\/10\/OI-Etretat.jpg 1080w\" sizes=\"auto, (max-width: 1024px) 100vw, 1024px\" \/><\/figure>\n\n\n\n<figure class=\"wp-block-image size-large\"><img loading=\"lazy\" decoding=\"async\" width=\"1024\" height=\"512\" src=\"https:\/\/objectif-image.fr\/OI\/wp-content\/uploads\/2021\/10\/OI-Etretat-3-1024x512.jpg\" alt=\"\" class=\"wp-image-36520\" srcset=\"https:\/\/objectif-image.fr\/OI\/wp-content\/uploads\/2021\/10\/OI-Etretat-3-1024x512.jpg 1024w, https:\/\/objectif-image.fr\/OI\/wp-content\/uploads\/2021\/10\/OI-Etretat-3-400x200.jpg 400w, https:\/\/objectif-image.fr\/OI\/wp-content\/uploads\/2021\/10\/OI-Etretat-3-300x150.jpg 300w, https:\/\/objectif-image.fr\/OI\/wp-content\/uploads\/2021\/10\/OI-Etretat-3-150x75.jpg 150w, https:\/\/objectif-image.fr\/OI\/wp-content\/uploads\/2021\/10\/OI-Etretat-3-768x384.jpg 768w, https:\/\/objectif-image.fr\/OI\/wp-content\/uploads\/2021\/10\/OI-Etretat-3-100x50.jpg 100w, https:\/\/objectif-image.fr\/OI\/wp-content\/uploads\/2021\/10\/OI-Etretat-3-398x199.jpg 398w, https:\/\/objectif-image.fr\/OI\/wp-content\/uploads\/2021\/10\/OI-Etretat-3.jpg 1080w\" sizes=\"auto, (max-width: 1024px) 100vw, 1024px\" \/><\/figure>\n\n\n\n<figure class=\"wp-block-image size-large\"><img loading=\"lazy\" decoding=\"async\" width=\"1024\" height=\"395\" src=\"https:\/\/objectif-image.fr\/OI\/wp-content\/uploads\/2021\/10\/OI-Etretat-6-1024x395.jpg\" alt=\"\" class=\"wp-image-36521\" srcset=\"https:\/\/objectif-image.fr\/OI\/wp-content\/uploads\/2021\/10\/OI-Etretat-6-1024x395.jpg 1024w, https:\/\/objectif-image.fr\/OI\/wp-content\/uploads\/2021\/10\/OI-Etretat-6-400x154.jpg 400w, https:\/\/objectif-image.fr\/OI\/wp-content\/uploads\/2021\/10\/OI-Etretat-6-300x116.jpg 300w, https:\/\/objectif-image.fr\/OI\/wp-content\/uploads\/2021\/10\/OI-Etretat-6-150x58.jpg 150w, https:\/\/objectif-image.fr\/OI\/wp-content\/uploads\/2021\/10\/OI-Etretat-6-768x297.jpg 768w, https:\/\/objectif-image.fr\/OI\/wp-content\/uploads\/2021\/10\/OI-Etretat-6-100x39.jpg 100w, https:\/\/objectif-image.fr\/OI\/wp-content\/uploads\/2021\/10\/OI-Etretat-6-398x154.jpg 398w, https:\/\/objectif-image.fr\/OI\/wp-content\/uploads\/2021\/10\/OI-Etretat-6.jpg 1080w\" sizes=\"auto, (max-width: 1024px) 100vw, 1024px\" \/><\/figure>\n\n\n\n<figure class=\"wp-block-image size-large\"><img loading=\"lazy\" decoding=\"async\" width=\"1024\" height=\"683\" src=\"https:\/\/objectif-image.fr\/OI\/wp-content\/uploads\/2021\/10\/OI-PH-Etretat-2-1024x683.jpg\" alt=\"\" class=\"wp-image-36525\" srcset=\"https:\/\/objectif-image.fr\/OI\/wp-content\/uploads\/2021\/10\/OI-PH-Etretat-2-1024x683.jpg 1024w, https:\/\/objectif-image.fr\/OI\/wp-content\/uploads\/2021\/10\/OI-PH-Etretat-2-400x267.jpg 400w, https:\/\/objectif-image.fr\/OI\/wp-content\/uploads\/2021\/10\/OI-PH-Etretat-2-300x200.jpg 300w, https:\/\/objectif-image.fr\/OI\/wp-content\/uploads\/2021\/10\/OI-PH-Etretat-2-150x100.jpg 150w, https:\/\/objectif-image.fr\/OI\/wp-content\/uploads\/2021\/10\/OI-PH-Etretat-2-768x512.jpg 768w, https:\/\/objectif-image.fr\/OI\/wp-content\/uploads\/2021\/10\/OI-PH-Etretat-2-100x67.jpg 100w, https:\/\/objectif-image.fr\/OI\/wp-content\/uploads\/2021\/10\/OI-PH-Etretat-2-398x265.jpg 398w, https:\/\/objectif-image.fr\/OI\/wp-content\/uploads\/2021\/10\/OI-PH-Etretat-2.jpg 1080w\" sizes=\"auto, (max-width: 1024px) 100vw, 1024px\" \/><\/figure>\n\n\n\n<figure class=\"wp-block-image size-large\"><img loading=\"lazy\" decoding=\"async\" width=\"1024\" height=\"683\" src=\"https:\/\/objectif-image.fr\/OI\/wp-content\/uploads\/2021\/10\/OI-PH-Etretat-1024x683.jpg\" alt=\"\" class=\"wp-image-36524\" srcset=\"https:\/\/objectif-image.fr\/OI\/wp-content\/uploads\/2021\/10\/OI-PH-Etretat-1024x683.jpg 1024w, https:\/\/objectif-image.fr\/OI\/wp-content\/uploads\/2021\/10\/OI-PH-Etretat-400x267.jpg 400w, https:\/\/objectif-image.fr\/OI\/wp-content\/uploads\/2021\/10\/OI-PH-Etretat-300x200.jpg 300w, https:\/\/objectif-image.fr\/OI\/wp-content\/uploads\/2021\/10\/OI-PH-Etretat-150x100.jpg 150w, https:\/\/objectif-image.fr\/OI\/wp-content\/uploads\/2021\/10\/OI-PH-Etretat-768x512.jpg 768w, https:\/\/objectif-image.fr\/OI\/wp-content\/uploads\/2021\/10\/OI-PH-Etretat-100x67.jpg 100w, https:\/\/objectif-image.fr\/OI\/wp-content\/uploads\/2021\/10\/OI-PH-Etretat-398x265.jpg 398w, https:\/\/objectif-image.fr\/OI\/wp-content\/uploads\/2021\/10\/OI-PH-Etretat.jpg 1080w\" sizes=\"auto, (max-width: 1024px) 100vw, 1024px\" \/><\/figure>\n\n\n\n<figure class=\"wp-block-image size-large\"><img loading=\"lazy\" decoding=\"async\" width=\"1024\" height=\"482\" src=\"https:\/\/objectif-image.fr\/OI\/wp-content\/uploads\/2021\/10\/OI-groupe-pose-longue-1024x482.jpg\" alt=\"\" class=\"wp-image-36523\" srcset=\"https:\/\/objectif-image.fr\/OI\/wp-content\/uploads\/2021\/10\/OI-groupe-pose-longue-1024x482.jpg 1024w, https:\/\/objectif-image.fr\/OI\/wp-content\/uploads\/2021\/10\/OI-groupe-pose-longue-400x188.jpg 400w, https:\/\/objectif-image.fr\/OI\/wp-content\/uploads\/2021\/10\/OI-groupe-pose-longue-300x141.jpg 300w, https:\/\/objectif-image.fr\/OI\/wp-content\/uploads\/2021\/10\/OI-groupe-pose-longue-150x71.jpg 150w, https:\/\/objectif-image.fr\/OI\/wp-content\/uploads\/2021\/10\/OI-groupe-pose-longue-768x361.jpg 768w, https:\/\/objectif-image.fr\/OI\/wp-content\/uploads\/2021\/10\/OI-groupe-pose-longue-100x47.jpg 100w, https:\/\/objectif-image.fr\/OI\/wp-content\/uploads\/2021\/10\/OI-groupe-pose-longue-520x245.jpg 520w, https:\/\/objectif-image.fr\/OI\/wp-content\/uploads\/2021\/10\/OI-groupe-pose-longue-720x340.jpg 720w, https:\/\/objectif-image.fr\/OI\/wp-content\/uploads\/2021\/10\/OI-groupe-pose-longue-398x187.jpg 398w, https:\/\/objectif-image.fr\/OI\/wp-content\/uploads\/2021\/10\/OI-groupe-pose-longue.jpg 1280w\" sizes=\"auto, (max-width: 1024px) 100vw, 1024px\" \/><\/figure>\n\n\n\n<figure class=\"wp-block-image size-large\"><img loading=\"lazy\" decoding=\"async\" width=\"1024\" height=\"576\" src=\"https:\/\/objectif-image.fr\/OI\/wp-content\/uploads\/2021\/10\/OI-Yport_sept21_CA008-1024x576.jpg\" alt=\"\" class=\"wp-image-36527\" srcset=\"https:\/\/objectif-image.fr\/OI\/wp-content\/uploads\/2021\/10\/OI-Yport_sept21_CA008-1024x576.jpg 1024w, https:\/\/objectif-image.fr\/OI\/wp-content\/uploads\/2021\/10\/OI-Yport_sept21_CA008-400x225.jpg 400w, https:\/\/objectif-image.fr\/OI\/wp-content\/uploads\/2021\/10\/OI-Yport_sept21_CA008-150x84.jpg 150w, https:\/\/objectif-image.fr\/OI\/wp-content\/uploads\/2021\/10\/OI-Yport_sept21_CA008-300x169.jpg 300w, https:\/\/objectif-image.fr\/OI\/wp-content\/uploads\/2021\/10\/OI-Yport_sept21_CA008-768x432.jpg 768w, https:\/\/objectif-image.fr\/OI\/wp-content\/uploads\/2021\/10\/OI-Yport_sept21_CA008-100x56.jpg 100w, https:\/\/objectif-image.fr\/OI\/wp-content\/uploads\/2021\/10\/OI-Yport_sept21_CA008-398x224.jpg 398w, https:\/\/objectif-image.fr\/OI\/wp-content\/uploads\/2021\/10\/OI-Yport_sept21_CA008.jpg 1080w\" sizes=\"auto, (max-width: 1024px) 100vw, 1024px\" \/><\/figure>\n","protected":false},"excerpt":{"rendered":"<p>Le stage \u00ab\u00a0Photographie en Pose Longue\u00a0\u00bb s&rsquo;est tenu du 03 au 05 septembre dernier \u00e0 Yport, dirig\u00e9 par le ma\u00eetre de stage Christophe Audebert. Onze stagiaires des diff\u00e9rents club OI de Lyon, Montpellier, Orl\u00e9ans, Paris, Pau, Dijon, Villeneuve sur Lot, Bordeaux et Charleville-M\u00e9zi\u00e8res y ont particip\u00e9. Christophe a pr\u00e9sent\u00e9 son travail le vendredi matin et [&hellip;]<\/p>\n","protected":false},"author":7,"featured_media":36527,"comment_status":"open","ping_status":"open","sticky":false,"template":"","format":"standard","meta":{"_acf_changed":false,"footnotes":""},"categories":[9],"tags":[104],"class_list":["post-36529","post","type-post","status-publish","format-standard","has-post-thumbnail","hentry","category-stages","tag-objectif-image"],"acf":[],"yoast_head":"<!-- This site is optimized with the Yoast SEO plugin v27.5 - https:\/\/yoast.com\/product\/yoast-seo-wordpress\/ -->\n<title>Retour sur le stage &quot;Photographie en Pose Longue&quot; - Objectif Image<\/title>\n<meta name=\"robots\" content=\"index, follow, max-snippet:-1, max-image-preview:large, max-video-preview:-1\" \/>\n<link rel=\"canonical\" href=\"https:\/\/objectif-image.fr\/OI\/retour-sur-le-stage-photographie-en-pose-longue\/\" \/>\n<meta property=\"og:locale\" content=\"fr_FR\" \/>\n<meta property=\"og:type\" content=\"article\" \/>\n<meta property=\"og:title\" content=\"Retour sur le stage &quot;Photographie en Pose Longue&quot; - Objectif Image\" \/>\n<meta property=\"og:description\" content=\"Le stage \u00ab\u00a0Photographie en Pose Longue\u00a0\u00bb s&rsquo;est tenu du 03 au 05 septembre dernier \u00e0 Yport, dirig\u00e9 par le ma\u00eetre de stage Christophe Audebert. Onze stagiaires des diff\u00e9rents club OI de Lyon, Montpellier, Orl\u00e9ans, Paris, Pau, Dijon, Villeneuve sur Lot, Bordeaux et Charleville-M\u00e9zi\u00e8res y ont particip\u00e9. Christophe a pr\u00e9sent\u00e9 son travail le vendredi matin et [&hellip;]\" \/>\n<meta property=\"og:url\" content=\"https:\/\/objectif-image.fr\/OI\/retour-sur-le-stage-photographie-en-pose-longue\/\" \/>\n<meta property=\"og:site_name\" content=\"Objectif Image\" \/>\n<meta property=\"article:publisher\" content=\"https:\/\/www.facebook.com\/Objectif.mage\" \/>\n<meta property=\"article:published_time\" content=\"2021-10-11T06:09:33+00:00\" \/>\n<meta property=\"article:modified_time\" content=\"2021-10-11T06:09:36+00:00\" \/>\n<meta property=\"og:image\" content=\"https:\/\/objectif-image.fr\/OI\/wp-content\/uploads\/2021\/10\/OI-Yport_sept21_CA008.jpg\" \/>\n\t<meta property=\"og:image:width\" content=\"1080\" \/>\n\t<meta property=\"og:image:height\" content=\"608\" \/>\n\t<meta property=\"og:image:type\" content=\"image\/jpeg\" \/>\n<meta name=\"author\" content=\"Jean-Marc\" \/>\n<meta name=\"twitter:card\" content=\"summary_large_image\" \/>\n<meta name=\"twitter:label1\" content=\"\u00c9crit par\" \/>\n\t<meta name=\"twitter:data1\" content=\"Jean-Marc\" \/>\n\t<meta name=\"twitter:label2\" content=\"Dur\u00e9e de lecture estim\u00e9e\" \/>\n\t<meta name=\"twitter:data2\" content=\"3 minutes\" \/>\n<script type=\"application\/ld+json\" class=\"yoast-schema-graph\">{\"@context\":\"https:\\\/\\\/schema.org\",\"@graph\":[{\"@type\":\"Article\",\"@id\":\"https:\\\/\\\/objectif-image.fr\\\/OI\\\/retour-sur-le-stage-photographie-en-pose-longue\\\/#article\",\"isPartOf\":{\"@id\":\"https:\\\/\\\/objectif-image.fr\\\/OI\\\/retour-sur-le-stage-photographie-en-pose-longue\\\/\"},\"author\":{\"name\":\"Jean-Marc\",\"@id\":\"https:\\\/\\\/objectif-image.fr\\\/OI\\\/#\\\/schema\\\/person\\\/277673ea67983ba4c5b4ccc4afad321a\"},\"headline\":\"Retour sur le stage \u00ab\u00a0Photographie en Pose Longue\u00a0\u00bb\",\"datePublished\":\"2021-10-11T06:09:33+00:00\",\"dateModified\":\"2021-10-11T06:09:36+00:00\",\"mainEntityOfPage\":{\"@id\":\"https:\\\/\\\/objectif-image.fr\\\/OI\\\/retour-sur-le-stage-photographie-en-pose-longue\\\/\"},\"wordCount\":145,\"commentCount\":0,\"publisher\":{\"@id\":\"https:\\\/\\\/objectif-image.fr\\\/OI\\\/#organization\"},\"image\":{\"@id\":\"https:\\\/\\\/objectif-image.fr\\\/OI\\\/retour-sur-le-stage-photographie-en-pose-longue\\\/#primaryimage\"},\"thumbnailUrl\":\"https:\\\/\\\/objectif-image.fr\\\/OI\\\/wp-content\\\/uploads\\\/2021\\\/10\\\/OI-Yport_sept21_CA008.jpg\",\"keywords\":[\"Objectif Image\"],\"articleSection\":[\"Stages\"],\"inLanguage\":\"fr-FR\",\"potentialAction\":[{\"@type\":\"CommentAction\",\"name\":\"Comment\",\"target\":[\"https:\\\/\\\/objectif-image.fr\\\/OI\\\/retour-sur-le-stage-photographie-en-pose-longue\\\/#respond\"]}]},{\"@type\":\"WebPage\",\"@id\":\"https:\\\/\\\/objectif-image.fr\\\/OI\\\/retour-sur-le-stage-photographie-en-pose-longue\\\/\",\"url\":\"https:\\\/\\\/objectif-image.fr\\\/OI\\\/retour-sur-le-stage-photographie-en-pose-longue\\\/\",\"name\":\"Retour sur le stage \\\"Photographie en Pose Longue\\\" - Objectif Image\",\"isPartOf\":{\"@id\":\"https:\\\/\\\/objectif-image.fr\\\/OI\\\/#website\"},\"primaryImageOfPage\":{\"@id\":\"https:\\\/\\\/objectif-image.fr\\\/OI\\\/retour-sur-le-stage-photographie-en-pose-longue\\\/#primaryimage\"},\"image\":{\"@id\":\"https:\\\/\\\/objectif-image.fr\\\/OI\\\/retour-sur-le-stage-photographie-en-pose-longue\\\/#primaryimage\"},\"thumbnailUrl\":\"https:\\\/\\\/objectif-image.fr\\\/OI\\\/wp-content\\\/uploads\\\/2021\\\/10\\\/OI-Yport_sept21_CA008.jpg\",\"datePublished\":\"2021-10-11T06:09:33+00:00\",\"dateModified\":\"2021-10-11T06:09:36+00:00\",\"breadcrumb\":{\"@id\":\"https:\\\/\\\/objectif-image.fr\\\/OI\\\/retour-sur-le-stage-photographie-en-pose-longue\\\/#breadcrumb\"},\"inLanguage\":\"fr-FR\",\"potentialAction\":[{\"@type\":\"ReadAction\",\"target\":[\"https:\\\/\\\/objectif-image.fr\\\/OI\\\/retour-sur-le-stage-photographie-en-pose-longue\\\/\"]}]},{\"@type\":\"ImageObject\",\"inLanguage\":\"fr-FR\",\"@id\":\"https:\\\/\\\/objectif-image.fr\\\/OI\\\/retour-sur-le-stage-photographie-en-pose-longue\\\/#primaryimage\",\"url\":\"https:\\\/\\\/objectif-image.fr\\\/OI\\\/wp-content\\\/uploads\\\/2021\\\/10\\\/OI-Yport_sept21_CA008.jpg\",\"contentUrl\":\"https:\\\/\\\/objectif-image.fr\\\/OI\\\/wp-content\\\/uploads\\\/2021\\\/10\\\/OI-Yport_sept21_CA008.jpg\",\"width\":1080,\"height\":608,\"caption\":\"Etretat et sa r\u00e9gion. 2-3-4-5 septembre 2021\"},{\"@type\":\"BreadcrumbList\",\"@id\":\"https:\\\/\\\/objectif-image.fr\\\/OI\\\/retour-sur-le-stage-photographie-en-pose-longue\\\/#breadcrumb\",\"itemListElement\":[{\"@type\":\"ListItem\",\"position\":1,\"name\":\"Accueil\",\"item\":\"https:\\\/\\\/objectif-image.fr\\\/OI\\\/\"},{\"@type\":\"ListItem\",\"position\":2,\"name\":\"Retour sur le stage \u00ab\u00a0Photographie en Pose Longue\u00a0\u00bb\"}]},{\"@type\":\"WebSite\",\"@id\":\"https:\\\/\\\/objectif-image.fr\\\/OI\\\/#website\",\"url\":\"https:\\\/\\\/objectif-image.fr\\\/OI\\\/\",\"name\":\"Objectif Image\",\"description\":\"Objectif Image\",\"publisher\":{\"@id\":\"https:\\\/\\\/objectif-image.fr\\\/OI\\\/#organization\"},\"potentialAction\":[{\"@type\":\"SearchAction\",\"target\":{\"@type\":\"EntryPoint\",\"urlTemplate\":\"https:\\\/\\\/objectif-image.fr\\\/OI\\\/?s={search_term_string}\"},\"query-input\":{\"@type\":\"PropertyValueSpecification\",\"valueRequired\":true,\"valueName\":\"search_term_string\"}}],\"inLanguage\":\"fr-FR\"},{\"@type\":\"Organization\",\"@id\":\"https:\\\/\\\/objectif-image.fr\\\/OI\\\/#organization\",\"name\":\"Objectif Image\",\"url\":\"https:\\\/\\\/objectif-image.fr\\\/OI\\\/\",\"logo\":{\"@type\":\"ImageObject\",\"inLanguage\":\"fr-FR\",\"@id\":\"https:\\\/\\\/objectif-image.fr\\\/OI\\\/#\\\/schema\\\/logo\\\/image\\\/\",\"url\":\"https:\\\/\\\/objectif-image.fr\\\/OI\\\/wp-content\\\/uploads\\\/2019\\\/02\\\/logo-OI-NATIONAL-rouge-2000px.jpg\",\"contentUrl\":\"https:\\\/\\\/objectif-image.fr\\\/OI\\\/wp-content\\\/uploads\\\/2019\\\/02\\\/logo-OI-NATIONAL-rouge-2000px.jpg\",\"width\":1081,\"height\":1024,\"caption\":\"Objectif Image\"},\"image\":{\"@id\":\"https:\\\/\\\/objectif-image.fr\\\/OI\\\/#\\\/schema\\\/logo\\\/image\\\/\"},\"sameAs\":[\"https:\\\/\\\/www.facebook.com\\\/Objectif.mage\"]},{\"@type\":\"Person\",\"@id\":\"https:\\\/\\\/objectif-image.fr\\\/OI\\\/#\\\/schema\\\/person\\\/277673ea67983ba4c5b4ccc4afad321a\",\"name\":\"Jean-Marc\",\"image\":{\"@type\":\"ImageObject\",\"inLanguage\":\"fr-FR\",\"@id\":\"https:\\\/\\\/secure.gravatar.com\\\/avatar\\\/6ec0fe5b421083b19b3c5eaed07246abb7e33b36caaa087cd80c7014ad8a27d8?s=96&d=mm&r=g\",\"url\":\"https:\\\/\\\/secure.gravatar.com\\\/avatar\\\/6ec0fe5b421083b19b3c5eaed07246abb7e33b36caaa087cd80c7014ad8a27d8?s=96&d=mm&r=g\",\"contentUrl\":\"https:\\\/\\\/secure.gravatar.com\\\/avatar\\\/6ec0fe5b421083b19b3c5eaed07246abb7e33b36caaa087cd80c7014ad8a27d8?s=96&d=mm&r=g\",\"caption\":\"Jean-Marc\"},\"url\":\"https:\\\/\\\/objectif-image.fr\\\/OI\\\/author\\\/jean-marc\\\/\"}]}<\/script>\n<!-- \/ Yoast SEO plugin. -->","yoast_head_json":{"title":"Retour sur le stage \"Photographie en Pose Longue\" - Objectif Image","robots":{"index":"index","follow":"follow","max-snippet":"max-snippet:-1","max-image-preview":"max-image-preview:large","max-video-preview":"max-video-preview:-1"},"canonical":"https:\/\/objectif-image.fr\/OI\/retour-sur-le-stage-photographie-en-pose-longue\/","og_locale":"fr_FR","og_type":"article","og_title":"Retour sur le stage \"Photographie en Pose Longue\" - Objectif Image","og_description":"Le stage \u00ab\u00a0Photographie en Pose Longue\u00a0\u00bb s&rsquo;est tenu du 03 au 05 septembre dernier \u00e0 Yport, dirig\u00e9 par le ma\u00eetre de stage Christophe Audebert. Onze stagiaires des diff\u00e9rents club OI de Lyon, Montpellier, Orl\u00e9ans, Paris, Pau, Dijon, Villeneuve sur Lot, Bordeaux et Charleville-M\u00e9zi\u00e8res y ont particip\u00e9. Christophe a pr\u00e9sent\u00e9 son travail le vendredi matin et [&hellip;]","og_url":"https:\/\/objectif-image.fr\/OI\/retour-sur-le-stage-photographie-en-pose-longue\/","og_site_name":"Objectif Image","article_publisher":"https:\/\/www.facebook.com\/Objectif.mage","article_published_time":"2021-10-11T06:09:33+00:00","article_modified_time":"2021-10-11T06:09:36+00:00","og_image":[{"width":1080,"height":608,"url":"https:\/\/objectif-image.fr\/OI\/wp-content\/uploads\/2021\/10\/OI-Yport_sept21_CA008.jpg","type":"image\/jpeg"}],"author":"Jean-Marc","twitter_card":"summary_large_image","twitter_misc":{"\u00c9crit par":"Jean-Marc","Dur\u00e9e de lecture estim\u00e9e":"3 minutes"},"schema":{"@context":"https:\/\/schema.org","@graph":[{"@type":"Article","@id":"https:\/\/objectif-image.fr\/OI\/retour-sur-le-stage-photographie-en-pose-longue\/#article","isPartOf":{"@id":"https:\/\/objectif-image.fr\/OI\/retour-sur-le-stage-photographie-en-pose-longue\/"},"author":{"name":"Jean-Marc","@id":"https:\/\/objectif-image.fr\/OI\/#\/schema\/person\/277673ea67983ba4c5b4ccc4afad321a"},"headline":"Retour sur le stage \u00ab\u00a0Photographie en Pose Longue\u00a0\u00bb","datePublished":"2021-10-11T06:09:33+00:00","dateModified":"2021-10-11T06:09:36+00:00","mainEntityOfPage":{"@id":"https:\/\/objectif-image.fr\/OI\/retour-sur-le-stage-photographie-en-pose-longue\/"},"wordCount":145,"commentCount":0,"publisher":{"@id":"https:\/\/objectif-image.fr\/OI\/#organization"},"image":{"@id":"https:\/\/objectif-image.fr\/OI\/retour-sur-le-stage-photographie-en-pose-longue\/#primaryimage"},"thumbnailUrl":"https:\/\/objectif-image.fr\/OI\/wp-content\/uploads\/2021\/10\/OI-Yport_sept21_CA008.jpg","keywords":["Objectif Image"],"articleSection":["Stages"],"inLanguage":"fr-FR","potentialAction":[{"@type":"CommentAction","name":"Comment","target":["https:\/\/objectif-image.fr\/OI\/retour-sur-le-stage-photographie-en-pose-longue\/#respond"]}]},{"@type":"WebPage","@id":"https:\/\/objectif-image.fr\/OI\/retour-sur-le-stage-photographie-en-pose-longue\/","url":"https:\/\/objectif-image.fr\/OI\/retour-sur-le-stage-photographie-en-pose-longue\/","name":"Retour sur le stage \"Photographie en Pose Longue\" - Objectif Image","isPartOf":{"@id":"https:\/\/objectif-image.fr\/OI\/#website"},"primaryImageOfPage":{"@id":"https:\/\/objectif-image.fr\/OI\/retour-sur-le-stage-photographie-en-pose-longue\/#primaryimage"},"image":{"@id":"https:\/\/objectif-image.fr\/OI\/retour-sur-le-stage-photographie-en-pose-longue\/#primaryimage"},"thumbnailUrl":"https:\/\/objectif-image.fr\/OI\/wp-content\/uploads\/2021\/10\/OI-Yport_sept21_CA008.jpg","datePublished":"2021-10-11T06:09:33+00:00","dateModified":"2021-10-11T06:09:36+00:00","breadcrumb":{"@id":"https:\/\/objectif-image.fr\/OI\/retour-sur-le-stage-photographie-en-pose-longue\/#breadcrumb"},"inLanguage":"fr-FR","potentialAction":[{"@type":"ReadAction","target":["https:\/\/objectif-image.fr\/OI\/retour-sur-le-stage-photographie-en-pose-longue\/"]}]},{"@type":"ImageObject","inLanguage":"fr-FR","@id":"https:\/\/objectif-image.fr\/OI\/retour-sur-le-stage-photographie-en-pose-longue\/#primaryimage","url":"https:\/\/objectif-image.fr\/OI\/wp-content\/uploads\/2021\/10\/OI-Yport_sept21_CA008.jpg","contentUrl":"https:\/\/objectif-image.fr\/OI\/wp-content\/uploads\/2021\/10\/OI-Yport_sept21_CA008.jpg","width":1080,"height":608,"caption":"Etretat et sa r\u00e9gion. 2-3-4-5 septembre 2021"},{"@type":"BreadcrumbList","@id":"https:\/\/objectif-image.fr\/OI\/retour-sur-le-stage-photographie-en-pose-longue\/#breadcrumb","itemListElement":[{"@type":"ListItem","position":1,"name":"Accueil","item":"https:\/\/objectif-image.fr\/OI\/"},{"@type":"ListItem","position":2,"name":"Retour sur le stage \u00ab\u00a0Photographie en Pose Longue\u00a0\u00bb"}]},{"@type":"WebSite","@id":"https:\/\/objectif-image.fr\/OI\/#website","url":"https:\/\/objectif-image.fr\/OI\/","name":"Objectif Image","description":"Objectif Image","publisher":{"@id":"https:\/\/objectif-image.fr\/OI\/#organization"},"potentialAction":[{"@type":"SearchAction","target":{"@type":"EntryPoint","urlTemplate":"https:\/\/objectif-image.fr\/OI\/?s={search_term_string}"},"query-input":{"@type":"PropertyValueSpecification","valueRequired":true,"valueName":"search_term_string"}}],"inLanguage":"fr-FR"},{"@type":"Organization","@id":"https:\/\/objectif-image.fr\/OI\/#organization","name":"Objectif Image","url":"https:\/\/objectif-image.fr\/OI\/","logo":{"@type":"ImageObject","inLanguage":"fr-FR","@id":"https:\/\/objectif-image.fr\/OI\/#\/schema\/logo\/image\/","url":"https:\/\/objectif-image.fr\/OI\/wp-content\/uploads\/2019\/02\/logo-OI-NATIONAL-rouge-2000px.jpg","contentUrl":"https:\/\/objectif-image.fr\/OI\/wp-content\/uploads\/2019\/02\/logo-OI-NATIONAL-rouge-2000px.jpg","width":1081,"height":1024,"caption":"Objectif Image"},"image":{"@id":"https:\/\/objectif-image.fr\/OI\/#\/schema\/logo\/image\/"},"sameAs":["https:\/\/www.facebook.com\/Objectif.mage"]},{"@type":"Person","@id":"https:\/\/objectif-image.fr\/OI\/#\/schema\/person\/277673ea67983ba4c5b4ccc4afad321a","name":"Jean-Marc","image":{"@type":"ImageObject","inLanguage":"fr-FR","@id":"https:\/\/secure.gravatar.com\/avatar\/6ec0fe5b421083b19b3c5eaed07246abb7e33b36caaa087cd80c7014ad8a27d8?s=96&d=mm&r=g","url":"https:\/\/secure.gravatar.com\/avatar\/6ec0fe5b421083b19b3c5eaed07246abb7e33b36caaa087cd80c7014ad8a27d8?s=96&d=mm&r=g","contentUrl":"https:\/\/secure.gravatar.com\/avatar\/6ec0fe5b421083b19b3c5eaed07246abb7e33b36caaa087cd80c7014ad8a27d8?s=96&d=mm&r=g","caption":"Jean-Marc"},"url":"https:\/\/objectif-image.fr\/OI\/author\/jean-marc\/"}]}},"_links":{"self":[{"href":"https:\/\/objectif-image.fr\/OI\/wp-json\/wp\/v2\/posts\/36529","targetHints":{"allow":["GET"]}}],"collection":[{"href":"https:\/\/objectif-image.fr\/OI\/wp-json\/wp\/v2\/posts"}],"about":[{"href":"https:\/\/objectif-image.fr\/OI\/wp-json\/wp\/v2\/types\/post"}],"author":[{"embeddable":true,"href":"https:\/\/objectif-image.fr\/OI\/wp-json\/wp\/v2\/users\/7"}],"replies":[{"embeddable":true,"href":"https:\/\/objectif-image.fr\/OI\/wp-json\/wp\/v2\/comments?post=36529"}],"version-history":[{"count":0,"href":"https:\/\/objectif-image.fr\/OI\/wp-json\/wp\/v2\/posts\/36529\/revisions"}],"wp:featuredmedia":[{"embeddable":true,"href":"https:\/\/objectif-image.fr\/OI\/wp-json\/wp\/v2\/media\/36527"}],"wp:attachment":[{"href":"https:\/\/objectif-image.fr\/OI\/wp-json\/wp\/v2\/media?parent=36529"}],"wp:term":[{"taxonomy":"category","embeddable":true,"href":"https:\/\/objectif-image.fr\/OI\/wp-json\/wp\/v2\/categories?post=36529"},{"taxonomy":"post_tag","embeddable":true,"href":"https:\/\/objectif-image.fr\/OI\/wp-json\/wp\/v2\/tags?post=36529"}],"curies":[{"name":"wp","href":"https:\/\/api.w.org\/{rel}","templated":true}]}}