{"id":3737,"date":"2016-12-25T11:28:31","date_gmt":"2016-12-25T10:28:31","guid":{"rendered":"http:\/\/objectif-image.fr\/OI\/?p=3737"},"modified":"2016-12-25T11:28:31","modified_gmt":"2016-12-25T10:28:31","slug":"regard-sur-limage-ecrire-avec-les-yeux","status":"publish","type":"post","link":"https:\/\/objectif-image.fr\/OI\/regard-sur-limage-ecrire-avec-les-yeux\/","title":{"rendered":"Regard sur l\u2019image, \u00ab \u00c9crire avec les yeux \u00bb"},"content":{"rendered":"<h5><span style=\"color: #000000;\"><span style=\"color: #000080;\">Regard sur l&rsquo;image<\/span> &#8211; Un ouvrage de Herv\u00e9 Bernard, sur la perception visuelle et culturelle de l\u2019image.<\/span><\/h5>\n<p><!--more--><\/p>\n<p><em>Herv\u00e9 Bernard analyse d\u2019abord l\u2019image qui nous est donn\u00e9e \u00e0 voir. Il donne les points de vue pour la voir diff\u00e9remment, en comprenant les moyens utilis\u00e9s pour la capturer, qu\u2019elle soit peinte, dessin\u00e9e ou photographique. Bien entendu, la photographie a dans ce livre une place importante. Cette place est li\u00e9e \u00e0 l\u2019influence de la photographie et de l\u2019image anim\u00e9e dans notre soci\u00e9t\u00e9 mais aussi au fait qu\u2019Herv\u00e9 Bernard est un \u00ab\u00a0faiseur d\u2019images\u00a0\u00bb fixes ou anim\u00e9es pour reprendre l\u2019expression de Peter Knapp, auteur de la pr\u00e9face de cet ouvrage.<\/em><\/p>\n<p><em>Il explique ensuite l\u2019\u0153il qui la regarde et l\u2019optique qui traduit la lumi\u00e8re en couleurs et en formes. Il y parle de la vision et de ses illusions. Ensuite intervient le cerveau, qui interpr\u00e8te les formes en fonction de son histoire, de ses acquis culturels, de sa m\u00e9moire, et qui les nommera.<\/em><\/p>\n<p><span style=\"color: #000000;\">Pr\u00e9face de P<a href=\"https:\/\/objectif-image.fr\/OI\/wp-content\/uploads\/2016\/12\/regard-couverture_recto.jpg\"><img loading=\"lazy\" decoding=\"async\" class=\" wp-image-3739 alignleft\" src=\"https:\/\/objectif-image.fr\/OI\/wp-content\/uploads\/2016\/12\/regard-couverture_recto.jpg\" alt=\"\" width=\"248\" height=\"322\" \/><\/a>eter Knapp<\/span><\/p>\n<p><span style=\"color: #000000;\">350 pages, 150 illustrations, impression couleur Format : 21 x 28 cm <\/span><\/p>\n<p><span style=\"color: #000000;\">EAN 13 ou ISBN 9 78953 66590 12 <\/span><\/p>\n<p><span style=\"color: #000000;\">Prix Public : 50 \u20ac TTC<\/span><\/p>\n<h5><span style=\"color: #000000;\">Pr\u00e9sentation<\/span> : <a href=\"http:\/\/www.regard-sur-limage.com\/regard-sur-l-image-ecrire-avec-les-yeux.html\" target=\"_blank\">ICI<\/a><\/h5>\n<p>&nbsp;<\/p>\n","protected":false},"excerpt":{"rendered":"<p>Regard sur l&rsquo;image &#8211; Un ouvrage de Herv\u00e9 Bernard, sur la perception visuelle et culturelle de l\u2019image.<\/p>\n","protected":false},"author":3,"featured_media":3739,"comment_status":"closed","ping_status":"closed","sticky":false,"template":"","format":"standard","meta":{"_acf_changed":false,"footnotes":""},"categories":[13],"tags":[],"class_list":["post-3737","post","type-post","status-publish","format-standard","has-post-thumbnail","hentry","category-photo"],"acf":[],"yoast_head":"<!-- This site is optimized with the Yoast SEO plugin v27.5 - https:\/\/yoast.com\/product\/yoast-seo-wordpress\/ -->\n<title>Regard sur l\u2019image, \u00ab \u00c9crire avec les yeux \u00bb - Objectif Image<\/title>\n<meta name=\"robots\" content=\"index, follow, max-snippet:-1, max-image-preview:large, max-video-preview:-1\" \/>\n<link rel=\"canonical\" href=\"https:\/\/objectif-image.fr\/OI\/regard-sur-limage-ecrire-avec-les-yeux\/\" \/>\n<meta property=\"og:locale\" content=\"fr_FR\" \/>\n<meta property=\"og:type\" content=\"article\" \/>\n<meta property=\"og:title\" content=\"Regard sur l\u2019image, \u00ab \u00c9crire avec les yeux \u00bb - Objectif Image\" \/>\n<meta property=\"og:description\" content=\"Regard sur l&rsquo;image &#8211; Un ouvrage de Herv\u00e9 Bernard, sur la perception visuelle et culturelle de l\u2019image.\" \/>\n<meta property=\"og:url\" content=\"https:\/\/objectif-image.fr\/OI\/regard-sur-limage-ecrire-avec-les-yeux\/\" \/>\n<meta property=\"og:site_name\" content=\"Objectif Image\" \/>\n<meta property=\"article:publisher\" content=\"https:\/\/www.facebook.com\/Objectif.mage\" \/>\n<meta property=\"article:published_time\" content=\"2016-12-25T10:28:31+00:00\" \/>\n<meta property=\"og:image\" content=\"https:\/\/objectif-image.fr\/OI\/wp-content\/uploads\/2016\/12\/regard-couverture_recto-e1482649950785.jpg\" \/>\n\t<meta property=\"og:image:width\" content=\"605\" \/>\n\t<meta property=\"og:image:height\" content=\"353\" \/>\n\t<meta property=\"og:image:type\" content=\"image\/jpeg\" \/>\n<meta name=\"author\" content=\"Pierre S\" \/>\n<meta name=\"twitter:card\" content=\"summary_large_image\" \/>\n<meta name=\"twitter:label1\" content=\"\u00c9crit par\" \/>\n\t<meta name=\"twitter:data1\" content=\"Pierre S\" \/>\n\t<meta name=\"twitter:label2\" content=\"Dur\u00e9e de lecture estim\u00e9e\" \/>\n\t<meta name=\"twitter:data2\" content=\"1 minute\" \/>\n<script type=\"application\/ld+json\" class=\"yoast-schema-graph\">{\"@context\":\"https:\\\/\\\/schema.org\",\"@graph\":[{\"@type\":\"Article\",\"@id\":\"https:\\\/\\\/objectif-image.fr\\\/OI\\\/regard-sur-limage-ecrire-avec-les-yeux\\\/#article\",\"isPartOf\":{\"@id\":\"https:\\\/\\\/objectif-image.fr\\\/OI\\\/regard-sur-limage-ecrire-avec-les-yeux\\\/\"},\"author\":{\"name\":\"Pierre S\",\"@id\":\"https:\\\/\\\/objectif-image.fr\\\/OI\\\/#\\\/schema\\\/person\\\/813c64cc2f0c70450ca653f2e80a6515\"},\"headline\":\"Regard sur l\u2019image, \u00ab \u00c9crire avec les yeux \u00bb\",\"datePublished\":\"2016-12-25T10:28:31+00:00\",\"mainEntityOfPage\":{\"@id\":\"https:\\\/\\\/objectif-image.fr\\\/OI\\\/regard-sur-limage-ecrire-avec-les-yeux\\\/\"},\"wordCount\":210,\"publisher\":{\"@id\":\"https:\\\/\\\/objectif-image.fr\\\/OI\\\/#organization\"},\"image\":{\"@id\":\"https:\\\/\\\/objectif-image.fr\\\/OI\\\/regard-sur-limage-ecrire-avec-les-yeux\\\/#primaryimage\"},\"thumbnailUrl\":\"https:\\\/\\\/objectif-image.fr\\\/OI\\\/wp-content\\\/uploads\\\/2016\\\/12\\\/regard-couverture_recto-e1482649950785.jpg\",\"articleSection\":[\"Photo\"],\"inLanguage\":\"fr-FR\"},{\"@type\":\"WebPage\",\"@id\":\"https:\\\/\\\/objectif-image.fr\\\/OI\\\/regard-sur-limage-ecrire-avec-les-yeux\\\/\",\"url\":\"https:\\\/\\\/objectif-image.fr\\\/OI\\\/regard-sur-limage-ecrire-avec-les-yeux\\\/\",\"name\":\"Regard sur l\u2019image, \u00ab \u00c9crire avec les yeux \u00bb - Objectif Image\",\"isPartOf\":{\"@id\":\"https:\\\/\\\/objectif-image.fr\\\/OI\\\/#website\"},\"primaryImageOfPage\":{\"@id\":\"https:\\\/\\\/objectif-image.fr\\\/OI\\\/regard-sur-limage-ecrire-avec-les-yeux\\\/#primaryimage\"},\"image\":{\"@id\":\"https:\\\/\\\/objectif-image.fr\\\/OI\\\/regard-sur-limage-ecrire-avec-les-yeux\\\/#primaryimage\"},\"thumbnailUrl\":\"https:\\\/\\\/objectif-image.fr\\\/OI\\\/wp-content\\\/uploads\\\/2016\\\/12\\\/regard-couverture_recto-e1482649950785.jpg\",\"datePublished\":\"2016-12-25T10:28:31+00:00\",\"breadcrumb\":{\"@id\":\"https:\\\/\\\/objectif-image.fr\\\/OI\\\/regard-sur-limage-ecrire-avec-les-yeux\\\/#breadcrumb\"},\"inLanguage\":\"fr-FR\",\"potentialAction\":[{\"@type\":\"ReadAction\",\"target\":[\"https:\\\/\\\/objectif-image.fr\\\/OI\\\/regard-sur-limage-ecrire-avec-les-yeux\\\/\"]}]},{\"@type\":\"ImageObject\",\"inLanguage\":\"fr-FR\",\"@id\":\"https:\\\/\\\/objectif-image.fr\\\/OI\\\/regard-sur-limage-ecrire-avec-les-yeux\\\/#primaryimage\",\"url\":\"https:\\\/\\\/objectif-image.fr\\\/OI\\\/wp-content\\\/uploads\\\/2016\\\/12\\\/regard-couverture_recto-e1482649950785.jpg\",\"contentUrl\":\"https:\\\/\\\/objectif-image.fr\\\/OI\\\/wp-content\\\/uploads\\\/2016\\\/12\\\/regard-couverture_recto-e1482649950785.jpg\",\"width\":605,\"height\":353},{\"@type\":\"BreadcrumbList\",\"@id\":\"https:\\\/\\\/objectif-image.fr\\\/OI\\\/regard-sur-limage-ecrire-avec-les-yeux\\\/#breadcrumb\",\"itemListElement\":[{\"@type\":\"ListItem\",\"position\":1,\"name\":\"Accueil\",\"item\":\"https:\\\/\\\/objectif-image.fr\\\/OI\\\/\"},{\"@type\":\"ListItem\",\"position\":2,\"name\":\"Regard sur l\u2019image, \u00ab \u00c9crire avec les yeux \u00bb\"}]},{\"@type\":\"WebSite\",\"@id\":\"https:\\\/\\\/objectif-image.fr\\\/OI\\\/#website\",\"url\":\"https:\\\/\\\/objectif-image.fr\\\/OI\\\/\",\"name\":\"Objectif Image\",\"description\":\"Objectif Image\",\"publisher\":{\"@id\":\"https:\\\/\\\/objectif-image.fr\\\/OI\\\/#organization\"},\"potentialAction\":[{\"@type\":\"SearchAction\",\"target\":{\"@type\":\"EntryPoint\",\"urlTemplate\":\"https:\\\/\\\/objectif-image.fr\\\/OI\\\/?s={search_term_string}\"},\"query-input\":{\"@type\":\"PropertyValueSpecification\",\"valueRequired\":true,\"valueName\":\"search_term_string\"}}],\"inLanguage\":\"fr-FR\"},{\"@type\":\"Organization\",\"@id\":\"https:\\\/\\\/objectif-image.fr\\\/OI\\\/#organization\",\"name\":\"Objectif Image\",\"url\":\"https:\\\/\\\/objectif-image.fr\\\/OI\\\/\",\"logo\":{\"@type\":\"ImageObject\",\"inLanguage\":\"fr-FR\",\"@id\":\"https:\\\/\\\/objectif-image.fr\\\/OI\\\/#\\\/schema\\\/logo\\\/image\\\/\",\"url\":\"https:\\\/\\\/objectif-image.fr\\\/OI\\\/wp-content\\\/uploads\\\/2019\\\/02\\\/logo-OI-NATIONAL-rouge-2000px.jpg\",\"contentUrl\":\"https:\\\/\\\/objectif-image.fr\\\/OI\\\/wp-content\\\/uploads\\\/2019\\\/02\\\/logo-OI-NATIONAL-rouge-2000px.jpg\",\"width\":1081,\"height\":1024,\"caption\":\"Objectif Image\"},\"image\":{\"@id\":\"https:\\\/\\\/objectif-image.fr\\\/OI\\\/#\\\/schema\\\/logo\\\/image\\\/\"},\"sameAs\":[\"https:\\\/\\\/www.facebook.com\\\/Objectif.mage\"]},{\"@type\":\"Person\",\"@id\":\"https:\\\/\\\/objectif-image.fr\\\/OI\\\/#\\\/schema\\\/person\\\/813c64cc2f0c70450ca653f2e80a6515\",\"name\":\"Pierre S\",\"image\":{\"@type\":\"ImageObject\",\"inLanguage\":\"fr-FR\",\"@id\":\"https:\\\/\\\/secure.gravatar.com\\\/avatar\\\/6d1df1cb0bf58ef7d330b8910acfe62e7fbc0c2138564189224f85869b953674?s=96&d=mm&r=g\",\"url\":\"https:\\\/\\\/secure.gravatar.com\\\/avatar\\\/6d1df1cb0bf58ef7d330b8910acfe62e7fbc0c2138564189224f85869b953674?s=96&d=mm&r=g\",\"contentUrl\":\"https:\\\/\\\/secure.gravatar.com\\\/avatar\\\/6d1df1cb0bf58ef7d330b8910acfe62e7fbc0c2138564189224f85869b953674?s=96&d=mm&r=g\",\"caption\":\"Pierre S\"},\"url\":\"https:\\\/\\\/objectif-image.fr\\\/OI\\\/author\\\/pierres-2-2\\\/\"}]}<\/script>\n<!-- \/ Yoast SEO plugin. -->","yoast_head_json":{"title":"Regard sur l\u2019image, \u00ab \u00c9crire avec les yeux \u00bb - Objectif Image","robots":{"index":"index","follow":"follow","max-snippet":"max-snippet:-1","max-image-preview":"max-image-preview:large","max-video-preview":"max-video-preview:-1"},"canonical":"https:\/\/objectif-image.fr\/OI\/regard-sur-limage-ecrire-avec-les-yeux\/","og_locale":"fr_FR","og_type":"article","og_title":"Regard sur l\u2019image, \u00ab \u00c9crire avec les yeux \u00bb - Objectif Image","og_description":"Regard sur l&rsquo;image &#8211; Un ouvrage de Herv\u00e9 Bernard, sur la perception visuelle et culturelle de l\u2019image.","og_url":"https:\/\/objectif-image.fr\/OI\/regard-sur-limage-ecrire-avec-les-yeux\/","og_site_name":"Objectif Image","article_publisher":"https:\/\/www.facebook.com\/Objectif.mage","article_published_time":"2016-12-25T10:28:31+00:00","og_image":[{"width":605,"height":353,"url":"https:\/\/objectif-image.fr\/OI\/wp-content\/uploads\/2016\/12\/regard-couverture_recto-e1482649950785.jpg","type":"image\/jpeg"}],"author":"Pierre S","twitter_card":"summary_large_image","twitter_misc":{"\u00c9crit par":"Pierre S","Dur\u00e9e de lecture estim\u00e9e":"1 minute"},"schema":{"@context":"https:\/\/schema.org","@graph":[{"@type":"Article","@id":"https:\/\/objectif-image.fr\/OI\/regard-sur-limage-ecrire-avec-les-yeux\/#article","isPartOf":{"@id":"https:\/\/objectif-image.fr\/OI\/regard-sur-limage-ecrire-avec-les-yeux\/"},"author":{"name":"Pierre S","@id":"https:\/\/objectif-image.fr\/OI\/#\/schema\/person\/813c64cc2f0c70450ca653f2e80a6515"},"headline":"Regard sur l\u2019image, \u00ab \u00c9crire avec les yeux \u00bb","datePublished":"2016-12-25T10:28:31+00:00","mainEntityOfPage":{"@id":"https:\/\/objectif-image.fr\/OI\/regard-sur-limage-ecrire-avec-les-yeux\/"},"wordCount":210,"publisher":{"@id":"https:\/\/objectif-image.fr\/OI\/#organization"},"image":{"@id":"https:\/\/objectif-image.fr\/OI\/regard-sur-limage-ecrire-avec-les-yeux\/#primaryimage"},"thumbnailUrl":"https:\/\/objectif-image.fr\/OI\/wp-content\/uploads\/2016\/12\/regard-couverture_recto-e1482649950785.jpg","articleSection":["Photo"],"inLanguage":"fr-FR"},{"@type":"WebPage","@id":"https:\/\/objectif-image.fr\/OI\/regard-sur-limage-ecrire-avec-les-yeux\/","url":"https:\/\/objectif-image.fr\/OI\/regard-sur-limage-ecrire-avec-les-yeux\/","name":"Regard sur l\u2019image, \u00ab \u00c9crire avec les yeux \u00bb - Objectif Image","isPartOf":{"@id":"https:\/\/objectif-image.fr\/OI\/#website"},"primaryImageOfPage":{"@id":"https:\/\/objectif-image.fr\/OI\/regard-sur-limage-ecrire-avec-les-yeux\/#primaryimage"},"image":{"@id":"https:\/\/objectif-image.fr\/OI\/regard-sur-limage-ecrire-avec-les-yeux\/#primaryimage"},"thumbnailUrl":"https:\/\/objectif-image.fr\/OI\/wp-content\/uploads\/2016\/12\/regard-couverture_recto-e1482649950785.jpg","datePublished":"2016-12-25T10:28:31+00:00","breadcrumb":{"@id":"https:\/\/objectif-image.fr\/OI\/regard-sur-limage-ecrire-avec-les-yeux\/#breadcrumb"},"inLanguage":"fr-FR","potentialAction":[{"@type":"ReadAction","target":["https:\/\/objectif-image.fr\/OI\/regard-sur-limage-ecrire-avec-les-yeux\/"]}]},{"@type":"ImageObject","inLanguage":"fr-FR","@id":"https:\/\/objectif-image.fr\/OI\/regard-sur-limage-ecrire-avec-les-yeux\/#primaryimage","url":"https:\/\/objectif-image.fr\/OI\/wp-content\/uploads\/2016\/12\/regard-couverture_recto-e1482649950785.jpg","contentUrl":"https:\/\/objectif-image.fr\/OI\/wp-content\/uploads\/2016\/12\/regard-couverture_recto-e1482649950785.jpg","width":605,"height":353},{"@type":"BreadcrumbList","@id":"https:\/\/objectif-image.fr\/OI\/regard-sur-limage-ecrire-avec-les-yeux\/#breadcrumb","itemListElement":[{"@type":"ListItem","position":1,"name":"Accueil","item":"https:\/\/objectif-image.fr\/OI\/"},{"@type":"ListItem","position":2,"name":"Regard sur l\u2019image, \u00ab \u00c9crire avec les yeux \u00bb"}]},{"@type":"WebSite","@id":"https:\/\/objectif-image.fr\/OI\/#website","url":"https:\/\/objectif-image.fr\/OI\/","name":"Objectif Image","description":"Objectif Image","publisher":{"@id":"https:\/\/objectif-image.fr\/OI\/#organization"},"potentialAction":[{"@type":"SearchAction","target":{"@type":"EntryPoint","urlTemplate":"https:\/\/objectif-image.fr\/OI\/?s={search_term_string}"},"query-input":{"@type":"PropertyValueSpecification","valueRequired":true,"valueName":"search_term_string"}}],"inLanguage":"fr-FR"},{"@type":"Organization","@id":"https:\/\/objectif-image.fr\/OI\/#organization","name":"Objectif Image","url":"https:\/\/objectif-image.fr\/OI\/","logo":{"@type":"ImageObject","inLanguage":"fr-FR","@id":"https:\/\/objectif-image.fr\/OI\/#\/schema\/logo\/image\/","url":"https:\/\/objectif-image.fr\/OI\/wp-content\/uploads\/2019\/02\/logo-OI-NATIONAL-rouge-2000px.jpg","contentUrl":"https:\/\/objectif-image.fr\/OI\/wp-content\/uploads\/2019\/02\/logo-OI-NATIONAL-rouge-2000px.jpg","width":1081,"height":1024,"caption":"Objectif Image"},"image":{"@id":"https:\/\/objectif-image.fr\/OI\/#\/schema\/logo\/image\/"},"sameAs":["https:\/\/www.facebook.com\/Objectif.mage"]},{"@type":"Person","@id":"https:\/\/objectif-image.fr\/OI\/#\/schema\/person\/813c64cc2f0c70450ca653f2e80a6515","name":"Pierre S","image":{"@type":"ImageObject","inLanguage":"fr-FR","@id":"https:\/\/secure.gravatar.com\/avatar\/6d1df1cb0bf58ef7d330b8910acfe62e7fbc0c2138564189224f85869b953674?s=96&d=mm&r=g","url":"https:\/\/secure.gravatar.com\/avatar\/6d1df1cb0bf58ef7d330b8910acfe62e7fbc0c2138564189224f85869b953674?s=96&d=mm&r=g","contentUrl":"https:\/\/secure.gravatar.com\/avatar\/6d1df1cb0bf58ef7d330b8910acfe62e7fbc0c2138564189224f85869b953674?s=96&d=mm&r=g","caption":"Pierre S"},"url":"https:\/\/objectif-image.fr\/OI\/author\/pierres-2-2\/"}]}},"_links":{"self":[{"href":"https:\/\/objectif-image.fr\/OI\/wp-json\/wp\/v2\/posts\/3737","targetHints":{"allow":["GET"]}}],"collection":[{"href":"https:\/\/objectif-image.fr\/OI\/wp-json\/wp\/v2\/posts"}],"about":[{"href":"https:\/\/objectif-image.fr\/OI\/wp-json\/wp\/v2\/types\/post"}],"author":[{"embeddable":true,"href":"https:\/\/objectif-image.fr\/OI\/wp-json\/wp\/v2\/users\/3"}],"replies":[{"embeddable":true,"href":"https:\/\/objectif-image.fr\/OI\/wp-json\/wp\/v2\/comments?post=3737"}],"version-history":[{"count":0,"href":"https:\/\/objectif-image.fr\/OI\/wp-json\/wp\/v2\/posts\/3737\/revisions"}],"wp:featuredmedia":[{"embeddable":true,"href":"https:\/\/objectif-image.fr\/OI\/wp-json\/wp\/v2\/media\/3739"}],"wp:attachment":[{"href":"https:\/\/objectif-image.fr\/OI\/wp-json\/wp\/v2\/media?parent=3737"}],"wp:term":[{"taxonomy":"category","embeddable":true,"href":"https:\/\/objectif-image.fr\/OI\/wp-json\/wp\/v2\/categories?post=3737"},{"taxonomy":"post_tag","embeddable":true,"href":"https:\/\/objectif-image.fr\/OI\/wp-json\/wp\/v2\/tags?post=3737"}],"curies":[{"name":"wp","href":"https:\/\/api.w.org\/{rel}","templated":true}]}}