{"id":43971,"date":"2022-11-21T16:45:04","date_gmt":"2022-11-21T15:45:04","guid":{"rendered":"https:\/\/objectif-image.fr\/OI\/?p=43971"},"modified":"2022-11-23T11:54:00","modified_gmt":"2022-11-23T10:54:00","slug":"les-43-rencontres-de-laudiovisuel-de-tulle","status":"publish","type":"post","link":"https:\/\/objectif-image.fr\/OI\/les-43-rencontres-de-laudiovisuel-de-tulle\/","title":{"rendered":"Les 43\u00b0 Rencontres de l&rsquo;Audiovisuel de Tulle"},"content":{"rendered":"\n<figure class=\"wp-block-image aligncenter size-large is-resized\"><img loading=\"lazy\" decoding=\"async\" src=\"https:\/\/objectif-image.fr\/OI\/wp-content\/uploads\/2022\/11\/IMG_0034-reduite-1024x427.jpg\" alt=\"\" class=\"wp-image-43976\" width=\"1450\" height=\"604\" srcset=\"https:\/\/objectif-image.fr\/OI\/wp-content\/uploads\/2022\/11\/IMG_0034-reduite-1024x427.jpg 1024w, https:\/\/objectif-image.fr\/OI\/wp-content\/uploads\/2022\/11\/IMG_0034-reduite-400x167.jpg 400w, https:\/\/objectif-image.fr\/OI\/wp-content\/uploads\/2022\/11\/IMG_0034-reduite-300x125.jpg 300w, https:\/\/objectif-image.fr\/OI\/wp-content\/uploads\/2022\/11\/IMG_0034-reduite-150x63.jpg 150w, https:\/\/objectif-image.fr\/OI\/wp-content\/uploads\/2022\/11\/IMG_0034-reduite-768x320.jpg 768w, https:\/\/objectif-image.fr\/OI\/wp-content\/uploads\/2022\/11\/IMG_0034-reduite-100x42.jpg 100w, https:\/\/objectif-image.fr\/OI\/wp-content\/uploads\/2022\/11\/IMG_0034-reduite.jpg 1200w\" sizes=\"auto, (max-width: 1450px) 100vw, 1450px\" \/><figcaption class=\"wp-element-caption\"><em>Le groupe quasi complet &#8211; Photo Claude Chabran<\/em><\/figcaption><\/figure>\n\n\n\n<p>Les 43\u00b0 Rencontres se sont d\u00e9roul\u00e9es \u00e0 Tulle.<\/p>\n\n\n\n<ul class=\"wp-block-list\">\n<li><em>28 Montages pour la s\u00e9lection Eymonerie<\/em><\/li>\n\n\n\n<li><em>15 Montages th\u00e9matiques, \u00ab\u00a0La nuit\u00a0\u00bb<\/em><\/li>\n\n\n\n<li><em>6 autres montages divers<\/em><\/li>\n\n\n\n<li><em>une cinquantaine de pr\u00e9sents<\/em><\/li>\n\n\n\n<li><em>repr\u00e9sentants 18 clubs<\/em><\/li>\n\n\n\n<li><em>42 ont suivi la 4\u00b0 Universit\u00e9 du Court M\u00e9trage \u00ab\u00a0Cr\u00e9ativit\u00e9 et Culture audiovisuelle\u00a0\u00bb anim\u00e9e par Jean-Paul PETIT.<\/em><\/li>\n\n\n\n<li><em>Fr\u00e9d\u00e9ric MICHEL a anim\u00e9 les s\u00e9ances de discussions et Claude SOUCHAL en a assur\u00e9 la programmation et les projections.<\/em><\/li>\n<\/ul>\n\n\n\n<p class=\"has-text-align-center\"><strong><em>Un grand merci \u00e0 tous les participants, auteurs, accompagnateurs, b\u00e9n\u00e9voles<br>et au club d&rsquo;accueil ASPTT Tulle.<\/em><\/strong><\/p>\n\n\n\n<figure class=\"wp-block-image alignleft size-large is-resized\"><img loading=\"lazy\" decoding=\"async\" src=\"https:\/\/objectif-image.fr\/OI\/wp-content\/uploads\/2022\/11\/tulle-univ--1024x305.jpg\" alt=\"\" class=\"wp-image-43995\" width=\"1025\" height=\"305\" srcset=\"https:\/\/objectif-image.fr\/OI\/wp-content\/uploads\/2022\/11\/tulle-univ--1024x305.jpg 1024w, https:\/\/objectif-image.fr\/OI\/wp-content\/uploads\/2022\/11\/tulle-univ--400x119.jpg 400w, https:\/\/objectif-image.fr\/OI\/wp-content\/uploads\/2022\/11\/tulle-univ--300x90.jpg 300w, https:\/\/objectif-image.fr\/OI\/wp-content\/uploads\/2022\/11\/tulle-univ--150x45.jpg 150w, https:\/\/objectif-image.fr\/OI\/wp-content\/uploads\/2022\/11\/tulle-univ--768x229.jpg 768w, https:\/\/objectif-image.fr\/OI\/wp-content\/uploads\/2022\/11\/tulle-univ--100x30.jpg 100w, https:\/\/objectif-image.fr\/OI\/wp-content\/uploads\/2022\/11\/tulle-univ-.jpg 1200w\" sizes=\"auto, (max-width: 1025px) 100vw, 1025px\" \/><figcaption class=\"wp-element-caption\"><em>L&rsquo;Universit\u00e9, ambiance studieuse &#8211; Photo G\u00e9rard DIEBOLD<\/em><\/figcaption><\/figure>\n\n\n\n<figure class=\"wp-block-image alignleft size-large\"><img loading=\"lazy\" decoding=\"async\" width=\"1024\" height=\"428\" src=\"https:\/\/objectif-image.fr\/OI\/wp-content\/uploads\/2022\/11\/salle-proj-reduit-IMG_0045-1024x428.jpg\" alt=\"\" class=\"wp-image-43983\" srcset=\"https:\/\/objectif-image.fr\/OI\/wp-content\/uploads\/2022\/11\/salle-proj-reduit-IMG_0045-1024x428.jpg 1024w, https:\/\/objectif-image.fr\/OI\/wp-content\/uploads\/2022\/11\/salle-proj-reduit-IMG_0045-400x167.jpg 400w, https:\/\/objectif-image.fr\/OI\/wp-content\/uploads\/2022\/11\/salle-proj-reduit-IMG_0045-300x125.jpg 300w, https:\/\/objectif-image.fr\/OI\/wp-content\/uploads\/2022\/11\/salle-proj-reduit-IMG_0045-150x63.jpg 150w, https:\/\/objectif-image.fr\/OI\/wp-content\/uploads\/2022\/11\/salle-proj-reduit-IMG_0045-768x321.jpg 768w, https:\/\/objectif-image.fr\/OI\/wp-content\/uploads\/2022\/11\/salle-proj-reduit-IMG_0045-100x42.jpg 100w, https:\/\/objectif-image.fr\/OI\/wp-content\/uploads\/2022\/11\/salle-proj-reduit-IMG_0045.jpg 1200w\" sizes=\"auto, (max-width: 1024px) 100vw, 1024px\" \/><figcaption class=\"wp-element-caption\"><em>La synth\u00e8se &#8211; Photo Claude CHABRAN<\/em><\/figcaption><\/figure>\n\n\n\n<figure class=\"wp-block-image alignleft size-large is-resized\"><img loading=\"lazy\" decoding=\"async\" src=\"https:\/\/objectif-image.fr\/OI\/wp-content\/uploads\/2022\/11\/salle-reduite-1024x449.jpg\" alt=\"\" class=\"wp-image-43986\" width=\"1023\" height=\"448\" srcset=\"https:\/\/objectif-image.fr\/OI\/wp-content\/uploads\/2022\/11\/salle-reduite-1024x449.jpg 1024w, https:\/\/objectif-image.fr\/OI\/wp-content\/uploads\/2022\/11\/salle-reduite-400x175.jpg 400w, https:\/\/objectif-image.fr\/OI\/wp-content\/uploads\/2022\/11\/salle-reduite-300x132.jpg 300w, https:\/\/objectif-image.fr\/OI\/wp-content\/uploads\/2022\/11\/salle-reduite-150x66.jpg 150w, https:\/\/objectif-image.fr\/OI\/wp-content\/uploads\/2022\/11\/salle-reduite-768x337.jpg 768w, https:\/\/objectif-image.fr\/OI\/wp-content\/uploads\/2022\/11\/salle-reduite-100x44.jpg 100w, https:\/\/objectif-image.fr\/OI\/wp-content\/uploads\/2022\/11\/salle-reduite.jpg 1200w\" sizes=\"auto, (max-width: 1023px) 100vw, 1023px\" \/><figcaption class=\"wp-element-caption\"><em>Les projections, Claude aux manettes &#8211; Photo G\u00e9rard DIEBOLD<\/em><\/figcaption><\/figure>\n\n\n\n<p><\/p>\n\n\n\n<p><\/p>\n\n\n\n<p><\/p>\n\n\n\n<p><\/p>\n\n\n\n<p><\/p>\n\n\n\n<p><\/p>\n\n\n\n<p><\/p>\n\n\n\n<p><\/p>\n\n\n\n<p><\/p>\n\n\n\n<p><\/p>\n\n\n\n<p><\/p>\n\n\n\n<p><\/p>\n\n\n\n<p><\/p>\n\n\n\n<p><\/p>\n\n\n\n<p><\/p>\n\n\n\n<p><\/p>\n\n\n\n<p><\/p>\n\n\n\n<p><\/p>\n\n\n\n<p><\/p>\n\n\n\n<p><\/p>\n\n\n\n<p><\/p>\n\n\n\n<p><\/p>\n\n\n\n<p><\/p>\n\n\n\n<p><\/p>\n\n\n\n<p><\/p>\n\n\n\n<p><\/p>\n\n\n\n<p><\/p>\n\n\n\n<p><\/p>\n\n\n\n<p><\/p>\n\n\n\n<p><\/p>\n\n\n\n<h2 class=\"has-text-align-left wp-block-heading\"><em>Le jury<\/em><\/h2>\n\n\n\n<p><em>La s\u00e9lection des 12 montages ainsi que les prix G\u00e9rard Breton ont \u00e9t\u00e9 s\u00e9lectionn\u00e9s par un jury ext\u00e9rieur \u00e0 Objectif Image.<\/em> Ont offici\u00e9 : <em>Maurice GUIDICELLI &#8211; Sophie PAUGAM &#8211; Claude MARTY<\/em><\/p>\n\n\n\n<hr class=\"wp-block-separator has-alpha-channel-opacity\"\/>\n\n\n\n<p><strong>Rapport du Jury des Rencontres de Tulle 2022<\/strong><\/p>\n\n\n\n<p><em>Apr\u00e8s le visionnage individuel des montages propos\u00e9s, les trois membres du jury ont d\u00e9lib\u00e9r\u00e9<\/em> <em>en visioconf\u00e9rence pendant 5 heures 30 minutes.<\/em><\/p>\n\n\n\n<p><strong>Eymonerie<\/strong><\/p>\n\n\n\n<p><em>Parmi les 28 diaporamas pr\u00e9sent\u00e9s, il nous \u00e9tait demand\u00e9 de distinguer 12 oeuvres non<\/em> <em>seulement de qualit\u00e9, mais aussi pr\u00e9sentant des potentialit\u00e9s permettant \u00e0 leurs auteurs de<\/em> <em>progresser.<\/em><br><em>Les 3 membres du jury des rencontres de Tulle ont eu la t\u00e2che ardue de s&rsquo;accorder sur ces 28<\/em> <em>oeuvres g\u00e9n\u00e9ralement de grande qualit\u00e9.<\/em><br><em>Dans un premier temps, apr\u00e8s discussion, seules 11 oeuvres ont \u00e9t\u00e9 \u00e9cart\u00e9es de notre s\u00e9lection<\/em> <em>et 8 oeuvres ont fait l&rsquo;unanimit\u00e9 pour y figurer.<\/em> <em>Restaient donc 4 oeuvres \u00e0 distinguer parmi les 9 restantes.<\/em><\/p>\n\n\n\n<p><em>Dans un deuxi\u00e8me temps, la comparaison de ces 9 oeuvres et l&rsquo;examen pour chacune d&rsquo;elles de<\/em> <em>leurs points positifs et n\u00e9gatifs, ont fait appara\u00eetre la volont\u00e9 du jury de privil\u00e9gier, malgr\u00e9<\/em> <em>certains points n\u00e9gatifs soulign\u00e9s par un ou deux membres du jury, les oeuvres pr\u00e9sentant des<\/em> <em>potentialit\u00e9s de progression.<\/em><\/p>\n\n\n\n<p><em>Cela peut expliquer le fait que quelques oeuvres de grande qualit\u00e9 aient \u00e9t\u00e9 \u00e9cart\u00e9es de notre<\/em> <em>s\u00e9lection finale.<\/em><\/p>\n\n\n\n<hr class=\"wp-block-separator has-alpha-channel-opacity\"\/>\n\n\n\n<p><strong>Th\u00e9matique (La nuit)<\/strong><\/p>\n\n\n\n<p><em>Dans un premier temps, apr\u00e8s discussion, seules 2 des 16 oeuvres pr\u00e9sent\u00e9es ont fait<\/em> <em>l&rsquo;unanimit\u00e9 du Jury.<\/em><\/p>\n\n\n\n<p><em>Nous avons choisi, apr\u00e8s discussion ardue, de privil\u00e9gier \u00ab\u00a0La Nuit, ma Muse\u00a0\u00bb de Marc<\/em> <em>Jourdain qui pr\u00e9sente des potentialit\u00e9s pour l&rsquo;auteur de progresser dans l&rsquo;Art (difficile) que<\/em> <em>nous aimons.<\/em><\/p>\n\n\n\n<p><em><strong>Le jury tient \u00e0 distinguer 3 autres montages qu&rsquo;il a particuli\u00e8rement appr\u00e9ci\u00e9s:<\/strong><\/em><\/p>\n\n\n\n<ul class=\"wp-block-list\">\n<li><em>\u00ab\u00a0La nuit\u00a0\u00bb de G\u00e9rard Diebold<\/em><\/li>\n\n\n\n<li><em>\u00ab\u00a0Ce soir\u00a0\u00bb d&rsquo;Ursula Diebold<\/em><\/li>\n\n\n\n<li><em>\u00ab\u00a0Le mot de la fin\u00a0\u00bb de Jean-Paul Petit<\/em><\/li>\n<\/ul>\n\n\n\n<p class=\"has-pale-ocean-gradient-background has-background\"><em>Le Prix G\u00e9rard BRETON<\/em><\/p>\n\n\n\n<p><em>Ce prix r\u00e9compense le meilleur montage th\u00e9matique de l&rsquo;ann\u00e9e, \u00e0 savoir \u00ab\u00a0La Nuit\u00a0\u00bb pour cette ann\u00e9e.<br>Les Prix est attribu\u00e9 \u00e0&nbsp; <strong>La Nuit, ma Muse de Marc JOURDAIN<\/strong><\/em><\/p>\n\n\n\n<figure class=\"wp-block-image alignleft size-large is-resized\"><img loading=\"lazy\" decoding=\"async\" src=\"https:\/\/objectif-image.fr\/OI\/wp-content\/uploads\/2022\/11\/ma-muse-1024x585.jpg\" alt=\"\" class=\"wp-image-43973\" width=\"904\" height=\"516\" srcset=\"https:\/\/objectif-image.fr\/OI\/wp-content\/uploads\/2022\/11\/ma-muse-1024x585.jpg 1024w, https:\/\/objectif-image.fr\/OI\/wp-content\/uploads\/2022\/11\/ma-muse-400x228.jpg 400w, https:\/\/objectif-image.fr\/OI\/wp-content\/uploads\/2022\/11\/ma-muse-300x171.jpg 300w, https:\/\/objectif-image.fr\/OI\/wp-content\/uploads\/2022\/11\/ma-muse-150x86.jpg 150w, https:\/\/objectif-image.fr\/OI\/wp-content\/uploads\/2022\/11\/ma-muse-768x438.jpg 768w, https:\/\/objectif-image.fr\/OI\/wp-content\/uploads\/2022\/11\/ma-muse-100x57.jpg 100w, https:\/\/objectif-image.fr\/OI\/wp-content\/uploads\/2022\/11\/ma-muse.jpg 1200w\" sizes=\"auto, (max-width: 904px) 100vw, 904px\" \/><figcaption class=\"wp-element-caption\"><em>La nuit, ma muse de Marc JOURDAIN  &#8211; Prix G\u00e9rard BRETON 2022<\/em><\/figcaption><\/figure>\n\n\n\n<hr class=\"wp-block-separator has-alpha-channel-opacity\"\/>\n\n\n\n<h3 class=\"wp-block-heading\"><em>Le Prix Henri RIBOUTON<\/em><\/h3>\n\n\n\n<p><em>Ce prix r\u00e9compense le meilleur r\u00e9alisateur d\u00e9butant de l&rsquo;ann\u00e9e, toutes cat\u00e9gories.<br>Le prix est attribu\u00e9 <em>par le groupe d&rsquo;animation AVReflets<\/em> \u00e0 <\/em>:<br><em><strong>\u00ab\u00a0Mon ami Gaston\u00a0\u00bb de Fran\u00e7oise RISS-CAZEILS d&rsquo;OI 47 Villeneuve\/Lot&nbsp;<\/strong><\/em><\/p>\n\n\n\n<figure class=\"wp-block-image alignleft size-full\"><img loading=\"lazy\" decoding=\"async\" width=\"900\" height=\"506\" src=\"https:\/\/objectif-image.fr\/OI\/wp-content\/uploads\/2022\/11\/mon-ami-gaston.jpg\" alt=\"Mon ami Gaston, prix H Ribouton\" class=\"wp-image-43943\" srcset=\"https:\/\/objectif-image.fr\/OI\/wp-content\/uploads\/2022\/11\/mon-ami-gaston.jpg 900w, https:\/\/objectif-image.fr\/OI\/wp-content\/uploads\/2022\/11\/mon-ami-gaston-400x225.jpg 400w, https:\/\/objectif-image.fr\/OI\/wp-content\/uploads\/2022\/11\/mon-ami-gaston-300x169.jpg 300w, https:\/\/objectif-image.fr\/OI\/wp-content\/uploads\/2022\/11\/mon-ami-gaston-150x84.jpg 150w, https:\/\/objectif-image.fr\/OI\/wp-content\/uploads\/2022\/11\/mon-ami-gaston-768x432.jpg 768w, https:\/\/objectif-image.fr\/OI\/wp-content\/uploads\/2022\/11\/mon-ami-gaston-100x56.jpg 100w\" sizes=\"auto, (max-width: 900px) 100vw, 900px\" \/><figcaption class=\"wp-element-caption\"><em>Mon ami Gaston de Fran\u00e7oise RISS-CAZEILS &#8211; Prix Henri RIBOUTON 2022<\/em><\/figcaption><\/figure>\n\n\n\n<hr class=\"wp-block-separator has-alpha-channel-opacity\"\/>\n\n\n\n<h2 class=\"wp-block-heading\"><em>Les 12 montages s\u00e9lectionn\u00e9s pour le Prix Eymonerie<\/em><\/h2>\n\n\n\n<p>E01 &#8211; Ren\u00e9e BARGE &#8211; Envie d&rsquo;ailleurs <\/p>\n\n\n\n<p>E06 &#8211; G\u00e9rard DIEBOLD &#8211; La belle Andalouse ? <\/p>\n\n\n\n<p>E08 &#8211; Jany FEJOZ &#8211; Eternelle gratitude <\/p>\n\n\n\n<p>E09 &#8211; Laure GIGOU &#8211; L&rsquo;enfer est pav\u00e9 de bonnes intentions <\/p>\n\n\n\n<p>E10 &#8211; Kelly GERAND &#8211; La tarte aux cornichons sauvages<\/p>\n\n\n\n<p>E12 &#8211; Jean-Claude LEROI &#8211; Op ART <\/p>\n\n\n\n<p>E14 &#8211; Didier RODIER &#8211; Coke en scoot <\/p>\n\n\n\n<p>E16 &#8211; Fran\u00e7oise RISS-CAZEILS &#8211; Mon ami Gaston <\/p>\n\n\n\n<p>E19 &#8211; Fr\u00e9d\u00e9ric MICHEL &#8211; 2022 <\/p>\n\n\n\n<p>E22 &#8211; Marc JOURDAIN &#8211; La Nuit, ma Muse <\/p>\n\n\n\n<p>E26 &#8211; Pierre-Marie ARTAUX &#8211; Rassemblements <\/p>\n\n\n\n<p>E27 &#8211; Jany CLAVIER &#8211; La grande famine<\/p>\n\n\n\n<ul class=\"wp-block-list\">\n<li><em>Les montages pourront \u00eatre repris en fonction des observations qui ont \u00e9t\u00e9 faites lors des Rencontres et par les observations du jury mandat\u00e9 pour cette mission qu&rsquo;il a parfaitement remplie. Les organisateurs les en remercient.<\/em><\/li>\n\n\n\n<li>C<em>ette s\u00e9lection sera propos\u00e9e dans les clubs, qui apr\u00e8s discussion <strong>lors d&rsquo;une s\u00e9ance d&rsquo;animation, attribueront chacun leurs 3 coups de coeur.<\/strong><\/em><\/li>\n\n\n\n<li><em>Les 12 montages s\u00e9lectionn\u00e9s seront conserv\u00e9s dans les archives d&rsquo;OI \u00e0 fin p\u00e9dagogique et ne pourront \u00eatre diffus\u00e9s en public sans autorisation de l&rsquo;Auteur.<\/em><\/li>\n\n\n\n<li><em>Les 3 montages qui auront obtenu le plus de <strong>coups de coeurs des clubs<\/strong> seront les 3 montages de l&rsquo;ann\u00e9e d&rsquo;Objectif Image.&nbsp;<\/em><\/li>\n\n\n\n<li><em>Les observations du jury seront diffus\u00e9es dans la Lettre AVReflets N\u00b0 14 \u00e0 para\u00eetre<\/em>\n<ul class=\"wp-block-list\">\n<li><\/li>\n<\/ul>\n<\/li>\n<\/ul>\n\n\n\n<hr class=\"wp-block-separator has-alpha-channel-opacity\"\/>\n\n\n\n<p><strong><em><mark style=\"background-color:rgba(0, 0, 0, 0)\" class=\"has-inline-color has-vivid-cyan-blue-color\">Calendrier :<\/mark><\/em><\/strong><\/p>\n\n\n\n<ul class=\"has-background wp-block-list\" style=\"background:linear-gradient(135deg,rgb(255,245,203) 0%,rgb(182,227,212) 50%,rgb(139,125,35) 100%)\">\n<li><em>travail des auteurs d\u00e8s \u00e0 pr\u00e9sent<\/em><\/li>\n\n\n\n<li><em>retour imp\u00e9ratif des montages modifi\u00e9s le 10 janvier 2023 \u00e0 l&rsquo;adresse habituelle : &nbsp;audiovisuel@objectif-image.fr<\/em><\/li>\n\n\n\n<li><em>Mise en ligne ou \u00e0 disposition des clubs vers le 15 janvier 2023 (les modalit\u00e9s seront pr\u00e9cis\u00e9es dans une prochaine lettre AVReflets et sur le site d&rsquo;OI National)<\/em><\/li>\n\n\n\n<li><em>retour imp\u00e9ratif des coups de coeur des clubs 15 mars 2023 \u00e0 l&rsquo;adresse habituelle : &nbsp;audiovisuel@objectif-image.fr<\/em><\/li>\n<\/ul>\n","protected":false},"excerpt":{"rendered":"<p>Les 43\u00b0 Rencontres se sont d\u00e9roul\u00e9es \u00e0 Tulle. Un grand merci \u00e0 tous les participants, auteurs, accompagnateurs, b\u00e9n\u00e9voleset au club d&rsquo;accueil ASPTT Tulle. Le jury La s\u00e9lection des 12 montages ainsi que les prix G\u00e9rard Breton ont \u00e9t\u00e9 s\u00e9lectionn\u00e9s par un jury ext\u00e9rieur \u00e0 Objectif Image. Ont offici\u00e9 : Maurice GUIDICELLI &#8211; Sophie PAUGAM &#8211; [&hellip;]<\/p>\n","protected":false},"author":21,"featured_media":43942,"comment_status":"open","ping_status":"open","sticky":false,"template":"","format":"standard","meta":{"_acf_changed":false,"footnotes":""},"categories":[7,28,23],"tags":[],"class_list":["post-43971","post","type-post","status-publish","format-standard","has-post-thumbnail","hentry","category-court-metrage-photo-diaporama","category-prix-eymonerie","category-rencontres-diaporama"],"acf":[],"yoast_head":"<!-- This site is optimized with the Yoast SEO plugin v27.4 - https:\/\/yoast.com\/product\/yoast-seo-wordpress\/ -->\n<title>Les 43\u00b0 Rencontres de l&#039;Audiovisuel de Tulle - Objectif Image<\/title>\n<meta name=\"robots\" content=\"index, follow, max-snippet:-1, max-image-preview:large, max-video-preview:-1\" \/>\n<link rel=\"canonical\" href=\"https:\/\/objectif-image.fr\/OI\/les-43-rencontres-de-laudiovisuel-de-tulle\/\" \/>\n<meta property=\"og:locale\" content=\"fr_FR\" \/>\n<meta property=\"og:type\" content=\"article\" \/>\n<meta property=\"og:title\" content=\"Les 43\u00b0 Rencontres de l&#039;Audiovisuel de Tulle - Objectif Image\" \/>\n<meta property=\"og:description\" content=\"Les 43\u00b0 Rencontres se sont d\u00e9roul\u00e9es \u00e0 Tulle. Un grand merci \u00e0 tous les participants, auteurs, accompagnateurs, b\u00e9n\u00e9voleset au club d&rsquo;accueil ASPTT Tulle. Le jury La s\u00e9lection des 12 montages ainsi que les prix G\u00e9rard Breton ont \u00e9t\u00e9 s\u00e9lectionn\u00e9s par un jury ext\u00e9rieur \u00e0 Objectif Image. Ont offici\u00e9 : Maurice GUIDICELLI &#8211; Sophie PAUGAM &#8211; [&hellip;]\" \/>\n<meta property=\"og:url\" content=\"https:\/\/objectif-image.fr\/OI\/les-43-rencontres-de-laudiovisuel-de-tulle\/\" \/>\n<meta property=\"og:site_name\" content=\"Objectif Image\" \/>\n<meta property=\"article:publisher\" content=\"https:\/\/www.facebook.com\/Objectif.mage\" \/>\n<meta property=\"article:published_time\" content=\"2022-11-21T15:45:04+00:00\" \/>\n<meta property=\"article:modified_time\" content=\"2022-11-23T10:54:00+00:00\" \/>\n<meta property=\"og:image\" content=\"https:\/\/objectif-image.fr\/OI\/wp-content\/uploads\/2022\/11\/tulle-12-11-22_PB124171-reduite.jpg\" \/>\n\t<meta property=\"og:image:width\" content=\"1268\" \/>\n\t<meta property=\"og:image:height\" content=\"643\" \/>\n\t<meta property=\"og:image:type\" content=\"image\/jpeg\" \/>\n<meta name=\"author\" content=\"Gerard DIEBOLD\" \/>\n<meta name=\"twitter:card\" content=\"summary_large_image\" \/>\n<meta name=\"twitter:label1\" content=\"\u00c9crit par\" \/>\n\t<meta name=\"twitter:data1\" content=\"Gerard DIEBOLD\" \/>\n\t<meta name=\"twitter:label2\" content=\"Dur\u00e9e de lecture estim\u00e9e\" \/>\n\t<meta name=\"twitter:data2\" content=\"4 minutes\" \/>\n<script type=\"application\/ld+json\" class=\"yoast-schema-graph\">{\"@context\":\"https:\\\/\\\/schema.org\",\"@graph\":[{\"@type\":\"Article\",\"@id\":\"https:\\\/\\\/objectif-image.fr\\\/OI\\\/les-43-rencontres-de-laudiovisuel-de-tulle\\\/#article\",\"isPartOf\":{\"@id\":\"https:\\\/\\\/objectif-image.fr\\\/OI\\\/les-43-rencontres-de-laudiovisuel-de-tulle\\\/\"},\"author\":{\"name\":\"Gerard DIEBOLD\",\"@id\":\"https:\\\/\\\/objectif-image.fr\\\/OI\\\/#\\\/schema\\\/person\\\/c300841e51ee06178683fe95400e121b\"},\"headline\":\"Les 43\u00b0 Rencontres de l&rsquo;Audiovisuel de Tulle\",\"datePublished\":\"2022-11-21T15:45:04+00:00\",\"dateModified\":\"2022-11-23T10:54:00+00:00\",\"mainEntityOfPage\":{\"@id\":\"https:\\\/\\\/objectif-image.fr\\\/OI\\\/les-43-rencontres-de-laudiovisuel-de-tulle\\\/\"},\"wordCount\":865,\"commentCount\":0,\"publisher\":{\"@id\":\"https:\\\/\\\/objectif-image.fr\\\/OI\\\/#organization\"},\"image\":{\"@id\":\"https:\\\/\\\/objectif-image.fr\\\/OI\\\/les-43-rencontres-de-laudiovisuel-de-tulle\\\/#primaryimage\"},\"thumbnailUrl\":\"https:\\\/\\\/objectif-image.fr\\\/OI\\\/wp-content\\\/uploads\\\/2022\\\/11\\\/tulle-12-11-22_PB124171-reduite.jpg\",\"articleSection\":[\"Audiovisuel\",\"Prix Raymond Eymonerie\",\"Rencontres audiovisuelles (diaporama)\"],\"inLanguage\":\"fr-FR\",\"potentialAction\":[{\"@type\":\"CommentAction\",\"name\":\"Comment\",\"target\":[\"https:\\\/\\\/objectif-image.fr\\\/OI\\\/les-43-rencontres-de-laudiovisuel-de-tulle\\\/#respond\"]}]},{\"@type\":\"WebPage\",\"@id\":\"https:\\\/\\\/objectif-image.fr\\\/OI\\\/les-43-rencontres-de-laudiovisuel-de-tulle\\\/\",\"url\":\"https:\\\/\\\/objectif-image.fr\\\/OI\\\/les-43-rencontres-de-laudiovisuel-de-tulle\\\/\",\"name\":\"Les 43\u00b0 Rencontres de l'Audiovisuel de Tulle - Objectif Image\",\"isPartOf\":{\"@id\":\"https:\\\/\\\/objectif-image.fr\\\/OI\\\/#website\"},\"primaryImageOfPage\":{\"@id\":\"https:\\\/\\\/objectif-image.fr\\\/OI\\\/les-43-rencontres-de-laudiovisuel-de-tulle\\\/#primaryimage\"},\"image\":{\"@id\":\"https:\\\/\\\/objectif-image.fr\\\/OI\\\/les-43-rencontres-de-laudiovisuel-de-tulle\\\/#primaryimage\"},\"thumbnailUrl\":\"https:\\\/\\\/objectif-image.fr\\\/OI\\\/wp-content\\\/uploads\\\/2022\\\/11\\\/tulle-12-11-22_PB124171-reduite.jpg\",\"datePublished\":\"2022-11-21T15:45:04+00:00\",\"dateModified\":\"2022-11-23T10:54:00+00:00\",\"breadcrumb\":{\"@id\":\"https:\\\/\\\/objectif-image.fr\\\/OI\\\/les-43-rencontres-de-laudiovisuel-de-tulle\\\/#breadcrumb\"},\"inLanguage\":\"fr-FR\",\"potentialAction\":[{\"@type\":\"ReadAction\",\"target\":[\"https:\\\/\\\/objectif-image.fr\\\/OI\\\/les-43-rencontres-de-laudiovisuel-de-tulle\\\/\"]}]},{\"@type\":\"ImageObject\",\"inLanguage\":\"fr-FR\",\"@id\":\"https:\\\/\\\/objectif-image.fr\\\/OI\\\/les-43-rencontres-de-laudiovisuel-de-tulle\\\/#primaryimage\",\"url\":\"https:\\\/\\\/objectif-image.fr\\\/OI\\\/wp-content\\\/uploads\\\/2022\\\/11\\\/tulle-12-11-22_PB124171-reduite.jpg\",\"contentUrl\":\"https:\\\/\\\/objectif-image.fr\\\/OI\\\/wp-content\\\/uploads\\\/2022\\\/11\\\/tulle-12-11-22_PB124171-reduite.jpg\",\"width\":1268,\"height\":643,\"caption\":\"Les participants aux 43\u00b0 Rencontres de l'Audiovisuel \u00e0 Tulle 2022\"},{\"@type\":\"BreadcrumbList\",\"@id\":\"https:\\\/\\\/objectif-image.fr\\\/OI\\\/les-43-rencontres-de-laudiovisuel-de-tulle\\\/#breadcrumb\",\"itemListElement\":[{\"@type\":\"ListItem\",\"position\":1,\"name\":\"Accueil\",\"item\":\"https:\\\/\\\/objectif-image.fr\\\/OI\\\/\"},{\"@type\":\"ListItem\",\"position\":2,\"name\":\"Les 43\u00b0 Rencontres de l&rsquo;Audiovisuel de Tulle\"}]},{\"@type\":\"WebSite\",\"@id\":\"https:\\\/\\\/objectif-image.fr\\\/OI\\\/#website\",\"url\":\"https:\\\/\\\/objectif-image.fr\\\/OI\\\/\",\"name\":\"Objectif Image\",\"description\":\"Objectif Image\",\"publisher\":{\"@id\":\"https:\\\/\\\/objectif-image.fr\\\/OI\\\/#organization\"},\"potentialAction\":[{\"@type\":\"SearchAction\",\"target\":{\"@type\":\"EntryPoint\",\"urlTemplate\":\"https:\\\/\\\/objectif-image.fr\\\/OI\\\/?s={search_term_string}\"},\"query-input\":{\"@type\":\"PropertyValueSpecification\",\"valueRequired\":true,\"valueName\":\"search_term_string\"}}],\"inLanguage\":\"fr-FR\"},{\"@type\":\"Organization\",\"@id\":\"https:\\\/\\\/objectif-image.fr\\\/OI\\\/#organization\",\"name\":\"Objectif Image\",\"url\":\"https:\\\/\\\/objectif-image.fr\\\/OI\\\/\",\"logo\":{\"@type\":\"ImageObject\",\"inLanguage\":\"fr-FR\",\"@id\":\"https:\\\/\\\/objectif-image.fr\\\/OI\\\/#\\\/schema\\\/logo\\\/image\\\/\",\"url\":\"https:\\\/\\\/objectif-image.fr\\\/OI\\\/wp-content\\\/uploads\\\/2019\\\/02\\\/logo-OI-NATIONAL-rouge-2000px.jpg\",\"contentUrl\":\"https:\\\/\\\/objectif-image.fr\\\/OI\\\/wp-content\\\/uploads\\\/2019\\\/02\\\/logo-OI-NATIONAL-rouge-2000px.jpg\",\"width\":1081,\"height\":1024,\"caption\":\"Objectif Image\"},\"image\":{\"@id\":\"https:\\\/\\\/objectif-image.fr\\\/OI\\\/#\\\/schema\\\/logo\\\/image\\\/\"},\"sameAs\":[\"https:\\\/\\\/www.facebook.com\\\/Objectif.mage\"]},{\"@type\":\"Person\",\"@id\":\"https:\\\/\\\/objectif-image.fr\\\/OI\\\/#\\\/schema\\\/person\\\/c300841e51ee06178683fe95400e121b\",\"name\":\"Gerard DIEBOLD\",\"image\":{\"@type\":\"ImageObject\",\"inLanguage\":\"fr-FR\",\"@id\":\"\\\/\\\/objectif-image.fr\\\/OI\\\/wp-content\\\/uploads\\\/wpforo\\\/avatars\\\/gerard63370-2-2-2_21.jpg\",\"url\":\"\\\/\\\/objectif-image.fr\\\/OI\\\/wp-content\\\/uploads\\\/wpforo\\\/avatars\\\/gerard63370-2-2-2_21.jpg\",\"contentUrl\":\"\\\/\\\/objectif-image.fr\\\/OI\\\/wp-content\\\/uploads\\\/wpforo\\\/avatars\\\/gerard63370-2-2-2_21.jpg\",\"caption\":\"Gerard DIEBOLD\"},\"description\":\"Pr\u00e9sident\\\/Fondateur du club de lempdes (Climat63 puis Objectif Image 63), j'ai d\u00e9but\u00e9 par la photographie, me suis mis \u00e0 la video et enfin pass\u00e9 au film photographique en 2012.Les logiciels sp\u00e9cialis\u00e9s employ\u00e9s furent successivement :Premiere Element, Premiere Pro, PTE et enfin DaVinci Resolve puis actuellement Davinci Resolve Studio. R\u00e9alisateur et formateur dans les domaines du film photographique et du son (ecriture, construction, r\u00e9alisation)\",\"url\":\"https:\\\/\\\/objectif-image.fr\\\/OI\\\/author\\\/gerard63370-2-2-2-2-2-2\\\/\"}]}<\/script>\n<!-- \/ Yoast SEO plugin. -->","yoast_head_json":{"title":"Les 43\u00b0 Rencontres de l'Audiovisuel de Tulle - Objectif Image","robots":{"index":"index","follow":"follow","max-snippet":"max-snippet:-1","max-image-preview":"max-image-preview:large","max-video-preview":"max-video-preview:-1"},"canonical":"https:\/\/objectif-image.fr\/OI\/les-43-rencontres-de-laudiovisuel-de-tulle\/","og_locale":"fr_FR","og_type":"article","og_title":"Les 43\u00b0 Rencontres de l'Audiovisuel de Tulle - Objectif Image","og_description":"Les 43\u00b0 Rencontres se sont d\u00e9roul\u00e9es \u00e0 Tulle. Un grand merci \u00e0 tous les participants, auteurs, accompagnateurs, b\u00e9n\u00e9voleset au club d&rsquo;accueil ASPTT Tulle. Le jury La s\u00e9lection des 12 montages ainsi que les prix G\u00e9rard Breton ont \u00e9t\u00e9 s\u00e9lectionn\u00e9s par un jury ext\u00e9rieur \u00e0 Objectif Image. Ont offici\u00e9 : Maurice GUIDICELLI &#8211; Sophie PAUGAM &#8211; [&hellip;]","og_url":"https:\/\/objectif-image.fr\/OI\/les-43-rencontres-de-laudiovisuel-de-tulle\/","og_site_name":"Objectif Image","article_publisher":"https:\/\/www.facebook.com\/Objectif.mage","article_published_time":"2022-11-21T15:45:04+00:00","article_modified_time":"2022-11-23T10:54:00+00:00","og_image":[{"width":1268,"height":643,"url":"https:\/\/objectif-image.fr\/OI\/wp-content\/uploads\/2022\/11\/tulle-12-11-22_PB124171-reduite.jpg","type":"image\/jpeg"}],"author":"Gerard DIEBOLD","twitter_card":"summary_large_image","twitter_misc":{"\u00c9crit par":"Gerard DIEBOLD","Dur\u00e9e de lecture estim\u00e9e":"4 minutes"},"schema":{"@context":"https:\/\/schema.org","@graph":[{"@type":"Article","@id":"https:\/\/objectif-image.fr\/OI\/les-43-rencontres-de-laudiovisuel-de-tulle\/#article","isPartOf":{"@id":"https:\/\/objectif-image.fr\/OI\/les-43-rencontres-de-laudiovisuel-de-tulle\/"},"author":{"name":"Gerard DIEBOLD","@id":"https:\/\/objectif-image.fr\/OI\/#\/schema\/person\/c300841e51ee06178683fe95400e121b"},"headline":"Les 43\u00b0 Rencontres de l&rsquo;Audiovisuel de Tulle","datePublished":"2022-11-21T15:45:04+00:00","dateModified":"2022-11-23T10:54:00+00:00","mainEntityOfPage":{"@id":"https:\/\/objectif-image.fr\/OI\/les-43-rencontres-de-laudiovisuel-de-tulle\/"},"wordCount":865,"commentCount":0,"publisher":{"@id":"https:\/\/objectif-image.fr\/OI\/#organization"},"image":{"@id":"https:\/\/objectif-image.fr\/OI\/les-43-rencontres-de-laudiovisuel-de-tulle\/#primaryimage"},"thumbnailUrl":"https:\/\/objectif-image.fr\/OI\/wp-content\/uploads\/2022\/11\/tulle-12-11-22_PB124171-reduite.jpg","articleSection":["Audiovisuel","Prix Raymond Eymonerie","Rencontres audiovisuelles (diaporama)"],"inLanguage":"fr-FR","potentialAction":[{"@type":"CommentAction","name":"Comment","target":["https:\/\/objectif-image.fr\/OI\/les-43-rencontres-de-laudiovisuel-de-tulle\/#respond"]}]},{"@type":"WebPage","@id":"https:\/\/objectif-image.fr\/OI\/les-43-rencontres-de-laudiovisuel-de-tulle\/","url":"https:\/\/objectif-image.fr\/OI\/les-43-rencontres-de-laudiovisuel-de-tulle\/","name":"Les 43\u00b0 Rencontres de l'Audiovisuel de Tulle - Objectif Image","isPartOf":{"@id":"https:\/\/objectif-image.fr\/OI\/#website"},"primaryImageOfPage":{"@id":"https:\/\/objectif-image.fr\/OI\/les-43-rencontres-de-laudiovisuel-de-tulle\/#primaryimage"},"image":{"@id":"https:\/\/objectif-image.fr\/OI\/les-43-rencontres-de-laudiovisuel-de-tulle\/#primaryimage"},"thumbnailUrl":"https:\/\/objectif-image.fr\/OI\/wp-content\/uploads\/2022\/11\/tulle-12-11-22_PB124171-reduite.jpg","datePublished":"2022-11-21T15:45:04+00:00","dateModified":"2022-11-23T10:54:00+00:00","breadcrumb":{"@id":"https:\/\/objectif-image.fr\/OI\/les-43-rencontres-de-laudiovisuel-de-tulle\/#breadcrumb"},"inLanguage":"fr-FR","potentialAction":[{"@type":"ReadAction","target":["https:\/\/objectif-image.fr\/OI\/les-43-rencontres-de-laudiovisuel-de-tulle\/"]}]},{"@type":"ImageObject","inLanguage":"fr-FR","@id":"https:\/\/objectif-image.fr\/OI\/les-43-rencontres-de-laudiovisuel-de-tulle\/#primaryimage","url":"https:\/\/objectif-image.fr\/OI\/wp-content\/uploads\/2022\/11\/tulle-12-11-22_PB124171-reduite.jpg","contentUrl":"https:\/\/objectif-image.fr\/OI\/wp-content\/uploads\/2022\/11\/tulle-12-11-22_PB124171-reduite.jpg","width":1268,"height":643,"caption":"Les participants aux 43\u00b0 Rencontres de l'Audiovisuel \u00e0 Tulle 2022"},{"@type":"BreadcrumbList","@id":"https:\/\/objectif-image.fr\/OI\/les-43-rencontres-de-laudiovisuel-de-tulle\/#breadcrumb","itemListElement":[{"@type":"ListItem","position":1,"name":"Accueil","item":"https:\/\/objectif-image.fr\/OI\/"},{"@type":"ListItem","position":2,"name":"Les 43\u00b0 Rencontres de l&rsquo;Audiovisuel de Tulle"}]},{"@type":"WebSite","@id":"https:\/\/objectif-image.fr\/OI\/#website","url":"https:\/\/objectif-image.fr\/OI\/","name":"Objectif Image","description":"Objectif Image","publisher":{"@id":"https:\/\/objectif-image.fr\/OI\/#organization"},"potentialAction":[{"@type":"SearchAction","target":{"@type":"EntryPoint","urlTemplate":"https:\/\/objectif-image.fr\/OI\/?s={search_term_string}"},"query-input":{"@type":"PropertyValueSpecification","valueRequired":true,"valueName":"search_term_string"}}],"inLanguage":"fr-FR"},{"@type":"Organization","@id":"https:\/\/objectif-image.fr\/OI\/#organization","name":"Objectif Image","url":"https:\/\/objectif-image.fr\/OI\/","logo":{"@type":"ImageObject","inLanguage":"fr-FR","@id":"https:\/\/objectif-image.fr\/OI\/#\/schema\/logo\/image\/","url":"https:\/\/objectif-image.fr\/OI\/wp-content\/uploads\/2019\/02\/logo-OI-NATIONAL-rouge-2000px.jpg","contentUrl":"https:\/\/objectif-image.fr\/OI\/wp-content\/uploads\/2019\/02\/logo-OI-NATIONAL-rouge-2000px.jpg","width":1081,"height":1024,"caption":"Objectif Image"},"image":{"@id":"https:\/\/objectif-image.fr\/OI\/#\/schema\/logo\/image\/"},"sameAs":["https:\/\/www.facebook.com\/Objectif.mage"]},{"@type":"Person","@id":"https:\/\/objectif-image.fr\/OI\/#\/schema\/person\/c300841e51ee06178683fe95400e121b","name":"Gerard DIEBOLD","image":{"@type":"ImageObject","inLanguage":"fr-FR","@id":"\/\/objectif-image.fr\/OI\/wp-content\/uploads\/wpforo\/avatars\/gerard63370-2-2-2_21.jpg","url":"\/\/objectif-image.fr\/OI\/wp-content\/uploads\/wpforo\/avatars\/gerard63370-2-2-2_21.jpg","contentUrl":"\/\/objectif-image.fr\/OI\/wp-content\/uploads\/wpforo\/avatars\/gerard63370-2-2-2_21.jpg","caption":"Gerard DIEBOLD"},"description":"Pr\u00e9sident\/Fondateur du club de lempdes (Climat63 puis Objectif Image 63), j'ai d\u00e9but\u00e9 par la photographie, me suis mis \u00e0 la video et enfin pass\u00e9 au film photographique en 2012.Les logiciels sp\u00e9cialis\u00e9s employ\u00e9s furent successivement :Premiere Element, Premiere Pro, PTE et enfin DaVinci Resolve puis actuellement Davinci Resolve Studio. R\u00e9alisateur et formateur dans les domaines du film photographique et du son (ecriture, construction, r\u00e9alisation)","url":"https:\/\/objectif-image.fr\/OI\/author\/gerard63370-2-2-2-2-2-2\/"}]}},"_links":{"self":[{"href":"https:\/\/objectif-image.fr\/OI\/wp-json\/wp\/v2\/posts\/43971","targetHints":{"allow":["GET"]}}],"collection":[{"href":"https:\/\/objectif-image.fr\/OI\/wp-json\/wp\/v2\/posts"}],"about":[{"href":"https:\/\/objectif-image.fr\/OI\/wp-json\/wp\/v2\/types\/post"}],"author":[{"embeddable":true,"href":"https:\/\/objectif-image.fr\/OI\/wp-json\/wp\/v2\/users\/21"}],"replies":[{"embeddable":true,"href":"https:\/\/objectif-image.fr\/OI\/wp-json\/wp\/v2\/comments?post=43971"}],"version-history":[{"count":0,"href":"https:\/\/objectif-image.fr\/OI\/wp-json\/wp\/v2\/posts\/43971\/revisions"}],"wp:featuredmedia":[{"embeddable":true,"href":"https:\/\/objectif-image.fr\/OI\/wp-json\/wp\/v2\/media\/43942"}],"wp:attachment":[{"href":"https:\/\/objectif-image.fr\/OI\/wp-json\/wp\/v2\/media?parent=43971"}],"wp:term":[{"taxonomy":"category","embeddable":true,"href":"https:\/\/objectif-image.fr\/OI\/wp-json\/wp\/v2\/categories?post=43971"},{"taxonomy":"post_tag","embeddable":true,"href":"https:\/\/objectif-image.fr\/OI\/wp-json\/wp\/v2\/tags?post=43971"}],"curies":[{"name":"wp","href":"https:\/\/api.w.org\/{rel}","templated":true}]}}