{"id":4516,"date":"2017-03-25T08:01:56","date_gmt":"2017-03-25T07:01:56","guid":{"rendered":"http:\/\/objectif-image.fr\/OI\/?p=4516"},"modified":"2017-03-25T08:01:56","modified_gmt":"2017-03-25T07:01:56","slug":"minimalisme-win-lam-stratmains-oi-sarthe","status":"publish","type":"post","link":"https:\/\/objectif-image.fr\/OI\/minimalisme-win-lam-stratmains-oi-sarthe\/","title":{"rendered":"\u00ab\u00a0Minimalisme\u00a0\u00bb &#8211; Win Lam Stratmains &#8211; OI Sarthe"},"content":{"rendered":"<h5><span style=\"color: #000000;\"><span style=\"color: #800080;\"><strong>\u00ab\u00a0Minimalisme\u00a0\u00bb<\/strong><\/span>,\u00a0 notre th\u00e8me de cette ann\u00e9e.<\/span><span id=\"more-4337\"><\/span><span id=\"more-4117\"><\/span><span id=\"more-3977\"><\/span><span id=\"more-4190\"><\/span><\/h5>\n<p><!--more--><\/p>\n<h5><span style=\"color: #000000;\">La participation de<\/span>\u00a0<strong><span style=\"color: #333399;\">Win Lam Stratmains<\/span><\/strong> \u2013 <span style=\"color: #000000;\"><strong>Objectif Image Sarthe<\/strong><\/span><\/h5>\n<p><span style=\"color: #000000;\"><em>Dans les ann\u00e9es 50 Kasimir Malevitch r\u00e9volutionne la peinture et pose les bases de la peinture moderne. Il inspirera le courant Minimaliste.<\/em><\/span><br id=\"yui_3_16_0_ym19_1_1489442149584_5149\" \/><span style=\"color: #000000;\"><em>Cette s\u00e9rie se veut une recherche sur la lumi\u00e8re et les mati\u00e8res qui me touchent.<\/em><\/span><\/p>\n<p><a href=\"https:\/\/objectif-image.fr\/OI\/wp-content\/uploads\/2017\/03\/a-Croix-noire.jpg\"><img loading=\"lazy\" decoding=\"async\" class=\"aligncenter wp-image-4517\" src=\"https:\/\/objectif-image.fr\/OI\/wp-content\/uploads\/2017\/03\/a-Croix-noire.jpg\" alt=\"\" width=\"652\" height=\"652\" srcset=\"https:\/\/objectif-image.fr\/OI\/wp-content\/uploads\/2017\/03\/a-Croix-noire.jpg 768w, https:\/\/objectif-image.fr\/OI\/wp-content\/uploads\/2017\/03\/a-Croix-noire-100x100.jpg 100w, https:\/\/objectif-image.fr\/OI\/wp-content\/uploads\/2017\/03\/a-Croix-noire-400x400.jpg 400w, https:\/\/objectif-image.fr\/OI\/wp-content\/uploads\/2017\/03\/a-Croix-noire-150x150.jpg 150w, https:\/\/objectif-image.fr\/OI\/wp-content\/uploads\/2017\/03\/a-Croix-noire-300x300.jpg 300w, https:\/\/objectif-image.fr\/OI\/wp-content\/uploads\/2017\/03\/a-Croix-noire-80x80.jpg 80w, https:\/\/objectif-image.fr\/OI\/wp-content\/uploads\/2017\/03\/a-Croix-noire-320x320.jpg 320w\" sizes=\"auto, (max-width: 652px) 100vw, 652px\" \/><\/a><\/p>\n<p><a href=\"https:\/\/objectif-image.fr\/OI\/wp-content\/uploads\/2017\/03\/b-Carr\u00e9-noir-sur-fond-blanc.jpg\"><img loading=\"lazy\" decoding=\"async\" class=\"aligncenter wp-image-4518\" src=\"https:\/\/objectif-image.fr\/OI\/wp-content\/uploads\/2017\/03\/b-Carr\u00e9-noir-sur-fond-blanc.jpg\" alt=\"\" width=\"650\" height=\"650\" srcset=\"https:\/\/objectif-image.fr\/OI\/wp-content\/uploads\/2017\/03\/b-Carr\u00e9-noir-sur-fond-blanc.jpg 768w, https:\/\/objectif-image.fr\/OI\/wp-content\/uploads\/2017\/03\/b-Carr\u00e9-noir-sur-fond-blanc-100x100.jpg 100w, https:\/\/objectif-image.fr\/OI\/wp-content\/uploads\/2017\/03\/b-Carr\u00e9-noir-sur-fond-blanc-400x400.jpg 400w, https:\/\/objectif-image.fr\/OI\/wp-content\/uploads\/2017\/03\/b-Carr\u00e9-noir-sur-fond-blanc-150x150.jpg 150w, https:\/\/objectif-image.fr\/OI\/wp-content\/uploads\/2017\/03\/b-Carr\u00e9-noir-sur-fond-blanc-300x300.jpg 300w, https:\/\/objectif-image.fr\/OI\/wp-content\/uploads\/2017\/03\/b-Carr\u00e9-noir-sur-fond-blanc-80x80.jpg 80w, https:\/\/objectif-image.fr\/OI\/wp-content\/uploads\/2017\/03\/b-Carr\u00e9-noir-sur-fond-blanc-320x320.jpg 320w\" sizes=\"auto, (max-width: 650px) 100vw, 650px\" \/><\/a><\/p>\n<p><a href=\"https:\/\/objectif-image.fr\/OI\/wp-content\/uploads\/2017\/03\/c-Cercle-noir.jpg\"><img loading=\"lazy\" decoding=\"async\" class=\"aligncenter wp-image-4519\" src=\"https:\/\/objectif-image.fr\/OI\/wp-content\/uploads\/2017\/03\/c-Cercle-noir.jpg\" alt=\"\" width=\"650\" height=\"650\" srcset=\"https:\/\/objectif-image.fr\/OI\/wp-content\/uploads\/2017\/03\/c-Cercle-noir.jpg 768w, https:\/\/objectif-image.fr\/OI\/wp-content\/uploads\/2017\/03\/c-Cercle-noir-100x100.jpg 100w, https:\/\/objectif-image.fr\/OI\/wp-content\/uploads\/2017\/03\/c-Cercle-noir-400x400.jpg 400w, https:\/\/objectif-image.fr\/OI\/wp-content\/uploads\/2017\/03\/c-Cercle-noir-150x150.jpg 150w, https:\/\/objectif-image.fr\/OI\/wp-content\/uploads\/2017\/03\/c-Cercle-noir-300x300.jpg 300w, https:\/\/objectif-image.fr\/OI\/wp-content\/uploads\/2017\/03\/c-Cercle-noir-80x80.jpg 80w, https:\/\/objectif-image.fr\/OI\/wp-content\/uploads\/2017\/03\/c-Cercle-noir-320x320.jpg 320w\" sizes=\"auto, (max-width: 650px) 100vw, 650px\" \/><\/a><\/p>\n","protected":false},"excerpt":{"rendered":"<p>\u00ab\u00a0Minimalisme\u00a0\u00bb,\u00a0 notre th\u00e8me de cette ann\u00e9e.<\/p>\n","protected":false},"author":3,"featured_media":4517,"comment_status":"closed","ping_status":"closed","sticky":false,"template":"","format":"standard","meta":{"_acf_changed":false,"footnotes":""},"categories":[60],"tags":[],"class_list":["post-4516","post","type-post","status-publish","format-standard","has-post-thumbnail","hentry","category-minimaliste"],"acf":[],"yoast_head":"<!-- This site is optimized with the Yoast SEO plugin v27.5 - https:\/\/yoast.com\/product\/yoast-seo-wordpress\/ -->\n<title>&quot;Minimalisme&quot; - Win Lam Stratmains - OI Sarthe - Objectif Image<\/title>\n<meta name=\"robots\" content=\"index, follow, max-snippet:-1, max-image-preview:large, max-video-preview:-1\" \/>\n<link rel=\"canonical\" href=\"https:\/\/objectif-image.fr\/OI\/minimalisme-win-lam-stratmains-oi-sarthe\/\" \/>\n<meta property=\"og:locale\" content=\"fr_FR\" \/>\n<meta property=\"og:type\" content=\"article\" \/>\n<meta property=\"og:title\" content=\"&quot;Minimalisme&quot; - Win Lam Stratmains - OI Sarthe - Objectif Image\" \/>\n<meta property=\"og:description\" content=\"\u00ab\u00a0Minimalisme\u00a0\u00bb,\u00a0 notre th\u00e8me de cette ann\u00e9e.\" \/>\n<meta property=\"og:url\" content=\"https:\/\/objectif-image.fr\/OI\/minimalisme-win-lam-stratmains-oi-sarthe\/\" \/>\n<meta property=\"og:site_name\" content=\"Objectif Image\" \/>\n<meta property=\"article:publisher\" content=\"https:\/\/www.facebook.com\/Objectif.mage\" \/>\n<meta property=\"article:published_time\" content=\"2017-03-25T07:01:56+00:00\" \/>\n<meta property=\"og:image\" content=\"https:\/\/objectif-image.fr\/OI\/wp-content\/uploads\/2017\/03\/a-Croix-noire.jpg\" \/>\n\t<meta property=\"og:image:width\" content=\"768\" \/>\n\t<meta property=\"og:image:height\" content=\"768\" \/>\n\t<meta property=\"og:image:type\" content=\"image\/jpeg\" \/>\n<meta name=\"author\" content=\"Pierre S\" \/>\n<meta name=\"twitter:card\" content=\"summary_large_image\" \/>\n<meta name=\"twitter:label1\" content=\"\u00c9crit par\" \/>\n\t<meta name=\"twitter:data1\" content=\"Pierre S\" \/>\n<script type=\"application\/ld+json\" class=\"yoast-schema-graph\">{\"@context\":\"https:\\\/\\\/schema.org\",\"@graph\":[{\"@type\":\"Article\",\"@id\":\"https:\\\/\\\/objectif-image.fr\\\/OI\\\/minimalisme-win-lam-stratmains-oi-sarthe\\\/#article\",\"isPartOf\":{\"@id\":\"https:\\\/\\\/objectif-image.fr\\\/OI\\\/minimalisme-win-lam-stratmains-oi-sarthe\\\/\"},\"author\":{\"name\":\"Pierre S\",\"@id\":\"https:\\\/\\\/objectif-image.fr\\\/OI\\\/#\\\/schema\\\/person\\\/813c64cc2f0c70450ca653f2e80a6515\"},\"headline\":\"\u00ab\u00a0Minimalisme\u00a0\u00bb &#8211; Win Lam Stratmains &#8211; OI Sarthe\",\"datePublished\":\"2017-03-25T07:01:56+00:00\",\"mainEntityOfPage\":{\"@id\":\"https:\\\/\\\/objectif-image.fr\\\/OI\\\/minimalisme-win-lam-stratmains-oi-sarthe\\\/\"},\"wordCount\":66,\"publisher\":{\"@id\":\"https:\\\/\\\/objectif-image.fr\\\/OI\\\/#organization\"},\"image\":{\"@id\":\"https:\\\/\\\/objectif-image.fr\\\/OI\\\/minimalisme-win-lam-stratmains-oi-sarthe\\\/#primaryimage\"},\"thumbnailUrl\":\"https:\\\/\\\/objectif-image.fr\\\/OI\\\/wp-content\\\/uploads\\\/2017\\\/03\\\/a-Croix-noire.jpg\",\"articleSection\":[\"minimaliste\"],\"inLanguage\":\"fr-FR\"},{\"@type\":\"WebPage\",\"@id\":\"https:\\\/\\\/objectif-image.fr\\\/OI\\\/minimalisme-win-lam-stratmains-oi-sarthe\\\/\",\"url\":\"https:\\\/\\\/objectif-image.fr\\\/OI\\\/minimalisme-win-lam-stratmains-oi-sarthe\\\/\",\"name\":\"\\\"Minimalisme\\\" - Win Lam Stratmains - OI Sarthe - Objectif Image\",\"isPartOf\":{\"@id\":\"https:\\\/\\\/objectif-image.fr\\\/OI\\\/#website\"},\"primaryImageOfPage\":{\"@id\":\"https:\\\/\\\/objectif-image.fr\\\/OI\\\/minimalisme-win-lam-stratmains-oi-sarthe\\\/#primaryimage\"},\"image\":{\"@id\":\"https:\\\/\\\/objectif-image.fr\\\/OI\\\/minimalisme-win-lam-stratmains-oi-sarthe\\\/#primaryimage\"},\"thumbnailUrl\":\"https:\\\/\\\/objectif-image.fr\\\/OI\\\/wp-content\\\/uploads\\\/2017\\\/03\\\/a-Croix-noire.jpg\",\"datePublished\":\"2017-03-25T07:01:56+00:00\",\"breadcrumb\":{\"@id\":\"https:\\\/\\\/objectif-image.fr\\\/OI\\\/minimalisme-win-lam-stratmains-oi-sarthe\\\/#breadcrumb\"},\"inLanguage\":\"fr-FR\",\"potentialAction\":[{\"@type\":\"ReadAction\",\"target\":[\"https:\\\/\\\/objectif-image.fr\\\/OI\\\/minimalisme-win-lam-stratmains-oi-sarthe\\\/\"]}]},{\"@type\":\"ImageObject\",\"inLanguage\":\"fr-FR\",\"@id\":\"https:\\\/\\\/objectif-image.fr\\\/OI\\\/minimalisme-win-lam-stratmains-oi-sarthe\\\/#primaryimage\",\"url\":\"https:\\\/\\\/objectif-image.fr\\\/OI\\\/wp-content\\\/uploads\\\/2017\\\/03\\\/a-Croix-noire.jpg\",\"contentUrl\":\"https:\\\/\\\/objectif-image.fr\\\/OI\\\/wp-content\\\/uploads\\\/2017\\\/03\\\/a-Croix-noire.jpg\",\"width\":768,\"height\":768},{\"@type\":\"BreadcrumbList\",\"@id\":\"https:\\\/\\\/objectif-image.fr\\\/OI\\\/minimalisme-win-lam-stratmains-oi-sarthe\\\/#breadcrumb\",\"itemListElement\":[{\"@type\":\"ListItem\",\"position\":1,\"name\":\"Accueil\",\"item\":\"https:\\\/\\\/objectif-image.fr\\\/OI\\\/\"},{\"@type\":\"ListItem\",\"position\":2,\"name\":\"\u00ab\u00a0Minimalisme\u00a0\u00bb &#8211; Win Lam Stratmains &#8211; OI Sarthe\"}]},{\"@type\":\"WebSite\",\"@id\":\"https:\\\/\\\/objectif-image.fr\\\/OI\\\/#website\",\"url\":\"https:\\\/\\\/objectif-image.fr\\\/OI\\\/\",\"name\":\"Objectif Image\",\"description\":\"Objectif Image\",\"publisher\":{\"@id\":\"https:\\\/\\\/objectif-image.fr\\\/OI\\\/#organization\"},\"potentialAction\":[{\"@type\":\"SearchAction\",\"target\":{\"@type\":\"EntryPoint\",\"urlTemplate\":\"https:\\\/\\\/objectif-image.fr\\\/OI\\\/?s={search_term_string}\"},\"query-input\":{\"@type\":\"PropertyValueSpecification\",\"valueRequired\":true,\"valueName\":\"search_term_string\"}}],\"inLanguage\":\"fr-FR\"},{\"@type\":\"Organization\",\"@id\":\"https:\\\/\\\/objectif-image.fr\\\/OI\\\/#organization\",\"name\":\"Objectif Image\",\"url\":\"https:\\\/\\\/objectif-image.fr\\\/OI\\\/\",\"logo\":{\"@type\":\"ImageObject\",\"inLanguage\":\"fr-FR\",\"@id\":\"https:\\\/\\\/objectif-image.fr\\\/OI\\\/#\\\/schema\\\/logo\\\/image\\\/\",\"url\":\"https:\\\/\\\/objectif-image.fr\\\/OI\\\/wp-content\\\/uploads\\\/2019\\\/02\\\/logo-OI-NATIONAL-rouge-2000px.jpg\",\"contentUrl\":\"https:\\\/\\\/objectif-image.fr\\\/OI\\\/wp-content\\\/uploads\\\/2019\\\/02\\\/logo-OI-NATIONAL-rouge-2000px.jpg\",\"width\":1081,\"height\":1024,\"caption\":\"Objectif Image\"},\"image\":{\"@id\":\"https:\\\/\\\/objectif-image.fr\\\/OI\\\/#\\\/schema\\\/logo\\\/image\\\/\"},\"sameAs\":[\"https:\\\/\\\/www.facebook.com\\\/Objectif.mage\"]},{\"@type\":\"Person\",\"@id\":\"https:\\\/\\\/objectif-image.fr\\\/OI\\\/#\\\/schema\\\/person\\\/813c64cc2f0c70450ca653f2e80a6515\",\"name\":\"Pierre S\",\"image\":{\"@type\":\"ImageObject\",\"inLanguage\":\"fr-FR\",\"@id\":\"https:\\\/\\\/secure.gravatar.com\\\/avatar\\\/6d1df1cb0bf58ef7d330b8910acfe62e7fbc0c2138564189224f85869b953674?s=96&d=mm&r=g\",\"url\":\"https:\\\/\\\/secure.gravatar.com\\\/avatar\\\/6d1df1cb0bf58ef7d330b8910acfe62e7fbc0c2138564189224f85869b953674?s=96&d=mm&r=g\",\"contentUrl\":\"https:\\\/\\\/secure.gravatar.com\\\/avatar\\\/6d1df1cb0bf58ef7d330b8910acfe62e7fbc0c2138564189224f85869b953674?s=96&d=mm&r=g\",\"caption\":\"Pierre S\"},\"url\":\"https:\\\/\\\/objectif-image.fr\\\/OI\\\/author\\\/pierres-2-2\\\/\"}]}<\/script>\n<!-- \/ Yoast SEO plugin. -->","yoast_head_json":{"title":"\"Minimalisme\" - Win Lam Stratmains - OI Sarthe - Objectif Image","robots":{"index":"index","follow":"follow","max-snippet":"max-snippet:-1","max-image-preview":"max-image-preview:large","max-video-preview":"max-video-preview:-1"},"canonical":"https:\/\/objectif-image.fr\/OI\/minimalisme-win-lam-stratmains-oi-sarthe\/","og_locale":"fr_FR","og_type":"article","og_title":"\"Minimalisme\" - Win Lam Stratmains - OI Sarthe - Objectif Image","og_description":"\u00ab\u00a0Minimalisme\u00a0\u00bb,\u00a0 notre th\u00e8me de cette ann\u00e9e.","og_url":"https:\/\/objectif-image.fr\/OI\/minimalisme-win-lam-stratmains-oi-sarthe\/","og_site_name":"Objectif Image","article_publisher":"https:\/\/www.facebook.com\/Objectif.mage","article_published_time":"2017-03-25T07:01:56+00:00","og_image":[{"width":768,"height":768,"url":"https:\/\/objectif-image.fr\/OI\/wp-content\/uploads\/2017\/03\/a-Croix-noire.jpg","type":"image\/jpeg"}],"author":"Pierre S","twitter_card":"summary_large_image","twitter_misc":{"\u00c9crit par":"Pierre S"},"schema":{"@context":"https:\/\/schema.org","@graph":[{"@type":"Article","@id":"https:\/\/objectif-image.fr\/OI\/minimalisme-win-lam-stratmains-oi-sarthe\/#article","isPartOf":{"@id":"https:\/\/objectif-image.fr\/OI\/minimalisme-win-lam-stratmains-oi-sarthe\/"},"author":{"name":"Pierre S","@id":"https:\/\/objectif-image.fr\/OI\/#\/schema\/person\/813c64cc2f0c70450ca653f2e80a6515"},"headline":"\u00ab\u00a0Minimalisme\u00a0\u00bb &#8211; Win Lam Stratmains &#8211; OI Sarthe","datePublished":"2017-03-25T07:01:56+00:00","mainEntityOfPage":{"@id":"https:\/\/objectif-image.fr\/OI\/minimalisme-win-lam-stratmains-oi-sarthe\/"},"wordCount":66,"publisher":{"@id":"https:\/\/objectif-image.fr\/OI\/#organization"},"image":{"@id":"https:\/\/objectif-image.fr\/OI\/minimalisme-win-lam-stratmains-oi-sarthe\/#primaryimage"},"thumbnailUrl":"https:\/\/objectif-image.fr\/OI\/wp-content\/uploads\/2017\/03\/a-Croix-noire.jpg","articleSection":["minimaliste"],"inLanguage":"fr-FR"},{"@type":"WebPage","@id":"https:\/\/objectif-image.fr\/OI\/minimalisme-win-lam-stratmains-oi-sarthe\/","url":"https:\/\/objectif-image.fr\/OI\/minimalisme-win-lam-stratmains-oi-sarthe\/","name":"\"Minimalisme\" - Win Lam Stratmains - OI Sarthe - Objectif Image","isPartOf":{"@id":"https:\/\/objectif-image.fr\/OI\/#website"},"primaryImageOfPage":{"@id":"https:\/\/objectif-image.fr\/OI\/minimalisme-win-lam-stratmains-oi-sarthe\/#primaryimage"},"image":{"@id":"https:\/\/objectif-image.fr\/OI\/minimalisme-win-lam-stratmains-oi-sarthe\/#primaryimage"},"thumbnailUrl":"https:\/\/objectif-image.fr\/OI\/wp-content\/uploads\/2017\/03\/a-Croix-noire.jpg","datePublished":"2017-03-25T07:01:56+00:00","breadcrumb":{"@id":"https:\/\/objectif-image.fr\/OI\/minimalisme-win-lam-stratmains-oi-sarthe\/#breadcrumb"},"inLanguage":"fr-FR","potentialAction":[{"@type":"ReadAction","target":["https:\/\/objectif-image.fr\/OI\/minimalisme-win-lam-stratmains-oi-sarthe\/"]}]},{"@type":"ImageObject","inLanguage":"fr-FR","@id":"https:\/\/objectif-image.fr\/OI\/minimalisme-win-lam-stratmains-oi-sarthe\/#primaryimage","url":"https:\/\/objectif-image.fr\/OI\/wp-content\/uploads\/2017\/03\/a-Croix-noire.jpg","contentUrl":"https:\/\/objectif-image.fr\/OI\/wp-content\/uploads\/2017\/03\/a-Croix-noire.jpg","width":768,"height":768},{"@type":"BreadcrumbList","@id":"https:\/\/objectif-image.fr\/OI\/minimalisme-win-lam-stratmains-oi-sarthe\/#breadcrumb","itemListElement":[{"@type":"ListItem","position":1,"name":"Accueil","item":"https:\/\/objectif-image.fr\/OI\/"},{"@type":"ListItem","position":2,"name":"\u00ab\u00a0Minimalisme\u00a0\u00bb &#8211; Win Lam Stratmains &#8211; OI Sarthe"}]},{"@type":"WebSite","@id":"https:\/\/objectif-image.fr\/OI\/#website","url":"https:\/\/objectif-image.fr\/OI\/","name":"Objectif Image","description":"Objectif Image","publisher":{"@id":"https:\/\/objectif-image.fr\/OI\/#organization"},"potentialAction":[{"@type":"SearchAction","target":{"@type":"EntryPoint","urlTemplate":"https:\/\/objectif-image.fr\/OI\/?s={search_term_string}"},"query-input":{"@type":"PropertyValueSpecification","valueRequired":true,"valueName":"search_term_string"}}],"inLanguage":"fr-FR"},{"@type":"Organization","@id":"https:\/\/objectif-image.fr\/OI\/#organization","name":"Objectif Image","url":"https:\/\/objectif-image.fr\/OI\/","logo":{"@type":"ImageObject","inLanguage":"fr-FR","@id":"https:\/\/objectif-image.fr\/OI\/#\/schema\/logo\/image\/","url":"https:\/\/objectif-image.fr\/OI\/wp-content\/uploads\/2019\/02\/logo-OI-NATIONAL-rouge-2000px.jpg","contentUrl":"https:\/\/objectif-image.fr\/OI\/wp-content\/uploads\/2019\/02\/logo-OI-NATIONAL-rouge-2000px.jpg","width":1081,"height":1024,"caption":"Objectif Image"},"image":{"@id":"https:\/\/objectif-image.fr\/OI\/#\/schema\/logo\/image\/"},"sameAs":["https:\/\/www.facebook.com\/Objectif.mage"]},{"@type":"Person","@id":"https:\/\/objectif-image.fr\/OI\/#\/schema\/person\/813c64cc2f0c70450ca653f2e80a6515","name":"Pierre S","image":{"@type":"ImageObject","inLanguage":"fr-FR","@id":"https:\/\/secure.gravatar.com\/avatar\/6d1df1cb0bf58ef7d330b8910acfe62e7fbc0c2138564189224f85869b953674?s=96&d=mm&r=g","url":"https:\/\/secure.gravatar.com\/avatar\/6d1df1cb0bf58ef7d330b8910acfe62e7fbc0c2138564189224f85869b953674?s=96&d=mm&r=g","contentUrl":"https:\/\/secure.gravatar.com\/avatar\/6d1df1cb0bf58ef7d330b8910acfe62e7fbc0c2138564189224f85869b953674?s=96&d=mm&r=g","caption":"Pierre S"},"url":"https:\/\/objectif-image.fr\/OI\/author\/pierres-2-2\/"}]}},"_links":{"self":[{"href":"https:\/\/objectif-image.fr\/OI\/wp-json\/wp\/v2\/posts\/4516","targetHints":{"allow":["GET"]}}],"collection":[{"href":"https:\/\/objectif-image.fr\/OI\/wp-json\/wp\/v2\/posts"}],"about":[{"href":"https:\/\/objectif-image.fr\/OI\/wp-json\/wp\/v2\/types\/post"}],"author":[{"embeddable":true,"href":"https:\/\/objectif-image.fr\/OI\/wp-json\/wp\/v2\/users\/3"}],"replies":[{"embeddable":true,"href":"https:\/\/objectif-image.fr\/OI\/wp-json\/wp\/v2\/comments?post=4516"}],"version-history":[{"count":0,"href":"https:\/\/objectif-image.fr\/OI\/wp-json\/wp\/v2\/posts\/4516\/revisions"}],"wp:featuredmedia":[{"embeddable":true,"href":"https:\/\/objectif-image.fr\/OI\/wp-json\/wp\/v2\/media\/4517"}],"wp:attachment":[{"href":"https:\/\/objectif-image.fr\/OI\/wp-json\/wp\/v2\/media?parent=4516"}],"wp:term":[{"taxonomy":"category","embeddable":true,"href":"https:\/\/objectif-image.fr\/OI\/wp-json\/wp\/v2\/categories?post=4516"},{"taxonomy":"post_tag","embeddable":true,"href":"https:\/\/objectif-image.fr\/OI\/wp-json\/wp\/v2\/tags?post=4516"}],"curies":[{"name":"wp","href":"https:\/\/api.w.org\/{rel}","templated":true}]}}