{"id":45810,"date":"2023-02-07T14:48:49","date_gmt":"2023-02-07T13:48:49","guid":{"rendered":"https:\/\/objectif-image.fr\/OI\/?p=45810"},"modified":"2023-02-07T14:48:51","modified_gmt":"2023-02-07T13:48:51","slug":"coups-de-coeur","status":"publish","type":"post","link":"https:\/\/objectif-image.fr\/OI\/coups-de-coeur\/","title":{"rendered":"Coups de coeur"},"content":{"rendered":"\n<p class=\"has-black-color has-text-color\" style=\"font-size:clamp(16.293px, 1.018rem + ((1vw - 3.2px) * 0.67), 25px);\"><strong>Objectif Image<\/strong> a propos\u00e9 une animation aux clubs en leur demandant de choisir leurs <strong>coups de coeur<\/strong> du Salon Individuel 2022.<\/p>\n\n\n\n<p><\/p>\n\n\n\n<figure class=\"wp-block-image alignwide size-large\"><img loading=\"lazy\" decoding=\"async\" width=\"1024\" height=\"681\" src=\"https:\/\/objectif-image.fr\/OI\/wp-content\/uploads\/2023\/02\/Capture-decran-2023-02-07-075556-1024x681.jpg\" alt=\"\" class=\"wp-image-45811\" srcset=\"https:\/\/objectif-image.fr\/OI\/wp-content\/uploads\/2023\/02\/Capture-decran-2023-02-07-075556-1024x681.jpg 1024w, https:\/\/objectif-image.fr\/OI\/wp-content\/uploads\/2023\/02\/Capture-decran-2023-02-07-075556-400x266.jpg 400w, https:\/\/objectif-image.fr\/OI\/wp-content\/uploads\/2023\/02\/Capture-decran-2023-02-07-075556-300x200.jpg 300w, https:\/\/objectif-image.fr\/OI\/wp-content\/uploads\/2023\/02\/Capture-decran-2023-02-07-075556-150x100.jpg 150w, https:\/\/objectif-image.fr\/OI\/wp-content\/uploads\/2023\/02\/Capture-decran-2023-02-07-075556-768x511.jpg 768w, https:\/\/objectif-image.fr\/OI\/wp-content\/uploads\/2023\/02\/Capture-decran-2023-02-07-075556-100x67.jpg 100w, https:\/\/objectif-image.fr\/OI\/wp-content\/uploads\/2023\/02\/Capture-decran-2023-02-07-075556-1320x878.jpg 1320w, https:\/\/objectif-image.fr\/OI\/wp-content\/uploads\/2023\/02\/Capture-decran-2023-02-07-075556.jpg 1332w\" sizes=\"auto, (max-width: 1024px) 100vw, 1024px\" \/><\/figure>\n\n\n\n<p class=\"has-text-align-center has-black-color has-text-color\" style=\"font-size:clamp(16.293px, 1.018rem + ((1vw - 3.2px) * 0.67), 25px);\"><strong>Brume matinale<\/strong>  G\u00e9rard Mathias OI Nice&nbsp;<\/p>\n\n\n\n<figure class=\"wp-block-image alignwide size-large\"><img loading=\"lazy\" decoding=\"async\" width=\"1024\" height=\"717\" src=\"https:\/\/objectif-image.fr\/OI\/wp-content\/uploads\/2023\/02\/Capture-decran-2023-02-07-075656-1024x717.jpg\" alt=\"\" class=\"wp-image-45812\" srcset=\"https:\/\/objectif-image.fr\/OI\/wp-content\/uploads\/2023\/02\/Capture-decran-2023-02-07-075656-1024x717.jpg 1024w, https:\/\/objectif-image.fr\/OI\/wp-content\/uploads\/2023\/02\/Capture-decran-2023-02-07-075656-400x280.jpg 400w, https:\/\/objectif-image.fr\/OI\/wp-content\/uploads\/2023\/02\/Capture-decran-2023-02-07-075656-300x210.jpg 300w, https:\/\/objectif-image.fr\/OI\/wp-content\/uploads\/2023\/02\/Capture-decran-2023-02-07-075656-150x105.jpg 150w, https:\/\/objectif-image.fr\/OI\/wp-content\/uploads\/2023\/02\/Capture-decran-2023-02-07-075656-768x537.jpg 768w, https:\/\/objectif-image.fr\/OI\/wp-content\/uploads\/2023\/02\/Capture-decran-2023-02-07-075656-100x70.jpg 100w, https:\/\/objectif-image.fr\/OI\/wp-content\/uploads\/2023\/02\/Capture-decran-2023-02-07-075656.jpg 1256w\" sizes=\"auto, (max-width: 1024px) 100vw, 1024px\" \/><\/figure>\n\n\n\n<p class=\"has-text-align-center has-black-color has-text-color\" style=\"font-size:clamp(16.293px, 1.018rem + ((1vw - 3.2px) * 0.67), 25px);\"><strong>L&rsquo;\u00e9chelle <\/strong>  Philippe Hocquet OI Charleville<\/p>\n\n\n\n<p>.<\/p>\n\n\n\n<figure class=\"wp-block-image alignwide size-large\"><img loading=\"lazy\" decoding=\"async\" width=\"1024\" height=\"574\" src=\"https:\/\/objectif-image.fr\/OI\/wp-content\/uploads\/2023\/02\/la-pause-1024x574.jpg\" alt=\"\" class=\"wp-image-45813\" srcset=\"https:\/\/objectif-image.fr\/OI\/wp-content\/uploads\/2023\/02\/la-pause-1024x574.jpg 1024w, https:\/\/objectif-image.fr\/OI\/wp-content\/uploads\/2023\/02\/la-pause-400x224.jpg 400w, https:\/\/objectif-image.fr\/OI\/wp-content\/uploads\/2023\/02\/la-pause-300x168.jpg 300w, https:\/\/objectif-image.fr\/OI\/wp-content\/uploads\/2023\/02\/la-pause-150x84.jpg 150w, https:\/\/objectif-image.fr\/OI\/wp-content\/uploads\/2023\/02\/la-pause-768x431.jpg 768w, https:\/\/objectif-image.fr\/OI\/wp-content\/uploads\/2023\/02\/la-pause-1536x861.jpg 1536w, https:\/\/objectif-image.fr\/OI\/wp-content\/uploads\/2023\/02\/la-pause-100x56.jpg 100w, https:\/\/objectif-image.fr\/OI\/wp-content\/uploads\/2023\/02\/la-pause-1320x740.jpg 1320w, https:\/\/objectif-image.fr\/OI\/wp-content\/uploads\/2023\/02\/la-pause.jpg 1575w\" sizes=\"auto, (max-width: 1024px) 100vw, 1024px\" \/><\/figure>\n\n\n\n<p class=\"has-text-align-center has-black-color has-text-color\" style=\"font-size:clamp(16.293px, 1.018rem + ((1vw - 3.2px) * 0.67), 25px);\"><strong>La Pause<\/strong>   Philippe Hocquet OI Charleville<\/p>\n\n\n\n<figure class=\"wp-block-image alignwide size-large\"><img loading=\"lazy\" decoding=\"async\" width=\"1024\" height=\"682\" src=\"https:\/\/objectif-image.fr\/OI\/wp-content\/uploads\/2023\/02\/disparition-1024x682.jpg\" alt=\"\" class=\"wp-image-45815\" srcset=\"https:\/\/objectif-image.fr\/OI\/wp-content\/uploads\/2023\/02\/disparition-1024x682.jpg 1024w, https:\/\/objectif-image.fr\/OI\/wp-content\/uploads\/2023\/02\/disparition-400x266.jpg 400w, https:\/\/objectif-image.fr\/OI\/wp-content\/uploads\/2023\/02\/disparition-150x100.jpg 150w, https:\/\/objectif-image.fr\/OI\/wp-content\/uploads\/2023\/02\/disparition-300x200.jpg 300w, https:\/\/objectif-image.fr\/OI\/wp-content\/uploads\/2023\/02\/disparition-768x512.jpg 768w, https:\/\/objectif-image.fr\/OI\/wp-content\/uploads\/2023\/02\/disparition-100x67.jpg 100w, https:\/\/objectif-image.fr\/OI\/wp-content\/uploads\/2023\/02\/disparition-1320x879.jpg 1320w, https:\/\/objectif-image.fr\/OI\/wp-content\/uploads\/2023\/02\/disparition.jpg 1336w\" sizes=\"auto, (max-width: 1024px) 100vw, 1024px\" \/><\/figure>\n\n\n\n<p class=\"has-text-align-center has-black-color has-text-color\" style=\"font-size:clamp(16.293px, 1.018rem + ((1vw - 3.2px) * 0.67), 25px);\"><strong>Disparition<\/strong>   Fran\u00e7ois Chalard OI Lempdes<\/p>\n\n\n\n<figure class=\"wp-block-image alignwide size-large\"><img loading=\"lazy\" decoding=\"async\" width=\"1024\" height=\"829\" src=\"https:\/\/objectif-image.fr\/OI\/wp-content\/uploads\/2023\/02\/reveur-1024x829.jpg\" alt=\"\" class=\"wp-image-45814\" srcset=\"https:\/\/objectif-image.fr\/OI\/wp-content\/uploads\/2023\/02\/reveur-1024x829.jpg 1024w, https:\/\/objectif-image.fr\/OI\/wp-content\/uploads\/2023\/02\/reveur-400x324.jpg 400w, https:\/\/objectif-image.fr\/OI\/wp-content\/uploads\/2023\/02\/reveur-300x243.jpg 300w, https:\/\/objectif-image.fr\/OI\/wp-content\/uploads\/2023\/02\/reveur-150x121.jpg 150w, https:\/\/objectif-image.fr\/OI\/wp-content\/uploads\/2023\/02\/reveur-768x622.jpg 768w, https:\/\/objectif-image.fr\/OI\/wp-content\/uploads\/2023\/02\/reveur-100x81.jpg 100w, https:\/\/objectif-image.fr\/OI\/wp-content\/uploads\/2023\/02\/reveur.jpg 1094w\" sizes=\"auto, (max-width: 1024px) 100vw, 1024px\" \/><\/figure>\n\n\n\n<p class=\"has-text-align-center has-black-color has-text-color\" style=\"font-size:clamp(16.293px, 1.018rem + ((1vw - 3.2px) * 0.67), 25px);\"><strong>R\u00eaveur<\/strong>   Ursula Diebold OI Lempdes<\/p>\n\n\n\n<p class=\"has-text-align-center has-black-color has-text-color has-background\" style=\"background-color:#cde8f7;font-size:clamp(17.905px, 1.119rem + ((1vw - 3.2px) * 0.777), 28px);\">Retrouvez le <strong><a href=\"https:\/\/objectif-image.fr\/OI\/salon-national-individuel\/#dflip-df_45675\/1\/\" target=\"_blank\" rel=\"noreferrer noopener\">catalogue du Salon Individuel<\/a><\/strong><\/p>\n","protected":false},"excerpt":{"rendered":"<p>Objectif Image a propos\u00e9 une animation aux clubs en leur demandant de choisir leurs coups de coeur du Salon Individuel 2022. Brume matinale G\u00e9rard Mathias OI Nice&nbsp; L&rsquo;\u00e9chelle Philippe Hocquet OI Charleville . La Pause Philippe Hocquet OI Charleville Disparition Fran\u00e7ois Chalard OI Lempdes R\u00eaveur Ursula Diebold OI Lempdes Retrouvez le catalogue du Salon Individuel<\/p>\n","protected":false},"author":3,"featured_media":45815,"comment_status":"open","ping_status":"open","sticky":false,"template":"","format":"standard","meta":{"_acf_changed":false,"footnotes":""},"categories":[361,25,6],"tags":[104],"class_list":["post-45810","post","type-post","status-publish","format-standard","has-post-thumbnail","hentry","category-animation","category-salon-individuel","category-vie-des-clubs","tag-objectif-image"],"acf":[],"yoast_head":"<!-- This site is optimized with the Yoast SEO plugin v27.5 - https:\/\/yoast.com\/product\/yoast-seo-wordpress\/ -->\n<title>Coups de coeur - Objectif Image<\/title>\n<meta name=\"robots\" content=\"index, follow, max-snippet:-1, max-image-preview:large, max-video-preview:-1\" \/>\n<link rel=\"canonical\" href=\"https:\/\/objectif-image.fr\/OI\/coups-de-coeur\/\" \/>\n<meta property=\"og:locale\" content=\"fr_FR\" \/>\n<meta property=\"og:type\" content=\"article\" \/>\n<meta property=\"og:title\" content=\"Coups de coeur - Objectif Image\" \/>\n<meta property=\"og:description\" content=\"Objectif Image a propos\u00e9 une animation aux clubs en leur demandant de choisir leurs coups de coeur du Salon Individuel 2022. Brume matinale G\u00e9rard Mathias OI Nice&nbsp; L&rsquo;\u00e9chelle Philippe Hocquet OI Charleville . La Pause Philippe Hocquet OI Charleville Disparition Fran\u00e7ois Chalard OI Lempdes R\u00eaveur Ursula Diebold OI Lempdes Retrouvez le catalogue du Salon Individuel\" \/>\n<meta property=\"og:url\" content=\"https:\/\/objectif-image.fr\/OI\/coups-de-coeur\/\" \/>\n<meta property=\"og:site_name\" content=\"Objectif Image\" \/>\n<meta property=\"article:publisher\" content=\"https:\/\/www.facebook.com\/Objectif.mage\" \/>\n<meta property=\"article:published_time\" content=\"2023-02-07T13:48:49+00:00\" \/>\n<meta property=\"article:modified_time\" content=\"2023-02-07T13:48:51+00:00\" \/>\n<meta property=\"og:image\" content=\"https:\/\/objectif-image.fr\/OI\/wp-content\/uploads\/2023\/02\/disparition.jpg\" \/>\n\t<meta property=\"og:image:width\" content=\"1336\" \/>\n\t<meta property=\"og:image:height\" content=\"890\" \/>\n\t<meta property=\"og:image:type\" content=\"image\/jpeg\" \/>\n<meta name=\"author\" content=\"Pierre S\" \/>\n<meta name=\"twitter:card\" content=\"summary_large_image\" \/>\n<meta name=\"twitter:label1\" content=\"\u00c9crit par\" \/>\n\t<meta name=\"twitter:data1\" content=\"Pierre S\" \/>\n<script type=\"application\/ld+json\" class=\"yoast-schema-graph\">{\"@context\":\"https:\\\/\\\/schema.org\",\"@graph\":[{\"@type\":\"Article\",\"@id\":\"https:\\\/\\\/objectif-image.fr\\\/OI\\\/coups-de-coeur\\\/#article\",\"isPartOf\":{\"@id\":\"https:\\\/\\\/objectif-image.fr\\\/OI\\\/coups-de-coeur\\\/\"},\"author\":{\"name\":\"Pierre S\",\"@id\":\"https:\\\/\\\/objectif-image.fr\\\/OI\\\/#\\\/schema\\\/person\\\/813c64cc2f0c70450ca653f2e80a6515\"},\"headline\":\"Coups de coeur\",\"datePublished\":\"2023-02-07T13:48:49+00:00\",\"dateModified\":\"2023-02-07T13:48:51+00:00\",\"mainEntityOfPage\":{\"@id\":\"https:\\\/\\\/objectif-image.fr\\\/OI\\\/coups-de-coeur\\\/\"},\"wordCount\":61,\"commentCount\":0,\"publisher\":{\"@id\":\"https:\\\/\\\/objectif-image.fr\\\/OI\\\/#organization\"},\"image\":{\"@id\":\"https:\\\/\\\/objectif-image.fr\\\/OI\\\/coups-de-coeur\\\/#primaryimage\"},\"thumbnailUrl\":\"https:\\\/\\\/objectif-image.fr\\\/OI\\\/wp-content\\\/uploads\\\/2023\\\/02\\\/disparition.jpg\",\"keywords\":[\"Objectif Image\"],\"articleSection\":[\"Animation\",\"Salon individuel\",\"Vie des clubs\"],\"inLanguage\":\"fr-FR\",\"potentialAction\":[{\"@type\":\"CommentAction\",\"name\":\"Comment\",\"target\":[\"https:\\\/\\\/objectif-image.fr\\\/OI\\\/coups-de-coeur\\\/#respond\"]}]},{\"@type\":\"WebPage\",\"@id\":\"https:\\\/\\\/objectif-image.fr\\\/OI\\\/coups-de-coeur\\\/\",\"url\":\"https:\\\/\\\/objectif-image.fr\\\/OI\\\/coups-de-coeur\\\/\",\"name\":\"Coups de coeur - Objectif Image\",\"isPartOf\":{\"@id\":\"https:\\\/\\\/objectif-image.fr\\\/OI\\\/#website\"},\"primaryImageOfPage\":{\"@id\":\"https:\\\/\\\/objectif-image.fr\\\/OI\\\/coups-de-coeur\\\/#primaryimage\"},\"image\":{\"@id\":\"https:\\\/\\\/objectif-image.fr\\\/OI\\\/coups-de-coeur\\\/#primaryimage\"},\"thumbnailUrl\":\"https:\\\/\\\/objectif-image.fr\\\/OI\\\/wp-content\\\/uploads\\\/2023\\\/02\\\/disparition.jpg\",\"datePublished\":\"2023-02-07T13:48:49+00:00\",\"dateModified\":\"2023-02-07T13:48:51+00:00\",\"breadcrumb\":{\"@id\":\"https:\\\/\\\/objectif-image.fr\\\/OI\\\/coups-de-coeur\\\/#breadcrumb\"},\"inLanguage\":\"fr-FR\",\"potentialAction\":[{\"@type\":\"ReadAction\",\"target\":[\"https:\\\/\\\/objectif-image.fr\\\/OI\\\/coups-de-coeur\\\/\"]}]},{\"@type\":\"ImageObject\",\"inLanguage\":\"fr-FR\",\"@id\":\"https:\\\/\\\/objectif-image.fr\\\/OI\\\/coups-de-coeur\\\/#primaryimage\",\"url\":\"https:\\\/\\\/objectif-image.fr\\\/OI\\\/wp-content\\\/uploads\\\/2023\\\/02\\\/disparition.jpg\",\"contentUrl\":\"https:\\\/\\\/objectif-image.fr\\\/OI\\\/wp-content\\\/uploads\\\/2023\\\/02\\\/disparition.jpg\",\"width\":1336,\"height\":890},{\"@type\":\"BreadcrumbList\",\"@id\":\"https:\\\/\\\/objectif-image.fr\\\/OI\\\/coups-de-coeur\\\/#breadcrumb\",\"itemListElement\":[{\"@type\":\"ListItem\",\"position\":1,\"name\":\"Accueil\",\"item\":\"https:\\\/\\\/objectif-image.fr\\\/OI\\\/\"},{\"@type\":\"ListItem\",\"position\":2,\"name\":\"Coups de coeur\"}]},{\"@type\":\"WebSite\",\"@id\":\"https:\\\/\\\/objectif-image.fr\\\/OI\\\/#website\",\"url\":\"https:\\\/\\\/objectif-image.fr\\\/OI\\\/\",\"name\":\"Objectif Image\",\"description\":\"Objectif Image\",\"publisher\":{\"@id\":\"https:\\\/\\\/objectif-image.fr\\\/OI\\\/#organization\"},\"potentialAction\":[{\"@type\":\"SearchAction\",\"target\":{\"@type\":\"EntryPoint\",\"urlTemplate\":\"https:\\\/\\\/objectif-image.fr\\\/OI\\\/?s={search_term_string}\"},\"query-input\":{\"@type\":\"PropertyValueSpecification\",\"valueRequired\":true,\"valueName\":\"search_term_string\"}}],\"inLanguage\":\"fr-FR\"},{\"@type\":\"Organization\",\"@id\":\"https:\\\/\\\/objectif-image.fr\\\/OI\\\/#organization\",\"name\":\"Objectif Image\",\"url\":\"https:\\\/\\\/objectif-image.fr\\\/OI\\\/\",\"logo\":{\"@type\":\"ImageObject\",\"inLanguage\":\"fr-FR\",\"@id\":\"https:\\\/\\\/objectif-image.fr\\\/OI\\\/#\\\/schema\\\/logo\\\/image\\\/\",\"url\":\"https:\\\/\\\/objectif-image.fr\\\/OI\\\/wp-content\\\/uploads\\\/2019\\\/02\\\/logo-OI-NATIONAL-rouge-2000px.jpg\",\"contentUrl\":\"https:\\\/\\\/objectif-image.fr\\\/OI\\\/wp-content\\\/uploads\\\/2019\\\/02\\\/logo-OI-NATIONAL-rouge-2000px.jpg\",\"width\":1081,\"height\":1024,\"caption\":\"Objectif Image\"},\"image\":{\"@id\":\"https:\\\/\\\/objectif-image.fr\\\/OI\\\/#\\\/schema\\\/logo\\\/image\\\/\"},\"sameAs\":[\"https:\\\/\\\/www.facebook.com\\\/Objectif.mage\"]},{\"@type\":\"Person\",\"@id\":\"https:\\\/\\\/objectif-image.fr\\\/OI\\\/#\\\/schema\\\/person\\\/813c64cc2f0c70450ca653f2e80a6515\",\"name\":\"Pierre S\",\"image\":{\"@type\":\"ImageObject\",\"inLanguage\":\"fr-FR\",\"@id\":\"https:\\\/\\\/secure.gravatar.com\\\/avatar\\\/6d1df1cb0bf58ef7d330b8910acfe62e7fbc0c2138564189224f85869b953674?s=96&d=mm&r=g\",\"url\":\"https:\\\/\\\/secure.gravatar.com\\\/avatar\\\/6d1df1cb0bf58ef7d330b8910acfe62e7fbc0c2138564189224f85869b953674?s=96&d=mm&r=g\",\"contentUrl\":\"https:\\\/\\\/secure.gravatar.com\\\/avatar\\\/6d1df1cb0bf58ef7d330b8910acfe62e7fbc0c2138564189224f85869b953674?s=96&d=mm&r=g\",\"caption\":\"Pierre S\"},\"url\":\"https:\\\/\\\/objectif-image.fr\\\/OI\\\/author\\\/pierres-2-2\\\/\"}]}<\/script>\n<!-- \/ Yoast SEO plugin. -->","yoast_head_json":{"title":"Coups de coeur - Objectif Image","robots":{"index":"index","follow":"follow","max-snippet":"max-snippet:-1","max-image-preview":"max-image-preview:large","max-video-preview":"max-video-preview:-1"},"canonical":"https:\/\/objectif-image.fr\/OI\/coups-de-coeur\/","og_locale":"fr_FR","og_type":"article","og_title":"Coups de coeur - Objectif Image","og_description":"Objectif Image a propos\u00e9 une animation aux clubs en leur demandant de choisir leurs coups de coeur du Salon Individuel 2022. Brume matinale G\u00e9rard Mathias OI Nice&nbsp; L&rsquo;\u00e9chelle Philippe Hocquet OI Charleville . La Pause Philippe Hocquet OI Charleville Disparition Fran\u00e7ois Chalard OI Lempdes R\u00eaveur Ursula Diebold OI Lempdes Retrouvez le catalogue du Salon Individuel","og_url":"https:\/\/objectif-image.fr\/OI\/coups-de-coeur\/","og_site_name":"Objectif Image","article_publisher":"https:\/\/www.facebook.com\/Objectif.mage","article_published_time":"2023-02-07T13:48:49+00:00","article_modified_time":"2023-02-07T13:48:51+00:00","og_image":[{"width":1336,"height":890,"url":"https:\/\/objectif-image.fr\/OI\/wp-content\/uploads\/2023\/02\/disparition.jpg","type":"image\/jpeg"}],"author":"Pierre S","twitter_card":"summary_large_image","twitter_misc":{"\u00c9crit par":"Pierre S"},"schema":{"@context":"https:\/\/schema.org","@graph":[{"@type":"Article","@id":"https:\/\/objectif-image.fr\/OI\/coups-de-coeur\/#article","isPartOf":{"@id":"https:\/\/objectif-image.fr\/OI\/coups-de-coeur\/"},"author":{"name":"Pierre S","@id":"https:\/\/objectif-image.fr\/OI\/#\/schema\/person\/813c64cc2f0c70450ca653f2e80a6515"},"headline":"Coups de coeur","datePublished":"2023-02-07T13:48:49+00:00","dateModified":"2023-02-07T13:48:51+00:00","mainEntityOfPage":{"@id":"https:\/\/objectif-image.fr\/OI\/coups-de-coeur\/"},"wordCount":61,"commentCount":0,"publisher":{"@id":"https:\/\/objectif-image.fr\/OI\/#organization"},"image":{"@id":"https:\/\/objectif-image.fr\/OI\/coups-de-coeur\/#primaryimage"},"thumbnailUrl":"https:\/\/objectif-image.fr\/OI\/wp-content\/uploads\/2023\/02\/disparition.jpg","keywords":["Objectif Image"],"articleSection":["Animation","Salon individuel","Vie des clubs"],"inLanguage":"fr-FR","potentialAction":[{"@type":"CommentAction","name":"Comment","target":["https:\/\/objectif-image.fr\/OI\/coups-de-coeur\/#respond"]}]},{"@type":"WebPage","@id":"https:\/\/objectif-image.fr\/OI\/coups-de-coeur\/","url":"https:\/\/objectif-image.fr\/OI\/coups-de-coeur\/","name":"Coups de coeur - Objectif Image","isPartOf":{"@id":"https:\/\/objectif-image.fr\/OI\/#website"},"primaryImageOfPage":{"@id":"https:\/\/objectif-image.fr\/OI\/coups-de-coeur\/#primaryimage"},"image":{"@id":"https:\/\/objectif-image.fr\/OI\/coups-de-coeur\/#primaryimage"},"thumbnailUrl":"https:\/\/objectif-image.fr\/OI\/wp-content\/uploads\/2023\/02\/disparition.jpg","datePublished":"2023-02-07T13:48:49+00:00","dateModified":"2023-02-07T13:48:51+00:00","breadcrumb":{"@id":"https:\/\/objectif-image.fr\/OI\/coups-de-coeur\/#breadcrumb"},"inLanguage":"fr-FR","potentialAction":[{"@type":"ReadAction","target":["https:\/\/objectif-image.fr\/OI\/coups-de-coeur\/"]}]},{"@type":"ImageObject","inLanguage":"fr-FR","@id":"https:\/\/objectif-image.fr\/OI\/coups-de-coeur\/#primaryimage","url":"https:\/\/objectif-image.fr\/OI\/wp-content\/uploads\/2023\/02\/disparition.jpg","contentUrl":"https:\/\/objectif-image.fr\/OI\/wp-content\/uploads\/2023\/02\/disparition.jpg","width":1336,"height":890},{"@type":"BreadcrumbList","@id":"https:\/\/objectif-image.fr\/OI\/coups-de-coeur\/#breadcrumb","itemListElement":[{"@type":"ListItem","position":1,"name":"Accueil","item":"https:\/\/objectif-image.fr\/OI\/"},{"@type":"ListItem","position":2,"name":"Coups de coeur"}]},{"@type":"WebSite","@id":"https:\/\/objectif-image.fr\/OI\/#website","url":"https:\/\/objectif-image.fr\/OI\/","name":"Objectif Image","description":"Objectif Image","publisher":{"@id":"https:\/\/objectif-image.fr\/OI\/#organization"},"potentialAction":[{"@type":"SearchAction","target":{"@type":"EntryPoint","urlTemplate":"https:\/\/objectif-image.fr\/OI\/?s={search_term_string}"},"query-input":{"@type":"PropertyValueSpecification","valueRequired":true,"valueName":"search_term_string"}}],"inLanguage":"fr-FR"},{"@type":"Organization","@id":"https:\/\/objectif-image.fr\/OI\/#organization","name":"Objectif Image","url":"https:\/\/objectif-image.fr\/OI\/","logo":{"@type":"ImageObject","inLanguage":"fr-FR","@id":"https:\/\/objectif-image.fr\/OI\/#\/schema\/logo\/image\/","url":"https:\/\/objectif-image.fr\/OI\/wp-content\/uploads\/2019\/02\/logo-OI-NATIONAL-rouge-2000px.jpg","contentUrl":"https:\/\/objectif-image.fr\/OI\/wp-content\/uploads\/2019\/02\/logo-OI-NATIONAL-rouge-2000px.jpg","width":1081,"height":1024,"caption":"Objectif Image"},"image":{"@id":"https:\/\/objectif-image.fr\/OI\/#\/schema\/logo\/image\/"},"sameAs":["https:\/\/www.facebook.com\/Objectif.mage"]},{"@type":"Person","@id":"https:\/\/objectif-image.fr\/OI\/#\/schema\/person\/813c64cc2f0c70450ca653f2e80a6515","name":"Pierre S","image":{"@type":"ImageObject","inLanguage":"fr-FR","@id":"https:\/\/secure.gravatar.com\/avatar\/6d1df1cb0bf58ef7d330b8910acfe62e7fbc0c2138564189224f85869b953674?s=96&d=mm&r=g","url":"https:\/\/secure.gravatar.com\/avatar\/6d1df1cb0bf58ef7d330b8910acfe62e7fbc0c2138564189224f85869b953674?s=96&d=mm&r=g","contentUrl":"https:\/\/secure.gravatar.com\/avatar\/6d1df1cb0bf58ef7d330b8910acfe62e7fbc0c2138564189224f85869b953674?s=96&d=mm&r=g","caption":"Pierre S"},"url":"https:\/\/objectif-image.fr\/OI\/author\/pierres-2-2\/"}]}},"_links":{"self":[{"href":"https:\/\/objectif-image.fr\/OI\/wp-json\/wp\/v2\/posts\/45810","targetHints":{"allow":["GET"]}}],"collection":[{"href":"https:\/\/objectif-image.fr\/OI\/wp-json\/wp\/v2\/posts"}],"about":[{"href":"https:\/\/objectif-image.fr\/OI\/wp-json\/wp\/v2\/types\/post"}],"author":[{"embeddable":true,"href":"https:\/\/objectif-image.fr\/OI\/wp-json\/wp\/v2\/users\/3"}],"replies":[{"embeddable":true,"href":"https:\/\/objectif-image.fr\/OI\/wp-json\/wp\/v2\/comments?post=45810"}],"version-history":[{"count":0,"href":"https:\/\/objectif-image.fr\/OI\/wp-json\/wp\/v2\/posts\/45810\/revisions"}],"wp:featuredmedia":[{"embeddable":true,"href":"https:\/\/objectif-image.fr\/OI\/wp-json\/wp\/v2\/media\/45815"}],"wp:attachment":[{"href":"https:\/\/objectif-image.fr\/OI\/wp-json\/wp\/v2\/media?parent=45810"}],"wp:term":[{"taxonomy":"category","embeddable":true,"href":"https:\/\/objectif-image.fr\/OI\/wp-json\/wp\/v2\/categories?post=45810"},{"taxonomy":"post_tag","embeddable":true,"href":"https:\/\/objectif-image.fr\/OI\/wp-json\/wp\/v2\/tags?post=45810"}],"curies":[{"name":"wp","href":"https:\/\/api.w.org\/{rel}","templated":true}]}}