{"id":45946,"date":"2023-02-11T09:40:29","date_gmt":"2023-02-11T08:40:29","guid":{"rendered":"https:\/\/objectif-image.fr\/OI\/?p=45946"},"modified":"2023-02-11T10:03:46","modified_gmt":"2023-02-11T09:03:46","slug":"gala-audiovisuel-et-exposition-photos-a-clermont-ferrand-dans-le-cadre-dhistoires-de-photos-conjointement-avec-loracle","status":"publish","type":"post","link":"https:\/\/objectif-image.fr\/OI\/gala-audiovisuel-et-exposition-photos-a-clermont-ferrand-dans-le-cadre-dhistoires-de-photos-conjointement-avec-loracle\/","title":{"rendered":"Gala Audiovisuel et Exposition photos \u00e0 Clermont-Ferrand dans le cadre d&rsquo;Histoires de Photos conjointement avec l&rsquo;ORACLE"},"content":{"rendered":"\n<h4 class=\"wp-block-heading\">Clermont-Ferrand est la capitale du court-m\u00e9trage. Avec l&rsquo;ORACLE le club Objectif Image 63 Lempdes &#8211; clim@63 &#8211; ne pouvait rester en retrait et il propose une s\u00e9ance de projection de courts-m\u00e9trages photos Vendredi 17 f\u00e9vrier \u00e0 20H30 &#8211; Entr\u00e9e Libre<\/h4>\n\n\n\n<p>Cette programmation, toujours avec l&rsquo;ORACLE est propos\u00e9e \u00e0 la projection des municipalit\u00e9s et organismes de la r\u00e9gion.<\/p>\n\n\n\n<figure class=\"wp-block-image size-large\"><img decoding=\"async\" src=\"https:\/\/climat63.files.wordpress.com\/2023\/02\/verso-programma.jpg?w=3056\" alt=\"\"\/><\/figure>\n\n\n\n<h3 class=\"wp-block-heading\">Le club participe \u00e9galement \u00e0 l&rsquo;exposition photo avec 12 s\u00e9ries d&rsquo;auteurs <\/h3>\n\n\n\n<figure class=\"wp-block-image size-large\"><img decoding=\"async\" src=\"https:\/\/climat63.files.wordpress.com\/2023\/02\/programme-2023.jpg?w=3056\" alt=\"\"\/><\/figure>\n","protected":false},"excerpt":{"rendered":"<p>Clermont-Ferrand est la capitale du court-m\u00e9trage. Avec l&rsquo;ORACLE le club Objectif Image 63 Lempdes &#8211; clim@63 &#8211; ne pouvait rester en retrait et il propose une s\u00e9ance de projection de courts-m\u00e9trages photos Vendredi 17 f\u00e9vrier \u00e0 20H30 &#8211; Entr\u00e9e Libre Cette programmation, toujours avec l&rsquo;ORACLE est propos\u00e9e \u00e0 la projection des municipalit\u00e9s et organismes de [&hellip;]<\/p>\n","protected":false},"author":21,"featured_media":45954,"comment_status":"open","ping_status":"open","sticky":false,"template":"","format":"standard","meta":{"_acf_changed":false,"footnotes":""},"categories":[7,566,13],"tags":[603,602],"class_list":["post-45946","post","type-post","status-publish","format-standard","has-post-thumbnail","hentry","category-court-metrage-photo-diaporama","category-gala-et-festivals","category-photo","tag-conchon","tag-oracle"],"acf":[],"yoast_head":"<!-- This site is optimized with the Yoast SEO plugin v27.4 - https:\/\/yoast.com\/product\/yoast-seo-wordpress\/ -->\n<title>Gala Audiovisuel et Exposition photos \u00e0 Clermont-Ferrand dans le cadre d&#039;Histoires de Photos conjointement avec l&#039;ORACLE - Objectif Image<\/title>\n<meta name=\"robots\" content=\"index, follow, max-snippet:-1, max-image-preview:large, max-video-preview:-1\" \/>\n<link rel=\"canonical\" href=\"https:\/\/objectif-image.fr\/OI\/gala-audiovisuel-et-exposition-photos-a-clermont-ferrand-dans-le-cadre-dhistoires-de-photos-conjointement-avec-loracle\/\" \/>\n<meta property=\"og:locale\" content=\"fr_FR\" \/>\n<meta property=\"og:type\" content=\"article\" \/>\n<meta property=\"og:title\" content=\"Gala Audiovisuel et Exposition photos \u00e0 Clermont-Ferrand dans le cadre d&#039;Histoires de Photos conjointement avec l&#039;ORACLE - Objectif Image\" \/>\n<meta property=\"og:description\" content=\"Clermont-Ferrand est la capitale du court-m\u00e9trage. Avec l&rsquo;ORACLE le club Objectif Image 63 Lempdes &#8211; clim@63 &#8211; ne pouvait rester en retrait et il propose une s\u00e9ance de projection de courts-m\u00e9trages photos Vendredi 17 f\u00e9vrier \u00e0 20H30 &#8211; Entr\u00e9e Libre Cette programmation, toujours avec l&rsquo;ORACLE est propos\u00e9e \u00e0 la projection des municipalit\u00e9s et organismes de [&hellip;]\" \/>\n<meta property=\"og:url\" content=\"https:\/\/objectif-image.fr\/OI\/gala-audiovisuel-et-exposition-photos-a-clermont-ferrand-dans-le-cadre-dhistoires-de-photos-conjointement-avec-loracle\/\" \/>\n<meta property=\"og:site_name\" content=\"Objectif Image\" \/>\n<meta property=\"article:publisher\" content=\"https:\/\/www.facebook.com\/Objectif.mage\" \/>\n<meta property=\"article:published_time\" content=\"2023-02-11T08:40:29+00:00\" \/>\n<meta property=\"article:modified_time\" content=\"2023-02-11T09:03:46+00:00\" \/>\n<meta property=\"og:image\" content=\"https:\/\/objectif-image.fr\/OI\/wp-content\/uploads\/2023\/02\/fond-ecran_gala-V2-e1676106327133.jpg\" \/>\n\t<meta property=\"og:image:width\" content=\"1000\" \/>\n\t<meta property=\"og:image:height\" content=\"435\" \/>\n\t<meta property=\"og:image:type\" content=\"image\/jpeg\" \/>\n<meta name=\"author\" content=\"Gerard DIEBOLD\" \/>\n<meta name=\"twitter:card\" content=\"summary_large_image\" \/>\n<meta name=\"twitter:label1\" content=\"\u00c9crit par\" \/>\n\t<meta name=\"twitter:data1\" content=\"Gerard DIEBOLD\" \/>\n<script type=\"application\/ld+json\" class=\"yoast-schema-graph\">{\"@context\":\"https:\\\/\\\/schema.org\",\"@graph\":[{\"@type\":\"Article\",\"@id\":\"https:\\\/\\\/objectif-image.fr\\\/OI\\\/gala-audiovisuel-et-exposition-photos-a-clermont-ferrand-dans-le-cadre-dhistoires-de-photos-conjointement-avec-loracle\\\/#article\",\"isPartOf\":{\"@id\":\"https:\\\/\\\/objectif-image.fr\\\/OI\\\/gala-audiovisuel-et-exposition-photos-a-clermont-ferrand-dans-le-cadre-dhistoires-de-photos-conjointement-avec-loracle\\\/\"},\"author\":{\"name\":\"Gerard DIEBOLD\",\"@id\":\"https:\\\/\\\/objectif-image.fr\\\/OI\\\/#\\\/schema\\\/person\\\/c300841e51ee06178683fe95400e121b\"},\"headline\":\"Gala Audiovisuel et Exposition photos \u00e0 Clermont-Ferrand dans le cadre d&rsquo;Histoires de Photos conjointement avec l&rsquo;ORACLE\",\"datePublished\":\"2023-02-11T08:40:29+00:00\",\"dateModified\":\"2023-02-11T09:03:46+00:00\",\"mainEntityOfPage\":{\"@id\":\"https:\\\/\\\/objectif-image.fr\\\/OI\\\/gala-audiovisuel-et-exposition-photos-a-clermont-ferrand-dans-le-cadre-dhistoires-de-photos-conjointement-avec-loracle\\\/\"},\"wordCount\":92,\"commentCount\":0,\"publisher\":{\"@id\":\"https:\\\/\\\/objectif-image.fr\\\/OI\\\/#organization\"},\"image\":{\"@id\":\"https:\\\/\\\/objectif-image.fr\\\/OI\\\/gala-audiovisuel-et-exposition-photos-a-clermont-ferrand-dans-le-cadre-dhistoires-de-photos-conjointement-avec-loracle\\\/#primaryimage\"},\"thumbnailUrl\":\"https:\\\/\\\/objectif-image.fr\\\/OI\\\/wp-content\\\/uploads\\\/2023\\\/02\\\/fond-ecran_gala-V2-e1676106327133.jpg\",\"keywords\":[\"conchon\",\"oracle\"],\"articleSection\":[\"Audiovisuel\",\"Gala et Festivals\",\"Photo\"],\"inLanguage\":\"fr-FR\",\"potentialAction\":[{\"@type\":\"CommentAction\",\"name\":\"Comment\",\"target\":[\"https:\\\/\\\/objectif-image.fr\\\/OI\\\/gala-audiovisuel-et-exposition-photos-a-clermont-ferrand-dans-le-cadre-dhistoires-de-photos-conjointement-avec-loracle\\\/#respond\"]}]},{\"@type\":\"WebPage\",\"@id\":\"https:\\\/\\\/objectif-image.fr\\\/OI\\\/gala-audiovisuel-et-exposition-photos-a-clermont-ferrand-dans-le-cadre-dhistoires-de-photos-conjointement-avec-loracle\\\/\",\"url\":\"https:\\\/\\\/objectif-image.fr\\\/OI\\\/gala-audiovisuel-et-exposition-photos-a-clermont-ferrand-dans-le-cadre-dhistoires-de-photos-conjointement-avec-loracle\\\/\",\"name\":\"Gala Audiovisuel et Exposition photos \u00e0 Clermont-Ferrand dans le cadre d'Histoires de Photos conjointement avec l'ORACLE - Objectif Image\",\"isPartOf\":{\"@id\":\"https:\\\/\\\/objectif-image.fr\\\/OI\\\/#website\"},\"primaryImageOfPage\":{\"@id\":\"https:\\\/\\\/objectif-image.fr\\\/OI\\\/gala-audiovisuel-et-exposition-photos-a-clermont-ferrand-dans-le-cadre-dhistoires-de-photos-conjointement-avec-loracle\\\/#primaryimage\"},\"image\":{\"@id\":\"https:\\\/\\\/objectif-image.fr\\\/OI\\\/gala-audiovisuel-et-exposition-photos-a-clermont-ferrand-dans-le-cadre-dhistoires-de-photos-conjointement-avec-loracle\\\/#primaryimage\"},\"thumbnailUrl\":\"https:\\\/\\\/objectif-image.fr\\\/OI\\\/wp-content\\\/uploads\\\/2023\\\/02\\\/fond-ecran_gala-V2-e1676106327133.jpg\",\"datePublished\":\"2023-02-11T08:40:29+00:00\",\"dateModified\":\"2023-02-11T09:03:46+00:00\",\"breadcrumb\":{\"@id\":\"https:\\\/\\\/objectif-image.fr\\\/OI\\\/gala-audiovisuel-et-exposition-photos-a-clermont-ferrand-dans-le-cadre-dhistoires-de-photos-conjointement-avec-loracle\\\/#breadcrumb\"},\"inLanguage\":\"fr-FR\",\"potentialAction\":[{\"@type\":\"ReadAction\",\"target\":[\"https:\\\/\\\/objectif-image.fr\\\/OI\\\/gala-audiovisuel-et-exposition-photos-a-clermont-ferrand-dans-le-cadre-dhistoires-de-photos-conjointement-avec-loracle\\\/\"]}]},{\"@type\":\"ImageObject\",\"inLanguage\":\"fr-FR\",\"@id\":\"https:\\\/\\\/objectif-image.fr\\\/OI\\\/gala-audiovisuel-et-exposition-photos-a-clermont-ferrand-dans-le-cadre-dhistoires-de-photos-conjointement-avec-loracle\\\/#primaryimage\",\"url\":\"https:\\\/\\\/objectif-image.fr\\\/OI\\\/wp-content\\\/uploads\\\/2023\\\/02\\\/fond-ecran_gala-V2-e1676106327133.jpg\",\"contentUrl\":\"https:\\\/\\\/objectif-image.fr\\\/OI\\\/wp-content\\\/uploads\\\/2023\\\/02\\\/fond-ecran_gala-V2-e1676106327133.jpg\",\"width\":1000,\"height\":435},{\"@type\":\"BreadcrumbList\",\"@id\":\"https:\\\/\\\/objectif-image.fr\\\/OI\\\/gala-audiovisuel-et-exposition-photos-a-clermont-ferrand-dans-le-cadre-dhistoires-de-photos-conjointement-avec-loracle\\\/#breadcrumb\",\"itemListElement\":[{\"@type\":\"ListItem\",\"position\":1,\"name\":\"Accueil\",\"item\":\"https:\\\/\\\/objectif-image.fr\\\/OI\\\/\"},{\"@type\":\"ListItem\",\"position\":2,\"name\":\"Gala Audiovisuel et Exposition photos \u00e0 Clermont-Ferrand dans le cadre d&rsquo;Histoires de Photos conjointement avec l&rsquo;ORACLE\"}]},{\"@type\":\"WebSite\",\"@id\":\"https:\\\/\\\/objectif-image.fr\\\/OI\\\/#website\",\"url\":\"https:\\\/\\\/objectif-image.fr\\\/OI\\\/\",\"name\":\"Objectif Image\",\"description\":\"Objectif Image\",\"publisher\":{\"@id\":\"https:\\\/\\\/objectif-image.fr\\\/OI\\\/#organization\"},\"potentialAction\":[{\"@type\":\"SearchAction\",\"target\":{\"@type\":\"EntryPoint\",\"urlTemplate\":\"https:\\\/\\\/objectif-image.fr\\\/OI\\\/?s={search_term_string}\"},\"query-input\":{\"@type\":\"PropertyValueSpecification\",\"valueRequired\":true,\"valueName\":\"search_term_string\"}}],\"inLanguage\":\"fr-FR\"},{\"@type\":\"Organization\",\"@id\":\"https:\\\/\\\/objectif-image.fr\\\/OI\\\/#organization\",\"name\":\"Objectif Image\",\"url\":\"https:\\\/\\\/objectif-image.fr\\\/OI\\\/\",\"logo\":{\"@type\":\"ImageObject\",\"inLanguage\":\"fr-FR\",\"@id\":\"https:\\\/\\\/objectif-image.fr\\\/OI\\\/#\\\/schema\\\/logo\\\/image\\\/\",\"url\":\"https:\\\/\\\/objectif-image.fr\\\/OI\\\/wp-content\\\/uploads\\\/2019\\\/02\\\/logo-OI-NATIONAL-rouge-2000px.jpg\",\"contentUrl\":\"https:\\\/\\\/objectif-image.fr\\\/OI\\\/wp-content\\\/uploads\\\/2019\\\/02\\\/logo-OI-NATIONAL-rouge-2000px.jpg\",\"width\":1081,\"height\":1024,\"caption\":\"Objectif Image\"},\"image\":{\"@id\":\"https:\\\/\\\/objectif-image.fr\\\/OI\\\/#\\\/schema\\\/logo\\\/image\\\/\"},\"sameAs\":[\"https:\\\/\\\/www.facebook.com\\\/Objectif.mage\"]},{\"@type\":\"Person\",\"@id\":\"https:\\\/\\\/objectif-image.fr\\\/OI\\\/#\\\/schema\\\/person\\\/c300841e51ee06178683fe95400e121b\",\"name\":\"Gerard DIEBOLD\",\"image\":{\"@type\":\"ImageObject\",\"inLanguage\":\"fr-FR\",\"@id\":\"\\\/\\\/objectif-image.fr\\\/OI\\\/wp-content\\\/uploads\\\/wpforo\\\/avatars\\\/gerard63370-2-2-2_21.jpg\",\"url\":\"\\\/\\\/objectif-image.fr\\\/OI\\\/wp-content\\\/uploads\\\/wpforo\\\/avatars\\\/gerard63370-2-2-2_21.jpg\",\"contentUrl\":\"\\\/\\\/objectif-image.fr\\\/OI\\\/wp-content\\\/uploads\\\/wpforo\\\/avatars\\\/gerard63370-2-2-2_21.jpg\",\"caption\":\"Gerard DIEBOLD\"},\"description\":\"Pr\u00e9sident\\\/Fondateur du club de lempdes (Climat63 puis Objectif Image 63), j'ai d\u00e9but\u00e9 par la photographie, me suis mis \u00e0 la video et enfin pass\u00e9 au film photographique en 2012.Les logiciels sp\u00e9cialis\u00e9s employ\u00e9s furent successivement :Premiere Element, Premiere Pro, PTE et enfin DaVinci Resolve puis actuellement Davinci Resolve Studio. R\u00e9alisateur et formateur dans les domaines du film photographique et du son (ecriture, construction, r\u00e9alisation)\",\"url\":\"https:\\\/\\\/objectif-image.fr\\\/OI\\\/author\\\/gerard63370-2-2-2-2-2-2\\\/\"}]}<\/script>\n<!-- \/ Yoast SEO plugin. -->","yoast_head_json":{"title":"Gala Audiovisuel et Exposition photos \u00e0 Clermont-Ferrand dans le cadre d'Histoires de Photos conjointement avec l'ORACLE - Objectif Image","robots":{"index":"index","follow":"follow","max-snippet":"max-snippet:-1","max-image-preview":"max-image-preview:large","max-video-preview":"max-video-preview:-1"},"canonical":"https:\/\/objectif-image.fr\/OI\/gala-audiovisuel-et-exposition-photos-a-clermont-ferrand-dans-le-cadre-dhistoires-de-photos-conjointement-avec-loracle\/","og_locale":"fr_FR","og_type":"article","og_title":"Gala Audiovisuel et Exposition photos \u00e0 Clermont-Ferrand dans le cadre d'Histoires de Photos conjointement avec l'ORACLE - Objectif Image","og_description":"Clermont-Ferrand est la capitale du court-m\u00e9trage. Avec l&rsquo;ORACLE le club Objectif Image 63 Lempdes &#8211; clim@63 &#8211; ne pouvait rester en retrait et il propose une s\u00e9ance de projection de courts-m\u00e9trages photos Vendredi 17 f\u00e9vrier \u00e0 20H30 &#8211; Entr\u00e9e Libre Cette programmation, toujours avec l&rsquo;ORACLE est propos\u00e9e \u00e0 la projection des municipalit\u00e9s et organismes de [&hellip;]","og_url":"https:\/\/objectif-image.fr\/OI\/gala-audiovisuel-et-exposition-photos-a-clermont-ferrand-dans-le-cadre-dhistoires-de-photos-conjointement-avec-loracle\/","og_site_name":"Objectif Image","article_publisher":"https:\/\/www.facebook.com\/Objectif.mage","article_published_time":"2023-02-11T08:40:29+00:00","article_modified_time":"2023-02-11T09:03:46+00:00","og_image":[{"width":1000,"height":435,"url":"https:\/\/objectif-image.fr\/OI\/wp-content\/uploads\/2023\/02\/fond-ecran_gala-V2-e1676106327133.jpg","type":"image\/jpeg"}],"author":"Gerard DIEBOLD","twitter_card":"summary_large_image","twitter_misc":{"\u00c9crit par":"Gerard DIEBOLD"},"schema":{"@context":"https:\/\/schema.org","@graph":[{"@type":"Article","@id":"https:\/\/objectif-image.fr\/OI\/gala-audiovisuel-et-exposition-photos-a-clermont-ferrand-dans-le-cadre-dhistoires-de-photos-conjointement-avec-loracle\/#article","isPartOf":{"@id":"https:\/\/objectif-image.fr\/OI\/gala-audiovisuel-et-exposition-photos-a-clermont-ferrand-dans-le-cadre-dhistoires-de-photos-conjointement-avec-loracle\/"},"author":{"name":"Gerard DIEBOLD","@id":"https:\/\/objectif-image.fr\/OI\/#\/schema\/person\/c300841e51ee06178683fe95400e121b"},"headline":"Gala Audiovisuel et Exposition photos \u00e0 Clermont-Ferrand dans le cadre d&rsquo;Histoires de Photos conjointement avec l&rsquo;ORACLE","datePublished":"2023-02-11T08:40:29+00:00","dateModified":"2023-02-11T09:03:46+00:00","mainEntityOfPage":{"@id":"https:\/\/objectif-image.fr\/OI\/gala-audiovisuel-et-exposition-photos-a-clermont-ferrand-dans-le-cadre-dhistoires-de-photos-conjointement-avec-loracle\/"},"wordCount":92,"commentCount":0,"publisher":{"@id":"https:\/\/objectif-image.fr\/OI\/#organization"},"image":{"@id":"https:\/\/objectif-image.fr\/OI\/gala-audiovisuel-et-exposition-photos-a-clermont-ferrand-dans-le-cadre-dhistoires-de-photos-conjointement-avec-loracle\/#primaryimage"},"thumbnailUrl":"https:\/\/objectif-image.fr\/OI\/wp-content\/uploads\/2023\/02\/fond-ecran_gala-V2-e1676106327133.jpg","keywords":["conchon","oracle"],"articleSection":["Audiovisuel","Gala et Festivals","Photo"],"inLanguage":"fr-FR","potentialAction":[{"@type":"CommentAction","name":"Comment","target":["https:\/\/objectif-image.fr\/OI\/gala-audiovisuel-et-exposition-photos-a-clermont-ferrand-dans-le-cadre-dhistoires-de-photos-conjointement-avec-loracle\/#respond"]}]},{"@type":"WebPage","@id":"https:\/\/objectif-image.fr\/OI\/gala-audiovisuel-et-exposition-photos-a-clermont-ferrand-dans-le-cadre-dhistoires-de-photos-conjointement-avec-loracle\/","url":"https:\/\/objectif-image.fr\/OI\/gala-audiovisuel-et-exposition-photos-a-clermont-ferrand-dans-le-cadre-dhistoires-de-photos-conjointement-avec-loracle\/","name":"Gala Audiovisuel et Exposition photos \u00e0 Clermont-Ferrand dans le cadre d'Histoires de Photos conjointement avec l'ORACLE - Objectif Image","isPartOf":{"@id":"https:\/\/objectif-image.fr\/OI\/#website"},"primaryImageOfPage":{"@id":"https:\/\/objectif-image.fr\/OI\/gala-audiovisuel-et-exposition-photos-a-clermont-ferrand-dans-le-cadre-dhistoires-de-photos-conjointement-avec-loracle\/#primaryimage"},"image":{"@id":"https:\/\/objectif-image.fr\/OI\/gala-audiovisuel-et-exposition-photos-a-clermont-ferrand-dans-le-cadre-dhistoires-de-photos-conjointement-avec-loracle\/#primaryimage"},"thumbnailUrl":"https:\/\/objectif-image.fr\/OI\/wp-content\/uploads\/2023\/02\/fond-ecran_gala-V2-e1676106327133.jpg","datePublished":"2023-02-11T08:40:29+00:00","dateModified":"2023-02-11T09:03:46+00:00","breadcrumb":{"@id":"https:\/\/objectif-image.fr\/OI\/gala-audiovisuel-et-exposition-photos-a-clermont-ferrand-dans-le-cadre-dhistoires-de-photos-conjointement-avec-loracle\/#breadcrumb"},"inLanguage":"fr-FR","potentialAction":[{"@type":"ReadAction","target":["https:\/\/objectif-image.fr\/OI\/gala-audiovisuel-et-exposition-photos-a-clermont-ferrand-dans-le-cadre-dhistoires-de-photos-conjointement-avec-loracle\/"]}]},{"@type":"ImageObject","inLanguage":"fr-FR","@id":"https:\/\/objectif-image.fr\/OI\/gala-audiovisuel-et-exposition-photos-a-clermont-ferrand-dans-le-cadre-dhistoires-de-photos-conjointement-avec-loracle\/#primaryimage","url":"https:\/\/objectif-image.fr\/OI\/wp-content\/uploads\/2023\/02\/fond-ecran_gala-V2-e1676106327133.jpg","contentUrl":"https:\/\/objectif-image.fr\/OI\/wp-content\/uploads\/2023\/02\/fond-ecran_gala-V2-e1676106327133.jpg","width":1000,"height":435},{"@type":"BreadcrumbList","@id":"https:\/\/objectif-image.fr\/OI\/gala-audiovisuel-et-exposition-photos-a-clermont-ferrand-dans-le-cadre-dhistoires-de-photos-conjointement-avec-loracle\/#breadcrumb","itemListElement":[{"@type":"ListItem","position":1,"name":"Accueil","item":"https:\/\/objectif-image.fr\/OI\/"},{"@type":"ListItem","position":2,"name":"Gala Audiovisuel et Exposition photos \u00e0 Clermont-Ferrand dans le cadre d&rsquo;Histoires de Photos conjointement avec l&rsquo;ORACLE"}]},{"@type":"WebSite","@id":"https:\/\/objectif-image.fr\/OI\/#website","url":"https:\/\/objectif-image.fr\/OI\/","name":"Objectif Image","description":"Objectif Image","publisher":{"@id":"https:\/\/objectif-image.fr\/OI\/#organization"},"potentialAction":[{"@type":"SearchAction","target":{"@type":"EntryPoint","urlTemplate":"https:\/\/objectif-image.fr\/OI\/?s={search_term_string}"},"query-input":{"@type":"PropertyValueSpecification","valueRequired":true,"valueName":"search_term_string"}}],"inLanguage":"fr-FR"},{"@type":"Organization","@id":"https:\/\/objectif-image.fr\/OI\/#organization","name":"Objectif Image","url":"https:\/\/objectif-image.fr\/OI\/","logo":{"@type":"ImageObject","inLanguage":"fr-FR","@id":"https:\/\/objectif-image.fr\/OI\/#\/schema\/logo\/image\/","url":"https:\/\/objectif-image.fr\/OI\/wp-content\/uploads\/2019\/02\/logo-OI-NATIONAL-rouge-2000px.jpg","contentUrl":"https:\/\/objectif-image.fr\/OI\/wp-content\/uploads\/2019\/02\/logo-OI-NATIONAL-rouge-2000px.jpg","width":1081,"height":1024,"caption":"Objectif Image"},"image":{"@id":"https:\/\/objectif-image.fr\/OI\/#\/schema\/logo\/image\/"},"sameAs":["https:\/\/www.facebook.com\/Objectif.mage"]},{"@type":"Person","@id":"https:\/\/objectif-image.fr\/OI\/#\/schema\/person\/c300841e51ee06178683fe95400e121b","name":"Gerard DIEBOLD","image":{"@type":"ImageObject","inLanguage":"fr-FR","@id":"\/\/objectif-image.fr\/OI\/wp-content\/uploads\/wpforo\/avatars\/gerard63370-2-2-2_21.jpg","url":"\/\/objectif-image.fr\/OI\/wp-content\/uploads\/wpforo\/avatars\/gerard63370-2-2-2_21.jpg","contentUrl":"\/\/objectif-image.fr\/OI\/wp-content\/uploads\/wpforo\/avatars\/gerard63370-2-2-2_21.jpg","caption":"Gerard DIEBOLD"},"description":"Pr\u00e9sident\/Fondateur du club de lempdes (Climat63 puis Objectif Image 63), j'ai d\u00e9but\u00e9 par la photographie, me suis mis \u00e0 la video et enfin pass\u00e9 au film photographique en 2012.Les logiciels sp\u00e9cialis\u00e9s employ\u00e9s furent successivement :Premiere Element, Premiere Pro, PTE et enfin DaVinci Resolve puis actuellement Davinci Resolve Studio. R\u00e9alisateur et formateur dans les domaines du film photographique et du son (ecriture, construction, r\u00e9alisation)","url":"https:\/\/objectif-image.fr\/OI\/author\/gerard63370-2-2-2-2-2-2\/"}]}},"_links":{"self":[{"href":"https:\/\/objectif-image.fr\/OI\/wp-json\/wp\/v2\/posts\/45946","targetHints":{"allow":["GET"]}}],"collection":[{"href":"https:\/\/objectif-image.fr\/OI\/wp-json\/wp\/v2\/posts"}],"about":[{"href":"https:\/\/objectif-image.fr\/OI\/wp-json\/wp\/v2\/types\/post"}],"author":[{"embeddable":true,"href":"https:\/\/objectif-image.fr\/OI\/wp-json\/wp\/v2\/users\/21"}],"replies":[{"embeddable":true,"href":"https:\/\/objectif-image.fr\/OI\/wp-json\/wp\/v2\/comments?post=45946"}],"version-history":[{"count":0,"href":"https:\/\/objectif-image.fr\/OI\/wp-json\/wp\/v2\/posts\/45946\/revisions"}],"wp:featuredmedia":[{"embeddable":true,"href":"https:\/\/objectif-image.fr\/OI\/wp-json\/wp\/v2\/media\/45954"}],"wp:attachment":[{"href":"https:\/\/objectif-image.fr\/OI\/wp-json\/wp\/v2\/media?parent=45946"}],"wp:term":[{"taxonomy":"category","embeddable":true,"href":"https:\/\/objectif-image.fr\/OI\/wp-json\/wp\/v2\/categories?post=45946"},{"taxonomy":"post_tag","embeddable":true,"href":"https:\/\/objectif-image.fr\/OI\/wp-json\/wp\/v2\/tags?post=45946"}],"curies":[{"name":"wp","href":"https:\/\/api.w.org\/{rel}","templated":true}]}}