{"id":47139,"date":"2023-04-24T11:59:00","date_gmt":"2023-04-24T09:59:00","guid":{"rendered":"https:\/\/objectif-image.fr\/OI\/?p=47139"},"modified":"2023-04-25T07:28:29","modified_gmt":"2023-04-25T05:28:29","slug":"guillaume-herbaut-crepuscules-conversations-avec-eugene-trutat","status":"publish","type":"post","link":"https:\/\/objectif-image.fr\/OI\/guillaume-herbaut-crepuscules-conversations-avec-eugene-trutat\/","title":{"rendered":"Guillaume Herbaut \u00ab\u00a0Cr\u00e9puscule[s]. Conversations avec Eug\u00e8ne Trutat\u00a0\u00bb"},"content":{"rendered":"\n<h2 class=\"wp-block-heading has-black-color has-text-color has-background\" style=\"background-color:#d4eaf8;font-size:clamp(16.293px, 1.018rem + ((1vw - 3.2px) * 0.67), 25px);\">La Galerie Le Ch\u00e2teau d\u2019Eau \u00e0 Toulouse pr\u00e9sente \u00ab&nbsp;Cr\u00e9puscule(s)&nbsp;\u00bb de Guillaume Herbaut du 13 avril au 14 mai 2023<\/h2>\n\n\n\n<p class=\"has-black-color has-text-color\" style=\"font-size:clamp(16.293px, 1.018rem + ((1vw - 3.2px) * 0.67), 25px);\"><strong>Guillaume Herbaut<\/strong>, photojournaliste est laur\u00e9at de la<strong> R\u00e9sidence 1+2 Factory<\/strong> en 2022. Depuis plusieurs mois, il r\u00e9alise une s\u00e9rie in\u00e9dite en partenariat avec le Mus\u00e9um d\u2019Histoire Naturelle de Toulouse, \u00e0 partir du fonds Eug\u00e8ne Trutat. <\/p>\n\n\n\n<p class=\"has-black-color has-text-color\" style=\"font-size:clamp(16.293px, 1.018rem + ((1vw - 3.2px) * 0.67), 25px);\">Ce film est la pr\u00e9sentation de l&rsquo;exposition \u00e0 la<strong> galerie du Ch\u00e2teau d&rsquo;eau<\/strong> qui r\u00e9sulte de son travail. En associant la photographie et les sciences, la R\u00e9sidence 1+2 produit, valorise et promeut une photographie d\u2019auteur en liens \u00e9troits avec un patrimoine scientifique exceptionnel sur les territoires.<\/p>\n\n\n\n<p style=\"font-size:clamp(17.371px, 1.086rem + ((1vw - 3.2px) * 0.741), 27px);\"><a href=\"https:\/\/www.calameo.com\/toulouse\/read\/0059718110a191234056b\" target=\"_blank\" rel=\"noreferrer noopener\"><strong>Dossier de pr\u00e9sentation<\/strong><\/a><\/p>\n\n\n\n<p>.<\/p>\n\n\n\n<p class=\"has-black-color has-text-color\" style=\"font-size:clamp(16.293px, 1.018rem + ((1vw - 3.2px) * 0.67), 25px);\">R\u00e9alisation :&nbsp;<strong>Pierre CHANTEUX<\/strong>&nbsp;\u2013 Objectif Image Blagnac<\/p>\n\n\n\n<figure class=\"wp-block-embed aligncenter is-type-video is-provider-youtube wp-block-embed-youtube wp-embed-aspect-16-9 wp-has-aspect-ratio\"><div class=\"wp-block-embed__wrapper\">\n<iframe loading=\"lazy\" title=\"Guillaume Herbaut &quot;Cr\u00e9puscule[s]. Conversations avec Eug\u00e8ne Trutat&quot;\" width=\"500\" height=\"281\" src=\"https:\/\/www.youtube.com\/embed\/NLyes7hQNr4?feature=oembed\" frameborder=\"0\" allow=\"accelerometer; autoplay; clipboard-write; encrypted-media; gyroscope; picture-in-picture; web-share\" referrerpolicy=\"strict-origin-when-cross-origin\" allowfullscreen><\/iframe>\n<\/div><\/figure>\n","protected":false},"excerpt":{"rendered":"<p>La Galerie Le Ch\u00e2teau d\u2019Eau \u00e0 Toulouse pr\u00e9sente \u00ab&nbsp;Cr\u00e9puscule(s)&nbsp;\u00bb de Guillaume Herbaut du 13 avril au 14 mai 2023 Guillaume Herbaut, photojournaliste est laur\u00e9at de la R\u00e9sidence 1+2 Factory en 2022. Depuis plusieurs mois, il r\u00e9alise une s\u00e9rie in\u00e9dite en partenariat avec le Mus\u00e9um d\u2019Histoire Naturelle de Toulouse, \u00e0 partir du fonds Eug\u00e8ne Trutat. Ce [&hellip;]<\/p>\n","protected":false},"author":3,"featured_media":47154,"comment_status":"open","ping_status":"open","sticky":false,"template":"","format":"standard","meta":{"_acf_changed":false,"footnotes":""},"categories":[61,8,6],"tags":[124],"class_list":["post-47139","post","type-post","status-publish","format-standard","has-post-thumbnail","hentry","category-divers","category-video","category-vie-des-clubs","tag-objectif-image-blagnac"],"acf":[],"yoast_head":"<!-- This site is optimized with the Yoast SEO plugin v27.4 - https:\/\/yoast.com\/product\/yoast-seo-wordpress\/ -->\n<title>Guillaume Herbaut &quot;Cr\u00e9puscule[s]. Conversations avec Eug\u00e8ne Trutat&quot; - Objectif Image<\/title>\n<meta name=\"robots\" content=\"index, follow, max-snippet:-1, max-image-preview:large, max-video-preview:-1\" \/>\n<link rel=\"canonical\" href=\"https:\/\/objectif-image.fr\/OI\/guillaume-herbaut-crepuscules-conversations-avec-eugene-trutat\/\" \/>\n<meta property=\"og:locale\" content=\"fr_FR\" \/>\n<meta property=\"og:type\" content=\"article\" \/>\n<meta property=\"og:title\" content=\"Guillaume Herbaut &quot;Cr\u00e9puscule[s]. Conversations avec Eug\u00e8ne Trutat&quot; - Objectif Image\" \/>\n<meta property=\"og:description\" content=\"La Galerie Le Ch\u00e2teau d\u2019Eau \u00e0 Toulouse pr\u00e9sente \u00ab&nbsp;Cr\u00e9puscule(s)&nbsp;\u00bb de Guillaume Herbaut du 13 avril au 14 mai 2023 Guillaume Herbaut, photojournaliste est laur\u00e9at de la R\u00e9sidence 1+2 Factory en 2022. Depuis plusieurs mois, il r\u00e9alise une s\u00e9rie in\u00e9dite en partenariat avec le Mus\u00e9um d\u2019Histoire Naturelle de Toulouse, \u00e0 partir du fonds Eug\u00e8ne Trutat. Ce [&hellip;]\" \/>\n<meta property=\"og:url\" content=\"https:\/\/objectif-image.fr\/OI\/guillaume-herbaut-crepuscules-conversations-avec-eugene-trutat\/\" \/>\n<meta property=\"og:site_name\" content=\"Objectif Image\" \/>\n<meta property=\"article:publisher\" content=\"https:\/\/www.facebook.com\/Objectif.mage\" \/>\n<meta property=\"article:published_time\" content=\"2023-04-24T09:59:00+00:00\" \/>\n<meta property=\"article:modified_time\" content=\"2023-04-25T05:28:29+00:00\" \/>\n<meta property=\"og:image\" content=\"https:\/\/objectif-image.fr\/OI\/wp-content\/uploads\/2023\/04\/Capture-decran-2023-04-24-120925.png\" \/>\n\t<meta property=\"og:image:width\" content=\"1080\" \/>\n\t<meta property=\"og:image:height\" content=\"563\" \/>\n\t<meta property=\"og:image:type\" content=\"image\/png\" \/>\n<meta name=\"author\" content=\"Pierre S\" \/>\n<meta name=\"twitter:card\" content=\"summary_large_image\" \/>\n<meta name=\"twitter:label1\" content=\"\u00c9crit par\" \/>\n\t<meta name=\"twitter:data1\" content=\"Pierre S\" \/>\n\t<meta name=\"twitter:label2\" content=\"Dur\u00e9e de lecture estim\u00e9e\" \/>\n\t<meta name=\"twitter:data2\" content=\"1 minute\" \/>\n<script type=\"application\/ld+json\" class=\"yoast-schema-graph\">{\"@context\":\"https:\\\/\\\/schema.org\",\"@graph\":[{\"@type\":\"Article\",\"@id\":\"https:\\\/\\\/objectif-image.fr\\\/OI\\\/guillaume-herbaut-crepuscules-conversations-avec-eugene-trutat\\\/#article\",\"isPartOf\":{\"@id\":\"https:\\\/\\\/objectif-image.fr\\\/OI\\\/guillaume-herbaut-crepuscules-conversations-avec-eugene-trutat\\\/\"},\"author\":{\"name\":\"Pierre S\",\"@id\":\"https:\\\/\\\/objectif-image.fr\\\/OI\\\/#\\\/schema\\\/person\\\/813c64cc2f0c70450ca653f2e80a6515\"},\"headline\":\"Guillaume Herbaut \u00ab\u00a0Cr\u00e9puscule[s]. Conversations avec Eug\u00e8ne Trutat\u00a0\u00bb\",\"datePublished\":\"2023-04-24T09:59:00+00:00\",\"dateModified\":\"2023-04-25T05:28:29+00:00\",\"mainEntityOfPage\":{\"@id\":\"https:\\\/\\\/objectif-image.fr\\\/OI\\\/guillaume-herbaut-crepuscules-conversations-avec-eugene-trutat\\\/\"},\"wordCount\":141,\"commentCount\":0,\"publisher\":{\"@id\":\"https:\\\/\\\/objectif-image.fr\\\/OI\\\/#organization\"},\"image\":{\"@id\":\"https:\\\/\\\/objectif-image.fr\\\/OI\\\/guillaume-herbaut-crepuscules-conversations-avec-eugene-trutat\\\/#primaryimage\"},\"thumbnailUrl\":\"https:\\\/\\\/objectif-image.fr\\\/OI\\\/wp-content\\\/uploads\\\/2023\\\/04\\\/Capture-decran-2023-04-24-120925.png\",\"keywords\":[\"Objectif Image Blagnac\"],\"articleSection\":[\"Divers\",\"Vid\u00e9o\",\"Vie des clubs\"],\"inLanguage\":\"fr-FR\",\"potentialAction\":[{\"@type\":\"CommentAction\",\"name\":\"Comment\",\"target\":[\"https:\\\/\\\/objectif-image.fr\\\/OI\\\/guillaume-herbaut-crepuscules-conversations-avec-eugene-trutat\\\/#respond\"]}]},{\"@type\":\"WebPage\",\"@id\":\"https:\\\/\\\/objectif-image.fr\\\/OI\\\/guillaume-herbaut-crepuscules-conversations-avec-eugene-trutat\\\/\",\"url\":\"https:\\\/\\\/objectif-image.fr\\\/OI\\\/guillaume-herbaut-crepuscules-conversations-avec-eugene-trutat\\\/\",\"name\":\"Guillaume Herbaut \\\"Cr\u00e9puscule[s]. Conversations avec Eug\u00e8ne Trutat\\\" - Objectif Image\",\"isPartOf\":{\"@id\":\"https:\\\/\\\/objectif-image.fr\\\/OI\\\/#website\"},\"primaryImageOfPage\":{\"@id\":\"https:\\\/\\\/objectif-image.fr\\\/OI\\\/guillaume-herbaut-crepuscules-conversations-avec-eugene-trutat\\\/#primaryimage\"},\"image\":{\"@id\":\"https:\\\/\\\/objectif-image.fr\\\/OI\\\/guillaume-herbaut-crepuscules-conversations-avec-eugene-trutat\\\/#primaryimage\"},\"thumbnailUrl\":\"https:\\\/\\\/objectif-image.fr\\\/OI\\\/wp-content\\\/uploads\\\/2023\\\/04\\\/Capture-decran-2023-04-24-120925.png\",\"datePublished\":\"2023-04-24T09:59:00+00:00\",\"dateModified\":\"2023-04-25T05:28:29+00:00\",\"breadcrumb\":{\"@id\":\"https:\\\/\\\/objectif-image.fr\\\/OI\\\/guillaume-herbaut-crepuscules-conversations-avec-eugene-trutat\\\/#breadcrumb\"},\"inLanguage\":\"fr-FR\",\"potentialAction\":[{\"@type\":\"ReadAction\",\"target\":[\"https:\\\/\\\/objectif-image.fr\\\/OI\\\/guillaume-herbaut-crepuscules-conversations-avec-eugene-trutat\\\/\"]}]},{\"@type\":\"ImageObject\",\"inLanguage\":\"fr-FR\",\"@id\":\"https:\\\/\\\/objectif-image.fr\\\/OI\\\/guillaume-herbaut-crepuscules-conversations-avec-eugene-trutat\\\/#primaryimage\",\"url\":\"https:\\\/\\\/objectif-image.fr\\\/OI\\\/wp-content\\\/uploads\\\/2023\\\/04\\\/Capture-decran-2023-04-24-120925.png\",\"contentUrl\":\"https:\\\/\\\/objectif-image.fr\\\/OI\\\/wp-content\\\/uploads\\\/2023\\\/04\\\/Capture-decran-2023-04-24-120925.png\",\"width\":1080,\"height\":563},{\"@type\":\"BreadcrumbList\",\"@id\":\"https:\\\/\\\/objectif-image.fr\\\/OI\\\/guillaume-herbaut-crepuscules-conversations-avec-eugene-trutat\\\/#breadcrumb\",\"itemListElement\":[{\"@type\":\"ListItem\",\"position\":1,\"name\":\"Accueil\",\"item\":\"https:\\\/\\\/objectif-image.fr\\\/OI\\\/\"},{\"@type\":\"ListItem\",\"position\":2,\"name\":\"Guillaume Herbaut \u00ab\u00a0Cr\u00e9puscule[s]. Conversations avec Eug\u00e8ne Trutat\u00a0\u00bb\"}]},{\"@type\":\"WebSite\",\"@id\":\"https:\\\/\\\/objectif-image.fr\\\/OI\\\/#website\",\"url\":\"https:\\\/\\\/objectif-image.fr\\\/OI\\\/\",\"name\":\"Objectif Image\",\"description\":\"Objectif Image\",\"publisher\":{\"@id\":\"https:\\\/\\\/objectif-image.fr\\\/OI\\\/#organization\"},\"potentialAction\":[{\"@type\":\"SearchAction\",\"target\":{\"@type\":\"EntryPoint\",\"urlTemplate\":\"https:\\\/\\\/objectif-image.fr\\\/OI\\\/?s={search_term_string}\"},\"query-input\":{\"@type\":\"PropertyValueSpecification\",\"valueRequired\":true,\"valueName\":\"search_term_string\"}}],\"inLanguage\":\"fr-FR\"},{\"@type\":\"Organization\",\"@id\":\"https:\\\/\\\/objectif-image.fr\\\/OI\\\/#organization\",\"name\":\"Objectif Image\",\"url\":\"https:\\\/\\\/objectif-image.fr\\\/OI\\\/\",\"logo\":{\"@type\":\"ImageObject\",\"inLanguage\":\"fr-FR\",\"@id\":\"https:\\\/\\\/objectif-image.fr\\\/OI\\\/#\\\/schema\\\/logo\\\/image\\\/\",\"url\":\"https:\\\/\\\/objectif-image.fr\\\/OI\\\/wp-content\\\/uploads\\\/2019\\\/02\\\/logo-OI-NATIONAL-rouge-2000px.jpg\",\"contentUrl\":\"https:\\\/\\\/objectif-image.fr\\\/OI\\\/wp-content\\\/uploads\\\/2019\\\/02\\\/logo-OI-NATIONAL-rouge-2000px.jpg\",\"width\":1081,\"height\":1024,\"caption\":\"Objectif Image\"},\"image\":{\"@id\":\"https:\\\/\\\/objectif-image.fr\\\/OI\\\/#\\\/schema\\\/logo\\\/image\\\/\"},\"sameAs\":[\"https:\\\/\\\/www.facebook.com\\\/Objectif.mage\"]},{\"@type\":\"Person\",\"@id\":\"https:\\\/\\\/objectif-image.fr\\\/OI\\\/#\\\/schema\\\/person\\\/813c64cc2f0c70450ca653f2e80a6515\",\"name\":\"Pierre S\",\"image\":{\"@type\":\"ImageObject\",\"inLanguage\":\"fr-FR\",\"@id\":\"https:\\\/\\\/secure.gravatar.com\\\/avatar\\\/6d1df1cb0bf58ef7d330b8910acfe62e7fbc0c2138564189224f85869b953674?s=96&d=mm&r=g\",\"url\":\"https:\\\/\\\/secure.gravatar.com\\\/avatar\\\/6d1df1cb0bf58ef7d330b8910acfe62e7fbc0c2138564189224f85869b953674?s=96&d=mm&r=g\",\"contentUrl\":\"https:\\\/\\\/secure.gravatar.com\\\/avatar\\\/6d1df1cb0bf58ef7d330b8910acfe62e7fbc0c2138564189224f85869b953674?s=96&d=mm&r=g\",\"caption\":\"Pierre S\"},\"url\":\"https:\\\/\\\/objectif-image.fr\\\/OI\\\/author\\\/pierres-2-2\\\/\"}]}<\/script>\n<!-- \/ Yoast SEO plugin. -->","yoast_head_json":{"title":"Guillaume Herbaut \"Cr\u00e9puscule[s]. Conversations avec Eug\u00e8ne Trutat\" - Objectif Image","robots":{"index":"index","follow":"follow","max-snippet":"max-snippet:-1","max-image-preview":"max-image-preview:large","max-video-preview":"max-video-preview:-1"},"canonical":"https:\/\/objectif-image.fr\/OI\/guillaume-herbaut-crepuscules-conversations-avec-eugene-trutat\/","og_locale":"fr_FR","og_type":"article","og_title":"Guillaume Herbaut \"Cr\u00e9puscule[s]. Conversations avec Eug\u00e8ne Trutat\" - Objectif Image","og_description":"La Galerie Le Ch\u00e2teau d\u2019Eau \u00e0 Toulouse pr\u00e9sente \u00ab&nbsp;Cr\u00e9puscule(s)&nbsp;\u00bb de Guillaume Herbaut du 13 avril au 14 mai 2023 Guillaume Herbaut, photojournaliste est laur\u00e9at de la R\u00e9sidence 1+2 Factory en 2022. Depuis plusieurs mois, il r\u00e9alise une s\u00e9rie in\u00e9dite en partenariat avec le Mus\u00e9um d\u2019Histoire Naturelle de Toulouse, \u00e0 partir du fonds Eug\u00e8ne Trutat. Ce [&hellip;]","og_url":"https:\/\/objectif-image.fr\/OI\/guillaume-herbaut-crepuscules-conversations-avec-eugene-trutat\/","og_site_name":"Objectif Image","article_publisher":"https:\/\/www.facebook.com\/Objectif.mage","article_published_time":"2023-04-24T09:59:00+00:00","article_modified_time":"2023-04-25T05:28:29+00:00","og_image":[{"width":1080,"height":563,"url":"https:\/\/objectif-image.fr\/OI\/wp-content\/uploads\/2023\/04\/Capture-decran-2023-04-24-120925.png","type":"image\/png"}],"author":"Pierre S","twitter_card":"summary_large_image","twitter_misc":{"\u00c9crit par":"Pierre S","Dur\u00e9e de lecture estim\u00e9e":"1 minute"},"schema":{"@context":"https:\/\/schema.org","@graph":[{"@type":"Article","@id":"https:\/\/objectif-image.fr\/OI\/guillaume-herbaut-crepuscules-conversations-avec-eugene-trutat\/#article","isPartOf":{"@id":"https:\/\/objectif-image.fr\/OI\/guillaume-herbaut-crepuscules-conversations-avec-eugene-trutat\/"},"author":{"name":"Pierre S","@id":"https:\/\/objectif-image.fr\/OI\/#\/schema\/person\/813c64cc2f0c70450ca653f2e80a6515"},"headline":"Guillaume Herbaut \u00ab\u00a0Cr\u00e9puscule[s]. Conversations avec Eug\u00e8ne Trutat\u00a0\u00bb","datePublished":"2023-04-24T09:59:00+00:00","dateModified":"2023-04-25T05:28:29+00:00","mainEntityOfPage":{"@id":"https:\/\/objectif-image.fr\/OI\/guillaume-herbaut-crepuscules-conversations-avec-eugene-trutat\/"},"wordCount":141,"commentCount":0,"publisher":{"@id":"https:\/\/objectif-image.fr\/OI\/#organization"},"image":{"@id":"https:\/\/objectif-image.fr\/OI\/guillaume-herbaut-crepuscules-conversations-avec-eugene-trutat\/#primaryimage"},"thumbnailUrl":"https:\/\/objectif-image.fr\/OI\/wp-content\/uploads\/2023\/04\/Capture-decran-2023-04-24-120925.png","keywords":["Objectif Image Blagnac"],"articleSection":["Divers","Vid\u00e9o","Vie des clubs"],"inLanguage":"fr-FR","potentialAction":[{"@type":"CommentAction","name":"Comment","target":["https:\/\/objectif-image.fr\/OI\/guillaume-herbaut-crepuscules-conversations-avec-eugene-trutat\/#respond"]}]},{"@type":"WebPage","@id":"https:\/\/objectif-image.fr\/OI\/guillaume-herbaut-crepuscules-conversations-avec-eugene-trutat\/","url":"https:\/\/objectif-image.fr\/OI\/guillaume-herbaut-crepuscules-conversations-avec-eugene-trutat\/","name":"Guillaume Herbaut \"Cr\u00e9puscule[s]. Conversations avec Eug\u00e8ne Trutat\" - Objectif Image","isPartOf":{"@id":"https:\/\/objectif-image.fr\/OI\/#website"},"primaryImageOfPage":{"@id":"https:\/\/objectif-image.fr\/OI\/guillaume-herbaut-crepuscules-conversations-avec-eugene-trutat\/#primaryimage"},"image":{"@id":"https:\/\/objectif-image.fr\/OI\/guillaume-herbaut-crepuscules-conversations-avec-eugene-trutat\/#primaryimage"},"thumbnailUrl":"https:\/\/objectif-image.fr\/OI\/wp-content\/uploads\/2023\/04\/Capture-decran-2023-04-24-120925.png","datePublished":"2023-04-24T09:59:00+00:00","dateModified":"2023-04-25T05:28:29+00:00","breadcrumb":{"@id":"https:\/\/objectif-image.fr\/OI\/guillaume-herbaut-crepuscules-conversations-avec-eugene-trutat\/#breadcrumb"},"inLanguage":"fr-FR","potentialAction":[{"@type":"ReadAction","target":["https:\/\/objectif-image.fr\/OI\/guillaume-herbaut-crepuscules-conversations-avec-eugene-trutat\/"]}]},{"@type":"ImageObject","inLanguage":"fr-FR","@id":"https:\/\/objectif-image.fr\/OI\/guillaume-herbaut-crepuscules-conversations-avec-eugene-trutat\/#primaryimage","url":"https:\/\/objectif-image.fr\/OI\/wp-content\/uploads\/2023\/04\/Capture-decran-2023-04-24-120925.png","contentUrl":"https:\/\/objectif-image.fr\/OI\/wp-content\/uploads\/2023\/04\/Capture-decran-2023-04-24-120925.png","width":1080,"height":563},{"@type":"BreadcrumbList","@id":"https:\/\/objectif-image.fr\/OI\/guillaume-herbaut-crepuscules-conversations-avec-eugene-trutat\/#breadcrumb","itemListElement":[{"@type":"ListItem","position":1,"name":"Accueil","item":"https:\/\/objectif-image.fr\/OI\/"},{"@type":"ListItem","position":2,"name":"Guillaume Herbaut \u00ab\u00a0Cr\u00e9puscule[s]. Conversations avec Eug\u00e8ne Trutat\u00a0\u00bb"}]},{"@type":"WebSite","@id":"https:\/\/objectif-image.fr\/OI\/#website","url":"https:\/\/objectif-image.fr\/OI\/","name":"Objectif Image","description":"Objectif Image","publisher":{"@id":"https:\/\/objectif-image.fr\/OI\/#organization"},"potentialAction":[{"@type":"SearchAction","target":{"@type":"EntryPoint","urlTemplate":"https:\/\/objectif-image.fr\/OI\/?s={search_term_string}"},"query-input":{"@type":"PropertyValueSpecification","valueRequired":true,"valueName":"search_term_string"}}],"inLanguage":"fr-FR"},{"@type":"Organization","@id":"https:\/\/objectif-image.fr\/OI\/#organization","name":"Objectif Image","url":"https:\/\/objectif-image.fr\/OI\/","logo":{"@type":"ImageObject","inLanguage":"fr-FR","@id":"https:\/\/objectif-image.fr\/OI\/#\/schema\/logo\/image\/","url":"https:\/\/objectif-image.fr\/OI\/wp-content\/uploads\/2019\/02\/logo-OI-NATIONAL-rouge-2000px.jpg","contentUrl":"https:\/\/objectif-image.fr\/OI\/wp-content\/uploads\/2019\/02\/logo-OI-NATIONAL-rouge-2000px.jpg","width":1081,"height":1024,"caption":"Objectif Image"},"image":{"@id":"https:\/\/objectif-image.fr\/OI\/#\/schema\/logo\/image\/"},"sameAs":["https:\/\/www.facebook.com\/Objectif.mage"]},{"@type":"Person","@id":"https:\/\/objectif-image.fr\/OI\/#\/schema\/person\/813c64cc2f0c70450ca653f2e80a6515","name":"Pierre S","image":{"@type":"ImageObject","inLanguage":"fr-FR","@id":"https:\/\/secure.gravatar.com\/avatar\/6d1df1cb0bf58ef7d330b8910acfe62e7fbc0c2138564189224f85869b953674?s=96&d=mm&r=g","url":"https:\/\/secure.gravatar.com\/avatar\/6d1df1cb0bf58ef7d330b8910acfe62e7fbc0c2138564189224f85869b953674?s=96&d=mm&r=g","contentUrl":"https:\/\/secure.gravatar.com\/avatar\/6d1df1cb0bf58ef7d330b8910acfe62e7fbc0c2138564189224f85869b953674?s=96&d=mm&r=g","caption":"Pierre S"},"url":"https:\/\/objectif-image.fr\/OI\/author\/pierres-2-2\/"}]}},"_links":{"self":[{"href":"https:\/\/objectif-image.fr\/OI\/wp-json\/wp\/v2\/posts\/47139","targetHints":{"allow":["GET"]}}],"collection":[{"href":"https:\/\/objectif-image.fr\/OI\/wp-json\/wp\/v2\/posts"}],"about":[{"href":"https:\/\/objectif-image.fr\/OI\/wp-json\/wp\/v2\/types\/post"}],"author":[{"embeddable":true,"href":"https:\/\/objectif-image.fr\/OI\/wp-json\/wp\/v2\/users\/3"}],"replies":[{"embeddable":true,"href":"https:\/\/objectif-image.fr\/OI\/wp-json\/wp\/v2\/comments?post=47139"}],"version-history":[{"count":0,"href":"https:\/\/objectif-image.fr\/OI\/wp-json\/wp\/v2\/posts\/47139\/revisions"}],"wp:featuredmedia":[{"embeddable":true,"href":"https:\/\/objectif-image.fr\/OI\/wp-json\/wp\/v2\/media\/47154"}],"wp:attachment":[{"href":"https:\/\/objectif-image.fr\/OI\/wp-json\/wp\/v2\/media?parent=47139"}],"wp:term":[{"taxonomy":"category","embeddable":true,"href":"https:\/\/objectif-image.fr\/OI\/wp-json\/wp\/v2\/categories?post=47139"},{"taxonomy":"post_tag","embeddable":true,"href":"https:\/\/objectif-image.fr\/OI\/wp-json\/wp\/v2\/tags?post=47139"}],"curies":[{"name":"wp","href":"https:\/\/api.w.org\/{rel}","templated":true}]}}