{"id":47411,"date":"2023-05-25T13:15:17","date_gmt":"2023-05-25T11:15:17","guid":{"rendered":"https:\/\/objectif-image.fr\/OI\/?p=47411"},"modified":"2023-05-25T13:17:46","modified_gmt":"2023-05-25T11:17:46","slug":"les-24-heures-du-mans","status":"publish","type":"post","link":"https:\/\/objectif-image.fr\/OI\/les-24-heures-du-mans\/","title":{"rendered":"Les 24 Heures du MANS"},"content":{"rendered":"\n<p class=\"has-black-color has-text-color\" style=\"font-size:clamp(16.293px, 1.018rem + ((1vw - 3.2px) * 0.67), 25px);\">Quelques clich\u00e9s d&rsquo;archives de <strong>Jean-Paul ERPELDING<\/strong> d&rsquo;Objectif Image Le Mans &nbsp;pour <strong>le Centenaire de la plus grande course d&rsquo;endurance du monde&nbsp;<\/strong><\/p>\n\n\n\n<p class=\"has-black-color has-text-color has-medium-font-size\"><strong>Le d\u00e9part aura lieu le Samedi 10 Juin \u00e0 16 Heures<\/strong><\/p>\n\n\n\n<p class=\"has-black-color has-text-color has-medium-font-size\">&nbsp; &#8211;<strong>Le pesage<\/strong>&nbsp;Place de la R\u00e9publique Samedi 03 et 04 Juin<br>&nbsp;&nbsp;<strong>&#8211; Les essais<\/strong>&nbsp;qualificatifs&nbsp; Mardi-Mercredi et Jeudi<br>&nbsp;  &#8211;<strong>La grande parade des pilotes, en ville <\/strong>le Vendredi Apr\u00e8s-midi<strong><br>&nbsp; &#8211; Le D\u00e9part&nbsp;<\/strong>le Samedi 10 Juin&nbsp;<\/p>\n\n\n\n<p>.<\/p>\n\n\n\n<p class=\"has-black-color has-text-color has-medium-font-size\"><strong>Le Pesage<\/strong>\u00a0Place de la R\u00e9publique  <strong>Photos d&rsquo;archives<\/strong> (2007)<\/p>\n\n\n\n<figure class=\"wp-block-gallery has-nested-images columns-default is-cropped wp-block-gallery-2 is-layout-flex wp-block-gallery-is-layout-flex\">\n<figure class=\"wp-block-image size-large\"><img loading=\"lazy\" decoding=\"async\" width=\"1000\" height=\"667\" data-id=\"47422\" src=\"https:\/\/objectif-image.fr\/OI\/wp-content\/uploads\/2023\/05\/A-C-O-Le-Mans-2023.jpg\" alt=\"\" class=\"wp-image-47422\" srcset=\"https:\/\/objectif-image.fr\/OI\/wp-content\/uploads\/2023\/05\/A-C-O-Le-Mans-2023.jpg 1000w, https:\/\/objectif-image.fr\/OI\/wp-content\/uploads\/2023\/05\/A-C-O-Le-Mans-2023-400x267.jpg 400w, https:\/\/objectif-image.fr\/OI\/wp-content\/uploads\/2023\/05\/A-C-O-Le-Mans-2023-300x200.jpg 300w, https:\/\/objectif-image.fr\/OI\/wp-content\/uploads\/2023\/05\/A-C-O-Le-Mans-2023-150x100.jpg 150w, https:\/\/objectif-image.fr\/OI\/wp-content\/uploads\/2023\/05\/A-C-O-Le-Mans-2023-768x512.jpg 768w, https:\/\/objectif-image.fr\/OI\/wp-content\/uploads\/2023\/05\/A-C-O-Le-Mans-2023-100x67.jpg 100w\" sizes=\"auto, (max-width: 1000px) 100vw, 1000px\" \/><\/figure>\n\n\n\n<figure class=\"wp-block-image size-large\"><img loading=\"lazy\" decoding=\"async\" width=\"1000\" height=\"669\" data-id=\"47412\" src=\"https:\/\/objectif-image.fr\/OI\/wp-content\/uploads\/2023\/05\/Archives-Le-pesage-aux-Jacobins-9.jpg\" alt=\"\" class=\"wp-image-47412\" srcset=\"https:\/\/objectif-image.fr\/OI\/wp-content\/uploads\/2023\/05\/Archives-Le-pesage-aux-Jacobins-9.jpg 1000w, https:\/\/objectif-image.fr\/OI\/wp-content\/uploads\/2023\/05\/Archives-Le-pesage-aux-Jacobins-9-400x268.jpg 400w, https:\/\/objectif-image.fr\/OI\/wp-content\/uploads\/2023\/05\/Archives-Le-pesage-aux-Jacobins-9-300x201.jpg 300w, https:\/\/objectif-image.fr\/OI\/wp-content\/uploads\/2023\/05\/Archives-Le-pesage-aux-Jacobins-9-150x100.jpg 150w, https:\/\/objectif-image.fr\/OI\/wp-content\/uploads\/2023\/05\/Archives-Le-pesage-aux-Jacobins-9-768x514.jpg 768w, https:\/\/objectif-image.fr\/OI\/wp-content\/uploads\/2023\/05\/Archives-Le-pesage-aux-Jacobins-9-100x67.jpg 100w\" sizes=\"auto, (max-width: 1000px) 100vw, 1000px\" \/><figcaption class=\"wp-element-caption\"> <\/figcaption><\/figure>\n\n\n\n<figure class=\"wp-block-image size-large\"><img loading=\"lazy\" decoding=\"async\" width=\"1000\" height=\"670\" data-id=\"47413\" src=\"https:\/\/objectif-image.fr\/OI\/wp-content\/uploads\/2023\/05\/Archives-Le-pesage-aux-Jacobins-8.jpg\" alt=\"\" class=\"wp-image-47413\" srcset=\"https:\/\/objectif-image.fr\/OI\/wp-content\/uploads\/2023\/05\/Archives-Le-pesage-aux-Jacobins-8.jpg 1000w, https:\/\/objectif-image.fr\/OI\/wp-content\/uploads\/2023\/05\/Archives-Le-pesage-aux-Jacobins-8-400x268.jpg 400w, https:\/\/objectif-image.fr\/OI\/wp-content\/uploads\/2023\/05\/Archives-Le-pesage-aux-Jacobins-8-300x201.jpg 300w, https:\/\/objectif-image.fr\/OI\/wp-content\/uploads\/2023\/05\/Archives-Le-pesage-aux-Jacobins-8-150x101.jpg 150w, https:\/\/objectif-image.fr\/OI\/wp-content\/uploads\/2023\/05\/Archives-Le-pesage-aux-Jacobins-8-768x515.jpg 768w, https:\/\/objectif-image.fr\/OI\/wp-content\/uploads\/2023\/05\/Archives-Le-pesage-aux-Jacobins-8-100x67.jpg 100w\" sizes=\"auto, (max-width: 1000px) 100vw, 1000px\" \/><figcaption class=\"wp-element-caption\"> <\/figcaption><\/figure>\n\n\n\n<figure class=\"wp-block-image size-large\"><img loading=\"lazy\" decoding=\"async\" width=\"1000\" height=\"669\" data-id=\"47414\" src=\"https:\/\/objectif-image.fr\/OI\/wp-content\/uploads\/2023\/05\/Archives-Le-pesage-aux-Jacobins-7.jpg\" alt=\"\" class=\"wp-image-47414\" srcset=\"https:\/\/objectif-image.fr\/OI\/wp-content\/uploads\/2023\/05\/Archives-Le-pesage-aux-Jacobins-7.jpg 1000w, https:\/\/objectif-image.fr\/OI\/wp-content\/uploads\/2023\/05\/Archives-Le-pesage-aux-Jacobins-7-400x268.jpg 400w, https:\/\/objectif-image.fr\/OI\/wp-content\/uploads\/2023\/05\/Archives-Le-pesage-aux-Jacobins-7-300x201.jpg 300w, https:\/\/objectif-image.fr\/OI\/wp-content\/uploads\/2023\/05\/Archives-Le-pesage-aux-Jacobins-7-150x100.jpg 150w, https:\/\/objectif-image.fr\/OI\/wp-content\/uploads\/2023\/05\/Archives-Le-pesage-aux-Jacobins-7-768x514.jpg 768w, https:\/\/objectif-image.fr\/OI\/wp-content\/uploads\/2023\/05\/Archives-Le-pesage-aux-Jacobins-7-100x67.jpg 100w\" sizes=\"auto, (max-width: 1000px) 100vw, 1000px\" \/><figcaption class=\"wp-element-caption\"> <\/figcaption><\/figure>\n\n\n\n<figure class=\"wp-block-image size-large\"><img loading=\"lazy\" decoding=\"async\" width=\"1000\" height=\"668\" data-id=\"47415\" src=\"https:\/\/objectif-image.fr\/OI\/wp-content\/uploads\/2023\/05\/Archives-Le-pesage-aux-Jacobins-6.jpg\" alt=\"\" class=\"wp-image-47415\" srcset=\"https:\/\/objectif-image.fr\/OI\/wp-content\/uploads\/2023\/05\/Archives-Le-pesage-aux-Jacobins-6.jpg 1000w, https:\/\/objectif-image.fr\/OI\/wp-content\/uploads\/2023\/05\/Archives-Le-pesage-aux-Jacobins-6-400x267.jpg 400w, https:\/\/objectif-image.fr\/OI\/wp-content\/uploads\/2023\/05\/Archives-Le-pesage-aux-Jacobins-6-300x200.jpg 300w, https:\/\/objectif-image.fr\/OI\/wp-content\/uploads\/2023\/05\/Archives-Le-pesage-aux-Jacobins-6-150x100.jpg 150w, https:\/\/objectif-image.fr\/OI\/wp-content\/uploads\/2023\/05\/Archives-Le-pesage-aux-Jacobins-6-768x513.jpg 768w, https:\/\/objectif-image.fr\/OI\/wp-content\/uploads\/2023\/05\/Archives-Le-pesage-aux-Jacobins-6-100x67.jpg 100w\" sizes=\"auto, (max-width: 1000px) 100vw, 1000px\" \/><figcaption class=\"wp-element-caption\">  <\/figcaption><\/figure>\n\n\n\n<figure class=\"wp-block-image size-large\"><img loading=\"lazy\" decoding=\"async\" width=\"1000\" height=\"669\" data-id=\"47416\" src=\"https:\/\/objectif-image.fr\/OI\/wp-content\/uploads\/2023\/05\/Archives-Le-pesage-aux-Jacobins-5.jpg\" alt=\"\" class=\"wp-image-47416\" srcset=\"https:\/\/objectif-image.fr\/OI\/wp-content\/uploads\/2023\/05\/Archives-Le-pesage-aux-Jacobins-5.jpg 1000w, https:\/\/objectif-image.fr\/OI\/wp-content\/uploads\/2023\/05\/Archives-Le-pesage-aux-Jacobins-5-400x268.jpg 400w, https:\/\/objectif-image.fr\/OI\/wp-content\/uploads\/2023\/05\/Archives-Le-pesage-aux-Jacobins-5-300x201.jpg 300w, https:\/\/objectif-image.fr\/OI\/wp-content\/uploads\/2023\/05\/Archives-Le-pesage-aux-Jacobins-5-150x100.jpg 150w, https:\/\/objectif-image.fr\/OI\/wp-content\/uploads\/2023\/05\/Archives-Le-pesage-aux-Jacobins-5-768x514.jpg 768w, https:\/\/objectif-image.fr\/OI\/wp-content\/uploads\/2023\/05\/Archives-Le-pesage-aux-Jacobins-5-100x67.jpg 100w\" sizes=\"auto, (max-width: 1000px) 100vw, 1000px\" \/><figcaption class=\"wp-element-caption\">  <\/figcaption><\/figure>\n\n\n\n<figure class=\"wp-block-image size-large\"><img loading=\"lazy\" decoding=\"async\" width=\"1000\" height=\"669\" data-id=\"47417\" src=\"https:\/\/objectif-image.fr\/OI\/wp-content\/uploads\/2023\/05\/Archives-Le-pesage-aux-Jacobins-4.jpg\" alt=\"\" class=\"wp-image-47417\" srcset=\"https:\/\/objectif-image.fr\/OI\/wp-content\/uploads\/2023\/05\/Archives-Le-pesage-aux-Jacobins-4.jpg 1000w, https:\/\/objectif-image.fr\/OI\/wp-content\/uploads\/2023\/05\/Archives-Le-pesage-aux-Jacobins-4-400x268.jpg 400w, https:\/\/objectif-image.fr\/OI\/wp-content\/uploads\/2023\/05\/Archives-Le-pesage-aux-Jacobins-4-300x201.jpg 300w, https:\/\/objectif-image.fr\/OI\/wp-content\/uploads\/2023\/05\/Archives-Le-pesage-aux-Jacobins-4-150x100.jpg 150w, https:\/\/objectif-image.fr\/OI\/wp-content\/uploads\/2023\/05\/Archives-Le-pesage-aux-Jacobins-4-768x514.jpg 768w, https:\/\/objectif-image.fr\/OI\/wp-content\/uploads\/2023\/05\/Archives-Le-pesage-aux-Jacobins-4-100x67.jpg 100w\" sizes=\"auto, (max-width: 1000px) 100vw, 1000px\" \/><figcaption class=\"wp-element-caption\"> <\/figcaption><\/figure>\n\n\n\n<figure class=\"wp-block-image size-large\"><img loading=\"lazy\" decoding=\"async\" width=\"1000\" height=\"669\" data-id=\"47418\" src=\"https:\/\/objectif-image.fr\/OI\/wp-content\/uploads\/2023\/05\/Archives-Le-pesage-aux-Jacobins-3.jpg\" alt=\"\" class=\"wp-image-47418\" srcset=\"https:\/\/objectif-image.fr\/OI\/wp-content\/uploads\/2023\/05\/Archives-Le-pesage-aux-Jacobins-3.jpg 1000w, https:\/\/objectif-image.fr\/OI\/wp-content\/uploads\/2023\/05\/Archives-Le-pesage-aux-Jacobins-3-400x268.jpg 400w, https:\/\/objectif-image.fr\/OI\/wp-content\/uploads\/2023\/05\/Archives-Le-pesage-aux-Jacobins-3-300x201.jpg 300w, https:\/\/objectif-image.fr\/OI\/wp-content\/uploads\/2023\/05\/Archives-Le-pesage-aux-Jacobins-3-150x100.jpg 150w, https:\/\/objectif-image.fr\/OI\/wp-content\/uploads\/2023\/05\/Archives-Le-pesage-aux-Jacobins-3-768x514.jpg 768w, https:\/\/objectif-image.fr\/OI\/wp-content\/uploads\/2023\/05\/Archives-Le-pesage-aux-Jacobins-3-100x67.jpg 100w\" sizes=\"auto, (max-width: 1000px) 100vw, 1000px\" \/><figcaption class=\"wp-element-caption\">   <\/figcaption><\/figure>\n\n\n\n<figure class=\"wp-block-image size-large\"><img loading=\"lazy\" decoding=\"async\" width=\"1000\" height=\"669\" data-id=\"47419\" src=\"https:\/\/objectif-image.fr\/OI\/wp-content\/uploads\/2023\/05\/Archives-Le-pesage-aux-Jacobins-2.jpg\" alt=\"\" class=\"wp-image-47419\" srcset=\"https:\/\/objectif-image.fr\/OI\/wp-content\/uploads\/2023\/05\/Archives-Le-pesage-aux-Jacobins-2.jpg 1000w, https:\/\/objectif-image.fr\/OI\/wp-content\/uploads\/2023\/05\/Archives-Le-pesage-aux-Jacobins-2-400x268.jpg 400w, https:\/\/objectif-image.fr\/OI\/wp-content\/uploads\/2023\/05\/Archives-Le-pesage-aux-Jacobins-2-300x201.jpg 300w, https:\/\/objectif-image.fr\/OI\/wp-content\/uploads\/2023\/05\/Archives-Le-pesage-aux-Jacobins-2-150x100.jpg 150w, https:\/\/objectif-image.fr\/OI\/wp-content\/uploads\/2023\/05\/Archives-Le-pesage-aux-Jacobins-2-768x514.jpg 768w, https:\/\/objectif-image.fr\/OI\/wp-content\/uploads\/2023\/05\/Archives-Le-pesage-aux-Jacobins-2-100x67.jpg 100w\" sizes=\"auto, (max-width: 1000px) 100vw, 1000px\" \/><figcaption class=\"wp-element-caption\"> <\/figcaption><\/figure>\n\n\n\n<figure class=\"wp-block-image size-large\"><img loading=\"lazy\" decoding=\"async\" width=\"1000\" height=\"668\" data-id=\"47420\" src=\"https:\/\/objectif-image.fr\/OI\/wp-content\/uploads\/2023\/05\/Archives-Le-pesage-aux-Jacobins-1.jpg\" alt=\"\" class=\"wp-image-47420\" srcset=\"https:\/\/objectif-image.fr\/OI\/wp-content\/uploads\/2023\/05\/Archives-Le-pesage-aux-Jacobins-1.jpg 1000w, https:\/\/objectif-image.fr\/OI\/wp-content\/uploads\/2023\/05\/Archives-Le-pesage-aux-Jacobins-1-400x267.jpg 400w, https:\/\/objectif-image.fr\/OI\/wp-content\/uploads\/2023\/05\/Archives-Le-pesage-aux-Jacobins-1-300x200.jpg 300w, https:\/\/objectif-image.fr\/OI\/wp-content\/uploads\/2023\/05\/Archives-Le-pesage-aux-Jacobins-1-150x100.jpg 150w, https:\/\/objectif-image.fr\/OI\/wp-content\/uploads\/2023\/05\/Archives-Le-pesage-aux-Jacobins-1-768x513.jpg 768w, https:\/\/objectif-image.fr\/OI\/wp-content\/uploads\/2023\/05\/Archives-Le-pesage-aux-Jacobins-1-100x67.jpg 100w\" sizes=\"auto, (max-width: 1000px) 100vw, 1000px\" \/><figcaption class=\"wp-element-caption\"> <\/figcaption><\/figure>\n\n\n\n<figure class=\"wp-block-image size-large\"><img loading=\"lazy\" decoding=\"async\" width=\"1000\" height=\"778\" data-id=\"47421\" src=\"https:\/\/objectif-image.fr\/OI\/wp-content\/uploads\/2023\/05\/24-Heures-2023-.jpg\" alt=\"\" class=\"wp-image-47421\" srcset=\"https:\/\/objectif-image.fr\/OI\/wp-content\/uploads\/2023\/05\/24-Heures-2023-.jpg 1000w, https:\/\/objectif-image.fr\/OI\/wp-content\/uploads\/2023\/05\/24-Heures-2023--400x311.jpg 400w, https:\/\/objectif-image.fr\/OI\/wp-content\/uploads\/2023\/05\/24-Heures-2023--300x233.jpg 300w, https:\/\/objectif-image.fr\/OI\/wp-content\/uploads\/2023\/05\/24-Heures-2023--150x117.jpg 150w, https:\/\/objectif-image.fr\/OI\/wp-content\/uploads\/2023\/05\/24-Heures-2023--768x598.jpg 768w, https:\/\/objectif-image.fr\/OI\/wp-content\/uploads\/2023\/05\/24-Heures-2023--100x78.jpg 100w\" sizes=\"auto, (max-width: 1000px) 100vw, 1000px\" \/><\/figure>\n<\/figure>\n\n\n\n<p>.<\/p>\n\n\n\n<p class=\"has-black-color has-text-color has-medium-font-size\"><strong>\u00a0Les essais<\/strong>\u00a0qualificatifs, <strong>photos d&rsquo;archives<\/strong> (2021)<\/p>\n\n\n\n<figure class=\"wp-block-gallery has-nested-images columns-default is-cropped wp-block-gallery-3 is-layout-flex wp-block-gallery-is-layout-flex\">\n<figure class=\"wp-block-image size-large\"><img loading=\"lazy\" decoding=\"async\" width=\"1000\" height=\"668\" data-id=\"47424\" src=\"https:\/\/objectif-image.fr\/OI\/wp-content\/uploads\/2023\/05\/Archives-Les-essais-9.jpg\" alt=\"\" class=\"wp-image-47424\" srcset=\"https:\/\/objectif-image.fr\/OI\/wp-content\/uploads\/2023\/05\/Archives-Les-essais-9.jpg 1000w, https:\/\/objectif-image.fr\/OI\/wp-content\/uploads\/2023\/05\/Archives-Les-essais-9-400x267.jpg 400w, https:\/\/objectif-image.fr\/OI\/wp-content\/uploads\/2023\/05\/Archives-Les-essais-9-300x200.jpg 300w, https:\/\/objectif-image.fr\/OI\/wp-content\/uploads\/2023\/05\/Archives-Les-essais-9-150x100.jpg 150w, https:\/\/objectif-image.fr\/OI\/wp-content\/uploads\/2023\/05\/Archives-Les-essais-9-768x513.jpg 768w, https:\/\/objectif-image.fr\/OI\/wp-content\/uploads\/2023\/05\/Archives-Les-essais-9-100x67.jpg 100w\" sizes=\"auto, (max-width: 1000px) 100vw, 1000px\" \/><figcaption class=\"wp-element-caption\"> <\/figcaption><\/figure>\n\n\n\n<figure class=\"wp-block-image size-large\"><img loading=\"lazy\" decoding=\"async\" width=\"1000\" height=\"669\" data-id=\"47425\" src=\"https:\/\/objectif-image.fr\/OI\/wp-content\/uploads\/2023\/05\/Archives-Les-essais-8.jpg\" alt=\"\" class=\"wp-image-47425\" srcset=\"https:\/\/objectif-image.fr\/OI\/wp-content\/uploads\/2023\/05\/Archives-Les-essais-8.jpg 1000w, https:\/\/objectif-image.fr\/OI\/wp-content\/uploads\/2023\/05\/Archives-Les-essais-8-400x268.jpg 400w, https:\/\/objectif-image.fr\/OI\/wp-content\/uploads\/2023\/05\/Archives-Les-essais-8-300x201.jpg 300w, https:\/\/objectif-image.fr\/OI\/wp-content\/uploads\/2023\/05\/Archives-Les-essais-8-150x100.jpg 150w, https:\/\/objectif-image.fr\/OI\/wp-content\/uploads\/2023\/05\/Archives-Les-essais-8-768x514.jpg 768w, https:\/\/objectif-image.fr\/OI\/wp-content\/uploads\/2023\/05\/Archives-Les-essais-8-100x67.jpg 100w\" sizes=\"auto, (max-width: 1000px) 100vw, 1000px\" \/><\/figure>\n\n\n\n<figure class=\"wp-block-image size-large\"><img loading=\"lazy\" decoding=\"async\" width=\"1000\" height=\"668\" data-id=\"47426\" src=\"https:\/\/objectif-image.fr\/OI\/wp-content\/uploads\/2023\/05\/Archives-Les-essais-7.jpg\" alt=\"\" class=\"wp-image-47426\" srcset=\"https:\/\/objectif-image.fr\/OI\/wp-content\/uploads\/2023\/05\/Archives-Les-essais-7.jpg 1000w, https:\/\/objectif-image.fr\/OI\/wp-content\/uploads\/2023\/05\/Archives-Les-essais-7-400x267.jpg 400w, https:\/\/objectif-image.fr\/OI\/wp-content\/uploads\/2023\/05\/Archives-Les-essais-7-300x200.jpg 300w, https:\/\/objectif-image.fr\/OI\/wp-content\/uploads\/2023\/05\/Archives-Les-essais-7-150x100.jpg 150w, https:\/\/objectif-image.fr\/OI\/wp-content\/uploads\/2023\/05\/Archives-Les-essais-7-768x513.jpg 768w, https:\/\/objectif-image.fr\/OI\/wp-content\/uploads\/2023\/05\/Archives-Les-essais-7-100x67.jpg 100w\" sizes=\"auto, (max-width: 1000px) 100vw, 1000px\" \/><\/figure>\n\n\n\n<figure class=\"wp-block-image size-large\"><img loading=\"lazy\" decoding=\"async\" width=\"1000\" height=\"670\" data-id=\"47427\" src=\"https:\/\/objectif-image.fr\/OI\/wp-content\/uploads\/2023\/05\/Archives-Les-essais-6.jpg\" alt=\"\" class=\"wp-image-47427\" srcset=\"https:\/\/objectif-image.fr\/OI\/wp-content\/uploads\/2023\/05\/Archives-Les-essais-6.jpg 1000w, https:\/\/objectif-image.fr\/OI\/wp-content\/uploads\/2023\/05\/Archives-Les-essais-6-400x268.jpg 400w, https:\/\/objectif-image.fr\/OI\/wp-content\/uploads\/2023\/05\/Archives-Les-essais-6-300x201.jpg 300w, https:\/\/objectif-image.fr\/OI\/wp-content\/uploads\/2023\/05\/Archives-Les-essais-6-150x101.jpg 150w, https:\/\/objectif-image.fr\/OI\/wp-content\/uploads\/2023\/05\/Archives-Les-essais-6-768x515.jpg 768w, https:\/\/objectif-image.fr\/OI\/wp-content\/uploads\/2023\/05\/Archives-Les-essais-6-100x67.jpg 100w\" sizes=\"auto, (max-width: 1000px) 100vw, 1000px\" \/><figcaption class=\"wp-element-caption\"> <\/figcaption><\/figure>\n\n\n\n<figure class=\"wp-block-image size-large\"><img loading=\"lazy\" decoding=\"async\" width=\"1000\" height=\"669\" data-id=\"47428\" src=\"https:\/\/objectif-image.fr\/OI\/wp-content\/uploads\/2023\/05\/Archives-Les-essais-5.jpg\" alt=\"\" class=\"wp-image-47428\" srcset=\"https:\/\/objectif-image.fr\/OI\/wp-content\/uploads\/2023\/05\/Archives-Les-essais-5.jpg 1000w, https:\/\/objectif-image.fr\/OI\/wp-content\/uploads\/2023\/05\/Archives-Les-essais-5-400x268.jpg 400w, https:\/\/objectif-image.fr\/OI\/wp-content\/uploads\/2023\/05\/Archives-Les-essais-5-300x201.jpg 300w, https:\/\/objectif-image.fr\/OI\/wp-content\/uploads\/2023\/05\/Archives-Les-essais-5-150x100.jpg 150w, https:\/\/objectif-image.fr\/OI\/wp-content\/uploads\/2023\/05\/Archives-Les-essais-5-768x514.jpg 768w, https:\/\/objectif-image.fr\/OI\/wp-content\/uploads\/2023\/05\/Archives-Les-essais-5-100x67.jpg 100w\" sizes=\"auto, (max-width: 1000px) 100vw, 1000px\" \/><\/figure>\n\n\n\n<figure class=\"wp-block-image size-large\"><img loading=\"lazy\" decoding=\"async\" width=\"1000\" height=\"668\" data-id=\"47429\" src=\"https:\/\/objectif-image.fr\/OI\/wp-content\/uploads\/2023\/05\/Archives-Les-essais-4.jpg\" alt=\"\" class=\"wp-image-47429\" srcset=\"https:\/\/objectif-image.fr\/OI\/wp-content\/uploads\/2023\/05\/Archives-Les-essais-4.jpg 1000w, https:\/\/objectif-image.fr\/OI\/wp-content\/uploads\/2023\/05\/Archives-Les-essais-4-400x267.jpg 400w, https:\/\/objectif-image.fr\/OI\/wp-content\/uploads\/2023\/05\/Archives-Les-essais-4-300x200.jpg 300w, https:\/\/objectif-image.fr\/OI\/wp-content\/uploads\/2023\/05\/Archives-Les-essais-4-150x100.jpg 150w, https:\/\/objectif-image.fr\/OI\/wp-content\/uploads\/2023\/05\/Archives-Les-essais-4-768x513.jpg 768w, https:\/\/objectif-image.fr\/OI\/wp-content\/uploads\/2023\/05\/Archives-Les-essais-4-100x67.jpg 100w\" sizes=\"auto, (max-width: 1000px) 100vw, 1000px\" \/><\/figure>\n\n\n\n<figure class=\"wp-block-image size-large\"><img loading=\"lazy\" decoding=\"async\" width=\"1000\" height=\"668\" data-id=\"47431\" src=\"https:\/\/objectif-image.fr\/OI\/wp-content\/uploads\/2023\/05\/Archives-Les-essais-2.jpg\" alt=\"\" class=\"wp-image-47431\" srcset=\"https:\/\/objectif-image.fr\/OI\/wp-content\/uploads\/2023\/05\/Archives-Les-essais-2.jpg 1000w, https:\/\/objectif-image.fr\/OI\/wp-content\/uploads\/2023\/05\/Archives-Les-essais-2-400x267.jpg 400w, https:\/\/objectif-image.fr\/OI\/wp-content\/uploads\/2023\/05\/Archives-Les-essais-2-150x100.jpg 150w, https:\/\/objectif-image.fr\/OI\/wp-content\/uploads\/2023\/05\/Archives-Les-essais-2-300x200.jpg 300w, https:\/\/objectif-image.fr\/OI\/wp-content\/uploads\/2023\/05\/Archives-Les-essais-2-768x513.jpg 768w, https:\/\/objectif-image.fr\/OI\/wp-content\/uploads\/2023\/05\/Archives-Les-essais-2-100x67.jpg 100w\" sizes=\"auto, (max-width: 1000px) 100vw, 1000px\" \/><\/figure>\n\n\n\n<figure class=\"wp-block-image size-large\"><img loading=\"lazy\" decoding=\"async\" width=\"1000\" height=\"668\" data-id=\"47430\" src=\"https:\/\/objectif-image.fr\/OI\/wp-content\/uploads\/2023\/05\/Archives-Les-essais-3.jpg\" alt=\"\" class=\"wp-image-47430\" srcset=\"https:\/\/objectif-image.fr\/OI\/wp-content\/uploads\/2023\/05\/Archives-Les-essais-3.jpg 1000w, https:\/\/objectif-image.fr\/OI\/wp-content\/uploads\/2023\/05\/Archives-Les-essais-3-400x267.jpg 400w, https:\/\/objectif-image.fr\/OI\/wp-content\/uploads\/2023\/05\/Archives-Les-essais-3-300x200.jpg 300w, https:\/\/objectif-image.fr\/OI\/wp-content\/uploads\/2023\/05\/Archives-Les-essais-3-150x100.jpg 150w, https:\/\/objectif-image.fr\/OI\/wp-content\/uploads\/2023\/05\/Archives-Les-essais-3-768x513.jpg 768w, https:\/\/objectif-image.fr\/OI\/wp-content\/uploads\/2023\/05\/Archives-Les-essais-3-100x67.jpg 100w\" sizes=\"auto, (max-width: 1000px) 100vw, 1000px\" \/><figcaption class=\"wp-element-caption\"> <\/figcaption><\/figure>\n<\/figure>\n","protected":false},"excerpt":{"rendered":"<p>Quelques clich\u00e9s d&rsquo;archives de Jean-Paul ERPELDING d&rsquo;Objectif Image Le Mans &nbsp;pour le Centenaire de la plus grande course d&rsquo;endurance du monde&nbsp; Le d\u00e9part aura lieu le Samedi 10 Juin \u00e0 16 Heures &nbsp; &#8211;Le pesage&nbsp;Place de la R\u00e9publique Samedi 03 et 04 Juin&nbsp;&nbsp;&#8211; Les essais&nbsp;qualificatifs&nbsp; Mardi-Mercredi et Jeudi&nbsp; &#8211;La grande parade des pilotes, en ville [&hellip;]<\/p>\n","protected":false},"author":3,"featured_media":47431,"comment_status":"open","ping_status":"open","sticky":false,"template":"","format":"standard","meta":{"_acf_changed":false,"footnotes":""},"categories":[61],"tags":[163],"class_list":["post-47411","post","type-post","status-publish","format-standard","has-post-thumbnail","hentry","category-divers","tag-objectif-image-le-mans"],"acf":[],"yoast_head":"<!-- This site is optimized with the Yoast SEO plugin v27.4 - https:\/\/yoast.com\/product\/yoast-seo-wordpress\/ -->\n<title>Les 24 Heures du MANS - Objectif Image<\/title>\n<meta name=\"robots\" content=\"index, follow, max-snippet:-1, max-image-preview:large, max-video-preview:-1\" \/>\n<link rel=\"canonical\" href=\"https:\/\/objectif-image.fr\/OI\/les-24-heures-du-mans\/\" \/>\n<meta property=\"og:locale\" content=\"fr_FR\" \/>\n<meta property=\"og:type\" content=\"article\" \/>\n<meta property=\"og:title\" content=\"Les 24 Heures du MANS - Objectif Image\" \/>\n<meta property=\"og:description\" content=\"Quelques clich\u00e9s d&rsquo;archives de Jean-Paul ERPELDING d&rsquo;Objectif Image Le Mans &nbsp;pour le Centenaire de la plus grande course d&rsquo;endurance du monde&nbsp; Le d\u00e9part aura lieu le Samedi 10 Juin \u00e0 16 Heures &nbsp; &#8211;Le pesage&nbsp;Place de la R\u00e9publique Samedi 03 et 04 Juin&nbsp;&nbsp;&#8211; Les essais&nbsp;qualificatifs&nbsp; Mardi-Mercredi et Jeudi&nbsp; &#8211;La grande parade des pilotes, en ville [&hellip;]\" \/>\n<meta property=\"og:url\" content=\"https:\/\/objectif-image.fr\/OI\/les-24-heures-du-mans\/\" \/>\n<meta property=\"og:site_name\" content=\"Objectif Image\" \/>\n<meta property=\"article:publisher\" content=\"https:\/\/www.facebook.com\/Objectif.mage\" \/>\n<meta property=\"article:published_time\" content=\"2023-05-25T11:15:17+00:00\" \/>\n<meta property=\"article:modified_time\" content=\"2023-05-25T11:17:46+00:00\" \/>\n<meta property=\"og:image\" content=\"https:\/\/objectif-image.fr\/OI\/wp-content\/uploads\/2023\/05\/Archives-Les-essais-2.jpg\" \/>\n\t<meta property=\"og:image:width\" content=\"1000\" \/>\n\t<meta property=\"og:image:height\" content=\"668\" \/>\n\t<meta property=\"og:image:type\" content=\"image\/jpeg\" \/>\n<meta name=\"author\" content=\"Pierre S\" \/>\n<meta name=\"twitter:card\" content=\"summary_large_image\" \/>\n<meta name=\"twitter:label1\" content=\"\u00c9crit par\" \/>\n\t<meta name=\"twitter:data1\" content=\"Pierre S\" \/>\n<script type=\"application\/ld+json\" class=\"yoast-schema-graph\">{\"@context\":\"https:\\\/\\\/schema.org\",\"@graph\":[{\"@type\":\"Article\",\"@id\":\"https:\\\/\\\/objectif-image.fr\\\/OI\\\/les-24-heures-du-mans\\\/#article\",\"isPartOf\":{\"@id\":\"https:\\\/\\\/objectif-image.fr\\\/OI\\\/les-24-heures-du-mans\\\/\"},\"author\":{\"name\":\"Pierre S\",\"@id\":\"https:\\\/\\\/objectif-image.fr\\\/OI\\\/#\\\/schema\\\/person\\\/813c64cc2f0c70450ca653f2e80a6515\"},\"headline\":\"Les 24 Heures du MANS\",\"datePublished\":\"2023-05-25T11:15:17+00:00\",\"dateModified\":\"2023-05-25T11:17:46+00:00\",\"mainEntityOfPage\":{\"@id\":\"https:\\\/\\\/objectif-image.fr\\\/OI\\\/les-24-heures-du-mans\\\/\"},\"wordCount\":101,\"commentCount\":0,\"publisher\":{\"@id\":\"https:\\\/\\\/objectif-image.fr\\\/OI\\\/#organization\"},\"image\":{\"@id\":\"https:\\\/\\\/objectif-image.fr\\\/OI\\\/les-24-heures-du-mans\\\/#primaryimage\"},\"thumbnailUrl\":\"https:\\\/\\\/objectif-image.fr\\\/OI\\\/wp-content\\\/uploads\\\/2023\\\/05\\\/Archives-Les-essais-2.jpg\",\"keywords\":[\"Objectif Image Le Mans\"],\"articleSection\":[\"Divers\"],\"inLanguage\":\"fr-FR\",\"potentialAction\":[{\"@type\":\"CommentAction\",\"name\":\"Comment\",\"target\":[\"https:\\\/\\\/objectif-image.fr\\\/OI\\\/les-24-heures-du-mans\\\/#respond\"]}]},{\"@type\":\"WebPage\",\"@id\":\"https:\\\/\\\/objectif-image.fr\\\/OI\\\/les-24-heures-du-mans\\\/\",\"url\":\"https:\\\/\\\/objectif-image.fr\\\/OI\\\/les-24-heures-du-mans\\\/\",\"name\":\"Les 24 Heures du MANS - Objectif Image\",\"isPartOf\":{\"@id\":\"https:\\\/\\\/objectif-image.fr\\\/OI\\\/#website\"},\"primaryImageOfPage\":{\"@id\":\"https:\\\/\\\/objectif-image.fr\\\/OI\\\/les-24-heures-du-mans\\\/#primaryimage\"},\"image\":{\"@id\":\"https:\\\/\\\/objectif-image.fr\\\/OI\\\/les-24-heures-du-mans\\\/#primaryimage\"},\"thumbnailUrl\":\"https:\\\/\\\/objectif-image.fr\\\/OI\\\/wp-content\\\/uploads\\\/2023\\\/05\\\/Archives-Les-essais-2.jpg\",\"datePublished\":\"2023-05-25T11:15:17+00:00\",\"dateModified\":\"2023-05-25T11:17:46+00:00\",\"breadcrumb\":{\"@id\":\"https:\\\/\\\/objectif-image.fr\\\/OI\\\/les-24-heures-du-mans\\\/#breadcrumb\"},\"inLanguage\":\"fr-FR\",\"potentialAction\":[{\"@type\":\"ReadAction\",\"target\":[\"https:\\\/\\\/objectif-image.fr\\\/OI\\\/les-24-heures-du-mans\\\/\"]}]},{\"@type\":\"ImageObject\",\"inLanguage\":\"fr-FR\",\"@id\":\"https:\\\/\\\/objectif-image.fr\\\/OI\\\/les-24-heures-du-mans\\\/#primaryimage\",\"url\":\"https:\\\/\\\/objectif-image.fr\\\/OI\\\/wp-content\\\/uploads\\\/2023\\\/05\\\/Archives-Les-essais-2.jpg\",\"contentUrl\":\"https:\\\/\\\/objectif-image.fr\\\/OI\\\/wp-content\\\/uploads\\\/2023\\\/05\\\/Archives-Les-essais-2.jpg\",\"width\":1000,\"height\":668,\"caption\":\"Jeudi 19 Ao\u00fbt 2021 Essais des 24 H du Mans qui auront lieu EXCEPTIONNELLEMENT le 21 &amp; 22 Ao\u00fbt 2021 ((Cause Covid19))ainsi que la parade qui ne se fera pas au centre de notre Ville : Le Mans-\"},{\"@type\":\"BreadcrumbList\",\"@id\":\"https:\\\/\\\/objectif-image.fr\\\/OI\\\/les-24-heures-du-mans\\\/#breadcrumb\",\"itemListElement\":[{\"@type\":\"ListItem\",\"position\":1,\"name\":\"Accueil\",\"item\":\"https:\\\/\\\/objectif-image.fr\\\/OI\\\/\"},{\"@type\":\"ListItem\",\"position\":2,\"name\":\"Les 24 Heures du MANS\"}]},{\"@type\":\"WebSite\",\"@id\":\"https:\\\/\\\/objectif-image.fr\\\/OI\\\/#website\",\"url\":\"https:\\\/\\\/objectif-image.fr\\\/OI\\\/\",\"name\":\"Objectif Image\",\"description\":\"Objectif Image\",\"publisher\":{\"@id\":\"https:\\\/\\\/objectif-image.fr\\\/OI\\\/#organization\"},\"potentialAction\":[{\"@type\":\"SearchAction\",\"target\":{\"@type\":\"EntryPoint\",\"urlTemplate\":\"https:\\\/\\\/objectif-image.fr\\\/OI\\\/?s={search_term_string}\"},\"query-input\":{\"@type\":\"PropertyValueSpecification\",\"valueRequired\":true,\"valueName\":\"search_term_string\"}}],\"inLanguage\":\"fr-FR\"},{\"@type\":\"Organization\",\"@id\":\"https:\\\/\\\/objectif-image.fr\\\/OI\\\/#organization\",\"name\":\"Objectif Image\",\"url\":\"https:\\\/\\\/objectif-image.fr\\\/OI\\\/\",\"logo\":{\"@type\":\"ImageObject\",\"inLanguage\":\"fr-FR\",\"@id\":\"https:\\\/\\\/objectif-image.fr\\\/OI\\\/#\\\/schema\\\/logo\\\/image\\\/\",\"url\":\"https:\\\/\\\/objectif-image.fr\\\/OI\\\/wp-content\\\/uploads\\\/2019\\\/02\\\/logo-OI-NATIONAL-rouge-2000px.jpg\",\"contentUrl\":\"https:\\\/\\\/objectif-image.fr\\\/OI\\\/wp-content\\\/uploads\\\/2019\\\/02\\\/logo-OI-NATIONAL-rouge-2000px.jpg\",\"width\":1081,\"height\":1024,\"caption\":\"Objectif Image\"},\"image\":{\"@id\":\"https:\\\/\\\/objectif-image.fr\\\/OI\\\/#\\\/schema\\\/logo\\\/image\\\/\"},\"sameAs\":[\"https:\\\/\\\/www.facebook.com\\\/Objectif.mage\"]},{\"@type\":\"Person\",\"@id\":\"https:\\\/\\\/objectif-image.fr\\\/OI\\\/#\\\/schema\\\/person\\\/813c64cc2f0c70450ca653f2e80a6515\",\"name\":\"Pierre S\",\"image\":{\"@type\":\"ImageObject\",\"inLanguage\":\"fr-FR\",\"@id\":\"https:\\\/\\\/secure.gravatar.com\\\/avatar\\\/6d1df1cb0bf58ef7d330b8910acfe62e7fbc0c2138564189224f85869b953674?s=96&d=mm&r=g\",\"url\":\"https:\\\/\\\/secure.gravatar.com\\\/avatar\\\/6d1df1cb0bf58ef7d330b8910acfe62e7fbc0c2138564189224f85869b953674?s=96&d=mm&r=g\",\"contentUrl\":\"https:\\\/\\\/secure.gravatar.com\\\/avatar\\\/6d1df1cb0bf58ef7d330b8910acfe62e7fbc0c2138564189224f85869b953674?s=96&d=mm&r=g\",\"caption\":\"Pierre S\"},\"url\":\"https:\\\/\\\/objectif-image.fr\\\/OI\\\/author\\\/pierres-2-2\\\/\"}]}<\/script>\n<!-- \/ Yoast SEO plugin. -->","yoast_head_json":{"title":"Les 24 Heures du MANS - Objectif Image","robots":{"index":"index","follow":"follow","max-snippet":"max-snippet:-1","max-image-preview":"max-image-preview:large","max-video-preview":"max-video-preview:-1"},"canonical":"https:\/\/objectif-image.fr\/OI\/les-24-heures-du-mans\/","og_locale":"fr_FR","og_type":"article","og_title":"Les 24 Heures du MANS - Objectif Image","og_description":"Quelques clich\u00e9s d&rsquo;archives de Jean-Paul ERPELDING d&rsquo;Objectif Image Le Mans &nbsp;pour le Centenaire de la plus grande course d&rsquo;endurance du monde&nbsp; Le d\u00e9part aura lieu le Samedi 10 Juin \u00e0 16 Heures &nbsp; &#8211;Le pesage&nbsp;Place de la R\u00e9publique Samedi 03 et 04 Juin&nbsp;&nbsp;&#8211; Les essais&nbsp;qualificatifs&nbsp; Mardi-Mercredi et Jeudi&nbsp; &#8211;La grande parade des pilotes, en ville [&hellip;]","og_url":"https:\/\/objectif-image.fr\/OI\/les-24-heures-du-mans\/","og_site_name":"Objectif Image","article_publisher":"https:\/\/www.facebook.com\/Objectif.mage","article_published_time":"2023-05-25T11:15:17+00:00","article_modified_time":"2023-05-25T11:17:46+00:00","og_image":[{"width":1000,"height":668,"url":"https:\/\/objectif-image.fr\/OI\/wp-content\/uploads\/2023\/05\/Archives-Les-essais-2.jpg","type":"image\/jpeg"}],"author":"Pierre S","twitter_card":"summary_large_image","twitter_misc":{"\u00c9crit par":"Pierre S"},"schema":{"@context":"https:\/\/schema.org","@graph":[{"@type":"Article","@id":"https:\/\/objectif-image.fr\/OI\/les-24-heures-du-mans\/#article","isPartOf":{"@id":"https:\/\/objectif-image.fr\/OI\/les-24-heures-du-mans\/"},"author":{"name":"Pierre S","@id":"https:\/\/objectif-image.fr\/OI\/#\/schema\/person\/813c64cc2f0c70450ca653f2e80a6515"},"headline":"Les 24 Heures du MANS","datePublished":"2023-05-25T11:15:17+00:00","dateModified":"2023-05-25T11:17:46+00:00","mainEntityOfPage":{"@id":"https:\/\/objectif-image.fr\/OI\/les-24-heures-du-mans\/"},"wordCount":101,"commentCount":0,"publisher":{"@id":"https:\/\/objectif-image.fr\/OI\/#organization"},"image":{"@id":"https:\/\/objectif-image.fr\/OI\/les-24-heures-du-mans\/#primaryimage"},"thumbnailUrl":"https:\/\/objectif-image.fr\/OI\/wp-content\/uploads\/2023\/05\/Archives-Les-essais-2.jpg","keywords":["Objectif Image Le Mans"],"articleSection":["Divers"],"inLanguage":"fr-FR","potentialAction":[{"@type":"CommentAction","name":"Comment","target":["https:\/\/objectif-image.fr\/OI\/les-24-heures-du-mans\/#respond"]}]},{"@type":"WebPage","@id":"https:\/\/objectif-image.fr\/OI\/les-24-heures-du-mans\/","url":"https:\/\/objectif-image.fr\/OI\/les-24-heures-du-mans\/","name":"Les 24 Heures du MANS - Objectif Image","isPartOf":{"@id":"https:\/\/objectif-image.fr\/OI\/#website"},"primaryImageOfPage":{"@id":"https:\/\/objectif-image.fr\/OI\/les-24-heures-du-mans\/#primaryimage"},"image":{"@id":"https:\/\/objectif-image.fr\/OI\/les-24-heures-du-mans\/#primaryimage"},"thumbnailUrl":"https:\/\/objectif-image.fr\/OI\/wp-content\/uploads\/2023\/05\/Archives-Les-essais-2.jpg","datePublished":"2023-05-25T11:15:17+00:00","dateModified":"2023-05-25T11:17:46+00:00","breadcrumb":{"@id":"https:\/\/objectif-image.fr\/OI\/les-24-heures-du-mans\/#breadcrumb"},"inLanguage":"fr-FR","potentialAction":[{"@type":"ReadAction","target":["https:\/\/objectif-image.fr\/OI\/les-24-heures-du-mans\/"]}]},{"@type":"ImageObject","inLanguage":"fr-FR","@id":"https:\/\/objectif-image.fr\/OI\/les-24-heures-du-mans\/#primaryimage","url":"https:\/\/objectif-image.fr\/OI\/wp-content\/uploads\/2023\/05\/Archives-Les-essais-2.jpg","contentUrl":"https:\/\/objectif-image.fr\/OI\/wp-content\/uploads\/2023\/05\/Archives-Les-essais-2.jpg","width":1000,"height":668,"caption":"Jeudi 19 Ao\u00fbt 2021 Essais des 24 H du Mans qui auront lieu EXCEPTIONNELLEMENT le 21 &amp; 22 Ao\u00fbt 2021 ((Cause Covid19))ainsi que la parade qui ne se fera pas au centre de notre Ville : Le Mans-"},{"@type":"BreadcrumbList","@id":"https:\/\/objectif-image.fr\/OI\/les-24-heures-du-mans\/#breadcrumb","itemListElement":[{"@type":"ListItem","position":1,"name":"Accueil","item":"https:\/\/objectif-image.fr\/OI\/"},{"@type":"ListItem","position":2,"name":"Les 24 Heures du MANS"}]},{"@type":"WebSite","@id":"https:\/\/objectif-image.fr\/OI\/#website","url":"https:\/\/objectif-image.fr\/OI\/","name":"Objectif Image","description":"Objectif Image","publisher":{"@id":"https:\/\/objectif-image.fr\/OI\/#organization"},"potentialAction":[{"@type":"SearchAction","target":{"@type":"EntryPoint","urlTemplate":"https:\/\/objectif-image.fr\/OI\/?s={search_term_string}"},"query-input":{"@type":"PropertyValueSpecification","valueRequired":true,"valueName":"search_term_string"}}],"inLanguage":"fr-FR"},{"@type":"Organization","@id":"https:\/\/objectif-image.fr\/OI\/#organization","name":"Objectif Image","url":"https:\/\/objectif-image.fr\/OI\/","logo":{"@type":"ImageObject","inLanguage":"fr-FR","@id":"https:\/\/objectif-image.fr\/OI\/#\/schema\/logo\/image\/","url":"https:\/\/objectif-image.fr\/OI\/wp-content\/uploads\/2019\/02\/logo-OI-NATIONAL-rouge-2000px.jpg","contentUrl":"https:\/\/objectif-image.fr\/OI\/wp-content\/uploads\/2019\/02\/logo-OI-NATIONAL-rouge-2000px.jpg","width":1081,"height":1024,"caption":"Objectif Image"},"image":{"@id":"https:\/\/objectif-image.fr\/OI\/#\/schema\/logo\/image\/"},"sameAs":["https:\/\/www.facebook.com\/Objectif.mage"]},{"@type":"Person","@id":"https:\/\/objectif-image.fr\/OI\/#\/schema\/person\/813c64cc2f0c70450ca653f2e80a6515","name":"Pierre S","image":{"@type":"ImageObject","inLanguage":"fr-FR","@id":"https:\/\/secure.gravatar.com\/avatar\/6d1df1cb0bf58ef7d330b8910acfe62e7fbc0c2138564189224f85869b953674?s=96&d=mm&r=g","url":"https:\/\/secure.gravatar.com\/avatar\/6d1df1cb0bf58ef7d330b8910acfe62e7fbc0c2138564189224f85869b953674?s=96&d=mm&r=g","contentUrl":"https:\/\/secure.gravatar.com\/avatar\/6d1df1cb0bf58ef7d330b8910acfe62e7fbc0c2138564189224f85869b953674?s=96&d=mm&r=g","caption":"Pierre S"},"url":"https:\/\/objectif-image.fr\/OI\/author\/pierres-2-2\/"}]}},"_links":{"self":[{"href":"https:\/\/objectif-image.fr\/OI\/wp-json\/wp\/v2\/posts\/47411","targetHints":{"allow":["GET"]}}],"collection":[{"href":"https:\/\/objectif-image.fr\/OI\/wp-json\/wp\/v2\/posts"}],"about":[{"href":"https:\/\/objectif-image.fr\/OI\/wp-json\/wp\/v2\/types\/post"}],"author":[{"embeddable":true,"href":"https:\/\/objectif-image.fr\/OI\/wp-json\/wp\/v2\/users\/3"}],"replies":[{"embeddable":true,"href":"https:\/\/objectif-image.fr\/OI\/wp-json\/wp\/v2\/comments?post=47411"}],"version-history":[{"count":0,"href":"https:\/\/objectif-image.fr\/OI\/wp-json\/wp\/v2\/posts\/47411\/revisions"}],"wp:featuredmedia":[{"embeddable":true,"href":"https:\/\/objectif-image.fr\/OI\/wp-json\/wp\/v2\/media\/47431"}],"wp:attachment":[{"href":"https:\/\/objectif-image.fr\/OI\/wp-json\/wp\/v2\/media?parent=47411"}],"wp:term":[{"taxonomy":"category","embeddable":true,"href":"https:\/\/objectif-image.fr\/OI\/wp-json\/wp\/v2\/categories?post=47411"},{"taxonomy":"post_tag","embeddable":true,"href":"https:\/\/objectif-image.fr\/OI\/wp-json\/wp\/v2\/tags?post=47411"}],"curies":[{"name":"wp","href":"https:\/\/api.w.org\/{rel}","templated":true}]}}