{"id":51541,"date":"2024-02-01T07:51:07","date_gmt":"2024-02-01T06:51:07","guid":{"rendered":"https:\/\/objectif-image.fr\/OI\/?p=51541"},"modified":"2024-02-01T07:51:09","modified_gmt":"2024-02-01T06:51:09","slug":"la-ou-je-les-fais-jean-michel-verdan","status":"publish","type":"post","link":"https:\/\/objectif-image.fr\/OI\/la-ou-je-les-fais-jean-michel-verdan\/","title":{"rendered":"L\u00e0 o\u00f9 je les fais &#8211; Jean-Michel Verdan"},"content":{"rendered":"\n<p class=\"has-black-color has-text-color has-link-color wp-elements-ca6e96c81209899300da8685d800243d\" style=\"font-size:clamp(16.834px, 1.052rem + ((1vw - 3.2px) * 0.705), 26px);\"><strong>Jean-Michel VERDAN<\/strong> &#8211; Objectif Image Montpellier expose en f\u00e9vrier 2024<\/p>\n\n\n\n<h2 class=\"wp-block-heading has-text-align-center has-black-color has-text-color has-link-color wp-elements-74416ba32e94dd5d85283ec8bfe19823\" style=\"font-size:clamp(16.834px, 1.052rem + ((1vw - 3.2px) * 0.705), 26px);\">\u00ab\u00a0Art Caf\u00e9\u00a0\u00bb &#8211; Place des Beaux Arts \u00e0 Montpellier<\/h2>\n\n\n\n<h1 class=\"wp-block-heading has-text-align-center has-black-color has-text-color has-link-color wp-elements-d0d50087dc08acc59a3b3b5f817a753a\"><em>L\u00e0 o\u00f9 je les fais<\/em><\/h1>\n\n\n\n<figure class=\"wp-block-gallery has-nested-images columns-2 is-cropped wp-block-gallery-2 is-layout-flex wp-block-gallery-is-layout-flex\">\n<figure class=\"wp-block-image size-large\"><img loading=\"lazy\" decoding=\"async\" width=\"687\" height=\"1024\" data-id=\"51542\" src=\"https:\/\/objectif-image.fr\/OI\/wp-content\/uploads\/2024\/01\/afficheweb-687x1024.jpg\" alt=\"\" class=\"wp-image-51542\" srcset=\"https:\/\/objectif-image.fr\/OI\/wp-content\/uploads\/2024\/01\/afficheweb-687x1024.jpg 687w, https:\/\/objectif-image.fr\/OI\/wp-content\/uploads\/2024\/01\/afficheweb-400x596.jpg 400w, https:\/\/objectif-image.fr\/OI\/wp-content\/uploads\/2024\/01\/afficheweb-201x300.jpg 201w, https:\/\/objectif-image.fr\/OI\/wp-content\/uploads\/2024\/01\/afficheweb-101x150.jpg 101w, https:\/\/objectif-image.fr\/OI\/wp-content\/uploads\/2024\/01\/afficheweb-67x100.jpg 67w, https:\/\/objectif-image.fr\/OI\/wp-content\/uploads\/2024\/01\/afficheweb.jpg 709w\" sizes=\"auto, (max-width: 687px) 100vw, 687px\" \/><\/figure>\n\n\n\n<figure class=\"wp-block-image size-large\"><img loading=\"lazy\" decoding=\"async\" width=\"686\" height=\"1024\" data-id=\"51543\" src=\"https:\/\/objectif-image.fr\/OI\/wp-content\/uploads\/2024\/01\/DSC_3510-686x1024.jpg\" alt=\"\" class=\"wp-image-51543\" srcset=\"https:\/\/objectif-image.fr\/OI\/wp-content\/uploads\/2024\/01\/DSC_3510-686x1024.jpg 686w, https:\/\/objectif-image.fr\/OI\/wp-content\/uploads\/2024\/01\/DSC_3510-400x597.jpg 400w, https:\/\/objectif-image.fr\/OI\/wp-content\/uploads\/2024\/01\/DSC_3510-201x300.jpg 201w, https:\/\/objectif-image.fr\/OI\/wp-content\/uploads\/2024\/01\/DSC_3510-100x150.jpg 100w, https:\/\/objectif-image.fr\/OI\/wp-content\/uploads\/2024\/01\/DSC_3510-67x100.jpg 67w, https:\/\/objectif-image.fr\/OI\/wp-content\/uploads\/2024\/01\/DSC_3510.jpg 709w\" sizes=\"auto, (max-width: 686px) 100vw, 686px\" \/><\/figure>\n\n\n\n<figure class=\"wp-block-image size-large\"><img loading=\"lazy\" decoding=\"async\" width=\"1024\" height=\"687\" data-id=\"51544\" src=\"https:\/\/objectif-image.fr\/OI\/wp-content\/uploads\/2024\/01\/DSCF1493-copie-1024x687.jpg\" alt=\"\" class=\"wp-image-51544\" srcset=\"https:\/\/objectif-image.fr\/OI\/wp-content\/uploads\/2024\/01\/DSCF1493-copie-1024x687.jpg 1024w, https:\/\/objectif-image.fr\/OI\/wp-content\/uploads\/2024\/01\/DSCF1493-copie-400x268.jpg 400w, https:\/\/objectif-image.fr\/OI\/wp-content\/uploads\/2024\/01\/DSCF1493-copie-300x201.jpg 300w, https:\/\/objectif-image.fr\/OI\/wp-content\/uploads\/2024\/01\/DSCF1493-copie-150x101.jpg 150w, https:\/\/objectif-image.fr\/OI\/wp-content\/uploads\/2024\/01\/DSCF1493-copie-768x515.jpg 768w, https:\/\/objectif-image.fr\/OI\/wp-content\/uploads\/2024\/01\/DSCF1493-copie-100x67.jpg 100w, https:\/\/objectif-image.fr\/OI\/wp-content\/uploads\/2024\/01\/DSCF1493-copie.jpg 1181w\" sizes=\"auto, (max-width: 1024px) 100vw, 1024px\" \/><\/figure>\n<\/figure>\n\n\n\n<p>.<\/p>\n\n\n\n<p>.<\/p>\n\n\n\n<p><\/p>\n","protected":false},"excerpt":{"rendered":"<p>Jean-Michel VERDAN &#8211; Objectif Image Montpellier expose en f\u00e9vrier 2024 \u00ab\u00a0Art Caf\u00e9\u00a0\u00bb &#8211; Place des Beaux Arts \u00e0 Montpellier L\u00e0 o\u00f9 je les fais . .<\/p>\n","protected":false},"author":3,"featured_media":51545,"comment_status":"open","ping_status":"open","sticky":false,"template":"","format":"standard","meta":{"_acf_changed":false,"footnotes":""},"categories":[61,467,13],"tags":[119],"class_list":["post-51541","post","type-post","status-publish","format-standard","has-post-thumbnail","hentry","category-divers","category-exposition","category-photo","tag-objectif-image-montpellier"],"acf":[],"yoast_head":"<!-- This site is optimized with the Yoast SEO plugin v27.4 - https:\/\/yoast.com\/product\/yoast-seo-wordpress\/ -->\n<title>L\u00e0 o\u00f9 je les fais - Jean-Michel Verdan - Objectif Image<\/title>\n<meta name=\"robots\" content=\"index, follow, max-snippet:-1, max-image-preview:large, max-video-preview:-1\" \/>\n<link rel=\"canonical\" href=\"https:\/\/objectif-image.fr\/OI\/la-ou-je-les-fais-jean-michel-verdan\/\" \/>\n<meta property=\"og:locale\" content=\"fr_FR\" \/>\n<meta property=\"og:type\" content=\"article\" \/>\n<meta property=\"og:title\" content=\"L\u00e0 o\u00f9 je les fais - Jean-Michel Verdan - Objectif Image\" \/>\n<meta property=\"og:description\" content=\"Jean-Michel VERDAN &#8211; Objectif Image Montpellier expose en f\u00e9vrier 2024 \u00ab\u00a0Art Caf\u00e9\u00a0\u00bb &#8211; Place des Beaux Arts \u00e0 Montpellier L\u00e0 o\u00f9 je les fais . .\" \/>\n<meta property=\"og:url\" content=\"https:\/\/objectif-image.fr\/OI\/la-ou-je-les-fais-jean-michel-verdan\/\" \/>\n<meta property=\"og:site_name\" content=\"Objectif Image\" \/>\n<meta property=\"article:publisher\" content=\"https:\/\/www.facebook.com\/Objectif.mage\" \/>\n<meta property=\"article:published_time\" content=\"2024-02-01T06:51:07+00:00\" \/>\n<meta property=\"article:modified_time\" content=\"2024-02-01T06:51:09+00:00\" \/>\n<meta property=\"og:image\" content=\"https:\/\/objectif-image.fr\/OI\/wp-content\/uploads\/2024\/01\/DSCF1493-copie-1.jpg\" \/>\n\t<meta property=\"og:image:width\" content=\"1181\" \/>\n\t<meta property=\"og:image:height\" content=\"664\" \/>\n\t<meta property=\"og:image:type\" content=\"image\/jpeg\" \/>\n<meta name=\"author\" content=\"Pierre S\" \/>\n<meta name=\"twitter:card\" content=\"summary_large_image\" \/>\n<meta name=\"twitter:label1\" content=\"\u00c9crit par\" \/>\n\t<meta name=\"twitter:data1\" content=\"Pierre S\" \/>\n<script type=\"application\/ld+json\" class=\"yoast-schema-graph\">{\"@context\":\"https:\\\/\\\/schema.org\",\"@graph\":[{\"@type\":\"Article\",\"@id\":\"https:\\\/\\\/objectif-image.fr\\\/OI\\\/la-ou-je-les-fais-jean-michel-verdan\\\/#article\",\"isPartOf\":{\"@id\":\"https:\\\/\\\/objectif-image.fr\\\/OI\\\/la-ou-je-les-fais-jean-michel-verdan\\\/\"},\"author\":{\"name\":\"Pierre S\",\"@id\":\"https:\\\/\\\/objectif-image.fr\\\/OI\\\/#\\\/schema\\\/person\\\/813c64cc2f0c70450ca653f2e80a6515\"},\"headline\":\"L\u00e0 o\u00f9 je les fais &#8211; Jean-Michel Verdan\",\"datePublished\":\"2024-02-01T06:51:07+00:00\",\"dateModified\":\"2024-02-01T06:51:09+00:00\",\"mainEntityOfPage\":{\"@id\":\"https:\\\/\\\/objectif-image.fr\\\/OI\\\/la-ou-je-les-fais-jean-michel-verdan\\\/\"},\"wordCount\":31,\"commentCount\":0,\"publisher\":{\"@id\":\"https:\\\/\\\/objectif-image.fr\\\/OI\\\/#organization\"},\"image\":{\"@id\":\"https:\\\/\\\/objectif-image.fr\\\/OI\\\/la-ou-je-les-fais-jean-michel-verdan\\\/#primaryimage\"},\"thumbnailUrl\":\"https:\\\/\\\/objectif-image.fr\\\/OI\\\/wp-content\\\/uploads\\\/2024\\\/01\\\/DSCF1493-copie-1.jpg\",\"keywords\":[\"Objectif Image Montpellier\"],\"articleSection\":[\"Divers\",\"exposition\",\"Photo\"],\"inLanguage\":\"fr-FR\",\"potentialAction\":[{\"@type\":\"CommentAction\",\"name\":\"Comment\",\"target\":[\"https:\\\/\\\/objectif-image.fr\\\/OI\\\/la-ou-je-les-fais-jean-michel-verdan\\\/#respond\"]}]},{\"@type\":\"WebPage\",\"@id\":\"https:\\\/\\\/objectif-image.fr\\\/OI\\\/la-ou-je-les-fais-jean-michel-verdan\\\/\",\"url\":\"https:\\\/\\\/objectif-image.fr\\\/OI\\\/la-ou-je-les-fais-jean-michel-verdan\\\/\",\"name\":\"L\u00e0 o\u00f9 je les fais - Jean-Michel Verdan - Objectif Image\",\"isPartOf\":{\"@id\":\"https:\\\/\\\/objectif-image.fr\\\/OI\\\/#website\"},\"primaryImageOfPage\":{\"@id\":\"https:\\\/\\\/objectif-image.fr\\\/OI\\\/la-ou-je-les-fais-jean-michel-verdan\\\/#primaryimage\"},\"image\":{\"@id\":\"https:\\\/\\\/objectif-image.fr\\\/OI\\\/la-ou-je-les-fais-jean-michel-verdan\\\/#primaryimage\"},\"thumbnailUrl\":\"https:\\\/\\\/objectif-image.fr\\\/OI\\\/wp-content\\\/uploads\\\/2024\\\/01\\\/DSCF1493-copie-1.jpg\",\"datePublished\":\"2024-02-01T06:51:07+00:00\",\"dateModified\":\"2024-02-01T06:51:09+00:00\",\"breadcrumb\":{\"@id\":\"https:\\\/\\\/objectif-image.fr\\\/OI\\\/la-ou-je-les-fais-jean-michel-verdan\\\/#breadcrumb\"},\"inLanguage\":\"fr-FR\",\"potentialAction\":[{\"@type\":\"ReadAction\",\"target\":[\"https:\\\/\\\/objectif-image.fr\\\/OI\\\/la-ou-je-les-fais-jean-michel-verdan\\\/\"]}]},{\"@type\":\"ImageObject\",\"inLanguage\":\"fr-FR\",\"@id\":\"https:\\\/\\\/objectif-image.fr\\\/OI\\\/la-ou-je-les-fais-jean-michel-verdan\\\/#primaryimage\",\"url\":\"https:\\\/\\\/objectif-image.fr\\\/OI\\\/wp-content\\\/uploads\\\/2024\\\/01\\\/DSCF1493-copie-1.jpg\",\"contentUrl\":\"https:\\\/\\\/objectif-image.fr\\\/OI\\\/wp-content\\\/uploads\\\/2024\\\/01\\\/DSCF1493-copie-1.jpg\",\"width\":1181,\"height\":664},{\"@type\":\"BreadcrumbList\",\"@id\":\"https:\\\/\\\/objectif-image.fr\\\/OI\\\/la-ou-je-les-fais-jean-michel-verdan\\\/#breadcrumb\",\"itemListElement\":[{\"@type\":\"ListItem\",\"position\":1,\"name\":\"Accueil\",\"item\":\"https:\\\/\\\/objectif-image.fr\\\/OI\\\/\"},{\"@type\":\"ListItem\",\"position\":2,\"name\":\"L\u00e0 o\u00f9 je les fais &#8211; Jean-Michel Verdan\"}]},{\"@type\":\"WebSite\",\"@id\":\"https:\\\/\\\/objectif-image.fr\\\/OI\\\/#website\",\"url\":\"https:\\\/\\\/objectif-image.fr\\\/OI\\\/\",\"name\":\"Objectif Image\",\"description\":\"Objectif Image\",\"publisher\":{\"@id\":\"https:\\\/\\\/objectif-image.fr\\\/OI\\\/#organization\"},\"potentialAction\":[{\"@type\":\"SearchAction\",\"target\":{\"@type\":\"EntryPoint\",\"urlTemplate\":\"https:\\\/\\\/objectif-image.fr\\\/OI\\\/?s={search_term_string}\"},\"query-input\":{\"@type\":\"PropertyValueSpecification\",\"valueRequired\":true,\"valueName\":\"search_term_string\"}}],\"inLanguage\":\"fr-FR\"},{\"@type\":\"Organization\",\"@id\":\"https:\\\/\\\/objectif-image.fr\\\/OI\\\/#organization\",\"name\":\"Objectif Image\",\"url\":\"https:\\\/\\\/objectif-image.fr\\\/OI\\\/\",\"logo\":{\"@type\":\"ImageObject\",\"inLanguage\":\"fr-FR\",\"@id\":\"https:\\\/\\\/objectif-image.fr\\\/OI\\\/#\\\/schema\\\/logo\\\/image\\\/\",\"url\":\"https:\\\/\\\/objectif-image.fr\\\/OI\\\/wp-content\\\/uploads\\\/2019\\\/02\\\/logo-OI-NATIONAL-rouge-2000px.jpg\",\"contentUrl\":\"https:\\\/\\\/objectif-image.fr\\\/OI\\\/wp-content\\\/uploads\\\/2019\\\/02\\\/logo-OI-NATIONAL-rouge-2000px.jpg\",\"width\":1081,\"height\":1024,\"caption\":\"Objectif Image\"},\"image\":{\"@id\":\"https:\\\/\\\/objectif-image.fr\\\/OI\\\/#\\\/schema\\\/logo\\\/image\\\/\"},\"sameAs\":[\"https:\\\/\\\/www.facebook.com\\\/Objectif.mage\"]},{\"@type\":\"Person\",\"@id\":\"https:\\\/\\\/objectif-image.fr\\\/OI\\\/#\\\/schema\\\/person\\\/813c64cc2f0c70450ca653f2e80a6515\",\"name\":\"Pierre S\",\"image\":{\"@type\":\"ImageObject\",\"inLanguage\":\"fr-FR\",\"@id\":\"https:\\\/\\\/secure.gravatar.com\\\/avatar\\\/6d1df1cb0bf58ef7d330b8910acfe62e7fbc0c2138564189224f85869b953674?s=96&d=mm&r=g\",\"url\":\"https:\\\/\\\/secure.gravatar.com\\\/avatar\\\/6d1df1cb0bf58ef7d330b8910acfe62e7fbc0c2138564189224f85869b953674?s=96&d=mm&r=g\",\"contentUrl\":\"https:\\\/\\\/secure.gravatar.com\\\/avatar\\\/6d1df1cb0bf58ef7d330b8910acfe62e7fbc0c2138564189224f85869b953674?s=96&d=mm&r=g\",\"caption\":\"Pierre S\"},\"url\":\"https:\\\/\\\/objectif-image.fr\\\/OI\\\/author\\\/pierres-2-2\\\/\"}]}<\/script>\n<!-- \/ Yoast SEO plugin. -->","yoast_head_json":{"title":"L\u00e0 o\u00f9 je les fais - Jean-Michel Verdan - Objectif Image","robots":{"index":"index","follow":"follow","max-snippet":"max-snippet:-1","max-image-preview":"max-image-preview:large","max-video-preview":"max-video-preview:-1"},"canonical":"https:\/\/objectif-image.fr\/OI\/la-ou-je-les-fais-jean-michel-verdan\/","og_locale":"fr_FR","og_type":"article","og_title":"L\u00e0 o\u00f9 je les fais - Jean-Michel Verdan - Objectif Image","og_description":"Jean-Michel VERDAN &#8211; Objectif Image Montpellier expose en f\u00e9vrier 2024 \u00ab\u00a0Art Caf\u00e9\u00a0\u00bb &#8211; Place des Beaux Arts \u00e0 Montpellier L\u00e0 o\u00f9 je les fais . .","og_url":"https:\/\/objectif-image.fr\/OI\/la-ou-je-les-fais-jean-michel-verdan\/","og_site_name":"Objectif Image","article_publisher":"https:\/\/www.facebook.com\/Objectif.mage","article_published_time":"2024-02-01T06:51:07+00:00","article_modified_time":"2024-02-01T06:51:09+00:00","og_image":[{"width":1181,"height":664,"url":"https:\/\/objectif-image.fr\/OI\/wp-content\/uploads\/2024\/01\/DSCF1493-copie-1.jpg","type":"image\/jpeg"}],"author":"Pierre S","twitter_card":"summary_large_image","twitter_misc":{"\u00c9crit par":"Pierre S"},"schema":{"@context":"https:\/\/schema.org","@graph":[{"@type":"Article","@id":"https:\/\/objectif-image.fr\/OI\/la-ou-je-les-fais-jean-michel-verdan\/#article","isPartOf":{"@id":"https:\/\/objectif-image.fr\/OI\/la-ou-je-les-fais-jean-michel-verdan\/"},"author":{"name":"Pierre S","@id":"https:\/\/objectif-image.fr\/OI\/#\/schema\/person\/813c64cc2f0c70450ca653f2e80a6515"},"headline":"L\u00e0 o\u00f9 je les fais &#8211; Jean-Michel Verdan","datePublished":"2024-02-01T06:51:07+00:00","dateModified":"2024-02-01T06:51:09+00:00","mainEntityOfPage":{"@id":"https:\/\/objectif-image.fr\/OI\/la-ou-je-les-fais-jean-michel-verdan\/"},"wordCount":31,"commentCount":0,"publisher":{"@id":"https:\/\/objectif-image.fr\/OI\/#organization"},"image":{"@id":"https:\/\/objectif-image.fr\/OI\/la-ou-je-les-fais-jean-michel-verdan\/#primaryimage"},"thumbnailUrl":"https:\/\/objectif-image.fr\/OI\/wp-content\/uploads\/2024\/01\/DSCF1493-copie-1.jpg","keywords":["Objectif Image Montpellier"],"articleSection":["Divers","exposition","Photo"],"inLanguage":"fr-FR","potentialAction":[{"@type":"CommentAction","name":"Comment","target":["https:\/\/objectif-image.fr\/OI\/la-ou-je-les-fais-jean-michel-verdan\/#respond"]}]},{"@type":"WebPage","@id":"https:\/\/objectif-image.fr\/OI\/la-ou-je-les-fais-jean-michel-verdan\/","url":"https:\/\/objectif-image.fr\/OI\/la-ou-je-les-fais-jean-michel-verdan\/","name":"L\u00e0 o\u00f9 je les fais - Jean-Michel Verdan - Objectif Image","isPartOf":{"@id":"https:\/\/objectif-image.fr\/OI\/#website"},"primaryImageOfPage":{"@id":"https:\/\/objectif-image.fr\/OI\/la-ou-je-les-fais-jean-michel-verdan\/#primaryimage"},"image":{"@id":"https:\/\/objectif-image.fr\/OI\/la-ou-je-les-fais-jean-michel-verdan\/#primaryimage"},"thumbnailUrl":"https:\/\/objectif-image.fr\/OI\/wp-content\/uploads\/2024\/01\/DSCF1493-copie-1.jpg","datePublished":"2024-02-01T06:51:07+00:00","dateModified":"2024-02-01T06:51:09+00:00","breadcrumb":{"@id":"https:\/\/objectif-image.fr\/OI\/la-ou-je-les-fais-jean-michel-verdan\/#breadcrumb"},"inLanguage":"fr-FR","potentialAction":[{"@type":"ReadAction","target":["https:\/\/objectif-image.fr\/OI\/la-ou-je-les-fais-jean-michel-verdan\/"]}]},{"@type":"ImageObject","inLanguage":"fr-FR","@id":"https:\/\/objectif-image.fr\/OI\/la-ou-je-les-fais-jean-michel-verdan\/#primaryimage","url":"https:\/\/objectif-image.fr\/OI\/wp-content\/uploads\/2024\/01\/DSCF1493-copie-1.jpg","contentUrl":"https:\/\/objectif-image.fr\/OI\/wp-content\/uploads\/2024\/01\/DSCF1493-copie-1.jpg","width":1181,"height":664},{"@type":"BreadcrumbList","@id":"https:\/\/objectif-image.fr\/OI\/la-ou-je-les-fais-jean-michel-verdan\/#breadcrumb","itemListElement":[{"@type":"ListItem","position":1,"name":"Accueil","item":"https:\/\/objectif-image.fr\/OI\/"},{"@type":"ListItem","position":2,"name":"L\u00e0 o\u00f9 je les fais &#8211; Jean-Michel Verdan"}]},{"@type":"WebSite","@id":"https:\/\/objectif-image.fr\/OI\/#website","url":"https:\/\/objectif-image.fr\/OI\/","name":"Objectif Image","description":"Objectif Image","publisher":{"@id":"https:\/\/objectif-image.fr\/OI\/#organization"},"potentialAction":[{"@type":"SearchAction","target":{"@type":"EntryPoint","urlTemplate":"https:\/\/objectif-image.fr\/OI\/?s={search_term_string}"},"query-input":{"@type":"PropertyValueSpecification","valueRequired":true,"valueName":"search_term_string"}}],"inLanguage":"fr-FR"},{"@type":"Organization","@id":"https:\/\/objectif-image.fr\/OI\/#organization","name":"Objectif Image","url":"https:\/\/objectif-image.fr\/OI\/","logo":{"@type":"ImageObject","inLanguage":"fr-FR","@id":"https:\/\/objectif-image.fr\/OI\/#\/schema\/logo\/image\/","url":"https:\/\/objectif-image.fr\/OI\/wp-content\/uploads\/2019\/02\/logo-OI-NATIONAL-rouge-2000px.jpg","contentUrl":"https:\/\/objectif-image.fr\/OI\/wp-content\/uploads\/2019\/02\/logo-OI-NATIONAL-rouge-2000px.jpg","width":1081,"height":1024,"caption":"Objectif Image"},"image":{"@id":"https:\/\/objectif-image.fr\/OI\/#\/schema\/logo\/image\/"},"sameAs":["https:\/\/www.facebook.com\/Objectif.mage"]},{"@type":"Person","@id":"https:\/\/objectif-image.fr\/OI\/#\/schema\/person\/813c64cc2f0c70450ca653f2e80a6515","name":"Pierre S","image":{"@type":"ImageObject","inLanguage":"fr-FR","@id":"https:\/\/secure.gravatar.com\/avatar\/6d1df1cb0bf58ef7d330b8910acfe62e7fbc0c2138564189224f85869b953674?s=96&d=mm&r=g","url":"https:\/\/secure.gravatar.com\/avatar\/6d1df1cb0bf58ef7d330b8910acfe62e7fbc0c2138564189224f85869b953674?s=96&d=mm&r=g","contentUrl":"https:\/\/secure.gravatar.com\/avatar\/6d1df1cb0bf58ef7d330b8910acfe62e7fbc0c2138564189224f85869b953674?s=96&d=mm&r=g","caption":"Pierre S"},"url":"https:\/\/objectif-image.fr\/OI\/author\/pierres-2-2\/"}]}},"_links":{"self":[{"href":"https:\/\/objectif-image.fr\/OI\/wp-json\/wp\/v2\/posts\/51541","targetHints":{"allow":["GET"]}}],"collection":[{"href":"https:\/\/objectif-image.fr\/OI\/wp-json\/wp\/v2\/posts"}],"about":[{"href":"https:\/\/objectif-image.fr\/OI\/wp-json\/wp\/v2\/types\/post"}],"author":[{"embeddable":true,"href":"https:\/\/objectif-image.fr\/OI\/wp-json\/wp\/v2\/users\/3"}],"replies":[{"embeddable":true,"href":"https:\/\/objectif-image.fr\/OI\/wp-json\/wp\/v2\/comments?post=51541"}],"version-history":[{"count":0,"href":"https:\/\/objectif-image.fr\/OI\/wp-json\/wp\/v2\/posts\/51541\/revisions"}],"wp:featuredmedia":[{"embeddable":true,"href":"https:\/\/objectif-image.fr\/OI\/wp-json\/wp\/v2\/media\/51545"}],"wp:attachment":[{"href":"https:\/\/objectif-image.fr\/OI\/wp-json\/wp\/v2\/media?parent=51541"}],"wp:term":[{"taxonomy":"category","embeddable":true,"href":"https:\/\/objectif-image.fr\/OI\/wp-json\/wp\/v2\/categories?post=51541"},{"taxonomy":"post_tag","embeddable":true,"href":"https:\/\/objectif-image.fr\/OI\/wp-json\/wp\/v2\/tags?post=51541"}],"curies":[{"name":"wp","href":"https:\/\/api.w.org\/{rel}","templated":true}]}}