{"id":53565,"date":"2024-06-10T09:45:14","date_gmt":"2024-06-10T07:45:14","guid":{"rendered":"https:\/\/objectif-image.fr\/OI\/?p=53565"},"modified":"2024-06-10T09:45:16","modified_gmt":"2024-06-10T07:45:16","slug":"points-de-vue-exposition-collective","status":"publish","type":"post","link":"https:\/\/objectif-image.fr\/OI\/points-de-vue-exposition-collective\/","title":{"rendered":"\u00ab\u00a0POINTS DE VUE\u00a0\u00bb &#8211; exposition collective"},"content":{"rendered":"\n<p class=\"has-black-color has-text-color has-link-color wp-elements-ed76a01e19dba533f2d0ea73b891c65d\" style=\"font-size:clamp(16.834px, 1.052rem + ((1vw - 3.2px) * 0.705), 26px);\">La <strong>galerie Abla Ababou \u00e0 Rabat<\/strong> accueille la nouvelle \u00e9dition de l\u2019exposition <strong>\u00ab&nbsp;Points de vue&nbsp;\u00bb<\/strong> depuis le 25 mai<strong> jusqu\u2019au 2 juillet 2024<\/strong>, r\u00e9unissant 17 photographes talentueux venant d\u2019horizons divers. <\/p>\n\n\n\n<p class=\"has-black-color has-text-color has-link-color wp-elements-831d55d7edf4fcdf292bd65471333f54\" style=\"font-size:clamp(16.834px, 1.052rem + ((1vw - 3.2px) * 0.705), 26px);\">Apr\u00e8s deux ans d\u2019absence, cet \u00e9v\u00e9nement artistique fait un retour en force, mettant en lumi\u00e8re les \u0153uvres de 17 artistes marocains et europ\u00e9ens, qu\u2019ils soient \u00e9tablis ou \u00e9mergents.<\/p>\n\n\n\n<p style=\"font-size:clamp(18.959px, 1.185rem + ((1vw - 3.2px) * 0.849), 30px);\"><strong><a href=\"https:\/\/www.vh.ma\/actualite-news-express-maroc\/points-de-vue-lexposition-collective-qui-redonne-vie-a-la-photographie\/?fbclid=IwZXh0bgNhZW0CMTEAAR2kbQHqaBbTN3XfhtqZsIPlhVF17na5B4wuKJvvf6NUPcGgrNaLCIVdzWs_aem_Ab2wIunbtJjja0MM1P0rHwj8wWChHnila6BCH-pos_lPLaJq6cScCFYRDUzxkos659wa1fCjUZjjEfX7ZQyYrfcK\" target=\"_blank\" rel=\"noreferrer noopener\"><mark style=\"background-color:rgba(0, 0, 0, 0)\" class=\"has-inline-color has-vivid-purple-color\">Plus d&rsquo;info<\/mark><\/a><\/strong><\/p>\n\n\n\n<p class=\"has-black-color has-text-color has-link-color wp-elements-4b7d13522b24f9533f3a4447041aefbc\" style=\"font-size:clamp(17.371px, 1.086rem + ((1vw - 3.2px) * 0.741), 27px);\">Parmi les artistes participants, on retrouve <strong>Najwa Benchebab<\/strong> d&rsquo;Objectif Image Bordeaux<\/p>\n\n\n\n<figure class=\"wp-block-image aligncenter size-large\"><img loading=\"lazy\" decoding=\"async\" width=\"1024\" height=\"768\" src=\"https:\/\/objectif-image.fr\/OI\/wp-content\/uploads\/2024\/06\/WhatsApp-Image-2024-06-03-at-08.24.15-1536x1152-1-1024x768.jpeg\" alt=\"\" class=\"wp-image-53570\" srcset=\"https:\/\/objectif-image.fr\/OI\/wp-content\/uploads\/2024\/06\/WhatsApp-Image-2024-06-03-at-08.24.15-1536x1152-1-1024x768.jpeg 1024w, https:\/\/objectif-image.fr\/OI\/wp-content\/uploads\/2024\/06\/WhatsApp-Image-2024-06-03-at-08.24.15-1536x1152-1-400x300.jpeg 400w, https:\/\/objectif-image.fr\/OI\/wp-content\/uploads\/2024\/06\/WhatsApp-Image-2024-06-03-at-08.24.15-1536x1152-1-300x225.jpeg 300w, https:\/\/objectif-image.fr\/OI\/wp-content\/uploads\/2024\/06\/WhatsApp-Image-2024-06-03-at-08.24.15-1536x1152-1-150x113.jpeg 150w, https:\/\/objectif-image.fr\/OI\/wp-content\/uploads\/2024\/06\/WhatsApp-Image-2024-06-03-at-08.24.15-1536x1152-1-768x576.jpeg 768w, https:\/\/objectif-image.fr\/OI\/wp-content\/uploads\/2024\/06\/WhatsApp-Image-2024-06-03-at-08.24.15-1536x1152-1-100x75.jpeg 100w, https:\/\/objectif-image.fr\/OI\/wp-content\/uploads\/2024\/06\/WhatsApp-Image-2024-06-03-at-08.24.15-1536x1152-1-1320x990.jpeg 1320w, https:\/\/objectif-image.fr\/OI\/wp-content\/uploads\/2024\/06\/WhatsApp-Image-2024-06-03-at-08.24.15-1536x1152-1.jpeg 1536w\" sizes=\"auto, (max-width: 1024px) 100vw, 1024px\" \/><figcaption class=\"wp-element-caption\">7\u00e8me vague &#8211; Imourane<\/figcaption><\/figure>\n\n\n\n<p><\/p>\n\n\n\n<p>.<\/p>\n\n\n\n<figure class=\"wp-block-gallery has-nested-images columns-2 is-cropped wp-block-gallery-2 is-layout-flex wp-block-gallery-is-layout-flex\">\n<figure class=\"wp-block-image size-large\"><img loading=\"lazy\" decoding=\"async\" width=\"1024\" height=\"1024\" data-id=\"53566\" src=\"https:\/\/objectif-image.fr\/OI\/wp-content\/uploads\/2024\/06\/444957428_18442455043047909_8330174197317922942_n-1024x1024.jpg\" alt=\"\" class=\"wp-image-53566\" srcset=\"https:\/\/objectif-image.fr\/OI\/wp-content\/uploads\/2024\/06\/444957428_18442455043047909_8330174197317922942_n-1024x1024.jpg 1024w, https:\/\/objectif-image.fr\/OI\/wp-content\/uploads\/2024\/06\/444957428_18442455043047909_8330174197317922942_n-100x100.jpg 100w, https:\/\/objectif-image.fr\/OI\/wp-content\/uploads\/2024\/06\/444957428_18442455043047909_8330174197317922942_n-400x400.jpg 400w, https:\/\/objectif-image.fr\/OI\/wp-content\/uploads\/2024\/06\/444957428_18442455043047909_8330174197317922942_n-300x300.jpg 300w, https:\/\/objectif-image.fr\/OI\/wp-content\/uploads\/2024\/06\/444957428_18442455043047909_8330174197317922942_n-150x150.jpg 150w, https:\/\/objectif-image.fr\/OI\/wp-content\/uploads\/2024\/06\/444957428_18442455043047909_8330174197317922942_n-768x768.jpg 768w, https:\/\/objectif-image.fr\/OI\/wp-content\/uploads\/2024\/06\/444957428_18442455043047909_8330174197317922942_n-80x80.jpg 80w, https:\/\/objectif-image.fr\/OI\/wp-content\/uploads\/2024\/06\/444957428_18442455043047909_8330174197317922942_n-320x320.jpg 320w, https:\/\/objectif-image.fr\/OI\/wp-content\/uploads\/2024\/06\/444957428_18442455043047909_8330174197317922942_n.jpg 1080w\" sizes=\"auto, (max-width: 1024px) 100vw, 1024px\" \/><\/figure>\n\n\n\n<figure class=\"wp-block-image size-large\"><img loading=\"lazy\" decoding=\"async\" width=\"1024\" height=\"1024\" data-id=\"53568\" src=\"https:\/\/objectif-image.fr\/OI\/wp-content\/uploads\/2024\/06\/445186709_18442455070047909_4474371047881735581_n-1024x1024.jpg\" alt=\"\" class=\"wp-image-53568\" srcset=\"https:\/\/objectif-image.fr\/OI\/wp-content\/uploads\/2024\/06\/445186709_18442455070047909_4474371047881735581_n-1024x1024.jpg 1024w, https:\/\/objectif-image.fr\/OI\/wp-content\/uploads\/2024\/06\/445186709_18442455070047909_4474371047881735581_n-100x100.jpg 100w, https:\/\/objectif-image.fr\/OI\/wp-content\/uploads\/2024\/06\/445186709_18442455070047909_4474371047881735581_n-400x400.jpg 400w, https:\/\/objectif-image.fr\/OI\/wp-content\/uploads\/2024\/06\/445186709_18442455070047909_4474371047881735581_n-300x300.jpg 300w, https:\/\/objectif-image.fr\/OI\/wp-content\/uploads\/2024\/06\/445186709_18442455070047909_4474371047881735581_n-150x150.jpg 150w, https:\/\/objectif-image.fr\/OI\/wp-content\/uploads\/2024\/06\/445186709_18442455070047909_4474371047881735581_n-768x768.jpg 768w, https:\/\/objectif-image.fr\/OI\/wp-content\/uploads\/2024\/06\/445186709_18442455070047909_4474371047881735581_n-80x80.jpg 80w, https:\/\/objectif-image.fr\/OI\/wp-content\/uploads\/2024\/06\/445186709_18442455070047909_4474371047881735581_n-320x320.jpg 320w, https:\/\/objectif-image.fr\/OI\/wp-content\/uploads\/2024\/06\/445186709_18442455070047909_4474371047881735581_n-1320x1320.jpg 1320w, https:\/\/objectif-image.fr\/OI\/wp-content\/uploads\/2024\/06\/445186709_18442455070047909_4474371047881735581_n.jpg 1440w\" sizes=\"auto, (max-width: 1024px) 100vw, 1024px\" \/><\/figure>\n\n\n\n<figure class=\"wp-block-image size-large\"><img loading=\"lazy\" decoding=\"async\" width=\"1024\" height=\"1024\" data-id=\"53567\" src=\"https:\/\/objectif-image.fr\/OI\/wp-content\/uploads\/2024\/06\/445772150_18442455061047909_2378800945975442412_n-1024x1024.jpg\" alt=\"\" class=\"wp-image-53567\" srcset=\"https:\/\/objectif-image.fr\/OI\/wp-content\/uploads\/2024\/06\/445772150_18442455061047909_2378800945975442412_n-1024x1024.jpg 1024w, https:\/\/objectif-image.fr\/OI\/wp-content\/uploads\/2024\/06\/445772150_18442455061047909_2378800945975442412_n-100x100.jpg 100w, https:\/\/objectif-image.fr\/OI\/wp-content\/uploads\/2024\/06\/445772150_18442455061047909_2378800945975442412_n-400x400.jpg 400w, https:\/\/objectif-image.fr\/OI\/wp-content\/uploads\/2024\/06\/445772150_18442455061047909_2378800945975442412_n-300x300.jpg 300w, https:\/\/objectif-image.fr\/OI\/wp-content\/uploads\/2024\/06\/445772150_18442455061047909_2378800945975442412_n-150x150.jpg 150w, https:\/\/objectif-image.fr\/OI\/wp-content\/uploads\/2024\/06\/445772150_18442455061047909_2378800945975442412_n-768x767.jpg 768w, https:\/\/objectif-image.fr\/OI\/wp-content\/uploads\/2024\/06\/445772150_18442455061047909_2378800945975442412_n-80x80.jpg 80w, https:\/\/objectif-image.fr\/OI\/wp-content\/uploads\/2024\/06\/445772150_18442455061047909_2378800945975442412_n-320x320.jpg 320w, https:\/\/objectif-image.fr\/OI\/wp-content\/uploads\/2024\/06\/445772150_18442455061047909_2378800945975442412_n-1320x1319.jpg 1320w, https:\/\/objectif-image.fr\/OI\/wp-content\/uploads\/2024\/06\/445772150_18442455061047909_2378800945975442412_n.jpg 1440w\" sizes=\"auto, (max-width: 1024px) 100vw, 1024px\" \/><\/figure>\n<\/figure>\n\n\n\n<p>.<\/p>\n","protected":false},"excerpt":{"rendered":"<p>La galerie Abla Ababou \u00e0 Rabat accueille la nouvelle \u00e9dition de l\u2019exposition \u00ab&nbsp;Points de vue&nbsp;\u00bb depuis le 25 mai jusqu\u2019au 2 juillet 2024, r\u00e9unissant 17 photographes talentueux venant d\u2019horizons divers. Apr\u00e8s deux ans d\u2019absence, cet \u00e9v\u00e9nement artistique fait un retour en force, mettant en lumi\u00e8re les \u0153uvres de 17 artistes marocains et europ\u00e9ens, qu\u2019ils soient [&hellip;]<\/p>\n","protected":false},"author":3,"featured_media":53570,"comment_status":"open","ping_status":"open","sticky":false,"template":"","format":"standard","meta":{"_acf_changed":false,"footnotes":""},"categories":[61,467],"tags":[212],"class_list":["post-53565","post","type-post","status-publish","format-standard","has-post-thumbnail","hentry","category-divers","category-exposition","tag-objectif-image-bordeaux"],"acf":[],"yoast_head":"<!-- This site is optimized with the Yoast SEO plugin v27.5 - https:\/\/yoast.com\/product\/yoast-seo-wordpress\/ -->\n<title>\u00ab\u00a0POINTS DE VUE\u00a0\u00bb - exposition collective - Objectif Image<\/title>\n<meta name=\"robots\" content=\"index, follow, max-snippet:-1, max-image-preview:large, max-video-preview:-1\" \/>\n<link rel=\"canonical\" href=\"https:\/\/objectif-image.fr\/OI\/points-de-vue-exposition-collective\/\" \/>\n<meta property=\"og:locale\" content=\"fr_FR\" \/>\n<meta property=\"og:type\" content=\"article\" \/>\n<meta property=\"og:title\" content=\"\u00ab\u00a0POINTS DE VUE\u00a0\u00bb - exposition collective - Objectif Image\" \/>\n<meta property=\"og:description\" content=\"La galerie Abla Ababou \u00e0 Rabat accueille la nouvelle \u00e9dition de l\u2019exposition \u00ab&nbsp;Points de vue&nbsp;\u00bb depuis le 25 mai jusqu\u2019au 2 juillet 2024, r\u00e9unissant 17 photographes talentueux venant d\u2019horizons divers. Apr\u00e8s deux ans d\u2019absence, cet \u00e9v\u00e9nement artistique fait un retour en force, mettant en lumi\u00e8re les \u0153uvres de 17 artistes marocains et europ\u00e9ens, qu\u2019ils soient [&hellip;]\" \/>\n<meta property=\"og:url\" content=\"https:\/\/objectif-image.fr\/OI\/points-de-vue-exposition-collective\/\" \/>\n<meta property=\"og:site_name\" content=\"Objectif Image\" \/>\n<meta property=\"article:publisher\" content=\"https:\/\/www.facebook.com\/Objectif.mage\" \/>\n<meta property=\"article:published_time\" content=\"2024-06-10T07:45:14+00:00\" \/>\n<meta property=\"article:modified_time\" content=\"2024-06-10T07:45:16+00:00\" \/>\n<meta property=\"og:image\" content=\"https:\/\/objectif-image.fr\/OI\/wp-content\/uploads\/2024\/06\/WhatsApp-Image-2024-06-03-at-08.24.15-1536x1152-1.jpeg\" \/>\n\t<meta property=\"og:image:width\" content=\"1536\" \/>\n\t<meta property=\"og:image:height\" content=\"1152\" \/>\n\t<meta property=\"og:image:type\" content=\"image\/jpeg\" \/>\n<meta name=\"author\" content=\"Pierre S\" \/>\n<meta name=\"twitter:card\" content=\"summary_large_image\" \/>\n<meta name=\"twitter:label1\" content=\"\u00c9crit par\" \/>\n\t<meta name=\"twitter:data1\" content=\"Pierre S\" \/>\n<script type=\"application\/ld+json\" class=\"yoast-schema-graph\">{\"@context\":\"https:\\\/\\\/schema.org\",\"@graph\":[{\"@type\":\"Article\",\"@id\":\"https:\\\/\\\/objectif-image.fr\\\/OI\\\/points-de-vue-exposition-collective\\\/#article\",\"isPartOf\":{\"@id\":\"https:\\\/\\\/objectif-image.fr\\\/OI\\\/points-de-vue-exposition-collective\\\/\"},\"author\":{\"name\":\"Pierre S\",\"@id\":\"https:\\\/\\\/objectif-image.fr\\\/OI\\\/#\\\/schema\\\/person\\\/813c64cc2f0c70450ca653f2e80a6515\"},\"headline\":\"\u00ab\u00a0POINTS DE VUE\u00a0\u00bb &#8211; exposition collective\",\"datePublished\":\"2024-06-10T07:45:14+00:00\",\"dateModified\":\"2024-06-10T07:45:16+00:00\",\"mainEntityOfPage\":{\"@id\":\"https:\\\/\\\/objectif-image.fr\\\/OI\\\/points-de-vue-exposition-collective\\\/\"},\"wordCount\":89,\"commentCount\":0,\"publisher\":{\"@id\":\"https:\\\/\\\/objectif-image.fr\\\/OI\\\/#organization\"},\"image\":{\"@id\":\"https:\\\/\\\/objectif-image.fr\\\/OI\\\/points-de-vue-exposition-collective\\\/#primaryimage\"},\"thumbnailUrl\":\"https:\\\/\\\/objectif-image.fr\\\/OI\\\/wp-content\\\/uploads\\\/2024\\\/06\\\/WhatsApp-Image-2024-06-03-at-08.24.15-1536x1152-1.jpeg\",\"keywords\":[\"Objectif Image Bordeaux\"],\"articleSection\":[\"Divers\",\"exposition\"],\"inLanguage\":\"fr-FR\",\"potentialAction\":[{\"@type\":\"CommentAction\",\"name\":\"Comment\",\"target\":[\"https:\\\/\\\/objectif-image.fr\\\/OI\\\/points-de-vue-exposition-collective\\\/#respond\"]}]},{\"@type\":\"WebPage\",\"@id\":\"https:\\\/\\\/objectif-image.fr\\\/OI\\\/points-de-vue-exposition-collective\\\/\",\"url\":\"https:\\\/\\\/objectif-image.fr\\\/OI\\\/points-de-vue-exposition-collective\\\/\",\"name\":\"\u00ab\u00a0POINTS DE VUE\u00a0\u00bb - exposition collective - Objectif Image\",\"isPartOf\":{\"@id\":\"https:\\\/\\\/objectif-image.fr\\\/OI\\\/#website\"},\"primaryImageOfPage\":{\"@id\":\"https:\\\/\\\/objectif-image.fr\\\/OI\\\/points-de-vue-exposition-collective\\\/#primaryimage\"},\"image\":{\"@id\":\"https:\\\/\\\/objectif-image.fr\\\/OI\\\/points-de-vue-exposition-collective\\\/#primaryimage\"},\"thumbnailUrl\":\"https:\\\/\\\/objectif-image.fr\\\/OI\\\/wp-content\\\/uploads\\\/2024\\\/06\\\/WhatsApp-Image-2024-06-03-at-08.24.15-1536x1152-1.jpeg\",\"datePublished\":\"2024-06-10T07:45:14+00:00\",\"dateModified\":\"2024-06-10T07:45:16+00:00\",\"breadcrumb\":{\"@id\":\"https:\\\/\\\/objectif-image.fr\\\/OI\\\/points-de-vue-exposition-collective\\\/#breadcrumb\"},\"inLanguage\":\"fr-FR\",\"potentialAction\":[{\"@type\":\"ReadAction\",\"target\":[\"https:\\\/\\\/objectif-image.fr\\\/OI\\\/points-de-vue-exposition-collective\\\/\"]}]},{\"@type\":\"ImageObject\",\"inLanguage\":\"fr-FR\",\"@id\":\"https:\\\/\\\/objectif-image.fr\\\/OI\\\/points-de-vue-exposition-collective\\\/#primaryimage\",\"url\":\"https:\\\/\\\/objectif-image.fr\\\/OI\\\/wp-content\\\/uploads\\\/2024\\\/06\\\/WhatsApp-Image-2024-06-03-at-08.24.15-1536x1152-1.jpeg\",\"contentUrl\":\"https:\\\/\\\/objectif-image.fr\\\/OI\\\/wp-content\\\/uploads\\\/2024\\\/06\\\/WhatsApp-Image-2024-06-03-at-08.24.15-1536x1152-1.jpeg\",\"width\":1536,\"height\":1152},{\"@type\":\"BreadcrumbList\",\"@id\":\"https:\\\/\\\/objectif-image.fr\\\/OI\\\/points-de-vue-exposition-collective\\\/#breadcrumb\",\"itemListElement\":[{\"@type\":\"ListItem\",\"position\":1,\"name\":\"Accueil\",\"item\":\"https:\\\/\\\/objectif-image.fr\\\/OI\\\/\"},{\"@type\":\"ListItem\",\"position\":2,\"name\":\"\u00ab\u00a0POINTS DE VUE\u00a0\u00bb &#8211; exposition collective\"}]},{\"@type\":\"WebSite\",\"@id\":\"https:\\\/\\\/objectif-image.fr\\\/OI\\\/#website\",\"url\":\"https:\\\/\\\/objectif-image.fr\\\/OI\\\/\",\"name\":\"Objectif Image\",\"description\":\"Objectif Image\",\"publisher\":{\"@id\":\"https:\\\/\\\/objectif-image.fr\\\/OI\\\/#organization\"},\"potentialAction\":[{\"@type\":\"SearchAction\",\"target\":{\"@type\":\"EntryPoint\",\"urlTemplate\":\"https:\\\/\\\/objectif-image.fr\\\/OI\\\/?s={search_term_string}\"},\"query-input\":{\"@type\":\"PropertyValueSpecification\",\"valueRequired\":true,\"valueName\":\"search_term_string\"}}],\"inLanguage\":\"fr-FR\"},{\"@type\":\"Organization\",\"@id\":\"https:\\\/\\\/objectif-image.fr\\\/OI\\\/#organization\",\"name\":\"Objectif Image\",\"url\":\"https:\\\/\\\/objectif-image.fr\\\/OI\\\/\",\"logo\":{\"@type\":\"ImageObject\",\"inLanguage\":\"fr-FR\",\"@id\":\"https:\\\/\\\/objectif-image.fr\\\/OI\\\/#\\\/schema\\\/logo\\\/image\\\/\",\"url\":\"https:\\\/\\\/objectif-image.fr\\\/OI\\\/wp-content\\\/uploads\\\/2019\\\/02\\\/logo-OI-NATIONAL-rouge-2000px.jpg\",\"contentUrl\":\"https:\\\/\\\/objectif-image.fr\\\/OI\\\/wp-content\\\/uploads\\\/2019\\\/02\\\/logo-OI-NATIONAL-rouge-2000px.jpg\",\"width\":1081,\"height\":1024,\"caption\":\"Objectif Image\"},\"image\":{\"@id\":\"https:\\\/\\\/objectif-image.fr\\\/OI\\\/#\\\/schema\\\/logo\\\/image\\\/\"},\"sameAs\":[\"https:\\\/\\\/www.facebook.com\\\/Objectif.mage\"]},{\"@type\":\"Person\",\"@id\":\"https:\\\/\\\/objectif-image.fr\\\/OI\\\/#\\\/schema\\\/person\\\/813c64cc2f0c70450ca653f2e80a6515\",\"name\":\"Pierre S\",\"image\":{\"@type\":\"ImageObject\",\"inLanguage\":\"fr-FR\",\"@id\":\"https:\\\/\\\/secure.gravatar.com\\\/avatar\\\/6d1df1cb0bf58ef7d330b8910acfe62e7fbc0c2138564189224f85869b953674?s=96&d=mm&r=g\",\"url\":\"https:\\\/\\\/secure.gravatar.com\\\/avatar\\\/6d1df1cb0bf58ef7d330b8910acfe62e7fbc0c2138564189224f85869b953674?s=96&d=mm&r=g\",\"contentUrl\":\"https:\\\/\\\/secure.gravatar.com\\\/avatar\\\/6d1df1cb0bf58ef7d330b8910acfe62e7fbc0c2138564189224f85869b953674?s=96&d=mm&r=g\",\"caption\":\"Pierre S\"},\"url\":\"https:\\\/\\\/objectif-image.fr\\\/OI\\\/author\\\/pierres-2-2\\\/\"}]}<\/script>\n<!-- \/ Yoast SEO plugin. -->","yoast_head_json":{"title":"\u00ab\u00a0POINTS DE VUE\u00a0\u00bb - exposition collective - Objectif Image","robots":{"index":"index","follow":"follow","max-snippet":"max-snippet:-1","max-image-preview":"max-image-preview:large","max-video-preview":"max-video-preview:-1"},"canonical":"https:\/\/objectif-image.fr\/OI\/points-de-vue-exposition-collective\/","og_locale":"fr_FR","og_type":"article","og_title":"\u00ab\u00a0POINTS DE VUE\u00a0\u00bb - exposition collective - Objectif Image","og_description":"La galerie Abla Ababou \u00e0 Rabat accueille la nouvelle \u00e9dition de l\u2019exposition \u00ab&nbsp;Points de vue&nbsp;\u00bb depuis le 25 mai jusqu\u2019au 2 juillet 2024, r\u00e9unissant 17 photographes talentueux venant d\u2019horizons divers. Apr\u00e8s deux ans d\u2019absence, cet \u00e9v\u00e9nement artistique fait un retour en force, mettant en lumi\u00e8re les \u0153uvres de 17 artistes marocains et europ\u00e9ens, qu\u2019ils soient [&hellip;]","og_url":"https:\/\/objectif-image.fr\/OI\/points-de-vue-exposition-collective\/","og_site_name":"Objectif Image","article_publisher":"https:\/\/www.facebook.com\/Objectif.mage","article_published_time":"2024-06-10T07:45:14+00:00","article_modified_time":"2024-06-10T07:45:16+00:00","og_image":[{"width":1536,"height":1152,"url":"https:\/\/objectif-image.fr\/OI\/wp-content\/uploads\/2024\/06\/WhatsApp-Image-2024-06-03-at-08.24.15-1536x1152-1.jpeg","type":"image\/jpeg"}],"author":"Pierre S","twitter_card":"summary_large_image","twitter_misc":{"\u00c9crit par":"Pierre S"},"schema":{"@context":"https:\/\/schema.org","@graph":[{"@type":"Article","@id":"https:\/\/objectif-image.fr\/OI\/points-de-vue-exposition-collective\/#article","isPartOf":{"@id":"https:\/\/objectif-image.fr\/OI\/points-de-vue-exposition-collective\/"},"author":{"name":"Pierre S","@id":"https:\/\/objectif-image.fr\/OI\/#\/schema\/person\/813c64cc2f0c70450ca653f2e80a6515"},"headline":"\u00ab\u00a0POINTS DE VUE\u00a0\u00bb &#8211; exposition collective","datePublished":"2024-06-10T07:45:14+00:00","dateModified":"2024-06-10T07:45:16+00:00","mainEntityOfPage":{"@id":"https:\/\/objectif-image.fr\/OI\/points-de-vue-exposition-collective\/"},"wordCount":89,"commentCount":0,"publisher":{"@id":"https:\/\/objectif-image.fr\/OI\/#organization"},"image":{"@id":"https:\/\/objectif-image.fr\/OI\/points-de-vue-exposition-collective\/#primaryimage"},"thumbnailUrl":"https:\/\/objectif-image.fr\/OI\/wp-content\/uploads\/2024\/06\/WhatsApp-Image-2024-06-03-at-08.24.15-1536x1152-1.jpeg","keywords":["Objectif Image Bordeaux"],"articleSection":["Divers","exposition"],"inLanguage":"fr-FR","potentialAction":[{"@type":"CommentAction","name":"Comment","target":["https:\/\/objectif-image.fr\/OI\/points-de-vue-exposition-collective\/#respond"]}]},{"@type":"WebPage","@id":"https:\/\/objectif-image.fr\/OI\/points-de-vue-exposition-collective\/","url":"https:\/\/objectif-image.fr\/OI\/points-de-vue-exposition-collective\/","name":"\u00ab\u00a0POINTS DE VUE\u00a0\u00bb - exposition collective - Objectif Image","isPartOf":{"@id":"https:\/\/objectif-image.fr\/OI\/#website"},"primaryImageOfPage":{"@id":"https:\/\/objectif-image.fr\/OI\/points-de-vue-exposition-collective\/#primaryimage"},"image":{"@id":"https:\/\/objectif-image.fr\/OI\/points-de-vue-exposition-collective\/#primaryimage"},"thumbnailUrl":"https:\/\/objectif-image.fr\/OI\/wp-content\/uploads\/2024\/06\/WhatsApp-Image-2024-06-03-at-08.24.15-1536x1152-1.jpeg","datePublished":"2024-06-10T07:45:14+00:00","dateModified":"2024-06-10T07:45:16+00:00","breadcrumb":{"@id":"https:\/\/objectif-image.fr\/OI\/points-de-vue-exposition-collective\/#breadcrumb"},"inLanguage":"fr-FR","potentialAction":[{"@type":"ReadAction","target":["https:\/\/objectif-image.fr\/OI\/points-de-vue-exposition-collective\/"]}]},{"@type":"ImageObject","inLanguage":"fr-FR","@id":"https:\/\/objectif-image.fr\/OI\/points-de-vue-exposition-collective\/#primaryimage","url":"https:\/\/objectif-image.fr\/OI\/wp-content\/uploads\/2024\/06\/WhatsApp-Image-2024-06-03-at-08.24.15-1536x1152-1.jpeg","contentUrl":"https:\/\/objectif-image.fr\/OI\/wp-content\/uploads\/2024\/06\/WhatsApp-Image-2024-06-03-at-08.24.15-1536x1152-1.jpeg","width":1536,"height":1152},{"@type":"BreadcrumbList","@id":"https:\/\/objectif-image.fr\/OI\/points-de-vue-exposition-collective\/#breadcrumb","itemListElement":[{"@type":"ListItem","position":1,"name":"Accueil","item":"https:\/\/objectif-image.fr\/OI\/"},{"@type":"ListItem","position":2,"name":"\u00ab\u00a0POINTS DE VUE\u00a0\u00bb &#8211; exposition collective"}]},{"@type":"WebSite","@id":"https:\/\/objectif-image.fr\/OI\/#website","url":"https:\/\/objectif-image.fr\/OI\/","name":"Objectif Image","description":"Objectif Image","publisher":{"@id":"https:\/\/objectif-image.fr\/OI\/#organization"},"potentialAction":[{"@type":"SearchAction","target":{"@type":"EntryPoint","urlTemplate":"https:\/\/objectif-image.fr\/OI\/?s={search_term_string}"},"query-input":{"@type":"PropertyValueSpecification","valueRequired":true,"valueName":"search_term_string"}}],"inLanguage":"fr-FR"},{"@type":"Organization","@id":"https:\/\/objectif-image.fr\/OI\/#organization","name":"Objectif Image","url":"https:\/\/objectif-image.fr\/OI\/","logo":{"@type":"ImageObject","inLanguage":"fr-FR","@id":"https:\/\/objectif-image.fr\/OI\/#\/schema\/logo\/image\/","url":"https:\/\/objectif-image.fr\/OI\/wp-content\/uploads\/2019\/02\/logo-OI-NATIONAL-rouge-2000px.jpg","contentUrl":"https:\/\/objectif-image.fr\/OI\/wp-content\/uploads\/2019\/02\/logo-OI-NATIONAL-rouge-2000px.jpg","width":1081,"height":1024,"caption":"Objectif Image"},"image":{"@id":"https:\/\/objectif-image.fr\/OI\/#\/schema\/logo\/image\/"},"sameAs":["https:\/\/www.facebook.com\/Objectif.mage"]},{"@type":"Person","@id":"https:\/\/objectif-image.fr\/OI\/#\/schema\/person\/813c64cc2f0c70450ca653f2e80a6515","name":"Pierre S","image":{"@type":"ImageObject","inLanguage":"fr-FR","@id":"https:\/\/secure.gravatar.com\/avatar\/6d1df1cb0bf58ef7d330b8910acfe62e7fbc0c2138564189224f85869b953674?s=96&d=mm&r=g","url":"https:\/\/secure.gravatar.com\/avatar\/6d1df1cb0bf58ef7d330b8910acfe62e7fbc0c2138564189224f85869b953674?s=96&d=mm&r=g","contentUrl":"https:\/\/secure.gravatar.com\/avatar\/6d1df1cb0bf58ef7d330b8910acfe62e7fbc0c2138564189224f85869b953674?s=96&d=mm&r=g","caption":"Pierre S"},"url":"https:\/\/objectif-image.fr\/OI\/author\/pierres-2-2\/"}]}},"_links":{"self":[{"href":"https:\/\/objectif-image.fr\/OI\/wp-json\/wp\/v2\/posts\/53565","targetHints":{"allow":["GET"]}}],"collection":[{"href":"https:\/\/objectif-image.fr\/OI\/wp-json\/wp\/v2\/posts"}],"about":[{"href":"https:\/\/objectif-image.fr\/OI\/wp-json\/wp\/v2\/types\/post"}],"author":[{"embeddable":true,"href":"https:\/\/objectif-image.fr\/OI\/wp-json\/wp\/v2\/users\/3"}],"replies":[{"embeddable":true,"href":"https:\/\/objectif-image.fr\/OI\/wp-json\/wp\/v2\/comments?post=53565"}],"version-history":[{"count":0,"href":"https:\/\/objectif-image.fr\/OI\/wp-json\/wp\/v2\/posts\/53565\/revisions"}],"wp:featuredmedia":[{"embeddable":true,"href":"https:\/\/objectif-image.fr\/OI\/wp-json\/wp\/v2\/media\/53570"}],"wp:attachment":[{"href":"https:\/\/objectif-image.fr\/OI\/wp-json\/wp\/v2\/media?parent=53565"}],"wp:term":[{"taxonomy":"category","embeddable":true,"href":"https:\/\/objectif-image.fr\/OI\/wp-json\/wp\/v2\/categories?post=53565"},{"taxonomy":"post_tag","embeddable":true,"href":"https:\/\/objectif-image.fr\/OI\/wp-json\/wp\/v2\/tags?post=53565"}],"curies":[{"name":"wp","href":"https:\/\/api.w.org\/{rel}","templated":true}]}}