{"id":55492,"date":"2024-11-23T08:27:54","date_gmt":"2024-11-23T07:27:54","guid":{"rendered":"https:\/\/objectif-image.fr\/OI\/?p=55492"},"modified":"2024-11-23T10:44:30","modified_gmt":"2024-11-23T09:44:30","slug":"kathie-arresteilles-laureate-du-prix-gilbert-betoux-2024","status":"publish","type":"post","link":"https:\/\/objectif-image.fr\/OI\/kathie-arresteilles-laureate-du-prix-gilbert-betoux-2024\/","title":{"rendered":"Kathie ARRESTEILLES  laur\u00e9ate du prix Gilbert Betoux 2024"},"content":{"rendered":"\n<p><\/p>\n\n\n\n<p class=\"has-black-color has-text-color has-background has-link-color wp-elements-f34af3d68865bdda917257ac3e773bc4\" style=\"background-color:#8dd2fc2e;font-size:clamp(16.293px, 1.018rem + ((1vw - 3.2px) * 0.67), 25px);\"><em><strong>Depuis 1986, Objectif Image r\u00e9compense un photographe \u00e0 travers le \u00ab&nbsp;Prix Gilbert Betoux&nbsp;\u00bb, en hommage \u00e0 notre pr\u00e9sident fondateur.<\/strong><\/em><\/p>\n\n\n\n<p class=\"has-black-color has-text-color has-link-color wp-elements-fe759656ed24fc7ec61a273b7b5d7596\" style=\"font-size:clamp(16.293px, 1.018rem + ((1vw - 3.2px) * 0.67), 25px);\">Cette ann\u00e9e le jury, compos\u00e9 de BELLEC &#8211; Thibault GODET &#8211; Herv\u00e9 CAFOURNET, a choisi la s\u00e9rie intitul\u00e9e <em>\u00ab\u00a0Surfaces Sensibles\u00a0\u00bb<\/em> de <strong>Kathie ARRESTEILLES<\/strong> d&rsquo;Objectif Image Bordeaux et lui a attribu\u00e9 le prix Gilbert Betoux 2024.<\/p>\n\n\n\n<p class=\"has-text-align-center has-text-color has-link-color wp-elements-61439b5970b3fadf167a8649eee2d203\" style=\"color:#046fae;font-size:clamp(18.434px, 1.152rem + ((1vw - 3.2px) * 0.813), 29px);\"><strong>Kathie ARRESTEILLES &#8211; \u00ab\u00a0Surfaces Sensibles\u00a0\u00bb<\/strong><\/p>\n\n\n\n<p class=\"has-black-color has-text-color has-link-color has-medium-font-size wp-elements-9f9af1b4c7b3aa9174f9b8e56d0fe217\"><em>Comme la pratique \u00e9ducative elle m\u00eame, cette proposition est port\u00e9e par un engagement militant : rendre visible et sensible la sp\u00e9cificit\u00e9 du travail \u00e9ducatif, ce qui fait la vie dans les diff\u00e9rents lieux d\u2019accueil&nbsp;; des liens, des rencontres, rien de grandiose mais des moments parfois heureux<\/em>, <em>des instants de gr\u00e2ce inscrits dans le respect d\u2019une attitude professionnelle \u00e9labor\u00e9e et questionn\u00e9e.<\/em><\/p>\n\n\n\n<figure class=\"wp-block-image aligncenter size-large\"><img loading=\"lazy\" decoding=\"async\" width=\"1024\" height=\"685\" src=\"https:\/\/objectif-image.fr\/OI\/wp-content\/uploads\/2024\/11\/ARRESTEILLES_Kathie_IDB-16_1-1024x685.jpg\" alt=\"\" class=\"wp-image-55493\" srcset=\"https:\/\/objectif-image.fr\/OI\/wp-content\/uploads\/2024\/11\/ARRESTEILLES_Kathie_IDB-16_1-1024x685.jpg 1024w, https:\/\/objectif-image.fr\/OI\/wp-content\/uploads\/2024\/11\/ARRESTEILLES_Kathie_IDB-16_1-scaled-400x268.jpg 400w, https:\/\/objectif-image.fr\/OI\/wp-content\/uploads\/2024\/11\/ARRESTEILLES_Kathie_IDB-16_1-300x201.jpg 300w, https:\/\/objectif-image.fr\/OI\/wp-content\/uploads\/2024\/11\/ARRESTEILLES_Kathie_IDB-16_1-150x100.jpg 150w, https:\/\/objectif-image.fr\/OI\/wp-content\/uploads\/2024\/11\/ARRESTEILLES_Kathie_IDB-16_1-768x514.jpg 768w, https:\/\/objectif-image.fr\/OI\/wp-content\/uploads\/2024\/11\/ARRESTEILLES_Kathie_IDB-16_1-1536x1027.jpg 1536w, https:\/\/objectif-image.fr\/OI\/wp-content\/uploads\/2024\/11\/ARRESTEILLES_Kathie_IDB-16_1-2048x1370.jpg 2048w, https:\/\/objectif-image.fr\/OI\/wp-content\/uploads\/2024\/11\/ARRESTEILLES_Kathie_IDB-16_1-100x67.jpg 100w, https:\/\/objectif-image.fr\/OI\/wp-content\/uploads\/2024\/11\/ARRESTEILLES_Kathie_IDB-16_1-1320x883.jpg 1320w\" sizes=\"auto, (max-width: 1024px) 100vw, 1024px\" \/><figcaption class=\"wp-element-caption\"><em>\u00a9<\/em> Kathie Arresteilles &#8211; Surfaces Sensibles<\/figcaption><\/figure>\n\n\n\n<p><\/p>\n\n\n\n<figure class=\"wp-block-image aligncenter size-large\"><img loading=\"lazy\" decoding=\"async\" width=\"1024\" height=\"685\" src=\"https:\/\/objectif-image.fr\/OI\/wp-content\/uploads\/2024\/11\/ARRESTEILLES_Kathie_IDB-10_1-1024x685.jpg\" alt=\"\" class=\"wp-image-55494\" srcset=\"https:\/\/objectif-image.fr\/OI\/wp-content\/uploads\/2024\/11\/ARRESTEILLES_Kathie_IDB-10_1-1024x685.jpg 1024w, https:\/\/objectif-image.fr\/OI\/wp-content\/uploads\/2024\/11\/ARRESTEILLES_Kathie_IDB-10_1-scaled-400x268.jpg 400w, https:\/\/objectif-image.fr\/OI\/wp-content\/uploads\/2024\/11\/ARRESTEILLES_Kathie_IDB-10_1-300x201.jpg 300w, https:\/\/objectif-image.fr\/OI\/wp-content\/uploads\/2024\/11\/ARRESTEILLES_Kathie_IDB-10_1-150x100.jpg 150w, https:\/\/objectif-image.fr\/OI\/wp-content\/uploads\/2024\/11\/ARRESTEILLES_Kathie_IDB-10_1-768x514.jpg 768w, https:\/\/objectif-image.fr\/OI\/wp-content\/uploads\/2024\/11\/ARRESTEILLES_Kathie_IDB-10_1-1536x1028.jpg 1536w, https:\/\/objectif-image.fr\/OI\/wp-content\/uploads\/2024\/11\/ARRESTEILLES_Kathie_IDB-10_1-2048x1370.jpg 2048w, https:\/\/objectif-image.fr\/OI\/wp-content\/uploads\/2024\/11\/ARRESTEILLES_Kathie_IDB-10_1-100x67.jpg 100w, https:\/\/objectif-image.fr\/OI\/wp-content\/uploads\/2024\/11\/ARRESTEILLES_Kathie_IDB-10_1-1320x883.jpg 1320w\" sizes=\"auto, (max-width: 1024px) 100vw, 1024px\" \/><figcaption class=\"wp-element-caption\"><em>\u00a9<\/em> Kathie Arresteilles &#8211; Surfaces Sensibles<\/figcaption><\/figure>\n\n\n\n<p class=\"has-black-color has-text-color has-link-color wp-elements-b6ddadbfcb845beb19903891bf731d5a\" style=\"font-size:clamp(15.747px, 0.984rem + ((1vw - 3.2px) * 0.635), 24px);\"><\/p>\n\n\n\n<p class=\"has-black-color has-text-color has-link-color wp-elements-8d4c0cc26a3347fd1731613c336724f9\" style=\"font-size:clamp(16.834px, 1.052rem + ((1vw - 3.2px) * 0.705), 26px);\"><strong>Jury:<\/strong><\/p>\n\n\n\n<ul class=\"wp-block-list\">\n<li style=\"font-size:clamp(15.747px, 0.984rem + ((1vw - 3.2px) * 0.635), 24px);\"><strong>Thibaut GODET<\/strong> : R\u00e9dacteur en chef du magazine \u00ab\u00a0R\u00e9ponses Photo\u00a0\u00bb<\/li>\n\n\n\n<li style=\"font-size:clamp(15.747px, 0.984rem + ((1vw - 3.2px) * 0.635), 24px);\"><strong>Herv\u00e9 CAFOURNET<\/strong> : Photographe et journaliste \u00e0 \u00ab\u00a0Comp\u00e9tence Photo\u00a0\u00bb<\/li>\n\n\n\n<li style=\"font-size:clamp(15.747px, 0.984rem + ((1vw - 3.2px) * 0.635), 24px);\"><strong>BELLEC<\/strong> : Photographe et galeriste \u00e0 la \u00ab\u00a0galerie des photographes\u00a0\u00bb (Paris 11\u00e8me)<\/li>\n<\/ul>\n\n\n\n<figure class=\"wp-block-image aligncenter size-large is-resized\"><img loading=\"lazy\" decoding=\"async\" width=\"768\" height=\"1024\" src=\"https:\/\/objectif-image.fr\/OI\/wp-content\/uploads\/2024\/11\/466923213_1129030229224475_5689551414156867095_n-768x1024.jpg\" alt=\"\" class=\"wp-image-55481\" style=\"width:552px;height:auto\" srcset=\"https:\/\/objectif-image.fr\/OI\/wp-content\/uploads\/2024\/11\/466923213_1129030229224475_5689551414156867095_n-768x1024.jpg 768w, https:\/\/objectif-image.fr\/OI\/wp-content\/uploads\/2024\/11\/466923213_1129030229224475_5689551414156867095_n-400x533.jpg 400w, https:\/\/objectif-image.fr\/OI\/wp-content\/uploads\/2024\/11\/466923213_1129030229224475_5689551414156867095_n-225x300.jpg 225w, https:\/\/objectif-image.fr\/OI\/wp-content\/uploads\/2024\/11\/466923213_1129030229224475_5689551414156867095_n-113x150.jpg 113w, https:\/\/objectif-image.fr\/OI\/wp-content\/uploads\/2024\/11\/466923213_1129030229224475_5689551414156867095_n-1152x1536.jpg 1152w, https:\/\/objectif-image.fr\/OI\/wp-content\/uploads\/2024\/11\/466923213_1129030229224475_5689551414156867095_n-75x100.jpg 75w, https:\/\/objectif-image.fr\/OI\/wp-content\/uploads\/2024\/11\/466923213_1129030229224475_5689551414156867095_n-1320x1760.jpg 1320w, https:\/\/objectif-image.fr\/OI\/wp-content\/uploads\/2024\/11\/466923213_1129030229224475_5689551414156867095_n.jpg 1500w\" sizes=\"auto, (max-width: 768px) 100vw, 768px\" \/><\/figure>\n\n\n\n<p class=\"has-black-color has-text-color has-link-color wp-elements-61af4b2897de66f620c7be692d7c4b54\" style=\"font-size:clamp(16.293px, 1.018rem + ((1vw - 3.2px) * 0.67), 25px);\">Le jury a \u00e9galement remarqu\u00e9 les dossiers :<\/p>\n\n\n\n<p class=\"has-black-color has-text-color has-link-color wp-elements-13b0623e35ea5aa951690811d45795aa\" style=\"font-size:clamp(16.293px, 1.018rem + ((1vw - 3.2px) * 0.67), 25px);\"><em>\u00ab\u00a0D\u00e9dale\u00a0\u00bb<\/em> de Alain Morel &#8211; Objectif Image Caen<\/p>\n\n\n\n<p class=\"has-black-color has-text-color has-link-color wp-elements-5c3ab58ffec53acfb039596561f919e0\" style=\"font-size:clamp(16.293px, 1.018rem + ((1vw - 3.2px) * 0.67), 25px);\"><em>\u00ab\u00a0Carnivale\u00a0\u00bb<\/em> de Serge Radiu &#8211; Objectif Image Montpellier<\/p>\n\n\n\n<figure class=\"wp-block-gallery has-nested-images columns-2 is-cropped wp-block-gallery-2 is-layout-flex wp-block-gallery-is-layout-flex\">\n<figure class=\"wp-block-image size-large\"><img loading=\"lazy\" decoding=\"async\" width=\"1024\" height=\"768\" data-id=\"55498\" src=\"https:\/\/objectif-image.fr\/OI\/wp-content\/uploads\/2024\/11\/467231238_1128936035900561_894262950183699835_n-1024x768.jpg\" alt=\"\" class=\"wp-image-55498\" srcset=\"https:\/\/objectif-image.fr\/OI\/wp-content\/uploads\/2024\/11\/467231238_1128936035900561_894262950183699835_n-1024x768.jpg 1024w, https:\/\/objectif-image.fr\/OI\/wp-content\/uploads\/2024\/11\/467231238_1128936035900561_894262950183699835_n-400x300.jpg 400w, https:\/\/objectif-image.fr\/OI\/wp-content\/uploads\/2024\/11\/467231238_1128936035900561_894262950183699835_n-300x225.jpg 300w, https:\/\/objectif-image.fr\/OI\/wp-content\/uploads\/2024\/11\/467231238_1128936035900561_894262950183699835_n-150x113.jpg 150w, https:\/\/objectif-image.fr\/OI\/wp-content\/uploads\/2024\/11\/467231238_1128936035900561_894262950183699835_n-768x576.jpg 768w, https:\/\/objectif-image.fr\/OI\/wp-content\/uploads\/2024\/11\/467231238_1128936035900561_894262950183699835_n-1536x1152.jpg 1536w, https:\/\/objectif-image.fr\/OI\/wp-content\/uploads\/2024\/11\/467231238_1128936035900561_894262950183699835_n-100x75.jpg 100w, https:\/\/objectif-image.fr\/OI\/wp-content\/uploads\/2024\/11\/467231238_1128936035900561_894262950183699835_n-1320x990.jpg 1320w, https:\/\/objectif-image.fr\/OI\/wp-content\/uploads\/2024\/11\/467231238_1128936035900561_894262950183699835_n.jpg 1600w\" sizes=\"auto, (max-width: 1024px) 100vw, 1024px\" \/><\/figure>\n\n\n\n<figure class=\"wp-block-image size-large\"><img loading=\"lazy\" decoding=\"async\" width=\"1024\" height=\"768\" data-id=\"55497\" src=\"https:\/\/objectif-image.fr\/OI\/wp-content\/uploads\/2024\/11\/467218998_1128935915900573_7367292515532438791_n-1024x768.jpg\" alt=\"\" class=\"wp-image-55497\" srcset=\"https:\/\/objectif-image.fr\/OI\/wp-content\/uploads\/2024\/11\/467218998_1128935915900573_7367292515532438791_n-1024x768.jpg 1024w, https:\/\/objectif-image.fr\/OI\/wp-content\/uploads\/2024\/11\/467218998_1128935915900573_7367292515532438791_n-400x300.jpg 400w, https:\/\/objectif-image.fr\/OI\/wp-content\/uploads\/2024\/11\/467218998_1128935915900573_7367292515532438791_n-300x225.jpg 300w, https:\/\/objectif-image.fr\/OI\/wp-content\/uploads\/2024\/11\/467218998_1128935915900573_7367292515532438791_n-150x113.jpg 150w, https:\/\/objectif-image.fr\/OI\/wp-content\/uploads\/2024\/11\/467218998_1128935915900573_7367292515532438791_n-768x576.jpg 768w, https:\/\/objectif-image.fr\/OI\/wp-content\/uploads\/2024\/11\/467218998_1128935915900573_7367292515532438791_n-1536x1152.jpg 1536w, https:\/\/objectif-image.fr\/OI\/wp-content\/uploads\/2024\/11\/467218998_1128935915900573_7367292515532438791_n-100x75.jpg 100w, https:\/\/objectif-image.fr\/OI\/wp-content\/uploads\/2024\/11\/467218998_1128935915900573_7367292515532438791_n-1320x990.jpg 1320w, https:\/\/objectif-image.fr\/OI\/wp-content\/uploads\/2024\/11\/467218998_1128935915900573_7367292515532438791_n.jpg 2000w\" sizes=\"auto, (max-width: 1024px) 100vw, 1024px\" \/><\/figure>\n\n\n\n<figure class=\"wp-block-image size-large\"><img loading=\"lazy\" decoding=\"async\" width=\"1024\" height=\"1024\" data-id=\"55496\" src=\"https:\/\/objectif-image.fr\/OI\/wp-content\/uploads\/2024\/11\/466800516_1128935595900605_3620180861984767527_n-1024x1024.jpg\" alt=\"\" class=\"wp-image-55496\" srcset=\"https:\/\/objectif-image.fr\/OI\/wp-content\/uploads\/2024\/11\/466800516_1128935595900605_3620180861984767527_n-1024x1024.jpg 1024w, https:\/\/objectif-image.fr\/OI\/wp-content\/uploads\/2024\/11\/466800516_1128935595900605_3620180861984767527_n-100x100.jpg 100w, https:\/\/objectif-image.fr\/OI\/wp-content\/uploads\/2024\/11\/466800516_1128935595900605_3620180861984767527_n-400x400.jpg 400w, https:\/\/objectif-image.fr\/OI\/wp-content\/uploads\/2024\/11\/466800516_1128935595900605_3620180861984767527_n-300x300.jpg 300w, https:\/\/objectif-image.fr\/OI\/wp-content\/uploads\/2024\/11\/466800516_1128935595900605_3620180861984767527_n-150x150.jpg 150w, https:\/\/objectif-image.fr\/OI\/wp-content\/uploads\/2024\/11\/466800516_1128935595900605_3620180861984767527_n-768x768.jpg 768w, https:\/\/objectif-image.fr\/OI\/wp-content\/uploads\/2024\/11\/466800516_1128935595900605_3620180861984767527_n-1536x1536.jpg 1536w, https:\/\/objectif-image.fr\/OI\/wp-content\/uploads\/2024\/11\/466800516_1128935595900605_3620180861984767527_n-80x80.jpg 80w, https:\/\/objectif-image.fr\/OI\/wp-content\/uploads\/2024\/11\/466800516_1128935595900605_3620180861984767527_n-320x320.jpg 320w, https:\/\/objectif-image.fr\/OI\/wp-content\/uploads\/2024\/11\/466800516_1128935595900605_3620180861984767527_n-1320x1320.jpg 1320w, https:\/\/objectif-image.fr\/OI\/wp-content\/uploads\/2024\/11\/466800516_1128935595900605_3620180861984767527_n.jpg 2048w\" sizes=\"auto, (max-width: 1024px) 100vw, 1024px\" \/><\/figure>\n\n\n\n<figure class=\"wp-block-image size-large\"><img loading=\"lazy\" decoding=\"async\" width=\"1024\" height=\"1024\" data-id=\"55499\" src=\"https:\/\/objectif-image.fr\/OI\/wp-content\/uploads\/2024\/11\/466733409_1128934895900675_4789520835018136141_n-1024x1024.jpg\" alt=\"\" class=\"wp-image-55499\" srcset=\"https:\/\/objectif-image.fr\/OI\/wp-content\/uploads\/2024\/11\/466733409_1128934895900675_4789520835018136141_n-1024x1024.jpg 1024w, https:\/\/objectif-image.fr\/OI\/wp-content\/uploads\/2024\/11\/466733409_1128934895900675_4789520835018136141_n-100x100.jpg 100w, https:\/\/objectif-image.fr\/OI\/wp-content\/uploads\/2024\/11\/466733409_1128934895900675_4789520835018136141_n-400x400.jpg 400w, https:\/\/objectif-image.fr\/OI\/wp-content\/uploads\/2024\/11\/466733409_1128934895900675_4789520835018136141_n-300x300.jpg 300w, https:\/\/objectif-image.fr\/OI\/wp-content\/uploads\/2024\/11\/466733409_1128934895900675_4789520835018136141_n-150x150.jpg 150w, https:\/\/objectif-image.fr\/OI\/wp-content\/uploads\/2024\/11\/466733409_1128934895900675_4789520835018136141_n-768x768.jpg 768w, https:\/\/objectif-image.fr\/OI\/wp-content\/uploads\/2024\/11\/466733409_1128934895900675_4789520835018136141_n-1536x1536.jpg 1536w, https:\/\/objectif-image.fr\/OI\/wp-content\/uploads\/2024\/11\/466733409_1128934895900675_4789520835018136141_n-80x80.jpg 80w, https:\/\/objectif-image.fr\/OI\/wp-content\/uploads\/2024\/11\/466733409_1128934895900675_4789520835018136141_n-320x320.jpg 320w, https:\/\/objectif-image.fr\/OI\/wp-content\/uploads\/2024\/11\/466733409_1128934895900675_4789520835018136141_n-1320x1320.jpg 1320w, https:\/\/objectif-image.fr\/OI\/wp-content\/uploads\/2024\/11\/466733409_1128934895900675_4789520835018136141_n.jpg 2048w\" sizes=\"auto, (max-width: 1024px) 100vw, 1024px\" \/><\/figure>\n<\/figure>\n","protected":false},"excerpt":{"rendered":"<p>Depuis 1986, Objectif Image r\u00e9compense un photographe \u00e0 travers le \u00ab&nbsp;Prix Gilbert Betoux&nbsp;\u00bb, en hommage \u00e0 notre pr\u00e9sident fondateur. Cette ann\u00e9e le jury, compos\u00e9 de BELLEC &#8211; Thibault GODET &#8211; Herv\u00e9 CAFOURNET, a choisi la s\u00e9rie intitul\u00e9e \u00ab\u00a0Surfaces Sensibles\u00a0\u00bb de Kathie ARRESTEILLES d&rsquo;Objectif Image Bordeaux et lui a attribu\u00e9 le prix Gilbert Betoux 2024. Kathie [&hellip;]<\/p>\n","protected":false},"author":3,"featured_media":55493,"comment_status":"open","ping_status":"open","sticky":false,"template":"","format":"standard","meta":{"_acf_changed":false,"footnotes":""},"categories":[27],"tags":[104],"class_list":["post-55492","post","type-post","status-publish","format-standard","has-post-thumbnail","hentry","category-prix-betoux","tag-objectif-image"],"acf":[],"yoast_head":"<!-- This site is optimized with the Yoast SEO plugin v27.5 - https:\/\/yoast.com\/product\/yoast-seo-wordpress\/ -->\n<title>Kathie ARRESTEILLES laur\u00e9ate du prix Gilbert Betoux 2024 - Objectif Image<\/title>\n<meta name=\"robots\" content=\"index, follow, max-snippet:-1, max-image-preview:large, max-video-preview:-1\" \/>\n<link rel=\"canonical\" href=\"https:\/\/objectif-image.fr\/OI\/kathie-arresteilles-laureate-du-prix-gilbert-betoux-2024\/\" \/>\n<meta property=\"og:locale\" content=\"fr_FR\" \/>\n<meta property=\"og:type\" content=\"article\" \/>\n<meta property=\"og:title\" content=\"Kathie ARRESTEILLES laur\u00e9ate du prix Gilbert Betoux 2024 - Objectif Image\" \/>\n<meta property=\"og:description\" content=\"Depuis 1986, Objectif Image r\u00e9compense un photographe \u00e0 travers le \u00ab&nbsp;Prix Gilbert Betoux&nbsp;\u00bb, en hommage \u00e0 notre pr\u00e9sident fondateur. Cette ann\u00e9e le jury, compos\u00e9 de BELLEC &#8211; Thibault GODET &#8211; Herv\u00e9 CAFOURNET, a choisi la s\u00e9rie intitul\u00e9e \u00ab\u00a0Surfaces Sensibles\u00a0\u00bb de Kathie ARRESTEILLES d&rsquo;Objectif Image Bordeaux et lui a attribu\u00e9 le prix Gilbert Betoux 2024. Kathie [&hellip;]\" \/>\n<meta property=\"og:url\" content=\"https:\/\/objectif-image.fr\/OI\/kathie-arresteilles-laureate-du-prix-gilbert-betoux-2024\/\" \/>\n<meta property=\"og:site_name\" content=\"Objectif Image\" \/>\n<meta property=\"article:publisher\" content=\"https:\/\/www.facebook.com\/Objectif.mage\" \/>\n<meta property=\"article:published_time\" content=\"2024-11-23T07:27:54+00:00\" \/>\n<meta property=\"article:modified_time\" content=\"2024-11-23T09:44:30+00:00\" \/>\n<meta property=\"og:image\" content=\"https:\/\/objectif-image.fr\/OI\/wp-content\/uploads\/2024\/11\/ARRESTEILLES_Kathie_IDB-16_1-scaled.jpg\" \/>\n\t<meta property=\"og:image:width\" content=\"2560\" \/>\n\t<meta property=\"og:image:height\" content=\"1712\" \/>\n\t<meta property=\"og:image:type\" content=\"image\/jpeg\" \/>\n<meta name=\"author\" content=\"Pierre S\" \/>\n<meta name=\"twitter:card\" content=\"summary_large_image\" \/>\n<meta name=\"twitter:label1\" content=\"\u00c9crit par\" \/>\n\t<meta name=\"twitter:data1\" content=\"Pierre S\" \/>\n\t<meta name=\"twitter:label2\" content=\"Dur\u00e9e de lecture estim\u00e9e\" \/>\n\t<meta name=\"twitter:data2\" content=\"1 minute\" \/>\n<script type=\"application\/ld+json\" class=\"yoast-schema-graph\">{\"@context\":\"https:\\\/\\\/schema.org\",\"@graph\":[{\"@type\":\"Article\",\"@id\":\"https:\\\/\\\/objectif-image.fr\\\/OI\\\/kathie-arresteilles-laureate-du-prix-gilbert-betoux-2024\\\/#article\",\"isPartOf\":{\"@id\":\"https:\\\/\\\/objectif-image.fr\\\/OI\\\/kathie-arresteilles-laureate-du-prix-gilbert-betoux-2024\\\/\"},\"author\":{\"name\":\"Pierre S\",\"@id\":\"https:\\\/\\\/objectif-image.fr\\\/OI\\\/#\\\/schema\\\/person\\\/813c64cc2f0c70450ca653f2e80a6515\"},\"headline\":\"Kathie ARRESTEILLES laur\u00e9ate du prix Gilbert Betoux 2024\",\"datePublished\":\"2024-11-23T07:27:54+00:00\",\"dateModified\":\"2024-11-23T09:44:30+00:00\",\"mainEntityOfPage\":{\"@id\":\"https:\\\/\\\/objectif-image.fr\\\/OI\\\/kathie-arresteilles-laureate-du-prix-gilbert-betoux-2024\\\/\"},\"wordCount\":204,\"commentCount\":0,\"publisher\":{\"@id\":\"https:\\\/\\\/objectif-image.fr\\\/OI\\\/#organization\"},\"image\":{\"@id\":\"https:\\\/\\\/objectif-image.fr\\\/OI\\\/kathie-arresteilles-laureate-du-prix-gilbert-betoux-2024\\\/#primaryimage\"},\"thumbnailUrl\":\"https:\\\/\\\/objectif-image.fr\\\/OI\\\/wp-content\\\/uploads\\\/2024\\\/11\\\/ARRESTEILLES_Kathie_IDB-16_1-scaled.jpg\",\"keywords\":[\"Objectif Image\"],\"articleSection\":[\"Prix Betoux\"],\"inLanguage\":\"fr-FR\",\"potentialAction\":[{\"@type\":\"CommentAction\",\"name\":\"Comment\",\"target\":[\"https:\\\/\\\/objectif-image.fr\\\/OI\\\/kathie-arresteilles-laureate-du-prix-gilbert-betoux-2024\\\/#respond\"]}]},{\"@type\":\"WebPage\",\"@id\":\"https:\\\/\\\/objectif-image.fr\\\/OI\\\/kathie-arresteilles-laureate-du-prix-gilbert-betoux-2024\\\/\",\"url\":\"https:\\\/\\\/objectif-image.fr\\\/OI\\\/kathie-arresteilles-laureate-du-prix-gilbert-betoux-2024\\\/\",\"name\":\"Kathie ARRESTEILLES laur\u00e9ate du prix Gilbert Betoux 2024 - Objectif Image\",\"isPartOf\":{\"@id\":\"https:\\\/\\\/objectif-image.fr\\\/OI\\\/#website\"},\"primaryImageOfPage\":{\"@id\":\"https:\\\/\\\/objectif-image.fr\\\/OI\\\/kathie-arresteilles-laureate-du-prix-gilbert-betoux-2024\\\/#primaryimage\"},\"image\":{\"@id\":\"https:\\\/\\\/objectif-image.fr\\\/OI\\\/kathie-arresteilles-laureate-du-prix-gilbert-betoux-2024\\\/#primaryimage\"},\"thumbnailUrl\":\"https:\\\/\\\/objectif-image.fr\\\/OI\\\/wp-content\\\/uploads\\\/2024\\\/11\\\/ARRESTEILLES_Kathie_IDB-16_1-scaled.jpg\",\"datePublished\":\"2024-11-23T07:27:54+00:00\",\"dateModified\":\"2024-11-23T09:44:30+00:00\",\"breadcrumb\":{\"@id\":\"https:\\\/\\\/objectif-image.fr\\\/OI\\\/kathie-arresteilles-laureate-du-prix-gilbert-betoux-2024\\\/#breadcrumb\"},\"inLanguage\":\"fr-FR\",\"potentialAction\":[{\"@type\":\"ReadAction\",\"target\":[\"https:\\\/\\\/objectif-image.fr\\\/OI\\\/kathie-arresteilles-laureate-du-prix-gilbert-betoux-2024\\\/\"]}]},{\"@type\":\"ImageObject\",\"inLanguage\":\"fr-FR\",\"@id\":\"https:\\\/\\\/objectif-image.fr\\\/OI\\\/kathie-arresteilles-laureate-du-prix-gilbert-betoux-2024\\\/#primaryimage\",\"url\":\"https:\\\/\\\/objectif-image.fr\\\/OI\\\/wp-content\\\/uploads\\\/2024\\\/11\\\/ARRESTEILLES_Kathie_IDB-16_1-scaled.jpg\",\"contentUrl\":\"https:\\\/\\\/objectif-image.fr\\\/OI\\\/wp-content\\\/uploads\\\/2024\\\/11\\\/ARRESTEILLES_Kathie_IDB-16_1-scaled.jpg\",\"width\":2560,\"height\":1712},{\"@type\":\"BreadcrumbList\",\"@id\":\"https:\\\/\\\/objectif-image.fr\\\/OI\\\/kathie-arresteilles-laureate-du-prix-gilbert-betoux-2024\\\/#breadcrumb\",\"itemListElement\":[{\"@type\":\"ListItem\",\"position\":1,\"name\":\"Accueil\",\"item\":\"https:\\\/\\\/objectif-image.fr\\\/OI\\\/\"},{\"@type\":\"ListItem\",\"position\":2,\"name\":\"Kathie ARRESTEILLES laur\u00e9ate du prix Gilbert Betoux 2024\"}]},{\"@type\":\"WebSite\",\"@id\":\"https:\\\/\\\/objectif-image.fr\\\/OI\\\/#website\",\"url\":\"https:\\\/\\\/objectif-image.fr\\\/OI\\\/\",\"name\":\"Objectif Image\",\"description\":\"Objectif Image\",\"publisher\":{\"@id\":\"https:\\\/\\\/objectif-image.fr\\\/OI\\\/#organization\"},\"potentialAction\":[{\"@type\":\"SearchAction\",\"target\":{\"@type\":\"EntryPoint\",\"urlTemplate\":\"https:\\\/\\\/objectif-image.fr\\\/OI\\\/?s={search_term_string}\"},\"query-input\":{\"@type\":\"PropertyValueSpecification\",\"valueRequired\":true,\"valueName\":\"search_term_string\"}}],\"inLanguage\":\"fr-FR\"},{\"@type\":\"Organization\",\"@id\":\"https:\\\/\\\/objectif-image.fr\\\/OI\\\/#organization\",\"name\":\"Objectif Image\",\"url\":\"https:\\\/\\\/objectif-image.fr\\\/OI\\\/\",\"logo\":{\"@type\":\"ImageObject\",\"inLanguage\":\"fr-FR\",\"@id\":\"https:\\\/\\\/objectif-image.fr\\\/OI\\\/#\\\/schema\\\/logo\\\/image\\\/\",\"url\":\"https:\\\/\\\/objectif-image.fr\\\/OI\\\/wp-content\\\/uploads\\\/2019\\\/02\\\/logo-OI-NATIONAL-rouge-2000px.jpg\",\"contentUrl\":\"https:\\\/\\\/objectif-image.fr\\\/OI\\\/wp-content\\\/uploads\\\/2019\\\/02\\\/logo-OI-NATIONAL-rouge-2000px.jpg\",\"width\":1081,\"height\":1024,\"caption\":\"Objectif Image\"},\"image\":{\"@id\":\"https:\\\/\\\/objectif-image.fr\\\/OI\\\/#\\\/schema\\\/logo\\\/image\\\/\"},\"sameAs\":[\"https:\\\/\\\/www.facebook.com\\\/Objectif.mage\"]},{\"@type\":\"Person\",\"@id\":\"https:\\\/\\\/objectif-image.fr\\\/OI\\\/#\\\/schema\\\/person\\\/813c64cc2f0c70450ca653f2e80a6515\",\"name\":\"Pierre S\",\"image\":{\"@type\":\"ImageObject\",\"inLanguage\":\"fr-FR\",\"@id\":\"https:\\\/\\\/secure.gravatar.com\\\/avatar\\\/6d1df1cb0bf58ef7d330b8910acfe62e7fbc0c2138564189224f85869b953674?s=96&d=mm&r=g\",\"url\":\"https:\\\/\\\/secure.gravatar.com\\\/avatar\\\/6d1df1cb0bf58ef7d330b8910acfe62e7fbc0c2138564189224f85869b953674?s=96&d=mm&r=g\",\"contentUrl\":\"https:\\\/\\\/secure.gravatar.com\\\/avatar\\\/6d1df1cb0bf58ef7d330b8910acfe62e7fbc0c2138564189224f85869b953674?s=96&d=mm&r=g\",\"caption\":\"Pierre S\"},\"url\":\"https:\\\/\\\/objectif-image.fr\\\/OI\\\/author\\\/pierres-2-2\\\/\"}]}<\/script>\n<!-- \/ Yoast SEO plugin. -->","yoast_head_json":{"title":"Kathie ARRESTEILLES laur\u00e9ate du prix Gilbert Betoux 2024 - Objectif Image","robots":{"index":"index","follow":"follow","max-snippet":"max-snippet:-1","max-image-preview":"max-image-preview:large","max-video-preview":"max-video-preview:-1"},"canonical":"https:\/\/objectif-image.fr\/OI\/kathie-arresteilles-laureate-du-prix-gilbert-betoux-2024\/","og_locale":"fr_FR","og_type":"article","og_title":"Kathie ARRESTEILLES laur\u00e9ate du prix Gilbert Betoux 2024 - Objectif Image","og_description":"Depuis 1986, Objectif Image r\u00e9compense un photographe \u00e0 travers le \u00ab&nbsp;Prix Gilbert Betoux&nbsp;\u00bb, en hommage \u00e0 notre pr\u00e9sident fondateur. Cette ann\u00e9e le jury, compos\u00e9 de BELLEC &#8211; Thibault GODET &#8211; Herv\u00e9 CAFOURNET, a choisi la s\u00e9rie intitul\u00e9e \u00ab\u00a0Surfaces Sensibles\u00a0\u00bb de Kathie ARRESTEILLES d&rsquo;Objectif Image Bordeaux et lui a attribu\u00e9 le prix Gilbert Betoux 2024. Kathie [&hellip;]","og_url":"https:\/\/objectif-image.fr\/OI\/kathie-arresteilles-laureate-du-prix-gilbert-betoux-2024\/","og_site_name":"Objectif Image","article_publisher":"https:\/\/www.facebook.com\/Objectif.mage","article_published_time":"2024-11-23T07:27:54+00:00","article_modified_time":"2024-11-23T09:44:30+00:00","og_image":[{"width":2560,"height":1712,"url":"https:\/\/objectif-image.fr\/OI\/wp-content\/uploads\/2024\/11\/ARRESTEILLES_Kathie_IDB-16_1-scaled.jpg","type":"image\/jpeg"}],"author":"Pierre S","twitter_card":"summary_large_image","twitter_misc":{"\u00c9crit par":"Pierre S","Dur\u00e9e de lecture estim\u00e9e":"1 minute"},"schema":{"@context":"https:\/\/schema.org","@graph":[{"@type":"Article","@id":"https:\/\/objectif-image.fr\/OI\/kathie-arresteilles-laureate-du-prix-gilbert-betoux-2024\/#article","isPartOf":{"@id":"https:\/\/objectif-image.fr\/OI\/kathie-arresteilles-laureate-du-prix-gilbert-betoux-2024\/"},"author":{"name":"Pierre S","@id":"https:\/\/objectif-image.fr\/OI\/#\/schema\/person\/813c64cc2f0c70450ca653f2e80a6515"},"headline":"Kathie ARRESTEILLES laur\u00e9ate du prix Gilbert Betoux 2024","datePublished":"2024-11-23T07:27:54+00:00","dateModified":"2024-11-23T09:44:30+00:00","mainEntityOfPage":{"@id":"https:\/\/objectif-image.fr\/OI\/kathie-arresteilles-laureate-du-prix-gilbert-betoux-2024\/"},"wordCount":204,"commentCount":0,"publisher":{"@id":"https:\/\/objectif-image.fr\/OI\/#organization"},"image":{"@id":"https:\/\/objectif-image.fr\/OI\/kathie-arresteilles-laureate-du-prix-gilbert-betoux-2024\/#primaryimage"},"thumbnailUrl":"https:\/\/objectif-image.fr\/OI\/wp-content\/uploads\/2024\/11\/ARRESTEILLES_Kathie_IDB-16_1-scaled.jpg","keywords":["Objectif Image"],"articleSection":["Prix Betoux"],"inLanguage":"fr-FR","potentialAction":[{"@type":"CommentAction","name":"Comment","target":["https:\/\/objectif-image.fr\/OI\/kathie-arresteilles-laureate-du-prix-gilbert-betoux-2024\/#respond"]}]},{"@type":"WebPage","@id":"https:\/\/objectif-image.fr\/OI\/kathie-arresteilles-laureate-du-prix-gilbert-betoux-2024\/","url":"https:\/\/objectif-image.fr\/OI\/kathie-arresteilles-laureate-du-prix-gilbert-betoux-2024\/","name":"Kathie ARRESTEILLES laur\u00e9ate du prix Gilbert Betoux 2024 - Objectif Image","isPartOf":{"@id":"https:\/\/objectif-image.fr\/OI\/#website"},"primaryImageOfPage":{"@id":"https:\/\/objectif-image.fr\/OI\/kathie-arresteilles-laureate-du-prix-gilbert-betoux-2024\/#primaryimage"},"image":{"@id":"https:\/\/objectif-image.fr\/OI\/kathie-arresteilles-laureate-du-prix-gilbert-betoux-2024\/#primaryimage"},"thumbnailUrl":"https:\/\/objectif-image.fr\/OI\/wp-content\/uploads\/2024\/11\/ARRESTEILLES_Kathie_IDB-16_1-scaled.jpg","datePublished":"2024-11-23T07:27:54+00:00","dateModified":"2024-11-23T09:44:30+00:00","breadcrumb":{"@id":"https:\/\/objectif-image.fr\/OI\/kathie-arresteilles-laureate-du-prix-gilbert-betoux-2024\/#breadcrumb"},"inLanguage":"fr-FR","potentialAction":[{"@type":"ReadAction","target":["https:\/\/objectif-image.fr\/OI\/kathie-arresteilles-laureate-du-prix-gilbert-betoux-2024\/"]}]},{"@type":"ImageObject","inLanguage":"fr-FR","@id":"https:\/\/objectif-image.fr\/OI\/kathie-arresteilles-laureate-du-prix-gilbert-betoux-2024\/#primaryimage","url":"https:\/\/objectif-image.fr\/OI\/wp-content\/uploads\/2024\/11\/ARRESTEILLES_Kathie_IDB-16_1-scaled.jpg","contentUrl":"https:\/\/objectif-image.fr\/OI\/wp-content\/uploads\/2024\/11\/ARRESTEILLES_Kathie_IDB-16_1-scaled.jpg","width":2560,"height":1712},{"@type":"BreadcrumbList","@id":"https:\/\/objectif-image.fr\/OI\/kathie-arresteilles-laureate-du-prix-gilbert-betoux-2024\/#breadcrumb","itemListElement":[{"@type":"ListItem","position":1,"name":"Accueil","item":"https:\/\/objectif-image.fr\/OI\/"},{"@type":"ListItem","position":2,"name":"Kathie ARRESTEILLES laur\u00e9ate du prix Gilbert Betoux 2024"}]},{"@type":"WebSite","@id":"https:\/\/objectif-image.fr\/OI\/#website","url":"https:\/\/objectif-image.fr\/OI\/","name":"Objectif Image","description":"Objectif Image","publisher":{"@id":"https:\/\/objectif-image.fr\/OI\/#organization"},"potentialAction":[{"@type":"SearchAction","target":{"@type":"EntryPoint","urlTemplate":"https:\/\/objectif-image.fr\/OI\/?s={search_term_string}"},"query-input":{"@type":"PropertyValueSpecification","valueRequired":true,"valueName":"search_term_string"}}],"inLanguage":"fr-FR"},{"@type":"Organization","@id":"https:\/\/objectif-image.fr\/OI\/#organization","name":"Objectif Image","url":"https:\/\/objectif-image.fr\/OI\/","logo":{"@type":"ImageObject","inLanguage":"fr-FR","@id":"https:\/\/objectif-image.fr\/OI\/#\/schema\/logo\/image\/","url":"https:\/\/objectif-image.fr\/OI\/wp-content\/uploads\/2019\/02\/logo-OI-NATIONAL-rouge-2000px.jpg","contentUrl":"https:\/\/objectif-image.fr\/OI\/wp-content\/uploads\/2019\/02\/logo-OI-NATIONAL-rouge-2000px.jpg","width":1081,"height":1024,"caption":"Objectif Image"},"image":{"@id":"https:\/\/objectif-image.fr\/OI\/#\/schema\/logo\/image\/"},"sameAs":["https:\/\/www.facebook.com\/Objectif.mage"]},{"@type":"Person","@id":"https:\/\/objectif-image.fr\/OI\/#\/schema\/person\/813c64cc2f0c70450ca653f2e80a6515","name":"Pierre S","image":{"@type":"ImageObject","inLanguage":"fr-FR","@id":"https:\/\/secure.gravatar.com\/avatar\/6d1df1cb0bf58ef7d330b8910acfe62e7fbc0c2138564189224f85869b953674?s=96&d=mm&r=g","url":"https:\/\/secure.gravatar.com\/avatar\/6d1df1cb0bf58ef7d330b8910acfe62e7fbc0c2138564189224f85869b953674?s=96&d=mm&r=g","contentUrl":"https:\/\/secure.gravatar.com\/avatar\/6d1df1cb0bf58ef7d330b8910acfe62e7fbc0c2138564189224f85869b953674?s=96&d=mm&r=g","caption":"Pierre S"},"url":"https:\/\/objectif-image.fr\/OI\/author\/pierres-2-2\/"}]}},"_links":{"self":[{"href":"https:\/\/objectif-image.fr\/OI\/wp-json\/wp\/v2\/posts\/55492","targetHints":{"allow":["GET"]}}],"collection":[{"href":"https:\/\/objectif-image.fr\/OI\/wp-json\/wp\/v2\/posts"}],"about":[{"href":"https:\/\/objectif-image.fr\/OI\/wp-json\/wp\/v2\/types\/post"}],"author":[{"embeddable":true,"href":"https:\/\/objectif-image.fr\/OI\/wp-json\/wp\/v2\/users\/3"}],"replies":[{"embeddable":true,"href":"https:\/\/objectif-image.fr\/OI\/wp-json\/wp\/v2\/comments?post=55492"}],"version-history":[{"count":0,"href":"https:\/\/objectif-image.fr\/OI\/wp-json\/wp\/v2\/posts\/55492\/revisions"}],"wp:featuredmedia":[{"embeddable":true,"href":"https:\/\/objectif-image.fr\/OI\/wp-json\/wp\/v2\/media\/55493"}],"wp:attachment":[{"href":"https:\/\/objectif-image.fr\/OI\/wp-json\/wp\/v2\/media?parent=55492"}],"wp:term":[{"taxonomy":"category","embeddable":true,"href":"https:\/\/objectif-image.fr\/OI\/wp-json\/wp\/v2\/categories?post=55492"},{"taxonomy":"post_tag","embeddable":true,"href":"https:\/\/objectif-image.fr\/OI\/wp-json\/wp\/v2\/tags?post=55492"}],"curies":[{"name":"wp","href":"https:\/\/api.w.org\/{rel}","templated":true}]}}