{"id":59223,"date":"2025-10-17T07:25:50","date_gmt":"2025-10-17T05:25:50","guid":{"rendered":"https:\/\/objectif-image.fr\/OI\/?p=59223"},"modified":"2025-10-17T07:28:26","modified_gmt":"2025-10-17T05:28:26","slug":"benoit-dooremont","status":"publish","type":"post","link":"https:\/\/objectif-image.fr\/OI\/benoit-dooremont\/","title":{"rendered":"Benoit Door\u00e9mont"},"content":{"rendered":"\n<figure class=\"wp-block-image alignleft size-large is-resized\"><img loading=\"lazy\" decoding=\"async\" width=\"766\" height=\"1024\" src=\"https:\/\/objectif-image.fr\/OI\/wp-content\/uploads\/2025\/10\/7-benoit_dooremont-766x1024.jpg\" alt=\"\" class=\"wp-image-59224\" style=\"width:295px;height:auto\" srcset=\"https:\/\/objectif-image.fr\/OI\/wp-content\/uploads\/2025\/10\/7-benoit_dooremont-766x1024.jpg 766w, https:\/\/objectif-image.fr\/OI\/wp-content\/uploads\/2025\/10\/7-benoit_dooremont-400x535.jpg 400w, https:\/\/objectif-image.fr\/OI\/wp-content\/uploads\/2025\/10\/7-benoit_dooremont-224x300.jpg 224w, https:\/\/objectif-image.fr\/OI\/wp-content\/uploads\/2025\/10\/7-benoit_dooremont-112x150.jpg 112w, https:\/\/objectif-image.fr\/OI\/wp-content\/uploads\/2025\/10\/7-benoit_dooremont-768x1027.jpg 768w, https:\/\/objectif-image.fr\/OI\/wp-content\/uploads\/2025\/10\/7-benoit_dooremont-75x100.jpg 75w, https:\/\/objectif-image.fr\/OI\/wp-content\/uploads\/2025\/10\/7-benoit_dooremont.jpg 844w\" sizes=\"auto, (max-width: 766px) 100vw, 766px\" \/><\/figure>\n\n\n\n<p>.<\/p>\n\n\n\n<p class=\"has-black-color has-text-color has-link-color has-medium-font-size wp-elements-d47dd6803d0638763c7bd46734c771a2\"><em>C&rsquo;est avec tristesse que nous apprenons le d\u00e9c\u00e8s de <strong>Benoit Door\u00e9mont<\/strong><\/em>, <em>survenu le mercredi 15 octobre.<\/em><\/p>\n\n\n\n<p class=\"has-black-color has-text-color has-link-color has-medium-font-size wp-elements-d166d24056b73e8f227fb51faba1c19a\">.<\/p>\n\n\n\n<p class=\"has-black-color has-text-color has-link-color has-medium-font-size wp-elements-8de69043e833907a386caec795e0cd7c\"><em>Benoit&nbsp;a \u00e9t\u00e9 membre du Comit\u00e9 Directeur d&rsquo;Objectif Image  pendant de nombreuses ann\u00e9es,<\/em> <em>Nous conservons de lui le souvenir d&rsquo;un cin\u00e9aste d\u00e9vou\u00e9 et comp\u00e9tent.  Nous le remercions et lui rendons hommage pour toutes les actions qu&rsquo;il a si longtemps men\u00e9 au sein de notre association.<\/em><\/p>\n\n\n\n<p>.<\/p>\n\n\n\n<p>.<\/p>\n\n\n\n<p><\/p>\n\n\n\n<p class=\"has-black-color has-text-color has-link-color has-medium-font-size wp-elements-d92236c2ba2e86c2b85cecc671634eb3\">Depuis 1977 Beno\u00eet a vu et a enseign\u00e9 aux membres du club d&rsquo;Objectif Image Chasseurs d\u2019Images Art\u00e9siens les diverses facettes de l&rsquo;Art audiovisuel. Il est pass\u00e9 du d\u00e9veloppement et tirage noir et blanc au traitement de la photo num\u00e9rique, du Super8 \u00e0 la vid\u00e9o Haute d\u00e9finition en passant par le VHS le Super VHS le 16 et 35mm, du diaporama argentique au court-m\u00e9trage photo. Plus de 45 ann\u00e9es de b\u00e9n\u00e9volat.<\/p>\n\n\n\n<p class=\"has-black-color has-text-color has-link-color has-medium-font-size wp-elements-440121c0101dcc1fd9ffe4756e84de9c\">Benoit a longtemps \u00e9t\u00e9 \u00e9galement vice-pr\u00e9sident d&rsquo;Objectif Image, en charge de l&rsquo;activit\u00e9 vid\u00e9o.<\/p>\n\n\n\n<figure class=\"wp-block-image aligncenter size-full\"><img loading=\"lazy\" decoding=\"async\" width=\"800\" height=\"450\" src=\"https:\/\/objectif-image.fr\/OI\/wp-content\/uploads\/2025\/10\/medaille-1.jpg\" alt=\"\" class=\"wp-image-59226\" srcset=\"https:\/\/objectif-image.fr\/OI\/wp-content\/uploads\/2025\/10\/medaille-1.jpg 800w, https:\/\/objectif-image.fr\/OI\/wp-content\/uploads\/2025\/10\/medaille-1-400x225.jpg 400w, https:\/\/objectif-image.fr\/OI\/wp-content\/uploads\/2025\/10\/medaille-1-300x169.jpg 300w, https:\/\/objectif-image.fr\/OI\/wp-content\/uploads\/2025\/10\/medaille-1-150x84.jpg 150w, https:\/\/objectif-image.fr\/OI\/wp-content\/uploads\/2025\/10\/medaille-1-768x432.jpg 768w, https:\/\/objectif-image.fr\/OI\/wp-content\/uploads\/2025\/10\/medaille-1-100x56.jpg 100w\" sizes=\"auto, (max-width: 800px) 100vw, 800px\" \/><figcaption class=\"wp-element-caption\"><strong><mark style=\"background-color:rgba(0, 0, 0, 0)\" class=\"has-inline-color has-black-color\">Benoit DOOREMONT, <\/mark><\/strong><mark style=\"background-color:rgba(0, 0, 0, 0)\" class=\"has-inline-color has-black-color\">pr\u00e9sident d&rsquo;Objectif Image Chasseurs d\u2019Images Art\u00e9siens \u00a0<br>recevant en 2013 la M\u00e9daille d&rsquo;Or de la ville<\/mark><strong><mark style=\"background-color:rgba(0, 0, 0, 0)\" class=\"has-inline-color has-black-color\"> d&rsquo;ARRAS<\/mark><\/strong><\/figcaption><\/figure>\n\n\n\n<p class=\"has-black-color has-text-color has-link-color wp-elements-9ac00cf961d1ea846fe5a532228b76c6\"><\/p>\n\n\n\n<p><\/p>\n","protected":false},"excerpt":{"rendered":"<p>. C&rsquo;est avec tristesse que nous apprenons le d\u00e9c\u00e8s de Benoit Door\u00e9mont, survenu le mercredi 15 octobre. . Benoit&nbsp;a \u00e9t\u00e9 membre du Comit\u00e9 Directeur d&rsquo;Objectif Image pendant de nombreuses ann\u00e9es, Nous conservons de lui le souvenir d&rsquo;un cin\u00e9aste d\u00e9vou\u00e9 et comp\u00e9tent. Nous le remercions et lui rendons hommage pour toutes les actions qu&rsquo;il a si [&hellip;]<\/p>\n","protected":false},"author":3,"featured_media":59226,"comment_status":"closed","ping_status":"closed","sticky":false,"template":"","format":"standard","meta":{"_acf_changed":false,"footnotes":""},"categories":[11,15],"tags":[104],"class_list":["post-59223","post","type-post","status-publish","format-standard","has-post-thumbnail","hentry","category-comite-directeur","category-information-du-secretariat","tag-objectif-image"],"acf":[],"yoast_head":"<!-- This site is optimized with the Yoast SEO plugin v27.5 - https:\/\/yoast.com\/product\/yoast-seo-wordpress\/ -->\n<title>Benoit Door\u00e9mont - Objectif Image<\/title>\n<meta name=\"robots\" content=\"index, follow, max-snippet:-1, max-image-preview:large, max-video-preview:-1\" \/>\n<link rel=\"canonical\" href=\"https:\/\/objectif-image.fr\/OI\/benoit-dooremont\/\" \/>\n<meta property=\"og:locale\" content=\"fr_FR\" \/>\n<meta property=\"og:type\" content=\"article\" \/>\n<meta property=\"og:title\" content=\"Benoit Door\u00e9mont - Objectif Image\" \/>\n<meta property=\"og:description\" content=\". C&rsquo;est avec tristesse que nous apprenons le d\u00e9c\u00e8s de Benoit Door\u00e9mont, survenu le mercredi 15 octobre. . Benoit&nbsp;a \u00e9t\u00e9 membre du Comit\u00e9 Directeur d&rsquo;Objectif Image pendant de nombreuses ann\u00e9es, Nous conservons de lui le souvenir d&rsquo;un cin\u00e9aste d\u00e9vou\u00e9 et comp\u00e9tent. Nous le remercions et lui rendons hommage pour toutes les actions qu&rsquo;il a si [&hellip;]\" \/>\n<meta property=\"og:url\" content=\"https:\/\/objectif-image.fr\/OI\/benoit-dooremont\/\" \/>\n<meta property=\"og:site_name\" content=\"Objectif Image\" \/>\n<meta property=\"article:publisher\" content=\"https:\/\/www.facebook.com\/Objectif.mage\" \/>\n<meta property=\"article:published_time\" content=\"2025-10-17T05:25:50+00:00\" \/>\n<meta property=\"article:modified_time\" content=\"2025-10-17T05:28:26+00:00\" \/>\n<meta property=\"og:image\" content=\"https:\/\/objectif-image.fr\/OI\/wp-content\/uploads\/2025\/10\/medaille-1.jpg\" \/>\n\t<meta property=\"og:image:width\" content=\"800\" \/>\n\t<meta property=\"og:image:height\" content=\"450\" \/>\n\t<meta property=\"og:image:type\" content=\"image\/jpeg\" \/>\n<meta name=\"author\" content=\"Pierre S\" \/>\n<meta name=\"twitter:card\" content=\"summary_large_image\" \/>\n<meta name=\"twitter:label1\" content=\"\u00c9crit par\" \/>\n\t<meta name=\"twitter:data1\" content=\"Pierre S\" \/>\n\t<meta name=\"twitter:label2\" content=\"Dur\u00e9e de lecture estim\u00e9e\" \/>\n\t<meta name=\"twitter:data2\" content=\"1 minute\" \/>\n<script type=\"application\/ld+json\" class=\"yoast-schema-graph\">{\"@context\":\"https:\\\/\\\/schema.org\",\"@graph\":[{\"@type\":\"Article\",\"@id\":\"https:\\\/\\\/objectif-image.fr\\\/OI\\\/benoit-dooremont\\\/#article\",\"isPartOf\":{\"@id\":\"https:\\\/\\\/objectif-image.fr\\\/OI\\\/benoit-dooremont\\\/\"},\"author\":{\"name\":\"Pierre S\",\"@id\":\"https:\\\/\\\/objectif-image.fr\\\/OI\\\/#\\\/schema\\\/person\\\/813c64cc2f0c70450ca653f2e80a6515\"},\"headline\":\"Benoit Door\u00e9mont\",\"datePublished\":\"2025-10-17T05:25:50+00:00\",\"dateModified\":\"2025-10-17T05:28:26+00:00\",\"mainEntityOfPage\":{\"@id\":\"https:\\\/\\\/objectif-image.fr\\\/OI\\\/benoit-dooremont\\\/\"},\"wordCount\":195,\"publisher\":{\"@id\":\"https:\\\/\\\/objectif-image.fr\\\/OI\\\/#organization\"},\"image\":{\"@id\":\"https:\\\/\\\/objectif-image.fr\\\/OI\\\/benoit-dooremont\\\/#primaryimage\"},\"thumbnailUrl\":\"https:\\\/\\\/objectif-image.fr\\\/OI\\\/wp-content\\\/uploads\\\/2025\\\/10\\\/medaille-1.jpg\",\"keywords\":[\"Objectif Image\"],\"articleSection\":[\"Comit\u00e9 directeur\",\"Information du secr\u00e9tariat\"],\"inLanguage\":\"fr-FR\"},{\"@type\":\"WebPage\",\"@id\":\"https:\\\/\\\/objectif-image.fr\\\/OI\\\/benoit-dooremont\\\/\",\"url\":\"https:\\\/\\\/objectif-image.fr\\\/OI\\\/benoit-dooremont\\\/\",\"name\":\"Benoit Door\u00e9mont - Objectif Image\",\"isPartOf\":{\"@id\":\"https:\\\/\\\/objectif-image.fr\\\/OI\\\/#website\"},\"primaryImageOfPage\":{\"@id\":\"https:\\\/\\\/objectif-image.fr\\\/OI\\\/benoit-dooremont\\\/#primaryimage\"},\"image\":{\"@id\":\"https:\\\/\\\/objectif-image.fr\\\/OI\\\/benoit-dooremont\\\/#primaryimage\"},\"thumbnailUrl\":\"https:\\\/\\\/objectif-image.fr\\\/OI\\\/wp-content\\\/uploads\\\/2025\\\/10\\\/medaille-1.jpg\",\"datePublished\":\"2025-10-17T05:25:50+00:00\",\"dateModified\":\"2025-10-17T05:28:26+00:00\",\"breadcrumb\":{\"@id\":\"https:\\\/\\\/objectif-image.fr\\\/OI\\\/benoit-dooremont\\\/#breadcrumb\"},\"inLanguage\":\"fr-FR\",\"potentialAction\":[{\"@type\":\"ReadAction\",\"target\":[\"https:\\\/\\\/objectif-image.fr\\\/OI\\\/benoit-dooremont\\\/\"]}]},{\"@type\":\"ImageObject\",\"inLanguage\":\"fr-FR\",\"@id\":\"https:\\\/\\\/objectif-image.fr\\\/OI\\\/benoit-dooremont\\\/#primaryimage\",\"url\":\"https:\\\/\\\/objectif-image.fr\\\/OI\\\/wp-content\\\/uploads\\\/2025\\\/10\\\/medaille-1.jpg\",\"contentUrl\":\"https:\\\/\\\/objectif-image.fr\\\/OI\\\/wp-content\\\/uploads\\\/2025\\\/10\\\/medaille-1.jpg\",\"width\":800,\"height\":450},{\"@type\":\"BreadcrumbList\",\"@id\":\"https:\\\/\\\/objectif-image.fr\\\/OI\\\/benoit-dooremont\\\/#breadcrumb\",\"itemListElement\":[{\"@type\":\"ListItem\",\"position\":1,\"name\":\"Accueil\",\"item\":\"https:\\\/\\\/objectif-image.fr\\\/OI\\\/\"},{\"@type\":\"ListItem\",\"position\":2,\"name\":\"Benoit Door\u00e9mont\"}]},{\"@type\":\"WebSite\",\"@id\":\"https:\\\/\\\/objectif-image.fr\\\/OI\\\/#website\",\"url\":\"https:\\\/\\\/objectif-image.fr\\\/OI\\\/\",\"name\":\"Objectif Image\",\"description\":\"Objectif Image\",\"publisher\":{\"@id\":\"https:\\\/\\\/objectif-image.fr\\\/OI\\\/#organization\"},\"potentialAction\":[{\"@type\":\"SearchAction\",\"target\":{\"@type\":\"EntryPoint\",\"urlTemplate\":\"https:\\\/\\\/objectif-image.fr\\\/OI\\\/?s={search_term_string}\"},\"query-input\":{\"@type\":\"PropertyValueSpecification\",\"valueRequired\":true,\"valueName\":\"search_term_string\"}}],\"inLanguage\":\"fr-FR\"},{\"@type\":\"Organization\",\"@id\":\"https:\\\/\\\/objectif-image.fr\\\/OI\\\/#organization\",\"name\":\"Objectif Image\",\"url\":\"https:\\\/\\\/objectif-image.fr\\\/OI\\\/\",\"logo\":{\"@type\":\"ImageObject\",\"inLanguage\":\"fr-FR\",\"@id\":\"https:\\\/\\\/objectif-image.fr\\\/OI\\\/#\\\/schema\\\/logo\\\/image\\\/\",\"url\":\"https:\\\/\\\/objectif-image.fr\\\/OI\\\/wp-content\\\/uploads\\\/2019\\\/02\\\/logo-OI-NATIONAL-rouge-2000px.jpg\",\"contentUrl\":\"https:\\\/\\\/objectif-image.fr\\\/OI\\\/wp-content\\\/uploads\\\/2019\\\/02\\\/logo-OI-NATIONAL-rouge-2000px.jpg\",\"width\":1081,\"height\":1024,\"caption\":\"Objectif Image\"},\"image\":{\"@id\":\"https:\\\/\\\/objectif-image.fr\\\/OI\\\/#\\\/schema\\\/logo\\\/image\\\/\"},\"sameAs\":[\"https:\\\/\\\/www.facebook.com\\\/Objectif.mage\"]},{\"@type\":\"Person\",\"@id\":\"https:\\\/\\\/objectif-image.fr\\\/OI\\\/#\\\/schema\\\/person\\\/813c64cc2f0c70450ca653f2e80a6515\",\"name\":\"Pierre S\",\"image\":{\"@type\":\"ImageObject\",\"inLanguage\":\"fr-FR\",\"@id\":\"https:\\\/\\\/secure.gravatar.com\\\/avatar\\\/6d1df1cb0bf58ef7d330b8910acfe62e7fbc0c2138564189224f85869b953674?s=96&d=mm&r=g\",\"url\":\"https:\\\/\\\/secure.gravatar.com\\\/avatar\\\/6d1df1cb0bf58ef7d330b8910acfe62e7fbc0c2138564189224f85869b953674?s=96&d=mm&r=g\",\"contentUrl\":\"https:\\\/\\\/secure.gravatar.com\\\/avatar\\\/6d1df1cb0bf58ef7d330b8910acfe62e7fbc0c2138564189224f85869b953674?s=96&d=mm&r=g\",\"caption\":\"Pierre S\"},\"url\":\"https:\\\/\\\/objectif-image.fr\\\/OI\\\/author\\\/pierres-2-2\\\/\"}]}<\/script>\n<!-- \/ Yoast SEO plugin. -->","yoast_head_json":{"title":"Benoit Door\u00e9mont - Objectif Image","robots":{"index":"index","follow":"follow","max-snippet":"max-snippet:-1","max-image-preview":"max-image-preview:large","max-video-preview":"max-video-preview:-1"},"canonical":"https:\/\/objectif-image.fr\/OI\/benoit-dooremont\/","og_locale":"fr_FR","og_type":"article","og_title":"Benoit Door\u00e9mont - Objectif Image","og_description":". C&rsquo;est avec tristesse que nous apprenons le d\u00e9c\u00e8s de Benoit Door\u00e9mont, survenu le mercredi 15 octobre. . Benoit&nbsp;a \u00e9t\u00e9 membre du Comit\u00e9 Directeur d&rsquo;Objectif Image pendant de nombreuses ann\u00e9es, Nous conservons de lui le souvenir d&rsquo;un cin\u00e9aste d\u00e9vou\u00e9 et comp\u00e9tent. Nous le remercions et lui rendons hommage pour toutes les actions qu&rsquo;il a si [&hellip;]","og_url":"https:\/\/objectif-image.fr\/OI\/benoit-dooremont\/","og_site_name":"Objectif Image","article_publisher":"https:\/\/www.facebook.com\/Objectif.mage","article_published_time":"2025-10-17T05:25:50+00:00","article_modified_time":"2025-10-17T05:28:26+00:00","og_image":[{"width":800,"height":450,"url":"https:\/\/objectif-image.fr\/OI\/wp-content\/uploads\/2025\/10\/medaille-1.jpg","type":"image\/jpeg"}],"author":"Pierre S","twitter_card":"summary_large_image","twitter_misc":{"\u00c9crit par":"Pierre S","Dur\u00e9e de lecture estim\u00e9e":"1 minute"},"schema":{"@context":"https:\/\/schema.org","@graph":[{"@type":"Article","@id":"https:\/\/objectif-image.fr\/OI\/benoit-dooremont\/#article","isPartOf":{"@id":"https:\/\/objectif-image.fr\/OI\/benoit-dooremont\/"},"author":{"name":"Pierre S","@id":"https:\/\/objectif-image.fr\/OI\/#\/schema\/person\/813c64cc2f0c70450ca653f2e80a6515"},"headline":"Benoit Door\u00e9mont","datePublished":"2025-10-17T05:25:50+00:00","dateModified":"2025-10-17T05:28:26+00:00","mainEntityOfPage":{"@id":"https:\/\/objectif-image.fr\/OI\/benoit-dooremont\/"},"wordCount":195,"publisher":{"@id":"https:\/\/objectif-image.fr\/OI\/#organization"},"image":{"@id":"https:\/\/objectif-image.fr\/OI\/benoit-dooremont\/#primaryimage"},"thumbnailUrl":"https:\/\/objectif-image.fr\/OI\/wp-content\/uploads\/2025\/10\/medaille-1.jpg","keywords":["Objectif Image"],"articleSection":["Comit\u00e9 directeur","Information du secr\u00e9tariat"],"inLanguage":"fr-FR"},{"@type":"WebPage","@id":"https:\/\/objectif-image.fr\/OI\/benoit-dooremont\/","url":"https:\/\/objectif-image.fr\/OI\/benoit-dooremont\/","name":"Benoit Door\u00e9mont - Objectif Image","isPartOf":{"@id":"https:\/\/objectif-image.fr\/OI\/#website"},"primaryImageOfPage":{"@id":"https:\/\/objectif-image.fr\/OI\/benoit-dooremont\/#primaryimage"},"image":{"@id":"https:\/\/objectif-image.fr\/OI\/benoit-dooremont\/#primaryimage"},"thumbnailUrl":"https:\/\/objectif-image.fr\/OI\/wp-content\/uploads\/2025\/10\/medaille-1.jpg","datePublished":"2025-10-17T05:25:50+00:00","dateModified":"2025-10-17T05:28:26+00:00","breadcrumb":{"@id":"https:\/\/objectif-image.fr\/OI\/benoit-dooremont\/#breadcrumb"},"inLanguage":"fr-FR","potentialAction":[{"@type":"ReadAction","target":["https:\/\/objectif-image.fr\/OI\/benoit-dooremont\/"]}]},{"@type":"ImageObject","inLanguage":"fr-FR","@id":"https:\/\/objectif-image.fr\/OI\/benoit-dooremont\/#primaryimage","url":"https:\/\/objectif-image.fr\/OI\/wp-content\/uploads\/2025\/10\/medaille-1.jpg","contentUrl":"https:\/\/objectif-image.fr\/OI\/wp-content\/uploads\/2025\/10\/medaille-1.jpg","width":800,"height":450},{"@type":"BreadcrumbList","@id":"https:\/\/objectif-image.fr\/OI\/benoit-dooremont\/#breadcrumb","itemListElement":[{"@type":"ListItem","position":1,"name":"Accueil","item":"https:\/\/objectif-image.fr\/OI\/"},{"@type":"ListItem","position":2,"name":"Benoit Door\u00e9mont"}]},{"@type":"WebSite","@id":"https:\/\/objectif-image.fr\/OI\/#website","url":"https:\/\/objectif-image.fr\/OI\/","name":"Objectif Image","description":"Objectif Image","publisher":{"@id":"https:\/\/objectif-image.fr\/OI\/#organization"},"potentialAction":[{"@type":"SearchAction","target":{"@type":"EntryPoint","urlTemplate":"https:\/\/objectif-image.fr\/OI\/?s={search_term_string}"},"query-input":{"@type":"PropertyValueSpecification","valueRequired":true,"valueName":"search_term_string"}}],"inLanguage":"fr-FR"},{"@type":"Organization","@id":"https:\/\/objectif-image.fr\/OI\/#organization","name":"Objectif Image","url":"https:\/\/objectif-image.fr\/OI\/","logo":{"@type":"ImageObject","inLanguage":"fr-FR","@id":"https:\/\/objectif-image.fr\/OI\/#\/schema\/logo\/image\/","url":"https:\/\/objectif-image.fr\/OI\/wp-content\/uploads\/2019\/02\/logo-OI-NATIONAL-rouge-2000px.jpg","contentUrl":"https:\/\/objectif-image.fr\/OI\/wp-content\/uploads\/2019\/02\/logo-OI-NATIONAL-rouge-2000px.jpg","width":1081,"height":1024,"caption":"Objectif Image"},"image":{"@id":"https:\/\/objectif-image.fr\/OI\/#\/schema\/logo\/image\/"},"sameAs":["https:\/\/www.facebook.com\/Objectif.mage"]},{"@type":"Person","@id":"https:\/\/objectif-image.fr\/OI\/#\/schema\/person\/813c64cc2f0c70450ca653f2e80a6515","name":"Pierre S","image":{"@type":"ImageObject","inLanguage":"fr-FR","@id":"https:\/\/secure.gravatar.com\/avatar\/6d1df1cb0bf58ef7d330b8910acfe62e7fbc0c2138564189224f85869b953674?s=96&d=mm&r=g","url":"https:\/\/secure.gravatar.com\/avatar\/6d1df1cb0bf58ef7d330b8910acfe62e7fbc0c2138564189224f85869b953674?s=96&d=mm&r=g","contentUrl":"https:\/\/secure.gravatar.com\/avatar\/6d1df1cb0bf58ef7d330b8910acfe62e7fbc0c2138564189224f85869b953674?s=96&d=mm&r=g","caption":"Pierre S"},"url":"https:\/\/objectif-image.fr\/OI\/author\/pierres-2-2\/"}]}},"_links":{"self":[{"href":"https:\/\/objectif-image.fr\/OI\/wp-json\/wp\/v2\/posts\/59223","targetHints":{"allow":["GET"]}}],"collection":[{"href":"https:\/\/objectif-image.fr\/OI\/wp-json\/wp\/v2\/posts"}],"about":[{"href":"https:\/\/objectif-image.fr\/OI\/wp-json\/wp\/v2\/types\/post"}],"author":[{"embeddable":true,"href":"https:\/\/objectif-image.fr\/OI\/wp-json\/wp\/v2\/users\/3"}],"replies":[{"embeddable":true,"href":"https:\/\/objectif-image.fr\/OI\/wp-json\/wp\/v2\/comments?post=59223"}],"version-history":[{"count":0,"href":"https:\/\/objectif-image.fr\/OI\/wp-json\/wp\/v2\/posts\/59223\/revisions"}],"wp:featuredmedia":[{"embeddable":true,"href":"https:\/\/objectif-image.fr\/OI\/wp-json\/wp\/v2\/media\/59226"}],"wp:attachment":[{"href":"https:\/\/objectif-image.fr\/OI\/wp-json\/wp\/v2\/media?parent=59223"}],"wp:term":[{"taxonomy":"category","embeddable":true,"href":"https:\/\/objectif-image.fr\/OI\/wp-json\/wp\/v2\/categories?post=59223"},{"taxonomy":"post_tag","embeddable":true,"href":"https:\/\/objectif-image.fr\/OI\/wp-json\/wp\/v2\/tags?post=59223"}],"curies":[{"name":"wp","href":"https:\/\/api.w.org\/{rel}","templated":true}]}}