{"id":59398,"date":"2025-11-06T07:00:00","date_gmt":"2025-11-06T06:00:00","guid":{"rendered":"https:\/\/objectif-image.fr\/OI\/?p=59398"},"modified":"2025-11-06T07:48:39","modified_gmt":"2025-11-06T06:48:39","slug":"premieres-rencontres-du-film-photographique-et-de-cinema","status":"publish","type":"post","link":"https:\/\/objectif-image.fr\/OI\/premieres-rencontres-du-film-photographique-et-de-cinema\/","title":{"rendered":"Premi\u00e8res Rencontres du film photographique et de cin\u00e9ma"},"content":{"rendered":"\n<p class=\"has-black-color has-text-color has-background has-link-color wp-elements-167a76b383771e1079ab99eec839022f\" style=\"background-color:#8dd2fc66;font-size:clamp(15.747px, 0.984rem + ((1vw - 3.2px) * 0.635), 24px);\"><strong>Les Rencontres du film photographique et de cin\u00e9ma<\/strong>, organis\u00e9es par Objectif Image se d\u00e9rouleront \u00e0 <strong>S\u00e8te (34) du 7 au 9 novembre 2025<\/strong> au centre vacances du domaine du Lazaret.<\/p>\n\n\n\n<p class=\"has-black-color has-text-color has-link-color wp-elements-ea00b4361b92476dc26397443b64f8e2\" style=\"font-size:clamp(15.747px, 0.984rem + ((1vw - 3.2px) * 0.635), 24px);\">ce sont des projections, des rencontres, des d\u00e9bats autour d&rsquo;une soixantaine de films<\/p>\n\n\n\n<p class=\"has-black-color has-text-color has-link-color wp-elements-dc38c45013a17942705aac33bd3f7146\" style=\"font-size:clamp(15.747px, 0.984rem + ((1vw - 3.2px) * 0.635), 24px);\"> et d&rsquo;une conf\u00e9rence de <strong>Alexe Liebert<\/strong> sur le paysage sonore.<\/p>\n\n\n\n<p class=\"has-black-color has-text-color has-link-color wp-elements-90c667ce040b25168312f10cbd6815f0\" style=\"font-size:clamp(15.747px, 0.984rem + ((1vw - 3.2px) * 0.635), 24px);\"><em>Alexe Liberte est cin\u00e9aste documentariste, monteuse de films photographiques, et directrice artistique du festival <a href=\"https:\/\/www.freelens.fr\/lesnuitsphoto\" target=\"_blank\" rel=\"noreferrer noopener\">LES NUITS PHOTO<\/a>.<\/em><\/p>\n\n\n\n<p>.<\/p>\n\n\n\n<p class=\"has-text-align-center has-text-color has-link-color wp-elements-6847fc69fe280075170685930f3d229a\" style=\"color:#6303bd;font-size:clamp(23.043px, 1.44rem + ((1vw - 3.2px) * 1.151), 38px);\"><strong><a href=\"https:\/\/objectif-image.fr\/OI\/wp-content\/uploads\/2025\/10\/programme.pdf\" target=\"_blank\" rel=\"noreferrer noopener\">Programme<\/a><\/strong><\/p>\n\n\n\n<p>.<\/p>\n\n\n\n<figure class=\"wp-block-image aligncenter size-large\"><img loading=\"lazy\" decoding=\"async\" width=\"1024\" height=\"777\" src=\"https:\/\/objectif-image.fr\/OI\/wp-content\/uploads\/2025\/05\/Rencontres-Sete-1024x777.jpg\" alt=\"\" class=\"wp-image-57524\" srcset=\"https:\/\/objectif-image.fr\/OI\/wp-content\/uploads\/2025\/05\/Rencontres-Sete-1024x777.jpg 1024w, https:\/\/objectif-image.fr\/OI\/wp-content\/uploads\/2025\/05\/Rencontres-Sete-400x304.jpg 400w, https:\/\/objectif-image.fr\/OI\/wp-content\/uploads\/2025\/05\/Rencontres-Sete-300x228.jpg 300w, https:\/\/objectif-image.fr\/OI\/wp-content\/uploads\/2025\/05\/Rencontres-Sete-150x114.jpg 150w, https:\/\/objectif-image.fr\/OI\/wp-content\/uploads\/2025\/05\/Rencontres-Sete-768x583.jpg 768w, https:\/\/objectif-image.fr\/OI\/wp-content\/uploads\/2025\/05\/Rencontres-Sete-1536x1166.jpg 1536w, https:\/\/objectif-image.fr\/OI\/wp-content\/uploads\/2025\/05\/Rencontres-Sete-100x76.jpg 100w, https:\/\/objectif-image.fr\/OI\/wp-content\/uploads\/2025\/05\/Rencontres-Sete-1320x1002.jpg 1320w, https:\/\/objectif-image.fr\/OI\/wp-content\/uploads\/2025\/05\/Rencontres-Sete.jpg 1704w\" sizes=\"auto, (max-width: 1024px) 100vw, 1024px\" \/><\/figure>\n\n\n\n<p><\/p>\n","protected":false},"excerpt":{"rendered":"<p>Les Rencontres du film photographique et de cin\u00e9ma, organis\u00e9es par Objectif Image se d\u00e9rouleront \u00e0 S\u00e8te (34) du 7 au 9 novembre 2025 au centre vacances du domaine du Lazaret. ce sont des projections, des rencontres, des d\u00e9bats autour d&rsquo;une soixantaine de films et d&rsquo;une conf\u00e9rence de Alexe Liebert sur le paysage sonore. Alexe Liberte [&hellip;]<\/p>\n","protected":false},"author":3,"featured_media":59520,"comment_status":"closed","ping_status":"closed","sticky":false,"template":"","format":"standard","meta":{"_acf_changed":false,"footnotes":""},"categories":[301,811],"tags":[104],"class_list":["post-59398","post","type-post","status-publish","format-standard","has-post-thumbnail","hentry","category-evenement-oi27","category-rencontres-films-2025","tag-objectif-image"],"acf":[],"yoast_head":"<!-- This site is optimized with the Yoast SEO plugin v27.4 - https:\/\/yoast.com\/product\/yoast-seo-wordpress\/ -->\n<title>Premi\u00e8res Rencontres du film photographique et de cin\u00e9ma - Objectif Image<\/title>\n<meta name=\"robots\" content=\"index, follow, max-snippet:-1, max-image-preview:large, max-video-preview:-1\" \/>\n<link rel=\"canonical\" href=\"https:\/\/objectif-image.fr\/OI\/premieres-rencontres-du-film-photographique-et-de-cinema\/\" \/>\n<meta property=\"og:locale\" content=\"fr_FR\" \/>\n<meta property=\"og:type\" content=\"article\" \/>\n<meta property=\"og:title\" content=\"Premi\u00e8res Rencontres du film photographique et de cin\u00e9ma - Objectif Image\" \/>\n<meta property=\"og:description\" content=\"Les Rencontres du film photographique et de cin\u00e9ma, organis\u00e9es par Objectif Image se d\u00e9rouleront \u00e0 S\u00e8te (34) du 7 au 9 novembre 2025 au centre vacances du domaine du Lazaret. ce sont des projections, des rencontres, des d\u00e9bats autour d&rsquo;une soixantaine de films et d&rsquo;une conf\u00e9rence de Alexe Liebert sur le paysage sonore. Alexe Liberte [&hellip;]\" \/>\n<meta property=\"og:url\" content=\"https:\/\/objectif-image.fr\/OI\/premieres-rencontres-du-film-photographique-et-de-cinema\/\" \/>\n<meta property=\"og:site_name\" content=\"Objectif Image\" \/>\n<meta property=\"article:publisher\" content=\"https:\/\/www.facebook.com\/Objectif.mage\" \/>\n<meta property=\"article:published_time\" content=\"2025-11-06T06:00:00+00:00\" \/>\n<meta property=\"article:modified_time\" content=\"2025-11-06T06:48:39+00:00\" \/>\n<meta property=\"og:image\" content=\"https:\/\/objectif-image.fr\/OI\/wp-content\/uploads\/2025\/10\/fond-ecran-1-1024x576.png\" \/>\n\t<meta property=\"og:image:width\" content=\"1024\" \/>\n\t<meta property=\"og:image:height\" content=\"576\" \/>\n\t<meta property=\"og:image:type\" content=\"image\/png\" \/>\n<meta name=\"author\" content=\"Pierre S\" \/>\n<meta name=\"twitter:card\" content=\"summary_large_image\" \/>\n<meta name=\"twitter:label1\" content=\"\u00c9crit par\" \/>\n\t<meta name=\"twitter:data1\" content=\"Pierre S\" \/>\n<script type=\"application\/ld+json\" class=\"yoast-schema-graph\">{\"@context\":\"https:\\\/\\\/schema.org\",\"@graph\":[{\"@type\":\"Article\",\"@id\":\"https:\\\/\\\/objectif-image.fr\\\/OI\\\/premieres-rencontres-du-film-photographique-et-de-cinema\\\/#article\",\"isPartOf\":{\"@id\":\"https:\\\/\\\/objectif-image.fr\\\/OI\\\/premieres-rencontres-du-film-photographique-et-de-cinema\\\/\"},\"author\":{\"name\":\"Pierre S\",\"@id\":\"https:\\\/\\\/objectif-image.fr\\\/OI\\\/#\\\/schema\\\/person\\\/813c64cc2f0c70450ca653f2e80a6515\"},\"headline\":\"Premi\u00e8res Rencontres du film photographique et de cin\u00e9ma\",\"datePublished\":\"2025-11-06T06:00:00+00:00\",\"dateModified\":\"2025-11-06T06:48:39+00:00\",\"mainEntityOfPage\":{\"@id\":\"https:\\\/\\\/objectif-image.fr\\\/OI\\\/premieres-rencontres-du-film-photographique-et-de-cinema\\\/\"},\"wordCount\":85,\"publisher\":{\"@id\":\"https:\\\/\\\/objectif-image.fr\\\/OI\\\/#organization\"},\"image\":{\"@id\":\"https:\\\/\\\/objectif-image.fr\\\/OI\\\/premieres-rencontres-du-film-photographique-et-de-cinema\\\/#primaryimage\"},\"thumbnailUrl\":\"https:\\\/\\\/objectif-image.fr\\\/OI\\\/wp-content\\\/uploads\\\/2025\\\/10\\\/fond-ecran-1.png\",\"keywords\":[\"Objectif Image\"],\"articleSection\":[\"Ev\u00e8nements\",\"Rencontres Films 2025\"],\"inLanguage\":\"fr-FR\"},{\"@type\":\"WebPage\",\"@id\":\"https:\\\/\\\/objectif-image.fr\\\/OI\\\/premieres-rencontres-du-film-photographique-et-de-cinema\\\/\",\"url\":\"https:\\\/\\\/objectif-image.fr\\\/OI\\\/premieres-rencontres-du-film-photographique-et-de-cinema\\\/\",\"name\":\"Premi\u00e8res Rencontres du film photographique et de cin\u00e9ma - Objectif Image\",\"isPartOf\":{\"@id\":\"https:\\\/\\\/objectif-image.fr\\\/OI\\\/#website\"},\"primaryImageOfPage\":{\"@id\":\"https:\\\/\\\/objectif-image.fr\\\/OI\\\/premieres-rencontres-du-film-photographique-et-de-cinema\\\/#primaryimage\"},\"image\":{\"@id\":\"https:\\\/\\\/objectif-image.fr\\\/OI\\\/premieres-rencontres-du-film-photographique-et-de-cinema\\\/#primaryimage\"},\"thumbnailUrl\":\"https:\\\/\\\/objectif-image.fr\\\/OI\\\/wp-content\\\/uploads\\\/2025\\\/10\\\/fond-ecran-1.png\",\"datePublished\":\"2025-11-06T06:00:00+00:00\",\"dateModified\":\"2025-11-06T06:48:39+00:00\",\"breadcrumb\":{\"@id\":\"https:\\\/\\\/objectif-image.fr\\\/OI\\\/premieres-rencontres-du-film-photographique-et-de-cinema\\\/#breadcrumb\"},\"inLanguage\":\"fr-FR\",\"potentialAction\":[{\"@type\":\"ReadAction\",\"target\":[\"https:\\\/\\\/objectif-image.fr\\\/OI\\\/premieres-rencontres-du-film-photographique-et-de-cinema\\\/\"]}]},{\"@type\":\"ImageObject\",\"inLanguage\":\"fr-FR\",\"@id\":\"https:\\\/\\\/objectif-image.fr\\\/OI\\\/premieres-rencontres-du-film-photographique-et-de-cinema\\\/#primaryimage\",\"url\":\"https:\\\/\\\/objectif-image.fr\\\/OI\\\/wp-content\\\/uploads\\\/2025\\\/10\\\/fond-ecran-1.png\",\"contentUrl\":\"https:\\\/\\\/objectif-image.fr\\\/OI\\\/wp-content\\\/uploads\\\/2025\\\/10\\\/fond-ecran-1.png\",\"width\":1920,\"height\":1080},{\"@type\":\"BreadcrumbList\",\"@id\":\"https:\\\/\\\/objectif-image.fr\\\/OI\\\/premieres-rencontres-du-film-photographique-et-de-cinema\\\/#breadcrumb\",\"itemListElement\":[{\"@type\":\"ListItem\",\"position\":1,\"name\":\"Accueil\",\"item\":\"https:\\\/\\\/objectif-image.fr\\\/OI\\\/\"},{\"@type\":\"ListItem\",\"position\":2,\"name\":\"Premi\u00e8res Rencontres du film photographique et de cin\u00e9ma\"}]},{\"@type\":\"WebSite\",\"@id\":\"https:\\\/\\\/objectif-image.fr\\\/OI\\\/#website\",\"url\":\"https:\\\/\\\/objectif-image.fr\\\/OI\\\/\",\"name\":\"Objectif Image\",\"description\":\"Objectif Image\",\"publisher\":{\"@id\":\"https:\\\/\\\/objectif-image.fr\\\/OI\\\/#organization\"},\"potentialAction\":[{\"@type\":\"SearchAction\",\"target\":{\"@type\":\"EntryPoint\",\"urlTemplate\":\"https:\\\/\\\/objectif-image.fr\\\/OI\\\/?s={search_term_string}\"},\"query-input\":{\"@type\":\"PropertyValueSpecification\",\"valueRequired\":true,\"valueName\":\"search_term_string\"}}],\"inLanguage\":\"fr-FR\"},{\"@type\":\"Organization\",\"@id\":\"https:\\\/\\\/objectif-image.fr\\\/OI\\\/#organization\",\"name\":\"Objectif Image\",\"url\":\"https:\\\/\\\/objectif-image.fr\\\/OI\\\/\",\"logo\":{\"@type\":\"ImageObject\",\"inLanguage\":\"fr-FR\",\"@id\":\"https:\\\/\\\/objectif-image.fr\\\/OI\\\/#\\\/schema\\\/logo\\\/image\\\/\",\"url\":\"https:\\\/\\\/objectif-image.fr\\\/OI\\\/wp-content\\\/uploads\\\/2019\\\/02\\\/logo-OI-NATIONAL-rouge-2000px.jpg\",\"contentUrl\":\"https:\\\/\\\/objectif-image.fr\\\/OI\\\/wp-content\\\/uploads\\\/2019\\\/02\\\/logo-OI-NATIONAL-rouge-2000px.jpg\",\"width\":1081,\"height\":1024,\"caption\":\"Objectif Image\"},\"image\":{\"@id\":\"https:\\\/\\\/objectif-image.fr\\\/OI\\\/#\\\/schema\\\/logo\\\/image\\\/\"},\"sameAs\":[\"https:\\\/\\\/www.facebook.com\\\/Objectif.mage\"]},{\"@type\":\"Person\",\"@id\":\"https:\\\/\\\/objectif-image.fr\\\/OI\\\/#\\\/schema\\\/person\\\/813c64cc2f0c70450ca653f2e80a6515\",\"name\":\"Pierre S\",\"image\":{\"@type\":\"ImageObject\",\"inLanguage\":\"fr-FR\",\"@id\":\"https:\\\/\\\/secure.gravatar.com\\\/avatar\\\/6d1df1cb0bf58ef7d330b8910acfe62e7fbc0c2138564189224f85869b953674?s=96&d=mm&r=g\",\"url\":\"https:\\\/\\\/secure.gravatar.com\\\/avatar\\\/6d1df1cb0bf58ef7d330b8910acfe62e7fbc0c2138564189224f85869b953674?s=96&d=mm&r=g\",\"contentUrl\":\"https:\\\/\\\/secure.gravatar.com\\\/avatar\\\/6d1df1cb0bf58ef7d330b8910acfe62e7fbc0c2138564189224f85869b953674?s=96&d=mm&r=g\",\"caption\":\"Pierre S\"},\"url\":\"https:\\\/\\\/objectif-image.fr\\\/OI\\\/author\\\/pierres-2-2\\\/\"}]}<\/script>\n<!-- \/ Yoast SEO plugin. -->","yoast_head_json":{"title":"Premi\u00e8res Rencontres du film photographique et de cin\u00e9ma - Objectif Image","robots":{"index":"index","follow":"follow","max-snippet":"max-snippet:-1","max-image-preview":"max-image-preview:large","max-video-preview":"max-video-preview:-1"},"canonical":"https:\/\/objectif-image.fr\/OI\/premieres-rencontres-du-film-photographique-et-de-cinema\/","og_locale":"fr_FR","og_type":"article","og_title":"Premi\u00e8res Rencontres du film photographique et de cin\u00e9ma - Objectif Image","og_description":"Les Rencontres du film photographique et de cin\u00e9ma, organis\u00e9es par Objectif Image se d\u00e9rouleront \u00e0 S\u00e8te (34) du 7 au 9 novembre 2025 au centre vacances du domaine du Lazaret. ce sont des projections, des rencontres, des d\u00e9bats autour d&rsquo;une soixantaine de films et d&rsquo;une conf\u00e9rence de Alexe Liebert sur le paysage sonore. Alexe Liberte [&hellip;]","og_url":"https:\/\/objectif-image.fr\/OI\/premieres-rencontres-du-film-photographique-et-de-cinema\/","og_site_name":"Objectif Image","article_publisher":"https:\/\/www.facebook.com\/Objectif.mage","article_published_time":"2025-11-06T06:00:00+00:00","article_modified_time":"2025-11-06T06:48:39+00:00","og_image":[{"width":1024,"height":576,"url":"https:\/\/objectif-image.fr\/OI\/wp-content\/uploads\/2025\/10\/fond-ecran-1-1024x576.png","type":"image\/png"}],"author":"Pierre S","twitter_card":"summary_large_image","twitter_misc":{"\u00c9crit par":"Pierre S"},"schema":{"@context":"https:\/\/schema.org","@graph":[{"@type":"Article","@id":"https:\/\/objectif-image.fr\/OI\/premieres-rencontres-du-film-photographique-et-de-cinema\/#article","isPartOf":{"@id":"https:\/\/objectif-image.fr\/OI\/premieres-rencontres-du-film-photographique-et-de-cinema\/"},"author":{"name":"Pierre S","@id":"https:\/\/objectif-image.fr\/OI\/#\/schema\/person\/813c64cc2f0c70450ca653f2e80a6515"},"headline":"Premi\u00e8res Rencontres du film photographique et de cin\u00e9ma","datePublished":"2025-11-06T06:00:00+00:00","dateModified":"2025-11-06T06:48:39+00:00","mainEntityOfPage":{"@id":"https:\/\/objectif-image.fr\/OI\/premieres-rencontres-du-film-photographique-et-de-cinema\/"},"wordCount":85,"publisher":{"@id":"https:\/\/objectif-image.fr\/OI\/#organization"},"image":{"@id":"https:\/\/objectif-image.fr\/OI\/premieres-rencontres-du-film-photographique-et-de-cinema\/#primaryimage"},"thumbnailUrl":"https:\/\/objectif-image.fr\/OI\/wp-content\/uploads\/2025\/10\/fond-ecran-1.png","keywords":["Objectif Image"],"articleSection":["Ev\u00e8nements","Rencontres Films 2025"],"inLanguage":"fr-FR"},{"@type":"WebPage","@id":"https:\/\/objectif-image.fr\/OI\/premieres-rencontres-du-film-photographique-et-de-cinema\/","url":"https:\/\/objectif-image.fr\/OI\/premieres-rencontres-du-film-photographique-et-de-cinema\/","name":"Premi\u00e8res Rencontres du film photographique et de cin\u00e9ma - Objectif Image","isPartOf":{"@id":"https:\/\/objectif-image.fr\/OI\/#website"},"primaryImageOfPage":{"@id":"https:\/\/objectif-image.fr\/OI\/premieres-rencontres-du-film-photographique-et-de-cinema\/#primaryimage"},"image":{"@id":"https:\/\/objectif-image.fr\/OI\/premieres-rencontres-du-film-photographique-et-de-cinema\/#primaryimage"},"thumbnailUrl":"https:\/\/objectif-image.fr\/OI\/wp-content\/uploads\/2025\/10\/fond-ecran-1.png","datePublished":"2025-11-06T06:00:00+00:00","dateModified":"2025-11-06T06:48:39+00:00","breadcrumb":{"@id":"https:\/\/objectif-image.fr\/OI\/premieres-rencontres-du-film-photographique-et-de-cinema\/#breadcrumb"},"inLanguage":"fr-FR","potentialAction":[{"@type":"ReadAction","target":["https:\/\/objectif-image.fr\/OI\/premieres-rencontres-du-film-photographique-et-de-cinema\/"]}]},{"@type":"ImageObject","inLanguage":"fr-FR","@id":"https:\/\/objectif-image.fr\/OI\/premieres-rencontres-du-film-photographique-et-de-cinema\/#primaryimage","url":"https:\/\/objectif-image.fr\/OI\/wp-content\/uploads\/2025\/10\/fond-ecran-1.png","contentUrl":"https:\/\/objectif-image.fr\/OI\/wp-content\/uploads\/2025\/10\/fond-ecran-1.png","width":1920,"height":1080},{"@type":"BreadcrumbList","@id":"https:\/\/objectif-image.fr\/OI\/premieres-rencontres-du-film-photographique-et-de-cinema\/#breadcrumb","itemListElement":[{"@type":"ListItem","position":1,"name":"Accueil","item":"https:\/\/objectif-image.fr\/OI\/"},{"@type":"ListItem","position":2,"name":"Premi\u00e8res Rencontres du film photographique et de cin\u00e9ma"}]},{"@type":"WebSite","@id":"https:\/\/objectif-image.fr\/OI\/#website","url":"https:\/\/objectif-image.fr\/OI\/","name":"Objectif Image","description":"Objectif Image","publisher":{"@id":"https:\/\/objectif-image.fr\/OI\/#organization"},"potentialAction":[{"@type":"SearchAction","target":{"@type":"EntryPoint","urlTemplate":"https:\/\/objectif-image.fr\/OI\/?s={search_term_string}"},"query-input":{"@type":"PropertyValueSpecification","valueRequired":true,"valueName":"search_term_string"}}],"inLanguage":"fr-FR"},{"@type":"Organization","@id":"https:\/\/objectif-image.fr\/OI\/#organization","name":"Objectif Image","url":"https:\/\/objectif-image.fr\/OI\/","logo":{"@type":"ImageObject","inLanguage":"fr-FR","@id":"https:\/\/objectif-image.fr\/OI\/#\/schema\/logo\/image\/","url":"https:\/\/objectif-image.fr\/OI\/wp-content\/uploads\/2019\/02\/logo-OI-NATIONAL-rouge-2000px.jpg","contentUrl":"https:\/\/objectif-image.fr\/OI\/wp-content\/uploads\/2019\/02\/logo-OI-NATIONAL-rouge-2000px.jpg","width":1081,"height":1024,"caption":"Objectif Image"},"image":{"@id":"https:\/\/objectif-image.fr\/OI\/#\/schema\/logo\/image\/"},"sameAs":["https:\/\/www.facebook.com\/Objectif.mage"]},{"@type":"Person","@id":"https:\/\/objectif-image.fr\/OI\/#\/schema\/person\/813c64cc2f0c70450ca653f2e80a6515","name":"Pierre S","image":{"@type":"ImageObject","inLanguage":"fr-FR","@id":"https:\/\/secure.gravatar.com\/avatar\/6d1df1cb0bf58ef7d330b8910acfe62e7fbc0c2138564189224f85869b953674?s=96&d=mm&r=g","url":"https:\/\/secure.gravatar.com\/avatar\/6d1df1cb0bf58ef7d330b8910acfe62e7fbc0c2138564189224f85869b953674?s=96&d=mm&r=g","contentUrl":"https:\/\/secure.gravatar.com\/avatar\/6d1df1cb0bf58ef7d330b8910acfe62e7fbc0c2138564189224f85869b953674?s=96&d=mm&r=g","caption":"Pierre S"},"url":"https:\/\/objectif-image.fr\/OI\/author\/pierres-2-2\/"}]}},"_links":{"self":[{"href":"https:\/\/objectif-image.fr\/OI\/wp-json\/wp\/v2\/posts\/59398","targetHints":{"allow":["GET"]}}],"collection":[{"href":"https:\/\/objectif-image.fr\/OI\/wp-json\/wp\/v2\/posts"}],"about":[{"href":"https:\/\/objectif-image.fr\/OI\/wp-json\/wp\/v2\/types\/post"}],"author":[{"embeddable":true,"href":"https:\/\/objectif-image.fr\/OI\/wp-json\/wp\/v2\/users\/3"}],"replies":[{"embeddable":true,"href":"https:\/\/objectif-image.fr\/OI\/wp-json\/wp\/v2\/comments?post=59398"}],"version-history":[{"count":0,"href":"https:\/\/objectif-image.fr\/OI\/wp-json\/wp\/v2\/posts\/59398\/revisions"}],"wp:featuredmedia":[{"embeddable":true,"href":"https:\/\/objectif-image.fr\/OI\/wp-json\/wp\/v2\/media\/59520"}],"wp:attachment":[{"href":"https:\/\/objectif-image.fr\/OI\/wp-json\/wp\/v2\/media?parent=59398"}],"wp:term":[{"taxonomy":"category","embeddable":true,"href":"https:\/\/objectif-image.fr\/OI\/wp-json\/wp\/v2\/categories?post=59398"},{"taxonomy":"post_tag","embeddable":true,"href":"https:\/\/objectif-image.fr\/OI\/wp-json\/wp\/v2\/tags?post=59398"}],"curies":[{"name":"wp","href":"https:\/\/api.w.org\/{rel}","templated":true}]}}