{"id":59605,"date":"2025-11-13T13:20:11","date_gmt":"2025-11-13T12:20:11","guid":{"rendered":"https:\/\/objectif-image.fr\/OI\/?p=59605"},"modified":"2025-11-13T14:09:50","modified_gmt":"2025-11-13T13:09:50","slug":"rencontres-du-film-photographique-et-cinema","status":"publish","type":"post","link":"https:\/\/objectif-image.fr\/OI\/rencontres-du-film-photographique-et-cinema\/","title":{"rendered":"Rencontres du film Photographique et Cin\u00e9ma"},"content":{"rendered":"\n<p class=\"has-black-color has-text-color has-background has-link-color wp-elements-11828fb3ab8e4e1c16faf4f7e268e0fb\" style=\"background-color:#8dd2fc61;font-size:clamp(16.293px, 1.018rem + ((1vw - 3.2px) * 0.67), 25px);\">Du 7 au 9 novembre 2025, <strong>Objectif Image<\/strong> organisait \u00e0 <strong>S\u00e8te<\/strong>, ses premi\u00e8res <strong>Rencontres du film \u00ab\u00a0Cin\u00e9ma\u00a0\u00bb et du film \u00ab\u00a0Photo\u00a0\u00bb<\/strong>.<\/p>\n\n\n\n<figure class=\"wp-block-image aligncenter size-large\"><img loading=\"lazy\" decoding=\"async\" width=\"1024\" height=\"768\" src=\"https:\/\/objectif-image.fr\/OI\/wp-content\/uploads\/2025\/11\/IMG_20240312_112648-1024x768.jpg\" alt=\"\" class=\"wp-image-59589\" srcset=\"https:\/\/objectif-image.fr\/OI\/wp-content\/uploads\/2025\/11\/IMG_20240312_112648-1024x768.jpg 1024w, https:\/\/objectif-image.fr\/OI\/wp-content\/uploads\/2025\/11\/IMG_20240312_112648-scaled-400x300.jpg 400w, https:\/\/objectif-image.fr\/OI\/wp-content\/uploads\/2025\/11\/IMG_20240312_112648-300x225.jpg 300w, https:\/\/objectif-image.fr\/OI\/wp-content\/uploads\/2025\/11\/IMG_20240312_112648-150x112.jpg 150w, https:\/\/objectif-image.fr\/OI\/wp-content\/uploads\/2025\/11\/IMG_20240312_112648-768x576.jpg 768w, https:\/\/objectif-image.fr\/OI\/wp-content\/uploads\/2025\/11\/IMG_20240312_112648-1536x1152.jpg 1536w, https:\/\/objectif-image.fr\/OI\/wp-content\/uploads\/2025\/11\/IMG_20240312_112648-2048x1536.jpg 2048w, https:\/\/objectif-image.fr\/OI\/wp-content\/uploads\/2025\/11\/IMG_20240312_112648-100x75.jpg 100w, https:\/\/objectif-image.fr\/OI\/wp-content\/uploads\/2025\/11\/IMG_20240312_112648-1320x990.jpg 1320w\" sizes=\"auto, (max-width: 1024px) 100vw, 1024px\" \/><\/figure>\n\n\n\n<p class=\"has-black-color has-text-color has-link-color wp-elements-7e9b687be89b1bab5bd73865a0a3325c\" style=\"font-size:clamp(16.293px, 1.018rem + ((1vw - 3.2px) * 0.67), 25px);\"><\/p>\n\n\n\n<p class=\"has-black-color has-text-color has-link-color wp-elements-5bd6612e5f7274ec8cdb1bc80e83a28f\" style=\"font-size:clamp(16.293px, 1.018rem + ((1vw - 3.2px) * 0.67), 25px);\">Ce sont pr\u00e8s de 80 participants, qui se sont r\u00e9unis pour visionner, discuter, d\u00e9battre de la soixantaine de films mis \u00e0 la discussion.<\/p>\n\n\n\n<p>.<\/p>\n\n\n\n<figure class=\"wp-block-image aligncenter size-large\"><img loading=\"lazy\" decoding=\"async\" width=\"1024\" height=\"683\" src=\"https:\/\/objectif-image.fr\/OI\/wp-content\/uploads\/2025\/11\/sete-2025-4-1024x683.jpg\" alt=\"\" class=\"wp-image-59590\" srcset=\"https:\/\/objectif-image.fr\/OI\/wp-content\/uploads\/2025\/11\/sete-2025-4-1024x683.jpg 1024w, https:\/\/objectif-image.fr\/OI\/wp-content\/uploads\/2025\/11\/sete-2025-4-scaled-400x267.jpg 400w, https:\/\/objectif-image.fr\/OI\/wp-content\/uploads\/2025\/11\/sete-2025-4-300x200.jpg 300w, https:\/\/objectif-image.fr\/OI\/wp-content\/uploads\/2025\/11\/sete-2025-4-150x100.jpg 150w, https:\/\/objectif-image.fr\/OI\/wp-content\/uploads\/2025\/11\/sete-2025-4-768x512.jpg 768w, https:\/\/objectif-image.fr\/OI\/wp-content\/uploads\/2025\/11\/sete-2025-4-1536x1024.jpg 1536w, https:\/\/objectif-image.fr\/OI\/wp-content\/uploads\/2025\/11\/sete-2025-4-2048x1365.jpg 2048w, https:\/\/objectif-image.fr\/OI\/wp-content\/uploads\/2025\/11\/sete-2025-4-100x67.jpg 100w, https:\/\/objectif-image.fr\/OI\/wp-content\/uploads\/2025\/11\/sete-2025-4-1320x880.jpg 1320w\" sizes=\"auto, (max-width: 1024px) 100vw, 1024px\" \/><\/figure>\n\n\n\n<p>.<\/p>\n\n\n\n<p><\/p>\n\n\n\n<figure class=\"wp-block-image alignleft size-large is-resized\"><img loading=\"lazy\" decoding=\"async\" width=\"768\" height=\"1024\" src=\"https:\/\/objectif-image.fr\/OI\/wp-content\/uploads\/2025\/11\/20251107_141606-768x1024.jpg\" alt=\"\" class=\"wp-image-59591\" style=\"width:308px;height:auto\" srcset=\"https:\/\/objectif-image.fr\/OI\/wp-content\/uploads\/2025\/11\/20251107_141606-768x1024.jpg 768w, https:\/\/objectif-image.fr\/OI\/wp-content\/uploads\/2025\/11\/20251107_141606-400x533.jpg 400w, https:\/\/objectif-image.fr\/OI\/wp-content\/uploads\/2025\/11\/20251107_141606-225x300.jpg 225w, https:\/\/objectif-image.fr\/OI\/wp-content\/uploads\/2025\/11\/20251107_141606-113x150.jpg 113w, https:\/\/objectif-image.fr\/OI\/wp-content\/uploads\/2025\/11\/20251107_141606-75x100.jpg 75w, https:\/\/objectif-image.fr\/OI\/wp-content\/uploads\/2025\/11\/20251107_141606.jpg 1152w\" sizes=\"auto, (max-width: 768px) 100vw, 768px\" \/><\/figure>\n\n\n\n<p><\/p>\n\n\n\n<p class=\"has-text-align-right\">.<\/p>\n\n\n\n<p class=\"has-text-align-right\">.<\/p>\n\n\n\n<p class=\"has-text-align-left has-black-color has-text-color has-link-color wp-elements-06ffeb5610e76af18b068a89340bea65\" style=\"font-size:clamp(15.747px, 0.984rem + ((1vw - 3.2px) * 0.635), 24px);\">Une conf\u00e9rence de <strong>Alexe LIEBERT<\/strong> sur le \u00ab\u00a0paysage sonore\u00a0\u00bb<\/p>\n\n\n\n<p class=\"has-text-align-right has-black-color has-text-color has-link-color has-medium-font-size wp-elements-b11249b0b2f601008cfed384a6271bce\"><em>Alexe LIEBERT est cin\u00e9aste documentariste, r\u00e9alisatrice et monteuse de films photographiques, directrice artistique du festival&nbsp;<a href=\"https:\/\/www.freelens.fr\/lesnuitsphoto\">LES NUITS PHOTO<\/a>.<\/em><\/p>\n\n\n\n<p><\/p>\n\n\n\n<p><\/p>\n\n\n\n<p>.<\/p>\n\n\n\n<p class=\"has-black-color has-text-color has-link-color wp-elements-2bf7f7895eee4ccf04363cbc68d45be7\" style=\"font-size:clamp(15.747px, 0.984rem + ((1vw - 3.2px) * 0.635), 24px);\">A la fin du weekend, une s\u00e9lection de 8 films <em>\u00ab\u00a0Cin\u00e9ma\u00a0\u00bb<\/em> et&nbsp; 10 films <em>\u00ab\u00a0Photographique\u00a0\u00bb<\/em> a \u00e9t\u00e9 faite. Cette s\u00e9lection sera disponible d\u00e9s le <strong>25 janvier<\/strong>.  <\/p>\n\n\n\n<p class=\"has-black-color has-text-color has-link-color wp-elements-5a3bdd269d6e69a9c530e79ee4c6dd33\" style=\"font-size:clamp(14.642px, 0.915rem + ((1vw - 3.2px) * 0.566), 22px);\">la totalit\u00e9 des montages,  sera visible en ligne prochainement<\/p>\n\n\n\n<p class=\"has-black-color has-text-color has-link-color wp-elements-6a0a83714043a20fb64b24bf083e4d85\" style=\"font-size:clamp(16.293px, 1.018rem + ((1vw - 3.2px) * 0.67), 25px);\"><strong><mark style=\"background-color:rgba(0, 0, 0, 0)\" class=\"has-inline-color has-vivid-purple-color\">Le prix Henri RIBOUTON<\/mark><\/strong>,&nbsp; meilleure 1\u00b0 R\u00e9alisation d\u2019un &nbsp;Film Photographique a \u00e9t\u00e9 attribu\u00e9 \u00e0 <strong>Val\u00e9rie DELPIRE<\/strong> d&rsquo;Objectif Image Montpellier, pour son montage <strong>\u00ab\u00a0Territoires Intimes\u00a0\u00bb<\/strong><\/p>\n\n\n\n<p>.<\/p>\n\n\n\n<p>.<\/p>\n\n\n\n<p class=\"has-black-color has-text-color has-link-color wp-elements-0eac422df28c15d1c758fbe37efa4637\" style=\"font-size:clamp(15.747px, 0.984rem + ((1vw - 3.2px) * 0.635), 24px);\"><strong>Quelques images <\/strong><\/p>\n\n\n\n<figure class=\"wp-block-gallery has-nested-images columns-2 wp-block-gallery-2 is-layout-flex wp-block-gallery-is-layout-flex\">\n<figure class=\"wp-block-image size-large\"><img decoding=\"async\" data-id=\"59607\" src=\"https:\/\/objectif-image.fr\/OI\/wp-content\/uploads\/2025\/11\/20251107_202909.jpg\" alt=\"\" class=\"wp-image-59607\"\/><\/figure>\n\n\n\n<figure class=\"wp-block-image size-large\"><img loading=\"lazy\" decoding=\"async\" width=\"1024\" height=\"768\" data-id=\"59634\" src=\"https:\/\/objectif-image.fr\/OI\/wp-content\/uploads\/2025\/11\/20251107_202912-1024x768.jpg\" alt=\"\" class=\"wp-image-59634\" srcset=\"https:\/\/objectif-image.fr\/OI\/wp-content\/uploads\/2025\/11\/20251107_202912-1024x768.jpg 1024w, https:\/\/objectif-image.fr\/OI\/wp-content\/uploads\/2025\/11\/20251107_202912-scaled-400x300.jpg 400w, https:\/\/objectif-image.fr\/OI\/wp-content\/uploads\/2025\/11\/20251107_202912-300x225.jpg 300w, https:\/\/objectif-image.fr\/OI\/wp-content\/uploads\/2025\/11\/20251107_202912-150x113.jpg 150w, https:\/\/objectif-image.fr\/OI\/wp-content\/uploads\/2025\/11\/20251107_202912-768x576.jpg 768w, https:\/\/objectif-image.fr\/OI\/wp-content\/uploads\/2025\/11\/20251107_202912-1536x1152.jpg 1536w, https:\/\/objectif-image.fr\/OI\/wp-content\/uploads\/2025\/11\/20251107_202912-2048x1536.jpg 2048w, https:\/\/objectif-image.fr\/OI\/wp-content\/uploads\/2025\/11\/20251107_202912-100x75.jpg 100w, https:\/\/objectif-image.fr\/OI\/wp-content\/uploads\/2025\/11\/20251107_202912-1320x990.jpg 1320w\" sizes=\"auto, (max-width: 1024px) 100vw, 1024px\" \/><\/figure>\n\n\n\n<figure class=\"wp-block-image size-large\"><img loading=\"lazy\" decoding=\"async\" width=\"1024\" height=\"683\" data-id=\"59627\" src=\"https:\/\/objectif-image.fr\/OI\/wp-content\/uploads\/2025\/11\/sete-2025-1-1024x683.jpg\" alt=\"\" class=\"wp-image-59627\" srcset=\"https:\/\/objectif-image.fr\/OI\/wp-content\/uploads\/2025\/11\/sete-2025-1-1024x683.jpg 1024w, https:\/\/objectif-image.fr\/OI\/wp-content\/uploads\/2025\/11\/sete-2025-1-scaled-400x267.jpg 400w, https:\/\/objectif-image.fr\/OI\/wp-content\/uploads\/2025\/11\/sete-2025-1-300x200.jpg 300w, https:\/\/objectif-image.fr\/OI\/wp-content\/uploads\/2025\/11\/sete-2025-1-150x100.jpg 150w\" sizes=\"auto, (max-width: 1024px) 100vw, 1024px\" \/><\/figure>\n\n\n\n<figure class=\"wp-block-image size-large\"><img loading=\"lazy\" decoding=\"async\" width=\"1024\" height=\"683\" data-id=\"59626\" src=\"https:\/\/objectif-image.fr\/OI\/wp-content\/uploads\/2025\/11\/pour-Pierre-18-1024x683.jpg\" alt=\"\" class=\"wp-image-59626\" srcset=\"https:\/\/objectif-image.fr\/OI\/wp-content\/uploads\/2025\/11\/pour-Pierre-18-1024x683.jpg 1024w, https:\/\/objectif-image.fr\/OI\/wp-content\/uploads\/2025\/11\/pour-Pierre-18-400x267.jpg 400w, https:\/\/objectif-image.fr\/OI\/wp-content\/uploads\/2025\/11\/pour-Pierre-18-300x200.jpg 300w, https:\/\/objectif-image.fr\/OI\/wp-content\/uploads\/2025\/11\/pour-Pierre-18-150x100.jpg 150w, https:\/\/objectif-image.fr\/OI\/wp-content\/uploads\/2025\/11\/pour-Pierre-18-768x512.jpg 768w, https:\/\/objectif-image.fr\/OI\/wp-content\/uploads\/2025\/11\/pour-Pierre-18-1536x1024.jpg 1536w, https:\/\/objectif-image.fr\/OI\/wp-content\/uploads\/2025\/11\/pour-Pierre-18-100x67.jpg 100w, https:\/\/objectif-image.fr\/OI\/wp-content\/uploads\/2025\/11\/pour-Pierre-18-1320x880.jpg 1320w, https:\/\/objectif-image.fr\/OI\/wp-content\/uploads\/2025\/11\/pour-Pierre-18.jpg 1900w\" sizes=\"auto, (max-width: 1024px) 100vw, 1024px\" \/><\/figure>\n\n\n\n<figure class=\"wp-block-image size-large\"><img loading=\"lazy\" decoding=\"async\" width=\"1024\" height=\"768\" data-id=\"59633\" src=\"https:\/\/objectif-image.fr\/OI\/wp-content\/uploads\/2025\/11\/20251107_202627-1024x768.jpg\" alt=\"\" class=\"wp-image-59633\" srcset=\"https:\/\/objectif-image.fr\/OI\/wp-content\/uploads\/2025\/11\/20251107_202627-1024x768.jpg 1024w, https:\/\/objectif-image.fr\/OI\/wp-content\/uploads\/2025\/11\/20251107_202627-scaled-400x300.jpg 400w, https:\/\/objectif-image.fr\/OI\/wp-content\/uploads\/2025\/11\/20251107_202627-300x225.jpg 300w, https:\/\/objectif-image.fr\/OI\/wp-content\/uploads\/2025\/11\/20251107_202627-150x113.jpg 150w, https:\/\/objectif-image.fr\/OI\/wp-content\/uploads\/2025\/11\/20251107_202627-768x576.jpg 768w, https:\/\/objectif-image.fr\/OI\/wp-content\/uploads\/2025\/11\/20251107_202627-1536x1152.jpg 1536w, https:\/\/objectif-image.fr\/OI\/wp-content\/uploads\/2025\/11\/20251107_202627-2048x1536.jpg 2048w, https:\/\/objectif-image.fr\/OI\/wp-content\/uploads\/2025\/11\/20251107_202627-100x75.jpg 100w, https:\/\/objectif-image.fr\/OI\/wp-content\/uploads\/2025\/11\/20251107_202627-1320x990.jpg 1320w\" sizes=\"auto, (max-width: 1024px) 100vw, 1024px\" \/><\/figure>\n\n\n\n<figure class=\"wp-block-image size-large\"><img loading=\"lazy\" decoding=\"async\" width=\"1024\" height=\"768\" data-id=\"59655\" src=\"https:\/\/objectif-image.fr\/OI\/wp-content\/uploads\/2025\/11\/20251107_202642-1024x768.jpg\" alt=\"\" class=\"wp-image-59655\" srcset=\"https:\/\/objectif-image.fr\/OI\/wp-content\/uploads\/2025\/11\/20251107_202642-1024x768.jpg 1024w, https:\/\/objectif-image.fr\/OI\/wp-content\/uploads\/2025\/11\/20251107_202642-scaled-400x300.jpg 400w, https:\/\/objectif-image.fr\/OI\/wp-content\/uploads\/2025\/11\/20251107_202642-300x225.jpg 300w, https:\/\/objectif-image.fr\/OI\/wp-content\/uploads\/2025\/11\/20251107_202642-150x113.jpg 150w, https:\/\/objectif-image.fr\/OI\/wp-content\/uploads\/2025\/11\/20251107_202642-768x576.jpg 768w, https:\/\/objectif-image.fr\/OI\/wp-content\/uploads\/2025\/11\/20251107_202642-1536x1152.jpg 1536w, https:\/\/objectif-image.fr\/OI\/wp-content\/uploads\/2025\/11\/20251107_202642-2048x1536.jpg 2048w, https:\/\/objectif-image.fr\/OI\/wp-content\/uploads\/2025\/11\/20251107_202642-100x75.jpg 100w, https:\/\/objectif-image.fr\/OI\/wp-content\/uploads\/2025\/11\/20251107_202642-1320x990.jpg 1320w\" sizes=\"auto, (max-width: 1024px) 100vw, 1024px\" \/><\/figure>\n\n\n\n<figure class=\"wp-block-image size-large\"><img loading=\"lazy\" decoding=\"async\" width=\"1024\" height=\"1024\" data-id=\"59629\" src=\"https:\/\/objectif-image.fr\/OI\/wp-content\/uploads\/2025\/11\/IMG-20251108-WA0004-1024x1024.jpg\" alt=\"\" class=\"wp-image-59629\" srcset=\"https:\/\/objectif-image.fr\/OI\/wp-content\/uploads\/2025\/11\/IMG-20251108-WA0004-1024x1024.jpg 1024w, https:\/\/objectif-image.fr\/OI\/wp-content\/uploads\/2025\/11\/IMG-20251108-WA0004-100x100.jpg 100w, https:\/\/objectif-image.fr\/OI\/wp-content\/uploads\/2025\/11\/IMG-20251108-WA0004-400x400.jpg 400w, https:\/\/objectif-image.fr\/OI\/wp-content\/uploads\/2025\/11\/IMG-20251108-WA0004-300x300.jpg 300w, https:\/\/objectif-image.fr\/OI\/wp-content\/uploads\/2025\/11\/IMG-20251108-WA0004-150x150.jpg 150w, https:\/\/objectif-image.fr\/OI\/wp-content\/uploads\/2025\/11\/IMG-20251108-WA0004-768x768.jpg 768w, https:\/\/objectif-image.fr\/OI\/wp-content\/uploads\/2025\/11\/IMG-20251108-WA0004-1536x1536.jpg 1536w, https:\/\/objectif-image.fr\/OI\/wp-content\/uploads\/2025\/11\/IMG-20251108-WA0004-80x80.jpg 80w, https:\/\/objectif-image.fr\/OI\/wp-content\/uploads\/2025\/11\/IMG-20251108-WA0004-320x320.jpg 320w, https:\/\/objectif-image.fr\/OI\/wp-content\/uploads\/2025\/11\/IMG-20251108-WA0004-1320x1320.jpg 1320w, https:\/\/objectif-image.fr\/OI\/wp-content\/uploads\/2025\/11\/IMG-20251108-WA0004.jpg 1600w\" sizes=\"auto, (max-width: 1024px) 100vw, 1024px\" \/><\/figure>\n\n\n\n<figure class=\"wp-block-image size-large\"><img loading=\"lazy\" decoding=\"async\" width=\"1024\" height=\"1024\" data-id=\"59630\" src=\"https:\/\/objectif-image.fr\/OI\/wp-content\/uploads\/2025\/11\/IMG-20251108-WA0005-1024x1024.jpg\" alt=\"\" class=\"wp-image-59630\" srcset=\"https:\/\/objectif-image.fr\/OI\/wp-content\/uploads\/2025\/11\/IMG-20251108-WA0005-1024x1024.jpg 1024w, https:\/\/objectif-image.fr\/OI\/wp-content\/uploads\/2025\/11\/IMG-20251108-WA0005-100x100.jpg 100w, https:\/\/objectif-image.fr\/OI\/wp-content\/uploads\/2025\/11\/IMG-20251108-WA0005-400x400.jpg 400w, https:\/\/objectif-image.fr\/OI\/wp-content\/uploads\/2025\/11\/IMG-20251108-WA0005-300x300.jpg 300w, https:\/\/objectif-image.fr\/OI\/wp-content\/uploads\/2025\/11\/IMG-20251108-WA0005-150x150.jpg 150w, https:\/\/objectif-image.fr\/OI\/wp-content\/uploads\/2025\/11\/IMG-20251108-WA0005-768x768.jpg 768w, https:\/\/objectif-image.fr\/OI\/wp-content\/uploads\/2025\/11\/IMG-20251108-WA0005-1536x1536.jpg 1536w, https:\/\/objectif-image.fr\/OI\/wp-content\/uploads\/2025\/11\/IMG-20251108-WA0005-80x80.jpg 80w, https:\/\/objectif-image.fr\/OI\/wp-content\/uploads\/2025\/11\/IMG-20251108-WA0005-320x320.jpg 320w, https:\/\/objectif-image.fr\/OI\/wp-content\/uploads\/2025\/11\/IMG-20251108-WA0005-1320x1320.jpg 1320w, https:\/\/objectif-image.fr\/OI\/wp-content\/uploads\/2025\/11\/IMG-20251108-WA0005.jpg 1600w\" sizes=\"auto, (max-width: 1024px) 100vw, 1024px\" \/><\/figure>\n\n\n\n<figure class=\"wp-block-image size-large\"><img decoding=\"async\" data-id=\"59606\" src=\"https:\/\/objectif-image.fr\/OI\/wp-content\/uploads\/2025\/11\/sete-2025-2.jpg\" alt=\"\" class=\"wp-image-59606\"\/><\/figure>\n\n\n\n<figure class=\"wp-block-image size-large\"><img loading=\"lazy\" decoding=\"async\" width=\"1024\" height=\"683\" data-id=\"59635\" src=\"https:\/\/objectif-image.fr\/OI\/wp-content\/uploads\/2025\/11\/pour-Pierre-19-1024x683.jpg\" alt=\"\" class=\"wp-image-59635\" srcset=\"https:\/\/objectif-image.fr\/OI\/wp-content\/uploads\/2025\/11\/pour-Pierre-19-1024x683.jpg 1024w, https:\/\/objectif-image.fr\/OI\/wp-content\/uploads\/2025\/11\/pour-Pierre-19-400x267.jpg 400w, https:\/\/objectif-image.fr\/OI\/wp-content\/uploads\/2025\/11\/pour-Pierre-19-300x200.jpg 300w, https:\/\/objectif-image.fr\/OI\/wp-content\/uploads\/2025\/11\/pour-Pierre-19-150x100.jpg 150w, https:\/\/objectif-image.fr\/OI\/wp-content\/uploads\/2025\/11\/pour-Pierre-19-768x512.jpg 768w, https:\/\/objectif-image.fr\/OI\/wp-content\/uploads\/2025\/11\/pour-Pierre-19-1536x1024.jpg 1536w, https:\/\/objectif-image.fr\/OI\/wp-content\/uploads\/2025\/11\/pour-Pierre-19-100x67.jpg 100w, https:\/\/objectif-image.fr\/OI\/wp-content\/uploads\/2025\/11\/pour-Pierre-19-1320x880.jpg 1320w, https:\/\/objectif-image.fr\/OI\/wp-content\/uploads\/2025\/11\/pour-Pierre-19.jpg 1900w\" sizes=\"auto, (max-width: 1024px) 100vw, 1024px\" \/><\/figure>\n\n\n\n<figure class=\"wp-block-image size-large\"><img loading=\"lazy\" decoding=\"async\" width=\"1024\" height=\"683\" data-id=\"59631\" src=\"https:\/\/objectif-image.fr\/OI\/wp-content\/uploads\/2025\/11\/pour-Pierre-2-1024x683.jpg\" alt=\"\" class=\"wp-image-59631\" srcset=\"https:\/\/objectif-image.fr\/OI\/wp-content\/uploads\/2025\/11\/pour-Pierre-2-1024x683.jpg 1024w, https:\/\/objectif-image.fr\/OI\/wp-content\/uploads\/2025\/11\/pour-Pierre-2-400x267.jpg 400w, https:\/\/objectif-image.fr\/OI\/wp-content\/uploads\/2025\/11\/pour-Pierre-2-300x200.jpg 300w, https:\/\/objectif-image.fr\/OI\/wp-content\/uploads\/2025\/11\/pour-Pierre-2-150x100.jpg 150w, https:\/\/objectif-image.fr\/OI\/wp-content\/uploads\/2025\/11\/pour-Pierre-2-768x512.jpg 768w, https:\/\/objectif-image.fr\/OI\/wp-content\/uploads\/2025\/11\/pour-Pierre-2-1536x1024.jpg 1536w, https:\/\/objectif-image.fr\/OI\/wp-content\/uploads\/2025\/11\/pour-Pierre-2-100x67.jpg 100w, https:\/\/objectif-image.fr\/OI\/wp-content\/uploads\/2025\/11\/pour-Pierre-2-1320x880.jpg 1320w, https:\/\/objectif-image.fr\/OI\/wp-content\/uploads\/2025\/11\/pour-Pierre-2.jpg 1900w\" sizes=\"auto, (max-width: 1024px) 100vw, 1024px\" \/><\/figure>\n\n\n\n<figure class=\"wp-block-image size-large\"><img loading=\"lazy\" decoding=\"async\" width=\"1024\" height=\"683\" data-id=\"59636\" src=\"https:\/\/objectif-image.fr\/OI\/wp-content\/uploads\/2025\/11\/pour-Pierre-11-1024x683.jpg\" alt=\"\" class=\"wp-image-59636\" srcset=\"https:\/\/objectif-image.fr\/OI\/wp-content\/uploads\/2025\/11\/pour-Pierre-11-1024x683.jpg 1024w, https:\/\/objectif-image.fr\/OI\/wp-content\/uploads\/2025\/11\/pour-Pierre-11-400x267.jpg 400w, https:\/\/objectif-image.fr\/OI\/wp-content\/uploads\/2025\/11\/pour-Pierre-11-300x200.jpg 300w, https:\/\/objectif-image.fr\/OI\/wp-content\/uploads\/2025\/11\/pour-Pierre-11-150x100.jpg 150w, https:\/\/objectif-image.fr\/OI\/wp-content\/uploads\/2025\/11\/pour-Pierre-11-768x512.jpg 768w, https:\/\/objectif-image.fr\/OI\/wp-content\/uploads\/2025\/11\/pour-Pierre-11-1536x1024.jpg 1536w, https:\/\/objectif-image.fr\/OI\/wp-content\/uploads\/2025\/11\/pour-Pierre-11-100x67.jpg 100w, https:\/\/objectif-image.fr\/OI\/wp-content\/uploads\/2025\/11\/pour-Pierre-11-1320x880.jpg 1320w, https:\/\/objectif-image.fr\/OI\/wp-content\/uploads\/2025\/11\/pour-Pierre-11.jpg 1900w\" sizes=\"auto, (max-width: 1024px) 100vw, 1024px\" \/><\/figure>\n\n\n\n<figure class=\"wp-block-image size-large\"><img loading=\"lazy\" decoding=\"async\" width=\"768\" height=\"1024\" data-id=\"59659\" src=\"https:\/\/objectif-image.fr\/OI\/wp-content\/uploads\/2025\/11\/20251109_110734-768x1024.jpg\" alt=\"\" class=\"wp-image-59659\" srcset=\"https:\/\/objectif-image.fr\/OI\/wp-content\/uploads\/2025\/11\/20251109_110734-768x1024.jpg 768w, https:\/\/objectif-image.fr\/OI\/wp-content\/uploads\/2025\/11\/20251109_110734-rotated-400x533.jpg 400w, https:\/\/objectif-image.fr\/OI\/wp-content\/uploads\/2025\/11\/20251109_110734-225x300.jpg 225w, https:\/\/objectif-image.fr\/OI\/wp-content\/uploads\/2025\/11\/20251109_110734-113x150.jpg 113w, https:\/\/objectif-image.fr\/OI\/wp-content\/uploads\/2025\/11\/20251109_110734-1152x1536.jpg 1152w, https:\/\/objectif-image.fr\/OI\/wp-content\/uploads\/2025\/11\/20251109_110734-75x100.jpg 75w, https:\/\/objectif-image.fr\/OI\/wp-content\/uploads\/2025\/11\/20251109_110734-1320x1760.jpg 1320w, https:\/\/objectif-image.fr\/OI\/wp-content\/uploads\/2025\/11\/20251109_110734-rotated.jpg 1500w\" sizes=\"auto, (max-width: 768px) 100vw, 768px\" \/><\/figure>\n\n\n\n<figure class=\"wp-block-image size-large\"><img loading=\"lazy\" decoding=\"async\" width=\"768\" height=\"1024\" data-id=\"59620\" src=\"https:\/\/objectif-image.fr\/OI\/wp-content\/uploads\/2025\/11\/20251109_110839-768x1024.jpg\" alt=\"\" class=\"wp-image-59620\" srcset=\"https:\/\/objectif-image.fr\/OI\/wp-content\/uploads\/2025\/11\/20251109_110839-768x1024.jpg 768w, https:\/\/objectif-image.fr\/OI\/wp-content\/uploads\/2025\/11\/20251109_110839-scaled-400x533.jpg 400w, https:\/\/objectif-image.fr\/OI\/wp-content\/uploads\/2025\/11\/20251109_110839-225x300.jpg 225w, https:\/\/objectif-image.fr\/OI\/wp-content\/uploads\/2025\/11\/20251109_110839-113x150.jpg 113w, https:\/\/objectif-image.fr\/OI\/wp-content\/uploads\/2025\/11\/20251109_110839-1152x1536.jpg 1152w, https:\/\/objectif-image.fr\/OI\/wp-content\/uploads\/2025\/11\/20251109_110839-1536x2048.jpg 1536w, https:\/\/objectif-image.fr\/OI\/wp-content\/uploads\/2025\/11\/20251109_110839-75x100.jpg 75w, https:\/\/objectif-image.fr\/OI\/wp-content\/uploads\/2025\/11\/20251109_110839-1320x1760.jpg 1320w, https:\/\/objectif-image.fr\/OI\/wp-content\/uploads\/2025\/11\/20251109_110839-scaled.jpg 1920w\" sizes=\"auto, (max-width: 768px) 100vw, 768px\" \/><\/figure>\n\n\n\n<figure class=\"wp-block-image size-large\"><img loading=\"lazy\" decoding=\"async\" width=\"1024\" height=\"683\" data-id=\"59632\" src=\"https:\/\/objectif-image.fr\/OI\/wp-content\/uploads\/2025\/11\/sete-2025-3-1024x683.jpg\" alt=\"\" class=\"wp-image-59632\" srcset=\"https:\/\/objectif-image.fr\/OI\/wp-content\/uploads\/2025\/11\/sete-2025-3-1024x683.jpg 1024w, https:\/\/objectif-image.fr\/OI\/wp-content\/uploads\/2025\/11\/sete-2025-3-scaled-400x267.jpg 400w, https:\/\/objectif-image.fr\/OI\/wp-content\/uploads\/2025\/11\/sete-2025-3-300x200.jpg 300w, https:\/\/objectif-image.fr\/OI\/wp-content\/uploads\/2025\/11\/sete-2025-3-150x100.jpg 150w, https:\/\/objectif-image.fr\/OI\/wp-content\/uploads\/2025\/11\/sete-2025-3-768x512.jpg 768w, https:\/\/objectif-image.fr\/OI\/wp-content\/uploads\/2025\/11\/sete-2025-3-1536x1024.jpg 1536w, https:\/\/objectif-image.fr\/OI\/wp-content\/uploads\/2025\/11\/sete-2025-3-2048x1365.jpg 2048w, https:\/\/objectif-image.fr\/OI\/wp-content\/uploads\/2025\/11\/sete-2025-3-100x67.jpg 100w, https:\/\/objectif-image.fr\/OI\/wp-content\/uploads\/2025\/11\/sete-2025-3-1320x880.jpg 1320w\" sizes=\"auto, (max-width: 1024px) 100vw, 1024px\" \/><\/figure>\n\n\n\n<figure class=\"wp-block-image size-large\"><img loading=\"lazy\" decoding=\"async\" width=\"1024\" height=\"683\" data-id=\"59637\" src=\"https:\/\/objectif-image.fr\/OI\/wp-content\/uploads\/2025\/11\/sete-2025-6-1024x683.jpg\" alt=\"\" class=\"wp-image-59637\" srcset=\"https:\/\/objectif-image.fr\/OI\/wp-content\/uploads\/2025\/11\/sete-2025-6-1024x683.jpg 1024w, https:\/\/objectif-image.fr\/OI\/wp-content\/uploads\/2025\/11\/sete-2025-6-scaled-400x267.jpg 400w, https:\/\/objectif-image.fr\/OI\/wp-content\/uploads\/2025\/11\/sete-2025-6-300x200.jpg 300w, https:\/\/objectif-image.fr\/OI\/wp-content\/uploads\/2025\/11\/sete-2025-6-150x100.jpg 150w, https:\/\/objectif-image.fr\/OI\/wp-content\/uploads\/2025\/11\/sete-2025-6-768x512.jpg 768w, https:\/\/objectif-image.fr\/OI\/wp-content\/uploads\/2025\/11\/sete-2025-6-1536x1024.jpg 1536w, https:\/\/objectif-image.fr\/OI\/wp-content\/uploads\/2025\/11\/sete-2025-6-2048x1365.jpg 2048w, https:\/\/objectif-image.fr\/OI\/wp-content\/uploads\/2025\/11\/sete-2025-6-100x67.jpg 100w, https:\/\/objectif-image.fr\/OI\/wp-content\/uploads\/2025\/11\/sete-2025-6-1320x880.jpg 1320w\" sizes=\"auto, (max-width: 1024px) 100vw, 1024px\" \/><\/figure>\n\n\n\n<figure class=\"wp-block-image size-large\"><img loading=\"lazy\" decoding=\"async\" width=\"768\" height=\"1024\" data-id=\"59652\" src=\"https:\/\/objectif-image.fr\/OI\/wp-content\/uploads\/2025\/11\/20251109_110329-1-768x1024.jpg\" alt=\"\" class=\"wp-image-59652\" srcset=\"https:\/\/objectif-image.fr\/OI\/wp-content\/uploads\/2025\/11\/20251109_110329-1-768x1024.jpg 768w, https:\/\/objectif-image.fr\/OI\/wp-content\/uploads\/2025\/11\/20251109_110329-1-scaled-400x533.jpg 400w, https:\/\/objectif-image.fr\/OI\/wp-content\/uploads\/2025\/11\/20251109_110329-1-225x300.jpg 225w, https:\/\/objectif-image.fr\/OI\/wp-content\/uploads\/2025\/11\/20251109_110329-1-112x150.jpg 112w, https:\/\/objectif-image.fr\/OI\/wp-content\/uploads\/2025\/11\/20251109_110329-1-1152x1536.jpg 1152w, https:\/\/objectif-image.fr\/OI\/wp-content\/uploads\/2025\/11\/20251109_110329-1-1536x2048.jpg 1536w, https:\/\/objectif-image.fr\/OI\/wp-content\/uploads\/2025\/11\/20251109_110329-1-75x100.jpg 75w, https:\/\/objectif-image.fr\/OI\/wp-content\/uploads\/2025\/11\/20251109_110329-1-1320x1760.jpg 1320w, https:\/\/objectif-image.fr\/OI\/wp-content\/uploads\/2025\/11\/20251109_110329-1-scaled.jpg 1920w\" sizes=\"auto, (max-width: 768px) 100vw, 768px\" \/><\/figure>\n\n\n\n<figure class=\"wp-block-image size-large\"><img decoding=\"async\" data-id=\"59614\" src=\"https:\/\/objectif-image.fr\/OI\/wp-content\/uploads\/2025\/11\/20251109_110857.jpg\" alt=\"\" class=\"wp-image-59614\"\/><\/figure>\n\n\n\n<figure class=\"wp-block-image size-large\"><img decoding=\"async\" data-id=\"59613\" src=\"https:\/\/objectif-image.fr\/OI\/wp-content\/uploads\/2025\/11\/20251109_110313.jpg\" alt=\"\" class=\"wp-image-59613\"\/><\/figure>\n\n\n\n<figure class=\"wp-block-image size-large\"><img decoding=\"async\" data-id=\"59610\" src=\"https:\/\/objectif-image.fr\/OI\/wp-content\/uploads\/2025\/11\/20251109_110357.jpg\" alt=\"\" class=\"wp-image-59610\"\/><\/figure>\n\n\n\n<figure class=\"wp-block-image size-large\"><img loading=\"lazy\" decoding=\"async\" width=\"1024\" height=\"683\" data-id=\"59650\" src=\"https:\/\/objectif-image.fr\/OI\/wp-content\/uploads\/2025\/11\/pour-Pierre-5-1024x683.jpg\" alt=\"\" class=\"wp-image-59650\" srcset=\"https:\/\/objectif-image.fr\/OI\/wp-content\/uploads\/2025\/11\/pour-Pierre-5-1024x683.jpg 1024w, https:\/\/objectif-image.fr\/OI\/wp-content\/uploads\/2025\/11\/pour-Pierre-5-400x267.jpg 400w, https:\/\/objectif-image.fr\/OI\/wp-content\/uploads\/2025\/11\/pour-Pierre-5-300x200.jpg 300w, https:\/\/objectif-image.fr\/OI\/wp-content\/uploads\/2025\/11\/pour-Pierre-5-150x100.jpg 150w, https:\/\/objectif-image.fr\/OI\/wp-content\/uploads\/2025\/11\/pour-Pierre-5-768x512.jpg 768w, https:\/\/objectif-image.fr\/OI\/wp-content\/uploads\/2025\/11\/pour-Pierre-5-1536x1024.jpg 1536w, https:\/\/objectif-image.fr\/OI\/wp-content\/uploads\/2025\/11\/pour-Pierre-5-100x67.jpg 100w, https:\/\/objectif-image.fr\/OI\/wp-content\/uploads\/2025\/11\/pour-Pierre-5-1320x880.jpg 1320w, https:\/\/objectif-image.fr\/OI\/wp-content\/uploads\/2025\/11\/pour-Pierre-5.jpg 1900w\" sizes=\"auto, (max-width: 1024px) 100vw, 1024px\" \/><\/figure>\n\n\n\n<figure class=\"wp-block-image size-large\"><img loading=\"lazy\" decoding=\"async\" width=\"1024\" height=\"683\" data-id=\"59649\" src=\"https:\/\/objectif-image.fr\/OI\/wp-content\/uploads\/2025\/11\/pour-Pierre-8-1024x683.jpg\" alt=\"\" class=\"wp-image-59649\" srcset=\"https:\/\/objectif-image.fr\/OI\/wp-content\/uploads\/2025\/11\/pour-Pierre-8-1024x683.jpg 1024w, https:\/\/objectif-image.fr\/OI\/wp-content\/uploads\/2025\/11\/pour-Pierre-8-400x267.jpg 400w, https:\/\/objectif-image.fr\/OI\/wp-content\/uploads\/2025\/11\/pour-Pierre-8-300x200.jpg 300w, https:\/\/objectif-image.fr\/OI\/wp-content\/uploads\/2025\/11\/pour-Pierre-8-150x100.jpg 150w, https:\/\/objectif-image.fr\/OI\/wp-content\/uploads\/2025\/11\/pour-Pierre-8-768x512.jpg 768w, https:\/\/objectif-image.fr\/OI\/wp-content\/uploads\/2025\/11\/pour-Pierre-8-1536x1024.jpg 1536w, https:\/\/objectif-image.fr\/OI\/wp-content\/uploads\/2025\/11\/pour-Pierre-8-100x67.jpg 100w, https:\/\/objectif-image.fr\/OI\/wp-content\/uploads\/2025\/11\/pour-Pierre-8-1320x880.jpg 1320w, https:\/\/objectif-image.fr\/OI\/wp-content\/uploads\/2025\/11\/pour-Pierre-8.jpg 1900w\" sizes=\"auto, (max-width: 1024px) 100vw, 1024px\" \/><\/figure>\n\n\n\n<figure class=\"wp-block-image size-large\"><img loading=\"lazy\" decoding=\"async\" width=\"1024\" height=\"683\" data-id=\"59638\" src=\"https:\/\/objectif-image.fr\/OI\/wp-content\/uploads\/2025\/11\/sete-2025-10-1024x683.jpg\" alt=\"\" class=\"wp-image-59638\" srcset=\"https:\/\/objectif-image.fr\/OI\/wp-content\/uploads\/2025\/11\/sete-2025-10-1024x683.jpg 1024w, https:\/\/objectif-image.fr\/OI\/wp-content\/uploads\/2025\/11\/sete-2025-10-scaled-400x267.jpg 400w, https:\/\/objectif-image.fr\/OI\/wp-content\/uploads\/2025\/11\/sete-2025-10-300x200.jpg 300w, https:\/\/objectif-image.fr\/OI\/wp-content\/uploads\/2025\/11\/sete-2025-10-150x100.jpg 150w, https:\/\/objectif-image.fr\/OI\/wp-content\/uploads\/2025\/11\/sete-2025-10-768x512.jpg 768w, https:\/\/objectif-image.fr\/OI\/wp-content\/uploads\/2025\/11\/sete-2025-10-1536x1024.jpg 1536w, https:\/\/objectif-image.fr\/OI\/wp-content\/uploads\/2025\/11\/sete-2025-10-2048x1365.jpg 2048w, https:\/\/objectif-image.fr\/OI\/wp-content\/uploads\/2025\/11\/sete-2025-10-100x67.jpg 100w\" sizes=\"auto, (max-width: 1024px) 100vw, 1024px\" \/><\/figure>\n<\/figure>\n\n\n\n<p class=\"has-black-color has-text-color has-link-color has-medium-font-size wp-elements-d02206efa4f654b695e608fb69085e53\"><em>photographies : Val\u00e9rie Delpire &#8211; Marie Jos\u00e8phe Soyer &#8211; Claude Souchal<\/em><\/p>\n\n\n\n<p>.<\/p>\n\n\n\n<p class=\"has-black-color has-text-color has-link-color wp-elements-35fcfc0054fda0fc38121e190003d030\" style=\"font-size:clamp(16.293px, 1.018rem + ((1vw - 3.2px) * 0.67), 25px);\">la s\u00e9lection des 8 films <em>\u00ab\u00a0Cin\u00e9ma\u00a0\u00bb<\/em> et&nbsp; 10 films <em>\u00ab\u00a0Photographique\u00a0\u00bb<\/em> <\/p>\n\n\n\n<figure class=\"wp-block-image alignwide size-large\"><img loading=\"lazy\" decoding=\"async\" width=\"1024\" height=\"476\" src=\"https:\/\/objectif-image.fr\/OI\/wp-content\/uploads\/2025\/11\/Capture-decran-2025-11-11-105740-1024x476.png\" alt=\"\" class=\"wp-image-59592\" srcset=\"https:\/\/objectif-image.fr\/OI\/wp-content\/uploads\/2025\/11\/Capture-decran-2025-11-11-105740-1024x476.png 1024w, https:\/\/objectif-image.fr\/OI\/wp-content\/uploads\/2025\/11\/Capture-decran-2025-11-11-105740-400x186.png 400w, https:\/\/objectif-image.fr\/OI\/wp-content\/uploads\/2025\/11\/Capture-decran-2025-11-11-105740-300x139.png 300w, https:\/\/objectif-image.fr\/OI\/wp-content\/uploads\/2025\/11\/Capture-decran-2025-11-11-105740-150x70.png 150w, https:\/\/objectif-image.fr\/OI\/wp-content\/uploads\/2025\/11\/Capture-decran-2025-11-11-105740-768x357.png 768w, https:\/\/objectif-image.fr\/OI\/wp-content\/uploads\/2025\/11\/Capture-decran-2025-11-11-105740-100x46.png 100w, https:\/\/objectif-image.fr\/OI\/wp-content\/uploads\/2025\/11\/Capture-decran-2025-11-11-105740.png 1050w\" sizes=\"auto, (max-width: 1024px) 100vw, 1024px\" \/><\/figure>\n","protected":false},"excerpt":{"rendered":"<p>Du 7 au 9 novembre 2025, Objectif Image organisait \u00e0 S\u00e8te, ses premi\u00e8res Rencontres du film \u00ab\u00a0Cin\u00e9ma\u00a0\u00bb et du film \u00ab\u00a0Photo\u00a0\u00bb. Ce sont pr\u00e8s de 80 participants, qui se sont r\u00e9unis pour visionner, discuter, d\u00e9battre de la soixantaine de films mis \u00e0 la discussion. . . . . Une conf\u00e9rence de Alexe LIEBERT sur le [&hellip;]<\/p>\n","protected":false},"author":3,"featured_media":59639,"comment_status":"closed","ping_status":"closed","sticky":false,"template":"","format":"standard","meta":{"_acf_changed":false,"footnotes":""},"categories":[7,301,811],"tags":[104],"class_list":["post-59605","post","type-post","status-publish","format-standard","has-post-thumbnail","hentry","category-court-metrage-photo-diaporama","category-evenement-oi27","category-rencontres-films-2025","tag-objectif-image"],"acf":[],"yoast_head":"<!-- This site is optimized with the Yoast SEO plugin v27.5 - https:\/\/yoast.com\/product\/yoast-seo-wordpress\/ -->\n<title>Rencontres du film Photographique et Cin\u00e9ma - Objectif Image<\/title>\n<meta name=\"robots\" content=\"index, follow, max-snippet:-1, max-image-preview:large, max-video-preview:-1\" \/>\n<link rel=\"canonical\" href=\"https:\/\/objectif-image.fr\/OI\/rencontres-du-film-photographique-et-cinema\/\" \/>\n<meta property=\"og:locale\" content=\"fr_FR\" \/>\n<meta property=\"og:type\" content=\"article\" \/>\n<meta property=\"og:title\" content=\"Rencontres du film Photographique et Cin\u00e9ma - Objectif Image\" \/>\n<meta property=\"og:description\" content=\"Du 7 au 9 novembre 2025, Objectif Image organisait \u00e0 S\u00e8te, ses premi\u00e8res Rencontres du film \u00ab\u00a0Cin\u00e9ma\u00a0\u00bb et du film \u00ab\u00a0Photo\u00a0\u00bb. Ce sont pr\u00e8s de 80 participants, qui se sont r\u00e9unis pour visionner, discuter, d\u00e9battre de la soixantaine de films mis \u00e0 la discussion. . . . . Une conf\u00e9rence de Alexe LIEBERT sur le [&hellip;]\" \/>\n<meta property=\"og:url\" content=\"https:\/\/objectif-image.fr\/OI\/rencontres-du-film-photographique-et-cinema\/\" \/>\n<meta property=\"og:site_name\" content=\"Objectif Image\" \/>\n<meta property=\"article:publisher\" content=\"https:\/\/www.facebook.com\/Objectif.mage\" \/>\n<meta property=\"article:published_time\" content=\"2025-11-13T12:20:11+00:00\" \/>\n<meta property=\"article:modified_time\" content=\"2025-11-13T13:09:50+00:00\" \/>\n<meta property=\"og:image\" content=\"https:\/\/objectif-image.fr\/OI\/wp-content\/uploads\/2025\/11\/pour-Pierre-6.jpg\" \/>\n\t<meta property=\"og:image:width\" content=\"1900\" \/>\n\t<meta property=\"og:image:height\" content=\"1267\" \/>\n\t<meta property=\"og:image:type\" content=\"image\/jpeg\" \/>\n<meta name=\"author\" content=\"Pierre S\" \/>\n<meta name=\"twitter:card\" content=\"summary_large_image\" \/>\n<meta name=\"twitter:label1\" content=\"\u00c9crit par\" \/>\n\t<meta name=\"twitter:data1\" content=\"Pierre S\" \/>\n\t<meta name=\"twitter:label2\" content=\"Dur\u00e9e de lecture estim\u00e9e\" \/>\n\t<meta name=\"twitter:data2\" content=\"1 minute\" \/>\n<script type=\"application\/ld+json\" class=\"yoast-schema-graph\">{\"@context\":\"https:\\\/\\\/schema.org\",\"@graph\":[{\"@type\":\"Article\",\"@id\":\"https:\\\/\\\/objectif-image.fr\\\/OI\\\/rencontres-du-film-photographique-et-cinema\\\/#article\",\"isPartOf\":{\"@id\":\"https:\\\/\\\/objectif-image.fr\\\/OI\\\/rencontres-du-film-photographique-et-cinema\\\/\"},\"author\":{\"name\":\"Pierre S\",\"@id\":\"https:\\\/\\\/objectif-image.fr\\\/OI\\\/#\\\/schema\\\/person\\\/813c64cc2f0c70450ca653f2e80a6515\"},\"headline\":\"Rencontres du film Photographique et Cin\u00e9ma\",\"datePublished\":\"2025-11-13T12:20:11+00:00\",\"dateModified\":\"2025-11-13T13:09:50+00:00\",\"mainEntityOfPage\":{\"@id\":\"https:\\\/\\\/objectif-image.fr\\\/OI\\\/rencontres-du-film-photographique-et-cinema\\\/\"},\"wordCount\":172,\"publisher\":{\"@id\":\"https:\\\/\\\/objectif-image.fr\\\/OI\\\/#organization\"},\"image\":{\"@id\":\"https:\\\/\\\/objectif-image.fr\\\/OI\\\/rencontres-du-film-photographique-et-cinema\\\/#primaryimage\"},\"thumbnailUrl\":\"https:\\\/\\\/objectif-image.fr\\\/OI\\\/wp-content\\\/uploads\\\/2025\\\/11\\\/pour-Pierre-6.jpg\",\"keywords\":[\"Objectif Image\"],\"articleSection\":[\"Audiovisuel\",\"Ev\u00e8nements\",\"Rencontres Films 2025\"],\"inLanguage\":\"fr-FR\"},{\"@type\":\"WebPage\",\"@id\":\"https:\\\/\\\/objectif-image.fr\\\/OI\\\/rencontres-du-film-photographique-et-cinema\\\/\",\"url\":\"https:\\\/\\\/objectif-image.fr\\\/OI\\\/rencontres-du-film-photographique-et-cinema\\\/\",\"name\":\"Rencontres du film Photographique et Cin\u00e9ma - Objectif Image\",\"isPartOf\":{\"@id\":\"https:\\\/\\\/objectif-image.fr\\\/OI\\\/#website\"},\"primaryImageOfPage\":{\"@id\":\"https:\\\/\\\/objectif-image.fr\\\/OI\\\/rencontres-du-film-photographique-et-cinema\\\/#primaryimage\"},\"image\":{\"@id\":\"https:\\\/\\\/objectif-image.fr\\\/OI\\\/rencontres-du-film-photographique-et-cinema\\\/#primaryimage\"},\"thumbnailUrl\":\"https:\\\/\\\/objectif-image.fr\\\/OI\\\/wp-content\\\/uploads\\\/2025\\\/11\\\/pour-Pierre-6.jpg\",\"datePublished\":\"2025-11-13T12:20:11+00:00\",\"dateModified\":\"2025-11-13T13:09:50+00:00\",\"breadcrumb\":{\"@id\":\"https:\\\/\\\/objectif-image.fr\\\/OI\\\/rencontres-du-film-photographique-et-cinema\\\/#breadcrumb\"},\"inLanguage\":\"fr-FR\",\"potentialAction\":[{\"@type\":\"ReadAction\",\"target\":[\"https:\\\/\\\/objectif-image.fr\\\/OI\\\/rencontres-du-film-photographique-et-cinema\\\/\"]}]},{\"@type\":\"ImageObject\",\"inLanguage\":\"fr-FR\",\"@id\":\"https:\\\/\\\/objectif-image.fr\\\/OI\\\/rencontres-du-film-photographique-et-cinema\\\/#primaryimage\",\"url\":\"https:\\\/\\\/objectif-image.fr\\\/OI\\\/wp-content\\\/uploads\\\/2025\\\/11\\\/pour-Pierre-6.jpg\",\"contentUrl\":\"https:\\\/\\\/objectif-image.fr\\\/OI\\\/wp-content\\\/uploads\\\/2025\\\/11\\\/pour-Pierre-6.jpg\",\"width\":1900,\"height\":1267},{\"@type\":\"BreadcrumbList\",\"@id\":\"https:\\\/\\\/objectif-image.fr\\\/OI\\\/rencontres-du-film-photographique-et-cinema\\\/#breadcrumb\",\"itemListElement\":[{\"@type\":\"ListItem\",\"position\":1,\"name\":\"Accueil\",\"item\":\"https:\\\/\\\/objectif-image.fr\\\/OI\\\/\"},{\"@type\":\"ListItem\",\"position\":2,\"name\":\"Rencontres du film Photographique et Cin\u00e9ma\"}]},{\"@type\":\"WebSite\",\"@id\":\"https:\\\/\\\/objectif-image.fr\\\/OI\\\/#website\",\"url\":\"https:\\\/\\\/objectif-image.fr\\\/OI\\\/\",\"name\":\"Objectif Image\",\"description\":\"Objectif Image\",\"publisher\":{\"@id\":\"https:\\\/\\\/objectif-image.fr\\\/OI\\\/#organization\"},\"potentialAction\":[{\"@type\":\"SearchAction\",\"target\":{\"@type\":\"EntryPoint\",\"urlTemplate\":\"https:\\\/\\\/objectif-image.fr\\\/OI\\\/?s={search_term_string}\"},\"query-input\":{\"@type\":\"PropertyValueSpecification\",\"valueRequired\":true,\"valueName\":\"search_term_string\"}}],\"inLanguage\":\"fr-FR\"},{\"@type\":\"Organization\",\"@id\":\"https:\\\/\\\/objectif-image.fr\\\/OI\\\/#organization\",\"name\":\"Objectif Image\",\"url\":\"https:\\\/\\\/objectif-image.fr\\\/OI\\\/\",\"logo\":{\"@type\":\"ImageObject\",\"inLanguage\":\"fr-FR\",\"@id\":\"https:\\\/\\\/objectif-image.fr\\\/OI\\\/#\\\/schema\\\/logo\\\/image\\\/\",\"url\":\"https:\\\/\\\/objectif-image.fr\\\/OI\\\/wp-content\\\/uploads\\\/2019\\\/02\\\/logo-OI-NATIONAL-rouge-2000px.jpg\",\"contentUrl\":\"https:\\\/\\\/objectif-image.fr\\\/OI\\\/wp-content\\\/uploads\\\/2019\\\/02\\\/logo-OI-NATIONAL-rouge-2000px.jpg\",\"width\":1081,\"height\":1024,\"caption\":\"Objectif Image\"},\"image\":{\"@id\":\"https:\\\/\\\/objectif-image.fr\\\/OI\\\/#\\\/schema\\\/logo\\\/image\\\/\"},\"sameAs\":[\"https:\\\/\\\/www.facebook.com\\\/Objectif.mage\"]},{\"@type\":\"Person\",\"@id\":\"https:\\\/\\\/objectif-image.fr\\\/OI\\\/#\\\/schema\\\/person\\\/813c64cc2f0c70450ca653f2e80a6515\",\"name\":\"Pierre S\",\"image\":{\"@type\":\"ImageObject\",\"inLanguage\":\"fr-FR\",\"@id\":\"https:\\\/\\\/secure.gravatar.com\\\/avatar\\\/6d1df1cb0bf58ef7d330b8910acfe62e7fbc0c2138564189224f85869b953674?s=96&d=mm&r=g\",\"url\":\"https:\\\/\\\/secure.gravatar.com\\\/avatar\\\/6d1df1cb0bf58ef7d330b8910acfe62e7fbc0c2138564189224f85869b953674?s=96&d=mm&r=g\",\"contentUrl\":\"https:\\\/\\\/secure.gravatar.com\\\/avatar\\\/6d1df1cb0bf58ef7d330b8910acfe62e7fbc0c2138564189224f85869b953674?s=96&d=mm&r=g\",\"caption\":\"Pierre S\"},\"url\":\"https:\\\/\\\/objectif-image.fr\\\/OI\\\/author\\\/pierres-2-2\\\/\"}]}<\/script>\n<!-- \/ Yoast SEO plugin. -->","yoast_head_json":{"title":"Rencontres du film Photographique et Cin\u00e9ma - Objectif Image","robots":{"index":"index","follow":"follow","max-snippet":"max-snippet:-1","max-image-preview":"max-image-preview:large","max-video-preview":"max-video-preview:-1"},"canonical":"https:\/\/objectif-image.fr\/OI\/rencontres-du-film-photographique-et-cinema\/","og_locale":"fr_FR","og_type":"article","og_title":"Rencontres du film Photographique et Cin\u00e9ma - Objectif Image","og_description":"Du 7 au 9 novembre 2025, Objectif Image organisait \u00e0 S\u00e8te, ses premi\u00e8res Rencontres du film \u00ab\u00a0Cin\u00e9ma\u00a0\u00bb et du film \u00ab\u00a0Photo\u00a0\u00bb. Ce sont pr\u00e8s de 80 participants, qui se sont r\u00e9unis pour visionner, discuter, d\u00e9battre de la soixantaine de films mis \u00e0 la discussion. . . . . Une conf\u00e9rence de Alexe LIEBERT sur le [&hellip;]","og_url":"https:\/\/objectif-image.fr\/OI\/rencontres-du-film-photographique-et-cinema\/","og_site_name":"Objectif Image","article_publisher":"https:\/\/www.facebook.com\/Objectif.mage","article_published_time":"2025-11-13T12:20:11+00:00","article_modified_time":"2025-11-13T13:09:50+00:00","og_image":[{"width":1900,"height":1267,"url":"https:\/\/objectif-image.fr\/OI\/wp-content\/uploads\/2025\/11\/pour-Pierre-6.jpg","type":"image\/jpeg"}],"author":"Pierre S","twitter_card":"summary_large_image","twitter_misc":{"\u00c9crit par":"Pierre S","Dur\u00e9e de lecture estim\u00e9e":"1 minute"},"schema":{"@context":"https:\/\/schema.org","@graph":[{"@type":"Article","@id":"https:\/\/objectif-image.fr\/OI\/rencontres-du-film-photographique-et-cinema\/#article","isPartOf":{"@id":"https:\/\/objectif-image.fr\/OI\/rencontres-du-film-photographique-et-cinema\/"},"author":{"name":"Pierre S","@id":"https:\/\/objectif-image.fr\/OI\/#\/schema\/person\/813c64cc2f0c70450ca653f2e80a6515"},"headline":"Rencontres du film Photographique et Cin\u00e9ma","datePublished":"2025-11-13T12:20:11+00:00","dateModified":"2025-11-13T13:09:50+00:00","mainEntityOfPage":{"@id":"https:\/\/objectif-image.fr\/OI\/rencontres-du-film-photographique-et-cinema\/"},"wordCount":172,"publisher":{"@id":"https:\/\/objectif-image.fr\/OI\/#organization"},"image":{"@id":"https:\/\/objectif-image.fr\/OI\/rencontres-du-film-photographique-et-cinema\/#primaryimage"},"thumbnailUrl":"https:\/\/objectif-image.fr\/OI\/wp-content\/uploads\/2025\/11\/pour-Pierre-6.jpg","keywords":["Objectif Image"],"articleSection":["Audiovisuel","Ev\u00e8nements","Rencontres Films 2025"],"inLanguage":"fr-FR"},{"@type":"WebPage","@id":"https:\/\/objectif-image.fr\/OI\/rencontres-du-film-photographique-et-cinema\/","url":"https:\/\/objectif-image.fr\/OI\/rencontres-du-film-photographique-et-cinema\/","name":"Rencontres du film Photographique et Cin\u00e9ma - Objectif Image","isPartOf":{"@id":"https:\/\/objectif-image.fr\/OI\/#website"},"primaryImageOfPage":{"@id":"https:\/\/objectif-image.fr\/OI\/rencontres-du-film-photographique-et-cinema\/#primaryimage"},"image":{"@id":"https:\/\/objectif-image.fr\/OI\/rencontres-du-film-photographique-et-cinema\/#primaryimage"},"thumbnailUrl":"https:\/\/objectif-image.fr\/OI\/wp-content\/uploads\/2025\/11\/pour-Pierre-6.jpg","datePublished":"2025-11-13T12:20:11+00:00","dateModified":"2025-11-13T13:09:50+00:00","breadcrumb":{"@id":"https:\/\/objectif-image.fr\/OI\/rencontres-du-film-photographique-et-cinema\/#breadcrumb"},"inLanguage":"fr-FR","potentialAction":[{"@type":"ReadAction","target":["https:\/\/objectif-image.fr\/OI\/rencontres-du-film-photographique-et-cinema\/"]}]},{"@type":"ImageObject","inLanguage":"fr-FR","@id":"https:\/\/objectif-image.fr\/OI\/rencontres-du-film-photographique-et-cinema\/#primaryimage","url":"https:\/\/objectif-image.fr\/OI\/wp-content\/uploads\/2025\/11\/pour-Pierre-6.jpg","contentUrl":"https:\/\/objectif-image.fr\/OI\/wp-content\/uploads\/2025\/11\/pour-Pierre-6.jpg","width":1900,"height":1267},{"@type":"BreadcrumbList","@id":"https:\/\/objectif-image.fr\/OI\/rencontres-du-film-photographique-et-cinema\/#breadcrumb","itemListElement":[{"@type":"ListItem","position":1,"name":"Accueil","item":"https:\/\/objectif-image.fr\/OI\/"},{"@type":"ListItem","position":2,"name":"Rencontres du film Photographique et Cin\u00e9ma"}]},{"@type":"WebSite","@id":"https:\/\/objectif-image.fr\/OI\/#website","url":"https:\/\/objectif-image.fr\/OI\/","name":"Objectif Image","description":"Objectif Image","publisher":{"@id":"https:\/\/objectif-image.fr\/OI\/#organization"},"potentialAction":[{"@type":"SearchAction","target":{"@type":"EntryPoint","urlTemplate":"https:\/\/objectif-image.fr\/OI\/?s={search_term_string}"},"query-input":{"@type":"PropertyValueSpecification","valueRequired":true,"valueName":"search_term_string"}}],"inLanguage":"fr-FR"},{"@type":"Organization","@id":"https:\/\/objectif-image.fr\/OI\/#organization","name":"Objectif Image","url":"https:\/\/objectif-image.fr\/OI\/","logo":{"@type":"ImageObject","inLanguage":"fr-FR","@id":"https:\/\/objectif-image.fr\/OI\/#\/schema\/logo\/image\/","url":"https:\/\/objectif-image.fr\/OI\/wp-content\/uploads\/2019\/02\/logo-OI-NATIONAL-rouge-2000px.jpg","contentUrl":"https:\/\/objectif-image.fr\/OI\/wp-content\/uploads\/2019\/02\/logo-OI-NATIONAL-rouge-2000px.jpg","width":1081,"height":1024,"caption":"Objectif Image"},"image":{"@id":"https:\/\/objectif-image.fr\/OI\/#\/schema\/logo\/image\/"},"sameAs":["https:\/\/www.facebook.com\/Objectif.mage"]},{"@type":"Person","@id":"https:\/\/objectif-image.fr\/OI\/#\/schema\/person\/813c64cc2f0c70450ca653f2e80a6515","name":"Pierre S","image":{"@type":"ImageObject","inLanguage":"fr-FR","@id":"https:\/\/secure.gravatar.com\/avatar\/6d1df1cb0bf58ef7d330b8910acfe62e7fbc0c2138564189224f85869b953674?s=96&d=mm&r=g","url":"https:\/\/secure.gravatar.com\/avatar\/6d1df1cb0bf58ef7d330b8910acfe62e7fbc0c2138564189224f85869b953674?s=96&d=mm&r=g","contentUrl":"https:\/\/secure.gravatar.com\/avatar\/6d1df1cb0bf58ef7d330b8910acfe62e7fbc0c2138564189224f85869b953674?s=96&d=mm&r=g","caption":"Pierre S"},"url":"https:\/\/objectif-image.fr\/OI\/author\/pierres-2-2\/"}]}},"_links":{"self":[{"href":"https:\/\/objectif-image.fr\/OI\/wp-json\/wp\/v2\/posts\/59605","targetHints":{"allow":["GET"]}}],"collection":[{"href":"https:\/\/objectif-image.fr\/OI\/wp-json\/wp\/v2\/posts"}],"about":[{"href":"https:\/\/objectif-image.fr\/OI\/wp-json\/wp\/v2\/types\/post"}],"author":[{"embeddable":true,"href":"https:\/\/objectif-image.fr\/OI\/wp-json\/wp\/v2\/users\/3"}],"replies":[{"embeddable":true,"href":"https:\/\/objectif-image.fr\/OI\/wp-json\/wp\/v2\/comments?post=59605"}],"version-history":[{"count":0,"href":"https:\/\/objectif-image.fr\/OI\/wp-json\/wp\/v2\/posts\/59605\/revisions"}],"wp:featuredmedia":[{"embeddable":true,"href":"https:\/\/objectif-image.fr\/OI\/wp-json\/wp\/v2\/media\/59639"}],"wp:attachment":[{"href":"https:\/\/objectif-image.fr\/OI\/wp-json\/wp\/v2\/media?parent=59605"}],"wp:term":[{"taxonomy":"category","embeddable":true,"href":"https:\/\/objectif-image.fr\/OI\/wp-json\/wp\/v2\/categories?post=59605"},{"taxonomy":"post_tag","embeddable":true,"href":"https:\/\/objectif-image.fr\/OI\/wp-json\/wp\/v2\/tags?post=59605"}],"curies":[{"name":"wp","href":"https:\/\/api.w.org\/{rel}","templated":true}]}}