{"id":60383,"date":"2026-01-18T09:49:31","date_gmt":"2026-01-18T08:49:31","guid":{"rendered":"https:\/\/objectif-image.fr\/OI\/?p=60383"},"modified":"2026-01-18T14:32:35","modified_gmt":"2026-01-18T13:32:35","slug":"le-theme-dobjectif-image-pour-2026-a-la-maniere-de","status":"publish","type":"post","link":"https:\/\/objectif-image.fr\/OI\/le-theme-dobjectif-image-pour-2026-a-la-maniere-de\/","title":{"rendered":"Le th\u00e8me d&rsquo;Objectif Image pour 2026 &#8211; \u00ab\u00a0\u00e0 la mani\u00e8re de&#8230;\u00a0\u00bb"},"content":{"rendered":"\n<p><\/p>\n\n\n\n<p class=\"has-black-color has-text-color has-background has-link-color wp-elements-132d17f12358ce4ac650e90c6aaeac4d\" style=\"background-color:#8dd2fc4f;font-size:clamp(17.371px, 1.086rem + ((1vw - 3.2px) * 0.741), 27px);\"><strong>\u00ab\u00a0\u00e0 la mani\u00e8re de&#8230;\u00a0\u00bb<\/strong>  ou  <strong><em>dans l\u2019esprit de\u2026<\/em><\/strong><\/p>\n\n\n\n<p class=\"has-black-color has-text-color has-link-color wp-elements-0ae5053615a719f9800f181e7077aae6\" style=\"font-size:clamp(17.905px, 1.119rem + ((1vw - 3.2px) * 0.777), 28px);\"><em><strong>2026\u00a0! Bicentenaire de la photographie.<\/strong><\/em><\/p>\n\n\n\n<p class=\"has-black-color has-text-color has-link-color wp-elements-a8871c8b540fa2836f7cf4d13b6246e9\" style=\"font-size:clamp(16.834px, 1.052rem + ((1vw - 3.2px) * 0.705), 26px);\">Cela fait 200 ans que la photographie existe et aujourd\u2019hui elle est omnipr\u00e9sente dans nos vies. Envahissante m\u00eame parfois. C\u2019est donc tout naturellement que pour marquer ce bicentenaire, nous ayons envie de f\u00eater la photographie et \u00e0 travers elle les artistes photographes.<\/p>\n\n\n\n<p>.<\/p>\n\n\n\n<figure class=\"wp-block-image aligncenter size-large\"><img loading=\"lazy\" decoding=\"async\" width=\"1024\" height=\"160\" src=\"https:\/\/objectif-image.fr\/OI\/wp-content\/uploads\/2026\/01\/Bandeau-a-la-maniere-de-essai-1-1024x160.jpg\" alt=\"\" class=\"wp-image-60397\" srcset=\"https:\/\/objectif-image.fr\/OI\/wp-content\/uploads\/2026\/01\/Bandeau-a-la-maniere-de-essai-1-1024x160.jpg 1024w, https:\/\/objectif-image.fr\/OI\/wp-content\/uploads\/2026\/01\/Bandeau-a-la-maniere-de-essai-1-400x63.jpg 400w, https:\/\/objectif-image.fr\/OI\/wp-content\/uploads\/2026\/01\/Bandeau-a-la-maniere-de-essai-1-300x47.jpg 300w, https:\/\/objectif-image.fr\/OI\/wp-content\/uploads\/2026\/01\/Bandeau-a-la-maniere-de-essai-1-150x23.jpg 150w, https:\/\/objectif-image.fr\/OI\/wp-content\/uploads\/2026\/01\/Bandeau-a-la-maniere-de-essai-1-768x120.jpg 768w, https:\/\/objectif-image.fr\/OI\/wp-content\/uploads\/2026\/01\/Bandeau-a-la-maniere-de-essai-1-1536x240.jpg 1536w, https:\/\/objectif-image.fr\/OI\/wp-content\/uploads\/2026\/01\/Bandeau-a-la-maniere-de-essai-1-100x16.jpg 100w, https:\/\/objectif-image.fr\/OI\/wp-content\/uploads\/2026\/01\/Bandeau-a-la-maniere-de-essai-1-1320x206.jpg 1320w, https:\/\/objectif-image.fr\/OI\/wp-content\/uploads\/2026\/01\/Bandeau-a-la-maniere-de-essai-1.jpg 1920w\" sizes=\"auto, (max-width: 1024px) 100vw, 1024px\" \/><\/figure>\n\n\n\n<p>.<\/p>\n\n\n\n<p class=\"has-text-align-center has-black-color has-text-color has-link-color wp-elements-43625ac61b9c06423915ae56f027197d\" style=\"font-size:clamp(17.905px, 1.119rem + ((1vw - 3.2px) * 0.777), 28px);\"><strong>\u00ab&nbsp;A la mani\u00e8re de\u2026\u00bb<\/strong><\/p>\n\n\n\n<p class=\"has-black-color has-text-color has-link-color wp-elements-35abdf77311d6f6ec7544ed6c5966980\" style=\"font-size:clamp(16.834px, 1.052rem + ((1vw - 3.2px) * 0.705), 26px);\">C\u2019est-\u00e0-dire \u00e0 la mani\u00e8re d\u2019un photographe que vous appr\u00e9ciez, qui a jou\u00e9 un r\u00f4le important dans votre histoire d\u2019amateur, ou qui vous a intrigu\u00e9, influenc\u00e9 par ses propositions&nbsp;visuelles, son style, ses cadrages, etc.&nbsp;<\/p>\n\n\n\n<p class=\"has-black-color has-text-color has-link-color wp-elements-b9d02319fd817d9541747847208857cc\" style=\"font-size:clamp(16.834px, 1.052rem + ((1vw - 3.2px) * 0.705), 26px);\"><strong>S&rsquo;inspirer du regard port\u00e9 par certains photographes c\u00e9l\u00e8bres est une source potentielle de cr\u00e9ation.<\/strong><\/p>\n\n\n\n<p class=\"has-black-color has-text-color has-link-color wp-elements-3e8c3350e6d854977526bc111ed27632\" style=\"font-size:clamp(16.834px, 1.052rem + ((1vw - 3.2px) * 0.705), 26px);\">Bien entendu il ne s&rsquo;agit pas de faire de la copie ni du plagiat mais d&rsquo;un&nbsp;jeu photographique, un jeu de culture d\u2019image&nbsp;: Faire deviner QUI se cache derri\u00e8re vos photos.<\/p>\n\n\n\n<figure class=\"wp-block-image aligncenter size-large is-resized\"><img loading=\"lazy\" decoding=\"async\" width=\"1024\" height=\"697\" src=\"https:\/\/objectif-image.fr\/OI\/wp-content\/uploads\/2026\/01\/5-novembre-b-1024x697.jpg\" alt=\"\" class=\"wp-image-60384\" style=\"aspect-ratio:1.46919039196668;width:637px;height:auto\" srcset=\"https:\/\/objectif-image.fr\/OI\/wp-content\/uploads\/2026\/01\/5-novembre-b-1024x697.jpg 1024w, https:\/\/objectif-image.fr\/OI\/wp-content\/uploads\/2026\/01\/5-novembre-b-400x272.jpg 400w, https:\/\/objectif-image.fr\/OI\/wp-content\/uploads\/2026\/01\/5-novembre-b-300x204.jpg 300w, https:\/\/objectif-image.fr\/OI\/wp-content\/uploads\/2026\/01\/5-novembre-b-150x102.jpg 150w, https:\/\/objectif-image.fr\/OI\/wp-content\/uploads\/2026\/01\/5-novembre-b-768x523.jpg 768w, https:\/\/objectif-image.fr\/OI\/wp-content\/uploads\/2026\/01\/5-novembre-b-1536x1045.jpg 1536w, https:\/\/objectif-image.fr\/OI\/wp-content\/uploads\/2026\/01\/5-novembre-b-100x68.jpg 100w, https:\/\/objectif-image.fr\/OI\/wp-content\/uploads\/2026\/01\/5-novembre-b-1320x898.jpg 1320w, https:\/\/objectif-image.fr\/OI\/wp-content\/uploads\/2026\/01\/5-novembre-b.jpg 1843w\" sizes=\"auto, (max-width: 1024px) 100vw, 1024px\" \/><\/figure>\n\n\n\n<p class=\"has-text-align-center has-black-color has-text-color has-link-color wp-elements-7eb5922d1bc7755c7fcbd9ac96078366\" style=\"font-size:clamp(17.905px, 1.119rem + ((1vw - 3.2px) * 0.777), 28px);\"><strong>R\u00e8gle du jeu<\/strong><\/p>\n\n\n\n<p class=\"has-text-align-center\" style=\"font-size:clamp(16.834px, 1.052rem + ((1vw - 3.2px) * 0.705), 26px);\">par mail \u00e0 <a href=\"mailto:photo@objectif-image.fr\"><strong>photo@objectif-image.fr<\/strong><\/a><\/p>\n\n\n\n<ul class=\"wp-block-list\">\n<li class=\"has-black-color has-text-color has-link-color has-medium-font-size wp-elements-00363a5a44ad913030a7e99d36785608\">Envoyez<strong> 2 \u00e0 3 photos<\/strong> \u00ab&nbsp;\u00e0 la mani\u00e8re du photographe de votre choix.&nbsp;\u00bb<br>(2000px de large maxi)<\/li>\n\n\n\n<li class=\"has-black-color has-text-color has-link-color has-medium-font-size wp-elements-4d01ce2fb23ad4e12ba629df812a3e1c\">Pr\u00e9cisez le nom du photographe et indiquez un lien vers son travail (Site Internet ou r\u00e9f\u00e9rence de livre).<\/li>\n\n\n\n<li class=\"has-black-color has-text-color has-link-color has-medium-font-size wp-elements-501ceb77da51ea805b39e093ca308360\">Les photos re\u00e7ues seront publi\u00e9es r\u00e9guli\u00e8rement dans une lettre d\u2019info sous forme de jeu. <\/li>\n\n\n\n<li class=\"has-black-color has-text-color has-link-color has-medium-font-size wp-elements-aeeb5d565f1e3f0197fcdd36ceace2fd\">Les photos seront ensuite publi\u00e9es sur le site d\u2019OI et Facebook avec le lien vers votre artiste d\u2019inspiration.<\/li>\n<\/ul>\n\n\n\n<figure class=\"wp-block-image aligncenter size-large is-resized\"><img loading=\"lazy\" decoding=\"async\" width=\"1024\" height=\"1020\" src=\"https:\/\/objectif-image.fr\/OI\/wp-content\/uploads\/2025\/08\/Photo-3-1024x1020.jpg\" alt=\"\" class=\"wp-image-58631\" style=\"aspect-ratio:1.0039181286549708;width:231px;height:auto\" srcset=\"https:\/\/objectif-image.fr\/OI\/wp-content\/uploads\/2025\/08\/Photo-3-1024x1020.jpg 1024w, https:\/\/objectif-image.fr\/OI\/wp-content\/uploads\/2025\/08\/Photo-3-100x100.jpg 100w, https:\/\/objectif-image.fr\/OI\/wp-content\/uploads\/2025\/08\/Photo-3-scaled-400x398.jpg 400w, https:\/\/objectif-image.fr\/OI\/wp-content\/uploads\/2025\/08\/Photo-3-300x300.jpg 300w, https:\/\/objectif-image.fr\/OI\/wp-content\/uploads\/2025\/08\/Photo-3-150x150.jpg 150w, https:\/\/objectif-image.fr\/OI\/wp-content\/uploads\/2025\/08\/Photo-3-768x765.jpg 768w, https:\/\/objectif-image.fr\/OI\/wp-content\/uploads\/2025\/08\/Photo-3-1536x1530.jpg 1536w, https:\/\/objectif-image.fr\/OI\/wp-content\/uploads\/2025\/08\/Photo-3-2048x2040.jpg 2048w, https:\/\/objectif-image.fr\/OI\/wp-content\/uploads\/2025\/08\/Photo-3-80x80.jpg 80w, https:\/\/objectif-image.fr\/OI\/wp-content\/uploads\/2025\/08\/Photo-3-320x320.jpg 320w, https:\/\/objectif-image.fr\/OI\/wp-content\/uploads\/2025\/08\/Photo-3-1320x1315.jpg 1320w\" sizes=\"auto, (max-width: 1024px) 100vw, 1024px\" \/><\/figure>\n","protected":false},"excerpt":{"rendered":"<p>\u00ab\u00a0\u00e0 la mani\u00e8re de&#8230;\u00a0\u00bb ou dans l\u2019esprit de\u2026 2026\u00a0! Bicentenaire de la photographie. Cela fait 200 ans que la photographie existe et aujourd\u2019hui elle est omnipr\u00e9sente dans nos vies. Envahissante m\u00eame parfois. C\u2019est donc tout naturellement que pour marquer ce bicentenaire, nous ayons envie de f\u00eater la photographie et \u00e0 travers elle les artistes photographes. [&hellip;]<\/p>\n","protected":false},"author":3,"featured_media":60435,"comment_status":"closed","ping_status":"closed","sticky":true,"template":"","format":"standard","meta":{"_acf_changed":false,"footnotes":""},"categories":[821,30],"tags":[104],"class_list":["post-60383","post","type-post","status-publish","format-standard","has-post-thumbnail","hentry","category-a-la-maniere-de","category-printemps-doi","tag-objectif-image"],"acf":[],"yoast_head":"<!-- This site is optimized with the Yoast SEO plugin v27.5 - https:\/\/yoast.com\/product\/yoast-seo-wordpress\/ -->\n<title>Le th\u00e8me d&#039;Objectif Image pour 2026 - &quot;\u00e0 la mani\u00e8re de...&quot; - Objectif Image<\/title>\n<meta name=\"robots\" content=\"index, follow, max-snippet:-1, max-image-preview:large, max-video-preview:-1\" \/>\n<link rel=\"canonical\" href=\"https:\/\/objectif-image.fr\/OI\/le-theme-dobjectif-image-pour-2026-a-la-maniere-de\/\" \/>\n<meta property=\"og:locale\" content=\"fr_FR\" \/>\n<meta property=\"og:type\" content=\"article\" \/>\n<meta property=\"og:title\" content=\"Le th\u00e8me d&#039;Objectif Image pour 2026 - &quot;\u00e0 la mani\u00e8re de...&quot; - Objectif Image\" \/>\n<meta property=\"og:description\" content=\"\u00ab\u00a0\u00e0 la mani\u00e8re de&#8230;\u00a0\u00bb ou dans l\u2019esprit de\u2026 2026\u00a0! Bicentenaire de la photographie. Cela fait 200 ans que la photographie existe et aujourd\u2019hui elle est omnipr\u00e9sente dans nos vies. Envahissante m\u00eame parfois. C\u2019est donc tout naturellement que pour marquer ce bicentenaire, nous ayons envie de f\u00eater la photographie et \u00e0 travers elle les artistes photographes. [&hellip;]\" \/>\n<meta property=\"og:url\" content=\"https:\/\/objectif-image.fr\/OI\/le-theme-dobjectif-image-pour-2026-a-la-maniere-de\/\" \/>\n<meta property=\"og:site_name\" content=\"Objectif Image\" \/>\n<meta property=\"article:publisher\" content=\"https:\/\/www.facebook.com\/Objectif.mage\" \/>\n<meta property=\"article:published_time\" content=\"2026-01-18T08:49:31+00:00\" \/>\n<meta property=\"article:modified_time\" content=\"2026-01-18T13:32:35+00:00\" \/>\n<meta property=\"og:image\" content=\"https:\/\/objectif-image.fr\/OI\/wp-content\/uploads\/2026\/01\/5-novembre-b2-scaled.jpg\" \/>\n\t<meta property=\"og:image:width\" content=\"2560\" \/>\n\t<meta property=\"og:image:height\" content=\"1707\" \/>\n\t<meta property=\"og:image:type\" content=\"image\/jpeg\" \/>\n<meta name=\"author\" content=\"Pierre S\" \/>\n<meta name=\"twitter:card\" content=\"summary_large_image\" \/>\n<meta name=\"twitter:label1\" content=\"\u00c9crit par\" \/>\n\t<meta name=\"twitter:data1\" content=\"Pierre S\" \/>\n\t<meta name=\"twitter:label2\" content=\"Dur\u00e9e de lecture estim\u00e9e\" \/>\n\t<meta name=\"twitter:data2\" content=\"1 minute\" \/>\n<script type=\"application\/ld+json\" class=\"yoast-schema-graph\">{\"@context\":\"https:\\\/\\\/schema.org\",\"@graph\":[{\"@type\":\"Article\",\"@id\":\"https:\\\/\\\/objectif-image.fr\\\/OI\\\/le-theme-dobjectif-image-pour-2026-a-la-maniere-de\\\/#article\",\"isPartOf\":{\"@id\":\"https:\\\/\\\/objectif-image.fr\\\/OI\\\/le-theme-dobjectif-image-pour-2026-a-la-maniere-de\\\/\"},\"author\":{\"name\":\"Pierre S\",\"@id\":\"https:\\\/\\\/objectif-image.fr\\\/OI\\\/#\\\/schema\\\/person\\\/813c64cc2f0c70450ca653f2e80a6515\"},\"headline\":\"Le th\u00e8me d&rsquo;Objectif Image pour 2026 &#8211; \u00ab\u00a0\u00e0 la mani\u00e8re de&#8230;\u00a0\u00bb\",\"datePublished\":\"2026-01-18T08:49:31+00:00\",\"dateModified\":\"2026-01-18T13:32:35+00:00\",\"mainEntityOfPage\":{\"@id\":\"https:\\\/\\\/objectif-image.fr\\\/OI\\\/le-theme-dobjectif-image-pour-2026-a-la-maniere-de\\\/\"},\"wordCount\":259,\"publisher\":{\"@id\":\"https:\\\/\\\/objectif-image.fr\\\/OI\\\/#organization\"},\"image\":{\"@id\":\"https:\\\/\\\/objectif-image.fr\\\/OI\\\/le-theme-dobjectif-image-pour-2026-a-la-maniere-de\\\/#primaryimage\"},\"thumbnailUrl\":\"https:\\\/\\\/objectif-image.fr\\\/OI\\\/wp-content\\\/uploads\\\/2026\\\/01\\\/5-novembre-b2-scaled.jpg\",\"keywords\":[\"Objectif Image\"],\"articleSection\":[\"\u00e0 la mani\u00e8re de\",\"Printemps d'OI\"],\"inLanguage\":\"fr-FR\"},{\"@type\":\"WebPage\",\"@id\":\"https:\\\/\\\/objectif-image.fr\\\/OI\\\/le-theme-dobjectif-image-pour-2026-a-la-maniere-de\\\/\",\"url\":\"https:\\\/\\\/objectif-image.fr\\\/OI\\\/le-theme-dobjectif-image-pour-2026-a-la-maniere-de\\\/\",\"name\":\"Le th\u00e8me d'Objectif Image pour 2026 - \\\"\u00e0 la mani\u00e8re de...\\\" - Objectif Image\",\"isPartOf\":{\"@id\":\"https:\\\/\\\/objectif-image.fr\\\/OI\\\/#website\"},\"primaryImageOfPage\":{\"@id\":\"https:\\\/\\\/objectif-image.fr\\\/OI\\\/le-theme-dobjectif-image-pour-2026-a-la-maniere-de\\\/#primaryimage\"},\"image\":{\"@id\":\"https:\\\/\\\/objectif-image.fr\\\/OI\\\/le-theme-dobjectif-image-pour-2026-a-la-maniere-de\\\/#primaryimage\"},\"thumbnailUrl\":\"https:\\\/\\\/objectif-image.fr\\\/OI\\\/wp-content\\\/uploads\\\/2026\\\/01\\\/5-novembre-b2-scaled.jpg\",\"datePublished\":\"2026-01-18T08:49:31+00:00\",\"dateModified\":\"2026-01-18T13:32:35+00:00\",\"breadcrumb\":{\"@id\":\"https:\\\/\\\/objectif-image.fr\\\/OI\\\/le-theme-dobjectif-image-pour-2026-a-la-maniere-de\\\/#breadcrumb\"},\"inLanguage\":\"fr-FR\",\"potentialAction\":[{\"@type\":\"ReadAction\",\"target\":[\"https:\\\/\\\/objectif-image.fr\\\/OI\\\/le-theme-dobjectif-image-pour-2026-a-la-maniere-de\\\/\"]}]},{\"@type\":\"ImageObject\",\"inLanguage\":\"fr-FR\",\"@id\":\"https:\\\/\\\/objectif-image.fr\\\/OI\\\/le-theme-dobjectif-image-pour-2026-a-la-maniere-de\\\/#primaryimage\",\"url\":\"https:\\\/\\\/objectif-image.fr\\\/OI\\\/wp-content\\\/uploads\\\/2026\\\/01\\\/5-novembre-b2-scaled.jpg\",\"contentUrl\":\"https:\\\/\\\/objectif-image.fr\\\/OI\\\/wp-content\\\/uploads\\\/2026\\\/01\\\/5-novembre-b2-scaled.jpg\",\"width\":2560,\"height\":1707},{\"@type\":\"BreadcrumbList\",\"@id\":\"https:\\\/\\\/objectif-image.fr\\\/OI\\\/le-theme-dobjectif-image-pour-2026-a-la-maniere-de\\\/#breadcrumb\",\"itemListElement\":[{\"@type\":\"ListItem\",\"position\":1,\"name\":\"Accueil\",\"item\":\"https:\\\/\\\/objectif-image.fr\\\/OI\\\/\"},{\"@type\":\"ListItem\",\"position\":2,\"name\":\"Le th\u00e8me d&rsquo;Objectif Image pour 2026 &#8211; \u00ab\u00a0\u00e0 la mani\u00e8re de&#8230;\u00a0\u00bb\"}]},{\"@type\":\"WebSite\",\"@id\":\"https:\\\/\\\/objectif-image.fr\\\/OI\\\/#website\",\"url\":\"https:\\\/\\\/objectif-image.fr\\\/OI\\\/\",\"name\":\"Objectif Image\",\"description\":\"Objectif Image\",\"publisher\":{\"@id\":\"https:\\\/\\\/objectif-image.fr\\\/OI\\\/#organization\"},\"potentialAction\":[{\"@type\":\"SearchAction\",\"target\":{\"@type\":\"EntryPoint\",\"urlTemplate\":\"https:\\\/\\\/objectif-image.fr\\\/OI\\\/?s={search_term_string}\"},\"query-input\":{\"@type\":\"PropertyValueSpecification\",\"valueRequired\":true,\"valueName\":\"search_term_string\"}}],\"inLanguage\":\"fr-FR\"},{\"@type\":\"Organization\",\"@id\":\"https:\\\/\\\/objectif-image.fr\\\/OI\\\/#organization\",\"name\":\"Objectif Image\",\"url\":\"https:\\\/\\\/objectif-image.fr\\\/OI\\\/\",\"logo\":{\"@type\":\"ImageObject\",\"inLanguage\":\"fr-FR\",\"@id\":\"https:\\\/\\\/objectif-image.fr\\\/OI\\\/#\\\/schema\\\/logo\\\/image\\\/\",\"url\":\"https:\\\/\\\/objectif-image.fr\\\/OI\\\/wp-content\\\/uploads\\\/2019\\\/02\\\/logo-OI-NATIONAL-rouge-2000px.jpg\",\"contentUrl\":\"https:\\\/\\\/objectif-image.fr\\\/OI\\\/wp-content\\\/uploads\\\/2019\\\/02\\\/logo-OI-NATIONAL-rouge-2000px.jpg\",\"width\":1081,\"height\":1024,\"caption\":\"Objectif Image\"},\"image\":{\"@id\":\"https:\\\/\\\/objectif-image.fr\\\/OI\\\/#\\\/schema\\\/logo\\\/image\\\/\"},\"sameAs\":[\"https:\\\/\\\/www.facebook.com\\\/Objectif.mage\"]},{\"@type\":\"Person\",\"@id\":\"https:\\\/\\\/objectif-image.fr\\\/OI\\\/#\\\/schema\\\/person\\\/813c64cc2f0c70450ca653f2e80a6515\",\"name\":\"Pierre S\",\"image\":{\"@type\":\"ImageObject\",\"inLanguage\":\"fr-FR\",\"@id\":\"https:\\\/\\\/secure.gravatar.com\\\/avatar\\\/6d1df1cb0bf58ef7d330b8910acfe62e7fbc0c2138564189224f85869b953674?s=96&d=mm&r=g\",\"url\":\"https:\\\/\\\/secure.gravatar.com\\\/avatar\\\/6d1df1cb0bf58ef7d330b8910acfe62e7fbc0c2138564189224f85869b953674?s=96&d=mm&r=g\",\"contentUrl\":\"https:\\\/\\\/secure.gravatar.com\\\/avatar\\\/6d1df1cb0bf58ef7d330b8910acfe62e7fbc0c2138564189224f85869b953674?s=96&d=mm&r=g\",\"caption\":\"Pierre S\"},\"url\":\"https:\\\/\\\/objectif-image.fr\\\/OI\\\/author\\\/pierres-2-2\\\/\"}]}<\/script>\n<!-- \/ Yoast SEO plugin. -->","yoast_head_json":{"title":"Le th\u00e8me d'Objectif Image pour 2026 - \"\u00e0 la mani\u00e8re de...\" - Objectif Image","robots":{"index":"index","follow":"follow","max-snippet":"max-snippet:-1","max-image-preview":"max-image-preview:large","max-video-preview":"max-video-preview:-1"},"canonical":"https:\/\/objectif-image.fr\/OI\/le-theme-dobjectif-image-pour-2026-a-la-maniere-de\/","og_locale":"fr_FR","og_type":"article","og_title":"Le th\u00e8me d'Objectif Image pour 2026 - \"\u00e0 la mani\u00e8re de...\" - Objectif Image","og_description":"\u00ab\u00a0\u00e0 la mani\u00e8re de&#8230;\u00a0\u00bb ou dans l\u2019esprit de\u2026 2026\u00a0! Bicentenaire de la photographie. Cela fait 200 ans que la photographie existe et aujourd\u2019hui elle est omnipr\u00e9sente dans nos vies. Envahissante m\u00eame parfois. C\u2019est donc tout naturellement que pour marquer ce bicentenaire, nous ayons envie de f\u00eater la photographie et \u00e0 travers elle les artistes photographes. [&hellip;]","og_url":"https:\/\/objectif-image.fr\/OI\/le-theme-dobjectif-image-pour-2026-a-la-maniere-de\/","og_site_name":"Objectif Image","article_publisher":"https:\/\/www.facebook.com\/Objectif.mage","article_published_time":"2026-01-18T08:49:31+00:00","article_modified_time":"2026-01-18T13:32:35+00:00","og_image":[{"width":2560,"height":1707,"url":"https:\/\/objectif-image.fr\/OI\/wp-content\/uploads\/2026\/01\/5-novembre-b2-scaled.jpg","type":"image\/jpeg"}],"author":"Pierre S","twitter_card":"summary_large_image","twitter_misc":{"\u00c9crit par":"Pierre S","Dur\u00e9e de lecture estim\u00e9e":"1 minute"},"schema":{"@context":"https:\/\/schema.org","@graph":[{"@type":"Article","@id":"https:\/\/objectif-image.fr\/OI\/le-theme-dobjectif-image-pour-2026-a-la-maniere-de\/#article","isPartOf":{"@id":"https:\/\/objectif-image.fr\/OI\/le-theme-dobjectif-image-pour-2026-a-la-maniere-de\/"},"author":{"name":"Pierre S","@id":"https:\/\/objectif-image.fr\/OI\/#\/schema\/person\/813c64cc2f0c70450ca653f2e80a6515"},"headline":"Le th\u00e8me d&rsquo;Objectif Image pour 2026 &#8211; \u00ab\u00a0\u00e0 la mani\u00e8re de&#8230;\u00a0\u00bb","datePublished":"2026-01-18T08:49:31+00:00","dateModified":"2026-01-18T13:32:35+00:00","mainEntityOfPage":{"@id":"https:\/\/objectif-image.fr\/OI\/le-theme-dobjectif-image-pour-2026-a-la-maniere-de\/"},"wordCount":259,"publisher":{"@id":"https:\/\/objectif-image.fr\/OI\/#organization"},"image":{"@id":"https:\/\/objectif-image.fr\/OI\/le-theme-dobjectif-image-pour-2026-a-la-maniere-de\/#primaryimage"},"thumbnailUrl":"https:\/\/objectif-image.fr\/OI\/wp-content\/uploads\/2026\/01\/5-novembre-b2-scaled.jpg","keywords":["Objectif Image"],"articleSection":["\u00e0 la mani\u00e8re de","Printemps d'OI"],"inLanguage":"fr-FR"},{"@type":"WebPage","@id":"https:\/\/objectif-image.fr\/OI\/le-theme-dobjectif-image-pour-2026-a-la-maniere-de\/","url":"https:\/\/objectif-image.fr\/OI\/le-theme-dobjectif-image-pour-2026-a-la-maniere-de\/","name":"Le th\u00e8me d'Objectif Image pour 2026 - \"\u00e0 la mani\u00e8re de...\" - Objectif Image","isPartOf":{"@id":"https:\/\/objectif-image.fr\/OI\/#website"},"primaryImageOfPage":{"@id":"https:\/\/objectif-image.fr\/OI\/le-theme-dobjectif-image-pour-2026-a-la-maniere-de\/#primaryimage"},"image":{"@id":"https:\/\/objectif-image.fr\/OI\/le-theme-dobjectif-image-pour-2026-a-la-maniere-de\/#primaryimage"},"thumbnailUrl":"https:\/\/objectif-image.fr\/OI\/wp-content\/uploads\/2026\/01\/5-novembre-b2-scaled.jpg","datePublished":"2026-01-18T08:49:31+00:00","dateModified":"2026-01-18T13:32:35+00:00","breadcrumb":{"@id":"https:\/\/objectif-image.fr\/OI\/le-theme-dobjectif-image-pour-2026-a-la-maniere-de\/#breadcrumb"},"inLanguage":"fr-FR","potentialAction":[{"@type":"ReadAction","target":["https:\/\/objectif-image.fr\/OI\/le-theme-dobjectif-image-pour-2026-a-la-maniere-de\/"]}]},{"@type":"ImageObject","inLanguage":"fr-FR","@id":"https:\/\/objectif-image.fr\/OI\/le-theme-dobjectif-image-pour-2026-a-la-maniere-de\/#primaryimage","url":"https:\/\/objectif-image.fr\/OI\/wp-content\/uploads\/2026\/01\/5-novembre-b2-scaled.jpg","contentUrl":"https:\/\/objectif-image.fr\/OI\/wp-content\/uploads\/2026\/01\/5-novembre-b2-scaled.jpg","width":2560,"height":1707},{"@type":"BreadcrumbList","@id":"https:\/\/objectif-image.fr\/OI\/le-theme-dobjectif-image-pour-2026-a-la-maniere-de\/#breadcrumb","itemListElement":[{"@type":"ListItem","position":1,"name":"Accueil","item":"https:\/\/objectif-image.fr\/OI\/"},{"@type":"ListItem","position":2,"name":"Le th\u00e8me d&rsquo;Objectif Image pour 2026 &#8211; \u00ab\u00a0\u00e0 la mani\u00e8re de&#8230;\u00a0\u00bb"}]},{"@type":"WebSite","@id":"https:\/\/objectif-image.fr\/OI\/#website","url":"https:\/\/objectif-image.fr\/OI\/","name":"Objectif Image","description":"Objectif Image","publisher":{"@id":"https:\/\/objectif-image.fr\/OI\/#organization"},"potentialAction":[{"@type":"SearchAction","target":{"@type":"EntryPoint","urlTemplate":"https:\/\/objectif-image.fr\/OI\/?s={search_term_string}"},"query-input":{"@type":"PropertyValueSpecification","valueRequired":true,"valueName":"search_term_string"}}],"inLanguage":"fr-FR"},{"@type":"Organization","@id":"https:\/\/objectif-image.fr\/OI\/#organization","name":"Objectif Image","url":"https:\/\/objectif-image.fr\/OI\/","logo":{"@type":"ImageObject","inLanguage":"fr-FR","@id":"https:\/\/objectif-image.fr\/OI\/#\/schema\/logo\/image\/","url":"https:\/\/objectif-image.fr\/OI\/wp-content\/uploads\/2019\/02\/logo-OI-NATIONAL-rouge-2000px.jpg","contentUrl":"https:\/\/objectif-image.fr\/OI\/wp-content\/uploads\/2019\/02\/logo-OI-NATIONAL-rouge-2000px.jpg","width":1081,"height":1024,"caption":"Objectif Image"},"image":{"@id":"https:\/\/objectif-image.fr\/OI\/#\/schema\/logo\/image\/"},"sameAs":["https:\/\/www.facebook.com\/Objectif.mage"]},{"@type":"Person","@id":"https:\/\/objectif-image.fr\/OI\/#\/schema\/person\/813c64cc2f0c70450ca653f2e80a6515","name":"Pierre S","image":{"@type":"ImageObject","inLanguage":"fr-FR","@id":"https:\/\/secure.gravatar.com\/avatar\/6d1df1cb0bf58ef7d330b8910acfe62e7fbc0c2138564189224f85869b953674?s=96&d=mm&r=g","url":"https:\/\/secure.gravatar.com\/avatar\/6d1df1cb0bf58ef7d330b8910acfe62e7fbc0c2138564189224f85869b953674?s=96&d=mm&r=g","contentUrl":"https:\/\/secure.gravatar.com\/avatar\/6d1df1cb0bf58ef7d330b8910acfe62e7fbc0c2138564189224f85869b953674?s=96&d=mm&r=g","caption":"Pierre S"},"url":"https:\/\/objectif-image.fr\/OI\/author\/pierres-2-2\/"}]}},"_links":{"self":[{"href":"https:\/\/objectif-image.fr\/OI\/wp-json\/wp\/v2\/posts\/60383","targetHints":{"allow":["GET"]}}],"collection":[{"href":"https:\/\/objectif-image.fr\/OI\/wp-json\/wp\/v2\/posts"}],"about":[{"href":"https:\/\/objectif-image.fr\/OI\/wp-json\/wp\/v2\/types\/post"}],"author":[{"embeddable":true,"href":"https:\/\/objectif-image.fr\/OI\/wp-json\/wp\/v2\/users\/3"}],"replies":[{"embeddable":true,"href":"https:\/\/objectif-image.fr\/OI\/wp-json\/wp\/v2\/comments?post=60383"}],"version-history":[{"count":0,"href":"https:\/\/objectif-image.fr\/OI\/wp-json\/wp\/v2\/posts\/60383\/revisions"}],"wp:featuredmedia":[{"embeddable":true,"href":"https:\/\/objectif-image.fr\/OI\/wp-json\/wp\/v2\/media\/60435"}],"wp:attachment":[{"href":"https:\/\/objectif-image.fr\/OI\/wp-json\/wp\/v2\/media?parent=60383"}],"wp:term":[{"taxonomy":"category","embeddable":true,"href":"https:\/\/objectif-image.fr\/OI\/wp-json\/wp\/v2\/categories?post=60383"},{"taxonomy":"post_tag","embeddable":true,"href":"https:\/\/objectif-image.fr\/OI\/wp-json\/wp\/v2\/tags?post=60383"}],"curies":[{"name":"wp","href":"https:\/\/api.w.org\/{rel}","templated":true}]}}