{"id":60447,"date":"2026-01-25T08:06:05","date_gmt":"2026-01-25T07:06:05","guid":{"rendered":"https:\/\/objectif-image.fr\/OI\/?p=60447"},"modified":"2026-01-25T08:06:06","modified_gmt":"2026-01-25T07:06:06","slug":"jean-michel-calut-a-la-maniere-de","status":"publish","type":"post","link":"https:\/\/objectif-image.fr\/OI\/jean-michel-calut-a-la-maniere-de\/","title":{"rendered":"Jean-Michel Calut &#8211; \u00ab\u00a0\u00e0 la mani\u00e8re de\u00a0\u00bb"},"content":{"rendered":"\n<p class=\"has-black-color has-text-color has-background has-link-color wp-elements-ed1d29c575ba3751b4c0e18e9fa2b990\" style=\"background-color:#8dd2fc40;font-size:clamp(16.834px, 1.052rem + ((1vw - 3.2px) * 0.705), 26px);\"><strong>\u00ab\u00a0\u00e0 la mani\u00e8re de\u00a0\u00bb<\/strong>. Notre th\u00e8me de l&rsquo;ann\u00e9e pour f\u00eater le Bicentenaire de la Photographie.<\/p>\n\n\n\n<p class=\"has-text-align-center has-black-color has-text-color has-link-color wp-elements-5cebdcf12f492d6375dcd3b1a2fb0c66\" style=\"font-size:clamp(17.905px, 1.119rem + ((1vw - 3.2px) * 0.777), 28px);\"><strong>Jean-Michel Calut &#8211; \u00ab\u00a0\u00e0 la mani\u00e8re de <a href=\"https:\/\/www.artefields.net\/influence-robert-frank-photographie-subjective\/\">Robert Frank<\/a><\/strong><\/p>\n\n\n\n<p><\/p>\n\n\n\n<p class=\"has-black-color has-text-color has-link-color wp-elements-406418f2ae13d38c1b66f57c47b7fbeb\" style=\"font-size:clamp(17.371px, 1.086rem + ((1vw - 3.2px) * 0.741), 27px);\"><em>Dans l\u2019esprit de Robert Frank qui disait\u00a0\u00ab Je d\u00e9sire r\u00e9aliser un document contemporain authentique, dont l\u2019impact visuel soit tel qu\u2019il se passe d\u2019un quelconque commentaire \u00bb.<\/em><\/p>\n\n\n\n<figure class=\"wp-block-image aligncenter size-large\"><img loading=\"lazy\" decoding=\"async\" width=\"1024\" height=\"681\" src=\"https:\/\/objectif-image.fr\/OI\/wp-content\/uploads\/2026\/01\/Cachee-J-M-CALUT-1024x681.jpg\" alt=\"\" class=\"wp-image-60449\" srcset=\"https:\/\/objectif-image.fr\/OI\/wp-content\/uploads\/2026\/01\/Cachee-J-M-CALUT-1024x681.jpg 1024w, https:\/\/objectif-image.fr\/OI\/wp-content\/uploads\/2026\/01\/Cachee-J-M-CALUT-400x266.jpg 400w, https:\/\/objectif-image.fr\/OI\/wp-content\/uploads\/2026\/01\/Cachee-J-M-CALUT-300x200.jpg 300w, https:\/\/objectif-image.fr\/OI\/wp-content\/uploads\/2026\/01\/Cachee-J-M-CALUT-150x100.jpg 150w, https:\/\/objectif-image.fr\/OI\/wp-content\/uploads\/2026\/01\/Cachee-J-M-CALUT-768x511.jpg 768w, https:\/\/objectif-image.fr\/OI\/wp-content\/uploads\/2026\/01\/Cachee-J-M-CALUT-1536x1022.jpg 1536w, https:\/\/objectif-image.fr\/OI\/wp-content\/uploads\/2026\/01\/Cachee-J-M-CALUT-100x67.jpg 100w, https:\/\/objectif-image.fr\/OI\/wp-content\/uploads\/2026\/01\/Cachee-J-M-CALUT-1320x878.jpg 1320w, https:\/\/objectif-image.fr\/OI\/wp-content\/uploads\/2026\/01\/Cachee-J-M-CALUT.jpg 1920w\" sizes=\"auto, (max-width: 1024px) 100vw, 1024px\" \/><\/figure>\n\n\n\n<p>.<\/p>\n\n\n\n<p class=\"has-black-color has-text-color has-link-color wp-elements-6dbd49dfec77a7b1d8424b996fae263e\" style=\"font-size:clamp(17.371px, 1.086rem + ((1vw - 3.2px) * 0.741), 27px);\"><em>Prises avec mes envies, avec les circonstances de la vie qui passe, sans id\u00e9e de plagiat, Robert Frank a probablement fa\u00e7onn\u00e9 l\u2019inconscience de mon regard.<\/em><\/p>\n\n\n\n<p>.<\/p>\n\n\n\n<figure class=\"wp-block-image aligncenter size-large\"><img loading=\"lazy\" decoding=\"async\" width=\"1024\" height=\"576\" src=\"https:\/\/objectif-image.fr\/OI\/wp-content\/uploads\/2026\/01\/Observee-J-M-CALUT-1024x576.jpg\" alt=\"\" class=\"wp-image-60448\" srcset=\"https:\/\/objectif-image.fr\/OI\/wp-content\/uploads\/2026\/01\/Observee-J-M-CALUT-1024x576.jpg 1024w, https:\/\/objectif-image.fr\/OI\/wp-content\/uploads\/2026\/01\/Observee-J-M-CALUT-400x225.jpg 400w, https:\/\/objectif-image.fr\/OI\/wp-content\/uploads\/2026\/01\/Observee-J-M-CALUT-300x169.jpg 300w, https:\/\/objectif-image.fr\/OI\/wp-content\/uploads\/2026\/01\/Observee-J-M-CALUT-150x84.jpg 150w, https:\/\/objectif-image.fr\/OI\/wp-content\/uploads\/2026\/01\/Observee-J-M-CALUT-768x432.jpg 768w, https:\/\/objectif-image.fr\/OI\/wp-content\/uploads\/2026\/01\/Observee-J-M-CALUT-1536x864.jpg 1536w, https:\/\/objectif-image.fr\/OI\/wp-content\/uploads\/2026\/01\/Observee-J-M-CALUT-100x56.jpg 100w, https:\/\/objectif-image.fr\/OI\/wp-content\/uploads\/2026\/01\/Observee-J-M-CALUT-1320x743.jpg 1320w, https:\/\/objectif-image.fr\/OI\/wp-content\/uploads\/2026\/01\/Observee-J-M-CALUT.jpg 1920w\" sizes=\"auto, (max-width: 1024px) 100vw, 1024px\" \/><\/figure>\n\n\n\n<p><\/p>\n","protected":false},"excerpt":{"rendered":"<p>\u00ab\u00a0\u00e0 la mani\u00e8re de\u00a0\u00bb. Notre th\u00e8me de l&rsquo;ann\u00e9e pour f\u00eater le Bicentenaire de la Photographie. Jean-Michel Calut &#8211; \u00ab\u00a0\u00e0 la mani\u00e8re de Robert Frank Dans l\u2019esprit de Robert Frank qui disait\u00a0\u00ab Je d\u00e9sire r\u00e9aliser un document contemporain authentique, dont l\u2019impact visuel soit tel qu\u2019il se passe d\u2019un quelconque commentaire \u00bb. . Prises avec mes envies, [&hellip;]<\/p>\n","protected":false},"author":3,"featured_media":60449,"comment_status":"closed","ping_status":"closed","sticky":false,"template":"","format":"standard","meta":{"_acf_changed":false,"footnotes":""},"categories":[821],"tags":[104,778],"class_list":["post-60447","post","type-post","status-publish","format-standard","has-post-thumbnail","hentry","category-a-la-maniere-de","tag-objectif-image","tag-oi-63-lempdes"],"acf":[],"yoast_head":"<!-- This site is optimized with the Yoast SEO plugin v27.4 - https:\/\/yoast.com\/product\/yoast-seo-wordpress\/ -->\n<title>Jean-Michel Calut - &quot;\u00e0 la mani\u00e8re de&quot; - Objectif Image<\/title>\n<meta name=\"robots\" content=\"index, follow, max-snippet:-1, max-image-preview:large, max-video-preview:-1\" \/>\n<link rel=\"canonical\" href=\"https:\/\/objectif-image.fr\/OI\/jean-michel-calut-a-la-maniere-de\/\" \/>\n<meta property=\"og:locale\" content=\"fr_FR\" \/>\n<meta property=\"og:type\" content=\"article\" \/>\n<meta property=\"og:title\" content=\"Jean-Michel Calut - &quot;\u00e0 la mani\u00e8re de&quot; - Objectif Image\" \/>\n<meta property=\"og:description\" content=\"\u00ab\u00a0\u00e0 la mani\u00e8re de\u00a0\u00bb. Notre th\u00e8me de l&rsquo;ann\u00e9e pour f\u00eater le Bicentenaire de la Photographie. Jean-Michel Calut &#8211; \u00ab\u00a0\u00e0 la mani\u00e8re de Robert Frank Dans l\u2019esprit de Robert Frank qui disait\u00a0\u00ab Je d\u00e9sire r\u00e9aliser un document contemporain authentique, dont l\u2019impact visuel soit tel qu\u2019il se passe d\u2019un quelconque commentaire \u00bb. . Prises avec mes envies, [&hellip;]\" \/>\n<meta property=\"og:url\" content=\"https:\/\/objectif-image.fr\/OI\/jean-michel-calut-a-la-maniere-de\/\" \/>\n<meta property=\"og:site_name\" content=\"Objectif Image\" \/>\n<meta property=\"article:publisher\" content=\"https:\/\/www.facebook.com\/Objectif.mage\" \/>\n<meta property=\"article:published_time\" content=\"2026-01-25T07:06:05+00:00\" \/>\n<meta property=\"article:modified_time\" content=\"2026-01-25T07:06:06+00:00\" \/>\n<meta property=\"og:image\" content=\"https:\/\/objectif-image.fr\/OI\/wp-content\/uploads\/2026\/01\/Cachee-J-M-CALUT.jpg\" \/>\n\t<meta property=\"og:image:width\" content=\"1920\" \/>\n\t<meta property=\"og:image:height\" content=\"1277\" \/>\n\t<meta property=\"og:image:type\" content=\"image\/jpeg\" \/>\n<meta name=\"author\" content=\"Pierre S\" \/>\n<meta name=\"twitter:card\" content=\"summary_large_image\" \/>\n<meta name=\"twitter:label1\" content=\"\u00c9crit par\" \/>\n\t<meta name=\"twitter:data1\" content=\"Pierre S\" \/>\n<script type=\"application\/ld+json\" class=\"yoast-schema-graph\">{\"@context\":\"https:\\\/\\\/schema.org\",\"@graph\":[{\"@type\":\"Article\",\"@id\":\"https:\\\/\\\/objectif-image.fr\\\/OI\\\/jean-michel-calut-a-la-maniere-de\\\/#article\",\"isPartOf\":{\"@id\":\"https:\\\/\\\/objectif-image.fr\\\/OI\\\/jean-michel-calut-a-la-maniere-de\\\/\"},\"author\":{\"name\":\"Pierre S\",\"@id\":\"https:\\\/\\\/objectif-image.fr\\\/OI\\\/#\\\/schema\\\/person\\\/813c64cc2f0c70450ca653f2e80a6515\"},\"headline\":\"Jean-Michel Calut &#8211; \u00ab\u00a0\u00e0 la mani\u00e8re de\u00a0\u00bb\",\"datePublished\":\"2026-01-25T07:06:05+00:00\",\"dateModified\":\"2026-01-25T07:06:06+00:00\",\"mainEntityOfPage\":{\"@id\":\"https:\\\/\\\/objectif-image.fr\\\/OI\\\/jean-michel-calut-a-la-maniere-de\\\/\"},\"wordCount\":94,\"publisher\":{\"@id\":\"https:\\\/\\\/objectif-image.fr\\\/OI\\\/#organization\"},\"image\":{\"@id\":\"https:\\\/\\\/objectif-image.fr\\\/OI\\\/jean-michel-calut-a-la-maniere-de\\\/#primaryimage\"},\"thumbnailUrl\":\"https:\\\/\\\/objectif-image.fr\\\/OI\\\/wp-content\\\/uploads\\\/2026\\\/01\\\/Cachee-J-M-CALUT.jpg\",\"keywords\":[\"Objectif Image\",\"OI 63 Lempdes\"],\"articleSection\":[\"\u00e0 la mani\u00e8re de\"],\"inLanguage\":\"fr-FR\"},{\"@type\":\"WebPage\",\"@id\":\"https:\\\/\\\/objectif-image.fr\\\/OI\\\/jean-michel-calut-a-la-maniere-de\\\/\",\"url\":\"https:\\\/\\\/objectif-image.fr\\\/OI\\\/jean-michel-calut-a-la-maniere-de\\\/\",\"name\":\"Jean-Michel Calut - \\\"\u00e0 la mani\u00e8re de\\\" - Objectif Image\",\"isPartOf\":{\"@id\":\"https:\\\/\\\/objectif-image.fr\\\/OI\\\/#website\"},\"primaryImageOfPage\":{\"@id\":\"https:\\\/\\\/objectif-image.fr\\\/OI\\\/jean-michel-calut-a-la-maniere-de\\\/#primaryimage\"},\"image\":{\"@id\":\"https:\\\/\\\/objectif-image.fr\\\/OI\\\/jean-michel-calut-a-la-maniere-de\\\/#primaryimage\"},\"thumbnailUrl\":\"https:\\\/\\\/objectif-image.fr\\\/OI\\\/wp-content\\\/uploads\\\/2026\\\/01\\\/Cachee-J-M-CALUT.jpg\",\"datePublished\":\"2026-01-25T07:06:05+00:00\",\"dateModified\":\"2026-01-25T07:06:06+00:00\",\"breadcrumb\":{\"@id\":\"https:\\\/\\\/objectif-image.fr\\\/OI\\\/jean-michel-calut-a-la-maniere-de\\\/#breadcrumb\"},\"inLanguage\":\"fr-FR\",\"potentialAction\":[{\"@type\":\"ReadAction\",\"target\":[\"https:\\\/\\\/objectif-image.fr\\\/OI\\\/jean-michel-calut-a-la-maniere-de\\\/\"]}]},{\"@type\":\"ImageObject\",\"inLanguage\":\"fr-FR\",\"@id\":\"https:\\\/\\\/objectif-image.fr\\\/OI\\\/jean-michel-calut-a-la-maniere-de\\\/#primaryimage\",\"url\":\"https:\\\/\\\/objectif-image.fr\\\/OI\\\/wp-content\\\/uploads\\\/2026\\\/01\\\/Cachee-J-M-CALUT.jpg\",\"contentUrl\":\"https:\\\/\\\/objectif-image.fr\\\/OI\\\/wp-content\\\/uploads\\\/2026\\\/01\\\/Cachee-J-M-CALUT.jpg\",\"width\":1920,\"height\":1277},{\"@type\":\"BreadcrumbList\",\"@id\":\"https:\\\/\\\/objectif-image.fr\\\/OI\\\/jean-michel-calut-a-la-maniere-de\\\/#breadcrumb\",\"itemListElement\":[{\"@type\":\"ListItem\",\"position\":1,\"name\":\"Accueil\",\"item\":\"https:\\\/\\\/objectif-image.fr\\\/OI\\\/\"},{\"@type\":\"ListItem\",\"position\":2,\"name\":\"Jean-Michel Calut &#8211; \u00ab\u00a0\u00e0 la mani\u00e8re de\u00a0\u00bb\"}]},{\"@type\":\"WebSite\",\"@id\":\"https:\\\/\\\/objectif-image.fr\\\/OI\\\/#website\",\"url\":\"https:\\\/\\\/objectif-image.fr\\\/OI\\\/\",\"name\":\"Objectif Image\",\"description\":\"Objectif Image\",\"publisher\":{\"@id\":\"https:\\\/\\\/objectif-image.fr\\\/OI\\\/#organization\"},\"potentialAction\":[{\"@type\":\"SearchAction\",\"target\":{\"@type\":\"EntryPoint\",\"urlTemplate\":\"https:\\\/\\\/objectif-image.fr\\\/OI\\\/?s={search_term_string}\"},\"query-input\":{\"@type\":\"PropertyValueSpecification\",\"valueRequired\":true,\"valueName\":\"search_term_string\"}}],\"inLanguage\":\"fr-FR\"},{\"@type\":\"Organization\",\"@id\":\"https:\\\/\\\/objectif-image.fr\\\/OI\\\/#organization\",\"name\":\"Objectif Image\",\"url\":\"https:\\\/\\\/objectif-image.fr\\\/OI\\\/\",\"logo\":{\"@type\":\"ImageObject\",\"inLanguage\":\"fr-FR\",\"@id\":\"https:\\\/\\\/objectif-image.fr\\\/OI\\\/#\\\/schema\\\/logo\\\/image\\\/\",\"url\":\"https:\\\/\\\/objectif-image.fr\\\/OI\\\/wp-content\\\/uploads\\\/2019\\\/02\\\/logo-OI-NATIONAL-rouge-2000px.jpg\",\"contentUrl\":\"https:\\\/\\\/objectif-image.fr\\\/OI\\\/wp-content\\\/uploads\\\/2019\\\/02\\\/logo-OI-NATIONAL-rouge-2000px.jpg\",\"width\":1081,\"height\":1024,\"caption\":\"Objectif Image\"},\"image\":{\"@id\":\"https:\\\/\\\/objectif-image.fr\\\/OI\\\/#\\\/schema\\\/logo\\\/image\\\/\"},\"sameAs\":[\"https:\\\/\\\/www.facebook.com\\\/Objectif.mage\"]},{\"@type\":\"Person\",\"@id\":\"https:\\\/\\\/objectif-image.fr\\\/OI\\\/#\\\/schema\\\/person\\\/813c64cc2f0c70450ca653f2e80a6515\",\"name\":\"Pierre S\",\"image\":{\"@type\":\"ImageObject\",\"inLanguage\":\"fr-FR\",\"@id\":\"https:\\\/\\\/secure.gravatar.com\\\/avatar\\\/6d1df1cb0bf58ef7d330b8910acfe62e7fbc0c2138564189224f85869b953674?s=96&d=mm&r=g\",\"url\":\"https:\\\/\\\/secure.gravatar.com\\\/avatar\\\/6d1df1cb0bf58ef7d330b8910acfe62e7fbc0c2138564189224f85869b953674?s=96&d=mm&r=g\",\"contentUrl\":\"https:\\\/\\\/secure.gravatar.com\\\/avatar\\\/6d1df1cb0bf58ef7d330b8910acfe62e7fbc0c2138564189224f85869b953674?s=96&d=mm&r=g\",\"caption\":\"Pierre S\"},\"url\":\"https:\\\/\\\/objectif-image.fr\\\/OI\\\/author\\\/pierres-2-2\\\/\"}]}<\/script>\n<!-- \/ Yoast SEO plugin. -->","yoast_head_json":{"title":"Jean-Michel Calut - \"\u00e0 la mani\u00e8re de\" - Objectif Image","robots":{"index":"index","follow":"follow","max-snippet":"max-snippet:-1","max-image-preview":"max-image-preview:large","max-video-preview":"max-video-preview:-1"},"canonical":"https:\/\/objectif-image.fr\/OI\/jean-michel-calut-a-la-maniere-de\/","og_locale":"fr_FR","og_type":"article","og_title":"Jean-Michel Calut - \"\u00e0 la mani\u00e8re de\" - Objectif Image","og_description":"\u00ab\u00a0\u00e0 la mani\u00e8re de\u00a0\u00bb. Notre th\u00e8me de l&rsquo;ann\u00e9e pour f\u00eater le Bicentenaire de la Photographie. Jean-Michel Calut &#8211; \u00ab\u00a0\u00e0 la mani\u00e8re de Robert Frank Dans l\u2019esprit de Robert Frank qui disait\u00a0\u00ab Je d\u00e9sire r\u00e9aliser un document contemporain authentique, dont l\u2019impact visuel soit tel qu\u2019il se passe d\u2019un quelconque commentaire \u00bb. . Prises avec mes envies, [&hellip;]","og_url":"https:\/\/objectif-image.fr\/OI\/jean-michel-calut-a-la-maniere-de\/","og_site_name":"Objectif Image","article_publisher":"https:\/\/www.facebook.com\/Objectif.mage","article_published_time":"2026-01-25T07:06:05+00:00","article_modified_time":"2026-01-25T07:06:06+00:00","og_image":[{"width":1920,"height":1277,"url":"https:\/\/objectif-image.fr\/OI\/wp-content\/uploads\/2026\/01\/Cachee-J-M-CALUT.jpg","type":"image\/jpeg"}],"author":"Pierre S","twitter_card":"summary_large_image","twitter_misc":{"\u00c9crit par":"Pierre S"},"schema":{"@context":"https:\/\/schema.org","@graph":[{"@type":"Article","@id":"https:\/\/objectif-image.fr\/OI\/jean-michel-calut-a-la-maniere-de\/#article","isPartOf":{"@id":"https:\/\/objectif-image.fr\/OI\/jean-michel-calut-a-la-maniere-de\/"},"author":{"name":"Pierre S","@id":"https:\/\/objectif-image.fr\/OI\/#\/schema\/person\/813c64cc2f0c70450ca653f2e80a6515"},"headline":"Jean-Michel Calut &#8211; \u00ab\u00a0\u00e0 la mani\u00e8re de\u00a0\u00bb","datePublished":"2026-01-25T07:06:05+00:00","dateModified":"2026-01-25T07:06:06+00:00","mainEntityOfPage":{"@id":"https:\/\/objectif-image.fr\/OI\/jean-michel-calut-a-la-maniere-de\/"},"wordCount":94,"publisher":{"@id":"https:\/\/objectif-image.fr\/OI\/#organization"},"image":{"@id":"https:\/\/objectif-image.fr\/OI\/jean-michel-calut-a-la-maniere-de\/#primaryimage"},"thumbnailUrl":"https:\/\/objectif-image.fr\/OI\/wp-content\/uploads\/2026\/01\/Cachee-J-M-CALUT.jpg","keywords":["Objectif Image","OI 63 Lempdes"],"articleSection":["\u00e0 la mani\u00e8re de"],"inLanguage":"fr-FR"},{"@type":"WebPage","@id":"https:\/\/objectif-image.fr\/OI\/jean-michel-calut-a-la-maniere-de\/","url":"https:\/\/objectif-image.fr\/OI\/jean-michel-calut-a-la-maniere-de\/","name":"Jean-Michel Calut - \"\u00e0 la mani\u00e8re de\" - Objectif Image","isPartOf":{"@id":"https:\/\/objectif-image.fr\/OI\/#website"},"primaryImageOfPage":{"@id":"https:\/\/objectif-image.fr\/OI\/jean-michel-calut-a-la-maniere-de\/#primaryimage"},"image":{"@id":"https:\/\/objectif-image.fr\/OI\/jean-michel-calut-a-la-maniere-de\/#primaryimage"},"thumbnailUrl":"https:\/\/objectif-image.fr\/OI\/wp-content\/uploads\/2026\/01\/Cachee-J-M-CALUT.jpg","datePublished":"2026-01-25T07:06:05+00:00","dateModified":"2026-01-25T07:06:06+00:00","breadcrumb":{"@id":"https:\/\/objectif-image.fr\/OI\/jean-michel-calut-a-la-maniere-de\/#breadcrumb"},"inLanguage":"fr-FR","potentialAction":[{"@type":"ReadAction","target":["https:\/\/objectif-image.fr\/OI\/jean-michel-calut-a-la-maniere-de\/"]}]},{"@type":"ImageObject","inLanguage":"fr-FR","@id":"https:\/\/objectif-image.fr\/OI\/jean-michel-calut-a-la-maniere-de\/#primaryimage","url":"https:\/\/objectif-image.fr\/OI\/wp-content\/uploads\/2026\/01\/Cachee-J-M-CALUT.jpg","contentUrl":"https:\/\/objectif-image.fr\/OI\/wp-content\/uploads\/2026\/01\/Cachee-J-M-CALUT.jpg","width":1920,"height":1277},{"@type":"BreadcrumbList","@id":"https:\/\/objectif-image.fr\/OI\/jean-michel-calut-a-la-maniere-de\/#breadcrumb","itemListElement":[{"@type":"ListItem","position":1,"name":"Accueil","item":"https:\/\/objectif-image.fr\/OI\/"},{"@type":"ListItem","position":2,"name":"Jean-Michel Calut &#8211; \u00ab\u00a0\u00e0 la mani\u00e8re de\u00a0\u00bb"}]},{"@type":"WebSite","@id":"https:\/\/objectif-image.fr\/OI\/#website","url":"https:\/\/objectif-image.fr\/OI\/","name":"Objectif Image","description":"Objectif Image","publisher":{"@id":"https:\/\/objectif-image.fr\/OI\/#organization"},"potentialAction":[{"@type":"SearchAction","target":{"@type":"EntryPoint","urlTemplate":"https:\/\/objectif-image.fr\/OI\/?s={search_term_string}"},"query-input":{"@type":"PropertyValueSpecification","valueRequired":true,"valueName":"search_term_string"}}],"inLanguage":"fr-FR"},{"@type":"Organization","@id":"https:\/\/objectif-image.fr\/OI\/#organization","name":"Objectif Image","url":"https:\/\/objectif-image.fr\/OI\/","logo":{"@type":"ImageObject","inLanguage":"fr-FR","@id":"https:\/\/objectif-image.fr\/OI\/#\/schema\/logo\/image\/","url":"https:\/\/objectif-image.fr\/OI\/wp-content\/uploads\/2019\/02\/logo-OI-NATIONAL-rouge-2000px.jpg","contentUrl":"https:\/\/objectif-image.fr\/OI\/wp-content\/uploads\/2019\/02\/logo-OI-NATIONAL-rouge-2000px.jpg","width":1081,"height":1024,"caption":"Objectif Image"},"image":{"@id":"https:\/\/objectif-image.fr\/OI\/#\/schema\/logo\/image\/"},"sameAs":["https:\/\/www.facebook.com\/Objectif.mage"]},{"@type":"Person","@id":"https:\/\/objectif-image.fr\/OI\/#\/schema\/person\/813c64cc2f0c70450ca653f2e80a6515","name":"Pierre S","image":{"@type":"ImageObject","inLanguage":"fr-FR","@id":"https:\/\/secure.gravatar.com\/avatar\/6d1df1cb0bf58ef7d330b8910acfe62e7fbc0c2138564189224f85869b953674?s=96&d=mm&r=g","url":"https:\/\/secure.gravatar.com\/avatar\/6d1df1cb0bf58ef7d330b8910acfe62e7fbc0c2138564189224f85869b953674?s=96&d=mm&r=g","contentUrl":"https:\/\/secure.gravatar.com\/avatar\/6d1df1cb0bf58ef7d330b8910acfe62e7fbc0c2138564189224f85869b953674?s=96&d=mm&r=g","caption":"Pierre S"},"url":"https:\/\/objectif-image.fr\/OI\/author\/pierres-2-2\/"}]}},"_links":{"self":[{"href":"https:\/\/objectif-image.fr\/OI\/wp-json\/wp\/v2\/posts\/60447","targetHints":{"allow":["GET"]}}],"collection":[{"href":"https:\/\/objectif-image.fr\/OI\/wp-json\/wp\/v2\/posts"}],"about":[{"href":"https:\/\/objectif-image.fr\/OI\/wp-json\/wp\/v2\/types\/post"}],"author":[{"embeddable":true,"href":"https:\/\/objectif-image.fr\/OI\/wp-json\/wp\/v2\/users\/3"}],"replies":[{"embeddable":true,"href":"https:\/\/objectif-image.fr\/OI\/wp-json\/wp\/v2\/comments?post=60447"}],"version-history":[{"count":0,"href":"https:\/\/objectif-image.fr\/OI\/wp-json\/wp\/v2\/posts\/60447\/revisions"}],"wp:featuredmedia":[{"embeddable":true,"href":"https:\/\/objectif-image.fr\/OI\/wp-json\/wp\/v2\/media\/60449"}],"wp:attachment":[{"href":"https:\/\/objectif-image.fr\/OI\/wp-json\/wp\/v2\/media?parent=60447"}],"wp:term":[{"taxonomy":"category","embeddable":true,"href":"https:\/\/objectif-image.fr\/OI\/wp-json\/wp\/v2\/categories?post=60447"},{"taxonomy":"post_tag","embeddable":true,"href":"https:\/\/objectif-image.fr\/OI\/wp-json\/wp\/v2\/tags?post=60447"}],"curies":[{"name":"wp","href":"https:\/\/api.w.org\/{rel}","templated":true}]}}