{"id":60527,"date":"2026-01-25T15:41:45","date_gmt":"2026-01-25T14:41:45","guid":{"rendered":"https:\/\/objectif-image.fr\/OI\/?p=60527"},"modified":"2026-01-25T15:41:47","modified_gmt":"2026-01-25T14:41:47","slug":"18-festival-du-court-metrage-photo-de-souffelweyersheim-67","status":"publish","type":"post","link":"https:\/\/objectif-image.fr\/OI\/18-festival-du-court-metrage-photo-de-souffelweyersheim-67\/","title":{"rendered":"18\u00b0 Festival du court m\u00e9trage photo de Souffelweyersheim (67)"},"content":{"rendered":"\n<figure class=\"wp-block-image aligncenter size-large\"><img loading=\"lazy\" decoding=\"async\" width=\"724\" height=\"1024\" src=\"https:\/\/objectif-image.fr\/OI\/wp-content\/uploads\/2026\/01\/souffel-2026-CS5A-300ppp-2-724x1024.jpg\" alt=\"\" class=\"wp-image-60528\" srcset=\"https:\/\/objectif-image.fr\/OI\/wp-content\/uploads\/2026\/01\/souffel-2026-CS5A-300ppp-2-724x1024.jpg 724w, https:\/\/objectif-image.fr\/OI\/wp-content\/uploads\/2026\/01\/souffel-2026-CS5A-300ppp-2-400x565.jpg 400w, https:\/\/objectif-image.fr\/OI\/wp-content\/uploads\/2026\/01\/souffel-2026-CS5A-300ppp-2-212x300.jpg 212w, https:\/\/objectif-image.fr\/OI\/wp-content\/uploads\/2026\/01\/souffel-2026-CS5A-300ppp-2-106x150.jpg 106w, https:\/\/objectif-image.fr\/OI\/wp-content\/uploads\/2026\/01\/souffel-2026-CS5A-300ppp-2-71x100.jpg 71w, https:\/\/objectif-image.fr\/OI\/wp-content\/uploads\/2026\/01\/souffel-2026-CS5A-300ppp-2.jpg 764w\" sizes=\"auto, (max-width: 724px) 100vw, 724px\" \/><\/figure>\n\n\n\n<p>Le Festival du Court M\u00e9trage Photo de Souffelweyersheim aura lieu le samedi 28 f\u00e9vrier et dimanche 1er mars 2026, \u00e0 l&rsquo;Espace Culturel des Sept Arpents.<\/p>\n\n\n\n<p>Au programme de cette \u00e9dition 2026 :<br>\u2022 le samedi apr\u00e8s-midi : patchwork de montages des r\u00e9alisateurs de notre art, suivi des r\u00e9alisations pr\u00e9sent\u00e9es au \u00ab\u00a0challenge international 321\u00a0\u00bb s\u00e9lectionn\u00e9es par nos amis du club de B\u00f6blingen.<br>\u2022 Le samedi soir : notre soir\u00e9e de Gala qui d\u00e9butera \u00e0 20 h. Vous y d\u00e9couvrirez des \u0153uvres prim\u00e9es dans diff\u00e9rentes manifestations nationales et internationales du court-m\u00e9trage photo.<br>\u2022 Le dimanche matin \u00e0 10 h : de nombreux montages r\u00e9alis\u00e9s par diff\u00e9rents clubs de la r\u00e9gion.<br>\u2022 Le dimanche apr\u00e8s-midi \u00e0 14 h 30 : la pl\u00e9iade des acceptations. Ce sont des r\u00e9alisations ayant obtenues des distinctions lors de manifestations de notre discipline audiovisuelle.<\/p>\n\n\n\n<p>Venez nombreux, notre association vous attend pour cette 18\u00e9me manifestation ludique et culturelle, du Court M\u00e9trage Photo.<\/p>\n\n\n\n<h3 class=\"wp-block-heading\">Date<\/h3>\n\n\n\n<p>samedi&nbsp;28 f\u00e9vrier 2026 \/ 14h30 &#8211; 20h00<\/p>\n\n\n\n<h3 class=\"wp-block-heading\">Emplacement<\/h3>\n\n\n\n<p>Espace Culturel des Sept Arpents<\/p>\n\n\n\n<h3 class=\"wp-block-heading\">Cat\u00e9gorie<\/h3>\n\n\n\n<p>Animation<\/p>\n","protected":false},"excerpt":{"rendered":"<p>Le Festival du Court M\u00e9trage Photo de Souffelweyersheim aura lieu le samedi 28 f\u00e9vrier et dimanche 1er mars 2026, \u00e0 l&rsquo;Espace Culturel des Sept Arpents. Au programme de cette \u00e9dition 2026 :\u2022 le samedi apr\u00e8s-midi : patchwork de montages des r\u00e9alisateurs de notre art, suivi des r\u00e9alisations pr\u00e9sent\u00e9es au \u00ab\u00a0challenge international 321\u00a0\u00bb s\u00e9lectionn\u00e9es par nos [&hellip;]<\/p>\n","protected":false},"author":21,"featured_media":0,"comment_status":"closed","ping_status":"closed","sticky":false,"template":"","format":"standard","meta":{"_acf_changed":false,"footnotes":""},"categories":[7,566],"tags":[823,567,749],"class_list":["post-60527","post","type-post","status-publish","format-standard","hentry","category-court-metrage-photo-diaporama","category-gala-et-festivals","tag-court-metrage-2","tag-festival","tag-souffelweyersheim"],"acf":[],"yoast_head":"<!-- This site is optimized with the Yoast SEO plugin v27.4 - https:\/\/yoast.com\/product\/yoast-seo-wordpress\/ -->\n<title>18\u00b0 Festival du court m\u00e9trage photo de Souffelweyersheim (67) - Objectif Image<\/title>\n<meta name=\"robots\" content=\"index, follow, max-snippet:-1, max-image-preview:large, max-video-preview:-1\" \/>\n<link rel=\"canonical\" href=\"https:\/\/objectif-image.fr\/OI\/18-festival-du-court-metrage-photo-de-souffelweyersheim-67\/\" \/>\n<meta property=\"og:locale\" content=\"fr_FR\" \/>\n<meta property=\"og:type\" content=\"article\" \/>\n<meta property=\"og:title\" content=\"18\u00b0 Festival du court m\u00e9trage photo de Souffelweyersheim (67) - Objectif Image\" \/>\n<meta property=\"og:description\" content=\"Le Festival du Court M\u00e9trage Photo de Souffelweyersheim aura lieu le samedi 28 f\u00e9vrier et dimanche 1er mars 2026, \u00e0 l&rsquo;Espace Culturel des Sept Arpents. Au programme de cette \u00e9dition 2026 :\u2022 le samedi apr\u00e8s-midi : patchwork de montages des r\u00e9alisateurs de notre art, suivi des r\u00e9alisations pr\u00e9sent\u00e9es au \u00ab\u00a0challenge international 321\u00a0\u00bb s\u00e9lectionn\u00e9es par nos [&hellip;]\" \/>\n<meta property=\"og:url\" content=\"https:\/\/objectif-image.fr\/OI\/18-festival-du-court-metrage-photo-de-souffelweyersheim-67\/\" \/>\n<meta property=\"og:site_name\" content=\"Objectif Image\" \/>\n<meta property=\"article:publisher\" content=\"https:\/\/www.facebook.com\/Objectif.mage\" \/>\n<meta property=\"article:published_time\" content=\"2026-01-25T14:41:45+00:00\" \/>\n<meta property=\"article:modified_time\" content=\"2026-01-25T14:41:47+00:00\" \/>\n<meta property=\"og:image\" content=\"https:\/\/objectif-image.fr\/OI\/wp-content\/uploads\/2026\/01\/souffel-2026-CS5A-300ppp-2.jpg\" \/>\n\t<meta property=\"og:image:width\" content=\"764\" \/>\n\t<meta property=\"og:image:height\" content=\"1080\" \/>\n\t<meta property=\"og:image:type\" content=\"image\/jpeg\" \/>\n<meta name=\"author\" content=\"Gerard DIEBOLD\" \/>\n<meta name=\"twitter:card\" content=\"summary_large_image\" \/>\n<meta name=\"twitter:label1\" content=\"\u00c9crit par\" \/>\n\t<meta name=\"twitter:data1\" content=\"Gerard DIEBOLD\" \/>\n\t<meta name=\"twitter:label2\" content=\"Dur\u00e9e de lecture estim\u00e9e\" \/>\n\t<meta name=\"twitter:data2\" content=\"1 minute\" \/>\n<script type=\"application\/ld+json\" class=\"yoast-schema-graph\">{\"@context\":\"https:\\\/\\\/schema.org\",\"@graph\":[{\"@type\":\"Article\",\"@id\":\"https:\\\/\\\/objectif-image.fr\\\/OI\\\/18-festival-du-court-metrage-photo-de-souffelweyersheim-67\\\/#article\",\"isPartOf\":{\"@id\":\"https:\\\/\\\/objectif-image.fr\\\/OI\\\/18-festival-du-court-metrage-photo-de-souffelweyersheim-67\\\/\"},\"author\":{\"name\":\"Gerard DIEBOLD\",\"@id\":\"https:\\\/\\\/objectif-image.fr\\\/OI\\\/#\\\/schema\\\/person\\\/c300841e51ee06178683fe95400e121b\"},\"headline\":\"18\u00b0 Festival du court m\u00e9trage photo de Souffelweyersheim (67)\",\"datePublished\":\"2026-01-25T14:41:45+00:00\",\"dateModified\":\"2026-01-25T14:41:47+00:00\",\"mainEntityOfPage\":{\"@id\":\"https:\\\/\\\/objectif-image.fr\\\/OI\\\/18-festival-du-court-metrage-photo-de-souffelweyersheim-67\\\/\"},\"wordCount\":182,\"publisher\":{\"@id\":\"https:\\\/\\\/objectif-image.fr\\\/OI\\\/#organization\"},\"image\":{\"@id\":\"https:\\\/\\\/objectif-image.fr\\\/OI\\\/18-festival-du-court-metrage-photo-de-souffelweyersheim-67\\\/#primaryimage\"},\"thumbnailUrl\":\"https:\\\/\\\/objectif-image.fr\\\/OI\\\/wp-content\\\/uploads\\\/2026\\\/01\\\/souffel-2026-CS5A-300ppp-2-724x1024.jpg\",\"keywords\":[\"court. metrage\",\"festival\",\"souffelweyersheim\"],\"articleSection\":[\"Audiovisuel\",\"Gala et Festivals\"],\"inLanguage\":\"fr-FR\"},{\"@type\":\"WebPage\",\"@id\":\"https:\\\/\\\/objectif-image.fr\\\/OI\\\/18-festival-du-court-metrage-photo-de-souffelweyersheim-67\\\/\",\"url\":\"https:\\\/\\\/objectif-image.fr\\\/OI\\\/18-festival-du-court-metrage-photo-de-souffelweyersheim-67\\\/\",\"name\":\"18\u00b0 Festival du court m\u00e9trage photo de Souffelweyersheim (67) - Objectif Image\",\"isPartOf\":{\"@id\":\"https:\\\/\\\/objectif-image.fr\\\/OI\\\/#website\"},\"primaryImageOfPage\":{\"@id\":\"https:\\\/\\\/objectif-image.fr\\\/OI\\\/18-festival-du-court-metrage-photo-de-souffelweyersheim-67\\\/#primaryimage\"},\"image\":{\"@id\":\"https:\\\/\\\/objectif-image.fr\\\/OI\\\/18-festival-du-court-metrage-photo-de-souffelweyersheim-67\\\/#primaryimage\"},\"thumbnailUrl\":\"https:\\\/\\\/objectif-image.fr\\\/OI\\\/wp-content\\\/uploads\\\/2026\\\/01\\\/souffel-2026-CS5A-300ppp-2-724x1024.jpg\",\"datePublished\":\"2026-01-25T14:41:45+00:00\",\"dateModified\":\"2026-01-25T14:41:47+00:00\",\"breadcrumb\":{\"@id\":\"https:\\\/\\\/objectif-image.fr\\\/OI\\\/18-festival-du-court-metrage-photo-de-souffelweyersheim-67\\\/#breadcrumb\"},\"inLanguage\":\"fr-FR\",\"potentialAction\":[{\"@type\":\"ReadAction\",\"target\":[\"https:\\\/\\\/objectif-image.fr\\\/OI\\\/18-festival-du-court-metrage-photo-de-souffelweyersheim-67\\\/\"]}]},{\"@type\":\"ImageObject\",\"inLanguage\":\"fr-FR\",\"@id\":\"https:\\\/\\\/objectif-image.fr\\\/OI\\\/18-festival-du-court-metrage-photo-de-souffelweyersheim-67\\\/#primaryimage\",\"url\":\"https:\\\/\\\/objectif-image.fr\\\/OI\\\/wp-content\\\/uploads\\\/2026\\\/01\\\/souffel-2026-CS5A-300ppp-2.jpg\",\"contentUrl\":\"https:\\\/\\\/objectif-image.fr\\\/OI\\\/wp-content\\\/uploads\\\/2026\\\/01\\\/souffel-2026-CS5A-300ppp-2.jpg\",\"width\":764,\"height\":1080},{\"@type\":\"BreadcrumbList\",\"@id\":\"https:\\\/\\\/objectif-image.fr\\\/OI\\\/18-festival-du-court-metrage-photo-de-souffelweyersheim-67\\\/#breadcrumb\",\"itemListElement\":[{\"@type\":\"ListItem\",\"position\":1,\"name\":\"Accueil\",\"item\":\"https:\\\/\\\/objectif-image.fr\\\/OI\\\/\"},{\"@type\":\"ListItem\",\"position\":2,\"name\":\"18\u00b0 Festival du court m\u00e9trage photo de Souffelweyersheim (67)\"}]},{\"@type\":\"WebSite\",\"@id\":\"https:\\\/\\\/objectif-image.fr\\\/OI\\\/#website\",\"url\":\"https:\\\/\\\/objectif-image.fr\\\/OI\\\/\",\"name\":\"Objectif Image\",\"description\":\"Objectif Image\",\"publisher\":{\"@id\":\"https:\\\/\\\/objectif-image.fr\\\/OI\\\/#organization\"},\"potentialAction\":[{\"@type\":\"SearchAction\",\"target\":{\"@type\":\"EntryPoint\",\"urlTemplate\":\"https:\\\/\\\/objectif-image.fr\\\/OI\\\/?s={search_term_string}\"},\"query-input\":{\"@type\":\"PropertyValueSpecification\",\"valueRequired\":true,\"valueName\":\"search_term_string\"}}],\"inLanguage\":\"fr-FR\"},{\"@type\":\"Organization\",\"@id\":\"https:\\\/\\\/objectif-image.fr\\\/OI\\\/#organization\",\"name\":\"Objectif Image\",\"url\":\"https:\\\/\\\/objectif-image.fr\\\/OI\\\/\",\"logo\":{\"@type\":\"ImageObject\",\"inLanguage\":\"fr-FR\",\"@id\":\"https:\\\/\\\/objectif-image.fr\\\/OI\\\/#\\\/schema\\\/logo\\\/image\\\/\",\"url\":\"https:\\\/\\\/objectif-image.fr\\\/OI\\\/wp-content\\\/uploads\\\/2019\\\/02\\\/logo-OI-NATIONAL-rouge-2000px.jpg\",\"contentUrl\":\"https:\\\/\\\/objectif-image.fr\\\/OI\\\/wp-content\\\/uploads\\\/2019\\\/02\\\/logo-OI-NATIONAL-rouge-2000px.jpg\",\"width\":1081,\"height\":1024,\"caption\":\"Objectif Image\"},\"image\":{\"@id\":\"https:\\\/\\\/objectif-image.fr\\\/OI\\\/#\\\/schema\\\/logo\\\/image\\\/\"},\"sameAs\":[\"https:\\\/\\\/www.facebook.com\\\/Objectif.mage\"]},{\"@type\":\"Person\",\"@id\":\"https:\\\/\\\/objectif-image.fr\\\/OI\\\/#\\\/schema\\\/person\\\/c300841e51ee06178683fe95400e121b\",\"name\":\"Gerard DIEBOLD\",\"image\":{\"@type\":\"ImageObject\",\"inLanguage\":\"fr-FR\",\"@id\":\"\\\/\\\/objectif-image.fr\\\/OI\\\/wp-content\\\/uploads\\\/wpforo\\\/avatars\\\/gerard63370-2-2-2_21.jpg\",\"url\":\"\\\/\\\/objectif-image.fr\\\/OI\\\/wp-content\\\/uploads\\\/wpforo\\\/avatars\\\/gerard63370-2-2-2_21.jpg\",\"contentUrl\":\"\\\/\\\/objectif-image.fr\\\/OI\\\/wp-content\\\/uploads\\\/wpforo\\\/avatars\\\/gerard63370-2-2-2_21.jpg\",\"caption\":\"Gerard DIEBOLD\"},\"description\":\"Pr\u00e9sident\\\/Fondateur du club de lempdes (Climat63 puis Objectif Image 63), j'ai d\u00e9but\u00e9 par la photographie, me suis mis \u00e0 la video et enfin pass\u00e9 au film photographique en 2012.Les logiciels sp\u00e9cialis\u00e9s employ\u00e9s furent successivement :Premiere Element, Premiere Pro, PTE et enfin DaVinci Resolve puis actuellement Davinci Resolve Studio. R\u00e9alisateur et formateur dans les domaines du film photographique et du son (ecriture, construction, r\u00e9alisation)\",\"url\":\"https:\\\/\\\/objectif-image.fr\\\/OI\\\/author\\\/gerard63370-2-2-2-2-2-2\\\/\"}]}<\/script>\n<!-- \/ Yoast SEO plugin. -->","yoast_head_json":{"title":"18\u00b0 Festival du court m\u00e9trage photo de Souffelweyersheim (67) - Objectif Image","robots":{"index":"index","follow":"follow","max-snippet":"max-snippet:-1","max-image-preview":"max-image-preview:large","max-video-preview":"max-video-preview:-1"},"canonical":"https:\/\/objectif-image.fr\/OI\/18-festival-du-court-metrage-photo-de-souffelweyersheim-67\/","og_locale":"fr_FR","og_type":"article","og_title":"18\u00b0 Festival du court m\u00e9trage photo de Souffelweyersheim (67) - Objectif Image","og_description":"Le Festival du Court M\u00e9trage Photo de Souffelweyersheim aura lieu le samedi 28 f\u00e9vrier et dimanche 1er mars 2026, \u00e0 l&rsquo;Espace Culturel des Sept Arpents. Au programme de cette \u00e9dition 2026 :\u2022 le samedi apr\u00e8s-midi : patchwork de montages des r\u00e9alisateurs de notre art, suivi des r\u00e9alisations pr\u00e9sent\u00e9es au \u00ab\u00a0challenge international 321\u00a0\u00bb s\u00e9lectionn\u00e9es par nos [&hellip;]","og_url":"https:\/\/objectif-image.fr\/OI\/18-festival-du-court-metrage-photo-de-souffelweyersheim-67\/","og_site_name":"Objectif Image","article_publisher":"https:\/\/www.facebook.com\/Objectif.mage","article_published_time":"2026-01-25T14:41:45+00:00","article_modified_time":"2026-01-25T14:41:47+00:00","og_image":[{"width":764,"height":1080,"url":"https:\/\/objectif-image.fr\/OI\/wp-content\/uploads\/2026\/01\/souffel-2026-CS5A-300ppp-2.jpg","type":"image\/jpeg"}],"author":"Gerard DIEBOLD","twitter_card":"summary_large_image","twitter_misc":{"\u00c9crit par":"Gerard DIEBOLD","Dur\u00e9e de lecture estim\u00e9e":"1 minute"},"schema":{"@context":"https:\/\/schema.org","@graph":[{"@type":"Article","@id":"https:\/\/objectif-image.fr\/OI\/18-festival-du-court-metrage-photo-de-souffelweyersheim-67\/#article","isPartOf":{"@id":"https:\/\/objectif-image.fr\/OI\/18-festival-du-court-metrage-photo-de-souffelweyersheim-67\/"},"author":{"name":"Gerard DIEBOLD","@id":"https:\/\/objectif-image.fr\/OI\/#\/schema\/person\/c300841e51ee06178683fe95400e121b"},"headline":"18\u00b0 Festival du court m\u00e9trage photo de Souffelweyersheim (67)","datePublished":"2026-01-25T14:41:45+00:00","dateModified":"2026-01-25T14:41:47+00:00","mainEntityOfPage":{"@id":"https:\/\/objectif-image.fr\/OI\/18-festival-du-court-metrage-photo-de-souffelweyersheim-67\/"},"wordCount":182,"publisher":{"@id":"https:\/\/objectif-image.fr\/OI\/#organization"},"image":{"@id":"https:\/\/objectif-image.fr\/OI\/18-festival-du-court-metrage-photo-de-souffelweyersheim-67\/#primaryimage"},"thumbnailUrl":"https:\/\/objectif-image.fr\/OI\/wp-content\/uploads\/2026\/01\/souffel-2026-CS5A-300ppp-2-724x1024.jpg","keywords":["court. metrage","festival","souffelweyersheim"],"articleSection":["Audiovisuel","Gala et Festivals"],"inLanguage":"fr-FR"},{"@type":"WebPage","@id":"https:\/\/objectif-image.fr\/OI\/18-festival-du-court-metrage-photo-de-souffelweyersheim-67\/","url":"https:\/\/objectif-image.fr\/OI\/18-festival-du-court-metrage-photo-de-souffelweyersheim-67\/","name":"18\u00b0 Festival du court m\u00e9trage photo de Souffelweyersheim (67) - Objectif Image","isPartOf":{"@id":"https:\/\/objectif-image.fr\/OI\/#website"},"primaryImageOfPage":{"@id":"https:\/\/objectif-image.fr\/OI\/18-festival-du-court-metrage-photo-de-souffelweyersheim-67\/#primaryimage"},"image":{"@id":"https:\/\/objectif-image.fr\/OI\/18-festival-du-court-metrage-photo-de-souffelweyersheim-67\/#primaryimage"},"thumbnailUrl":"https:\/\/objectif-image.fr\/OI\/wp-content\/uploads\/2026\/01\/souffel-2026-CS5A-300ppp-2-724x1024.jpg","datePublished":"2026-01-25T14:41:45+00:00","dateModified":"2026-01-25T14:41:47+00:00","breadcrumb":{"@id":"https:\/\/objectif-image.fr\/OI\/18-festival-du-court-metrage-photo-de-souffelweyersheim-67\/#breadcrumb"},"inLanguage":"fr-FR","potentialAction":[{"@type":"ReadAction","target":["https:\/\/objectif-image.fr\/OI\/18-festival-du-court-metrage-photo-de-souffelweyersheim-67\/"]}]},{"@type":"ImageObject","inLanguage":"fr-FR","@id":"https:\/\/objectif-image.fr\/OI\/18-festival-du-court-metrage-photo-de-souffelweyersheim-67\/#primaryimage","url":"https:\/\/objectif-image.fr\/OI\/wp-content\/uploads\/2026\/01\/souffel-2026-CS5A-300ppp-2.jpg","contentUrl":"https:\/\/objectif-image.fr\/OI\/wp-content\/uploads\/2026\/01\/souffel-2026-CS5A-300ppp-2.jpg","width":764,"height":1080},{"@type":"BreadcrumbList","@id":"https:\/\/objectif-image.fr\/OI\/18-festival-du-court-metrage-photo-de-souffelweyersheim-67\/#breadcrumb","itemListElement":[{"@type":"ListItem","position":1,"name":"Accueil","item":"https:\/\/objectif-image.fr\/OI\/"},{"@type":"ListItem","position":2,"name":"18\u00b0 Festival du court m\u00e9trage photo de Souffelweyersheim (67)"}]},{"@type":"WebSite","@id":"https:\/\/objectif-image.fr\/OI\/#website","url":"https:\/\/objectif-image.fr\/OI\/","name":"Objectif Image","description":"Objectif Image","publisher":{"@id":"https:\/\/objectif-image.fr\/OI\/#organization"},"potentialAction":[{"@type":"SearchAction","target":{"@type":"EntryPoint","urlTemplate":"https:\/\/objectif-image.fr\/OI\/?s={search_term_string}"},"query-input":{"@type":"PropertyValueSpecification","valueRequired":true,"valueName":"search_term_string"}}],"inLanguage":"fr-FR"},{"@type":"Organization","@id":"https:\/\/objectif-image.fr\/OI\/#organization","name":"Objectif Image","url":"https:\/\/objectif-image.fr\/OI\/","logo":{"@type":"ImageObject","inLanguage":"fr-FR","@id":"https:\/\/objectif-image.fr\/OI\/#\/schema\/logo\/image\/","url":"https:\/\/objectif-image.fr\/OI\/wp-content\/uploads\/2019\/02\/logo-OI-NATIONAL-rouge-2000px.jpg","contentUrl":"https:\/\/objectif-image.fr\/OI\/wp-content\/uploads\/2019\/02\/logo-OI-NATIONAL-rouge-2000px.jpg","width":1081,"height":1024,"caption":"Objectif Image"},"image":{"@id":"https:\/\/objectif-image.fr\/OI\/#\/schema\/logo\/image\/"},"sameAs":["https:\/\/www.facebook.com\/Objectif.mage"]},{"@type":"Person","@id":"https:\/\/objectif-image.fr\/OI\/#\/schema\/person\/c300841e51ee06178683fe95400e121b","name":"Gerard DIEBOLD","image":{"@type":"ImageObject","inLanguage":"fr-FR","@id":"\/\/objectif-image.fr\/OI\/wp-content\/uploads\/wpforo\/avatars\/gerard63370-2-2-2_21.jpg","url":"\/\/objectif-image.fr\/OI\/wp-content\/uploads\/wpforo\/avatars\/gerard63370-2-2-2_21.jpg","contentUrl":"\/\/objectif-image.fr\/OI\/wp-content\/uploads\/wpforo\/avatars\/gerard63370-2-2-2_21.jpg","caption":"Gerard DIEBOLD"},"description":"Pr\u00e9sident\/Fondateur du club de lempdes (Climat63 puis Objectif Image 63), j'ai d\u00e9but\u00e9 par la photographie, me suis mis \u00e0 la video et enfin pass\u00e9 au film photographique en 2012.Les logiciels sp\u00e9cialis\u00e9s employ\u00e9s furent successivement :Premiere Element, Premiere Pro, PTE et enfin DaVinci Resolve puis actuellement Davinci Resolve Studio. R\u00e9alisateur et formateur dans les domaines du film photographique et du son (ecriture, construction, r\u00e9alisation)","url":"https:\/\/objectif-image.fr\/OI\/author\/gerard63370-2-2-2-2-2-2\/"}]}},"_links":{"self":[{"href":"https:\/\/objectif-image.fr\/OI\/wp-json\/wp\/v2\/posts\/60527","targetHints":{"allow":["GET"]}}],"collection":[{"href":"https:\/\/objectif-image.fr\/OI\/wp-json\/wp\/v2\/posts"}],"about":[{"href":"https:\/\/objectif-image.fr\/OI\/wp-json\/wp\/v2\/types\/post"}],"author":[{"embeddable":true,"href":"https:\/\/objectif-image.fr\/OI\/wp-json\/wp\/v2\/users\/21"}],"replies":[{"embeddable":true,"href":"https:\/\/objectif-image.fr\/OI\/wp-json\/wp\/v2\/comments?post=60527"}],"version-history":[{"count":0,"href":"https:\/\/objectif-image.fr\/OI\/wp-json\/wp\/v2\/posts\/60527\/revisions"}],"wp:attachment":[{"href":"https:\/\/objectif-image.fr\/OI\/wp-json\/wp\/v2\/media?parent=60527"}],"wp:term":[{"taxonomy":"category","embeddable":true,"href":"https:\/\/objectif-image.fr\/OI\/wp-json\/wp\/v2\/categories?post=60527"},{"taxonomy":"post_tag","embeddable":true,"href":"https:\/\/objectif-image.fr\/OI\/wp-json\/wp\/v2\/tags?post=60527"}],"curies":[{"name":"wp","href":"https:\/\/api.w.org\/{rel}","templated":true}]}}