{"id":62077,"date":"2026-04-25T08:04:31","date_gmt":"2026-04-25T06:04:31","guid":{"rendered":"https:\/\/objectif-image.fr\/OI\/?p=62077"},"modified":"2026-04-25T08:04:33","modified_gmt":"2026-04-25T06:04:33","slug":"lesprit-de-la-foret-guy-bompais","status":"publish","type":"post","link":"https:\/\/objectif-image.fr\/OI\/lesprit-de-la-foret-guy-bompais\/","title":{"rendered":"L&rsquo;esprit de la for\u00eat &#8211; Guy Bompais"},"content":{"rendered":"\n<p class=\"has-contrast-color has-text-color has-background has-link-color wp-elements-aa7aff597d15be16274557d1944c5d8b\" style=\"background-color:#59eb4926;font-size:clamp(16.834px, 1.052rem + ((1vw - 3.2px) * 0.705), 26px);\"><strong><em>L&rsquo;esprit de la for\u00eat<\/em><\/strong>, une exposition de <strong>Guy Bompais<\/strong> d&rsquo;Objectif Image Montpellier, du 30 avril au 23 juin. <strong><a href=\"https:\/\/agendarts.wordpress.com\/\">agend&rsquo;Arts<\/a><\/strong> 4 rue de Belfort \u00e0 <strong>Lyon<\/strong><\/p>\n\n\n\n<p>.<\/p>\n\n\n\n<h3 class=\"wp-block-heading has-text-align-center\">du 30 avril au 23 juin. <\/h3>\n\n\n\n<h3 class=\"wp-block-heading has-text-align-center\"><strong><a href=\"https:\/\/agendarts.wordpress.com\/\">agend&rsquo;Arts<\/a><\/strong> <\/h3>\n\n\n\n<h3 class=\"wp-block-heading has-text-align-center\">4 rue de Belfort &#8211; <strong>Lyon<\/strong><\/h3>\n\n\n\n<p>.<\/p>\n\n\n\n<p>La for\u00eat est un monde vivant, complexe et fragile, habit\u00e9 par les animaux et\u00a0\u00a0exploit\u00e9 par l&rsquo;homme. Elle abrite aussi des pr\u00e9sences invisibles, des \u00eatres l\u00e9gendaires qui\u00a0\u00a0habitent ces espaces depuis des si\u00e8cles. Chaque arbre y existe comme un \u00eatre singulier, connect\u00e9 aux autres par un r\u00e9seau invisible essentiel \u00e0 la survie de la for\u00eat.<\/p>\n\n\n\n<p>Ces images invitent \u00e0 regarder la for\u00eat comme un territoire habit\u00e9, o\u00f9 le r\u00e9el et l\u2019imaginaire s\u2019entrelacent. Un lieu o\u00f9 la lumi\u00e8re h\u00e9site, o\u00f9 les formes se d\u00e9placent, o\u00f9 la mati\u00e8re semble respirer, et o\u00f9 s\u2019instaure un dialogue silencieux entre la nature, l\u2019homme et les esprits.<\/p>\n\n\n\n<p>C\u2019est un cheminement sur des sentiers o\u00f9 le paysage para\u00eet d\u2019abord familier, avant de se d\u00e9rober peu \u00e0 peu, de glisser vers le myst\u00e8re. Une invitation \u00e0 une exploration mentale et sensorielle des sous-bois, l\u00e0 o\u00f9 le regard ralentit et o\u00f9 l\u2019imaginaire prend racine.<\/p>\n\n\n\n<p>.<\/p>\n\n\n\n<p><\/p>\n\n\n\n<p> <\/p>\n\n\n\n<figure class=\"wp-block-image aligncenter size-large\"><img loading=\"lazy\" decoding=\"async\" width=\"696\" height=\"1024\" src=\"https:\/\/objectif-image.fr\/OI\/wp-content\/uploads\/2026\/04\/affiche-1-696x1024.jpg\" alt=\"\" class=\"wp-image-62078\" srcset=\"https:\/\/objectif-image.fr\/OI\/wp-content\/uploads\/2026\/04\/affiche-1-696x1024.jpg 696w, https:\/\/objectif-image.fr\/OI\/wp-content\/uploads\/2026\/04\/affiche-1-204x300.jpg 204w, https:\/\/objectif-image.fr\/OI\/wp-content\/uploads\/2026\/04\/affiche-1-102x150.jpg 102w, https:\/\/objectif-image.fr\/OI\/wp-content\/uploads\/2026\/04\/affiche-1-768x1130.jpg 768w, https:\/\/objectif-image.fr\/OI\/wp-content\/uploads\/2026\/04\/affiche-1-1044x1536.jpg 1044w, https:\/\/objectif-image.fr\/OI\/wp-content\/uploads\/2026\/04\/affiche-1-400x589.jpg 400w, https:\/\/objectif-image.fr\/OI\/wp-content\/uploads\/2026\/04\/affiche-1.jpg 1305w\" sizes=\"auto, (max-width: 696px) 100vw, 696px\" \/><\/figure>\n\n\n\n<p>.<\/p>\n\n\n\n<figure class=\"wp-block-image aligncenter size-large\"><img loading=\"lazy\" decoding=\"async\" width=\"724\" height=\"1024\" src=\"https:\/\/objectif-image.fr\/OI\/wp-content\/uploads\/2026\/04\/guy-bompais-1-724x1024.jpg\" alt=\"\" class=\"wp-image-62079\" srcset=\"https:\/\/objectif-image.fr\/OI\/wp-content\/uploads\/2026\/04\/guy-bompais-1-724x1024.jpg 724w, https:\/\/objectif-image.fr\/OI\/wp-content\/uploads\/2026\/04\/guy-bompais-1-212x300.jpg 212w, https:\/\/objectif-image.fr\/OI\/wp-content\/uploads\/2026\/04\/guy-bompais-1-106x150.jpg 106w, https:\/\/objectif-image.fr\/OI\/wp-content\/uploads\/2026\/04\/guy-bompais-1-768x1086.jpg 768w, https:\/\/objectif-image.fr\/OI\/wp-content\/uploads\/2026\/04\/guy-bompais-1-1086x1536.jpg 1086w, https:\/\/objectif-image.fr\/OI\/wp-content\/uploads\/2026\/04\/guy-bompais-1-1320x1866.jpg 1320w, https:\/\/objectif-image.fr\/OI\/wp-content\/uploads\/2026\/04\/guy-bompais-1-400x566.jpg 400w, https:\/\/objectif-image.fr\/OI\/wp-content\/uploads\/2026\/04\/guy-bompais-1.jpg 1358w\" sizes=\"auto, (max-width: 724px) 100vw, 724px\" \/><\/figure>\n\n\n\n<p>.<\/p>\n\n\n\n<figure class=\"wp-block-image aligncenter size-large\"><img loading=\"lazy\" decoding=\"async\" width=\"724\" height=\"1024\" src=\"https:\/\/objectif-image.fr\/OI\/wp-content\/uploads\/2026\/04\/guy-bompais-2-724x1024.jpg\" alt=\"\" class=\"wp-image-62080\" srcset=\"https:\/\/objectif-image.fr\/OI\/wp-content\/uploads\/2026\/04\/guy-bompais-2-724x1024.jpg 724w, https:\/\/objectif-image.fr\/OI\/wp-content\/uploads\/2026\/04\/guy-bompais-2-212x300.jpg 212w, https:\/\/objectif-image.fr\/OI\/wp-content\/uploads\/2026\/04\/guy-bompais-2-106x150.jpg 106w, https:\/\/objectif-image.fr\/OI\/wp-content\/uploads\/2026\/04\/guy-bompais-2-768x1086.jpg 768w, https:\/\/objectif-image.fr\/OI\/wp-content\/uploads\/2026\/04\/guy-bompais-2-1086x1536.jpg 1086w, https:\/\/objectif-image.fr\/OI\/wp-content\/uploads\/2026\/04\/guy-bompais-2-1320x1866.jpg 1320w, https:\/\/objectif-image.fr\/OI\/wp-content\/uploads\/2026\/04\/guy-bompais-2-400x566.jpg 400w, https:\/\/objectif-image.fr\/OI\/wp-content\/uploads\/2026\/04\/guy-bompais-2.jpg 1358w\" sizes=\"auto, (max-width: 724px) 100vw, 724px\" \/><\/figure>\n\n\n\n<p>.<\/p>\n\n\n\n<figure class=\"wp-block-image aligncenter size-large\"><img loading=\"lazy\" decoding=\"async\" width=\"724\" height=\"1024\" src=\"https:\/\/objectif-image.fr\/OI\/wp-content\/uploads\/2026\/04\/guy-bompais-4-724x1024.jpg\" alt=\"\" class=\"wp-image-62081\" srcset=\"https:\/\/objectif-image.fr\/OI\/wp-content\/uploads\/2026\/04\/guy-bompais-4-724x1024.jpg 724w, https:\/\/objectif-image.fr\/OI\/wp-content\/uploads\/2026\/04\/guy-bompais-4-212x300.jpg 212w, https:\/\/objectif-image.fr\/OI\/wp-content\/uploads\/2026\/04\/guy-bompais-4-106x150.jpg 106w, https:\/\/objectif-image.fr\/OI\/wp-content\/uploads\/2026\/04\/guy-bompais-4-768x1086.jpg 768w, https:\/\/objectif-image.fr\/OI\/wp-content\/uploads\/2026\/04\/guy-bompais-4-1086x1536.jpg 1086w, https:\/\/objectif-image.fr\/OI\/wp-content\/uploads\/2026\/04\/guy-bompais-4-1320x1866.jpg 1320w, https:\/\/objectif-image.fr\/OI\/wp-content\/uploads\/2026\/04\/guy-bompais-4-400x566.jpg 400w, https:\/\/objectif-image.fr\/OI\/wp-content\/uploads\/2026\/04\/guy-bompais-4.jpg 1358w\" sizes=\"auto, (max-width: 724px) 100vw, 724px\" \/><\/figure>\n","protected":false},"excerpt":{"rendered":"<p>L&rsquo;esprit de la for\u00eat, une exposition de Guy Bompais d&rsquo;Objectif Image Montpellier, du 30 avril au 23 juin. agend&rsquo;Arts 4 rue de Belfort \u00e0 Lyon . du 30 avril au 23 juin. agend&rsquo;Arts 4 rue de Belfort &#8211; Lyon . La for\u00eat est un monde vivant, complexe et fragile, habit\u00e9 par les animaux et\u00a0\u00a0exploit\u00e9 par [&hellip;]<\/p>\n","protected":false},"author":3,"featured_media":62085,"comment_status":"closed","ping_status":"closed","sticky":false,"template":"","format":"standard","meta":{"_acf_changed":false,"footnotes":""},"categories":[467],"tags":[119],"class_list":["post-62077","post","type-post","status-publish","format-standard","has-post-thumbnail","hentry","category-exposition","tag-objectif-image-montpellier"],"acf":[],"yoast_head":"<!-- This site is optimized with the Yoast SEO plugin v27.4 - https:\/\/yoast.com\/product\/yoast-seo-wordpress\/ -->\n<title>L&#039;esprit de la for\u00eat - Guy Bompais - Objectif Image<\/title>\n<meta name=\"robots\" content=\"index, follow, max-snippet:-1, max-image-preview:large, max-video-preview:-1\" \/>\n<link rel=\"canonical\" href=\"https:\/\/objectif-image.fr\/OI\/lesprit-de-la-foret-guy-bompais\/\" \/>\n<meta property=\"og:locale\" content=\"fr_FR\" \/>\n<meta property=\"og:type\" content=\"article\" \/>\n<meta property=\"og:title\" content=\"L&#039;esprit de la for\u00eat - Guy Bompais - Objectif Image\" \/>\n<meta property=\"og:description\" content=\"L&rsquo;esprit de la for\u00eat, une exposition de Guy Bompais d&rsquo;Objectif Image Montpellier, du 30 avril au 23 juin. agend&rsquo;Arts 4 rue de Belfort \u00e0 Lyon . du 30 avril au 23 juin. agend&rsquo;Arts 4 rue de Belfort &#8211; Lyon . La for\u00eat est un monde vivant, complexe et fragile, habit\u00e9 par les animaux et\u00a0\u00a0exploit\u00e9 par [&hellip;]\" \/>\n<meta property=\"og:url\" content=\"https:\/\/objectif-image.fr\/OI\/lesprit-de-la-foret-guy-bompais\/\" \/>\n<meta property=\"og:site_name\" content=\"Objectif Image\" \/>\n<meta property=\"article:publisher\" content=\"https:\/\/www.facebook.com\/Objectif.mage\" \/>\n<meta property=\"article:published_time\" content=\"2026-04-25T06:04:31+00:00\" \/>\n<meta property=\"article:modified_time\" content=\"2026-04-25T06:04:33+00:00\" \/>\n<meta property=\"og:image\" content=\"https:\/\/objectif-image.fr\/OI\/wp-content\/uploads\/2026\/04\/ESPRIT-H-1-1.jpg\" \/>\n\t<meta property=\"og:image:width\" content=\"1920\" \/>\n\t<meta property=\"og:image:height\" content=\"1280\" \/>\n\t<meta property=\"og:image:type\" content=\"image\/jpeg\" \/>\n<meta name=\"author\" content=\"Pierre S\" \/>\n<meta name=\"twitter:card\" content=\"summary_large_image\" \/>\n<meta name=\"twitter:label1\" content=\"\u00c9crit par\" \/>\n\t<meta name=\"twitter:data1\" content=\"Pierre S\" \/>\n\t<meta name=\"twitter:label2\" content=\"Dur\u00e9e de lecture estim\u00e9e\" \/>\n\t<meta name=\"twitter:data2\" content=\"1 minute\" \/>\n<script type=\"application\/ld+json\" class=\"yoast-schema-graph\">{\"@context\":\"https:\\\/\\\/schema.org\",\"@graph\":[{\"@type\":\"Article\",\"@id\":\"https:\\\/\\\/objectif-image.fr\\\/OI\\\/lesprit-de-la-foret-guy-bompais\\\/#article\",\"isPartOf\":{\"@id\":\"https:\\\/\\\/objectif-image.fr\\\/OI\\\/lesprit-de-la-foret-guy-bompais\\\/\"},\"author\":{\"name\":\"Pierre S\",\"@id\":\"https:\\\/\\\/objectif-image.fr\\\/OI\\\/#\\\/schema\\\/person\\\/813c64cc2f0c70450ca653f2e80a6515\"},\"headline\":\"L&rsquo;esprit de la for\u00eat &#8211; Guy Bompais\",\"datePublished\":\"2026-04-25T06:04:31+00:00\",\"dateModified\":\"2026-04-25T06:04:33+00:00\",\"mainEntityOfPage\":{\"@id\":\"https:\\\/\\\/objectif-image.fr\\\/OI\\\/lesprit-de-la-foret-guy-bompais\\\/\"},\"wordCount\":209,\"publisher\":{\"@id\":\"https:\\\/\\\/objectif-image.fr\\\/OI\\\/#organization\"},\"image\":{\"@id\":\"https:\\\/\\\/objectif-image.fr\\\/OI\\\/lesprit-de-la-foret-guy-bompais\\\/#primaryimage\"},\"thumbnailUrl\":\"https:\\\/\\\/objectif-image.fr\\\/OI\\\/wp-content\\\/uploads\\\/2026\\\/04\\\/ESPRIT-H-1-1.jpg\",\"keywords\":[\"Objectif Image Montpellier\"],\"articleSection\":[\"exposition\"],\"inLanguage\":\"fr-FR\"},{\"@type\":\"WebPage\",\"@id\":\"https:\\\/\\\/objectif-image.fr\\\/OI\\\/lesprit-de-la-foret-guy-bompais\\\/\",\"url\":\"https:\\\/\\\/objectif-image.fr\\\/OI\\\/lesprit-de-la-foret-guy-bompais\\\/\",\"name\":\"L'esprit de la for\u00eat - Guy Bompais - Objectif Image\",\"isPartOf\":{\"@id\":\"https:\\\/\\\/objectif-image.fr\\\/OI\\\/#website\"},\"primaryImageOfPage\":{\"@id\":\"https:\\\/\\\/objectif-image.fr\\\/OI\\\/lesprit-de-la-foret-guy-bompais\\\/#primaryimage\"},\"image\":{\"@id\":\"https:\\\/\\\/objectif-image.fr\\\/OI\\\/lesprit-de-la-foret-guy-bompais\\\/#primaryimage\"},\"thumbnailUrl\":\"https:\\\/\\\/objectif-image.fr\\\/OI\\\/wp-content\\\/uploads\\\/2026\\\/04\\\/ESPRIT-H-1-1.jpg\",\"datePublished\":\"2026-04-25T06:04:31+00:00\",\"dateModified\":\"2026-04-25T06:04:33+00:00\",\"breadcrumb\":{\"@id\":\"https:\\\/\\\/objectif-image.fr\\\/OI\\\/lesprit-de-la-foret-guy-bompais\\\/#breadcrumb\"},\"inLanguage\":\"fr-FR\",\"potentialAction\":[{\"@type\":\"ReadAction\",\"target\":[\"https:\\\/\\\/objectif-image.fr\\\/OI\\\/lesprit-de-la-foret-guy-bompais\\\/\"]}]},{\"@type\":\"ImageObject\",\"inLanguage\":\"fr-FR\",\"@id\":\"https:\\\/\\\/objectif-image.fr\\\/OI\\\/lesprit-de-la-foret-guy-bompais\\\/#primaryimage\",\"url\":\"https:\\\/\\\/objectif-image.fr\\\/OI\\\/wp-content\\\/uploads\\\/2026\\\/04\\\/ESPRIT-H-1-1.jpg\",\"contentUrl\":\"https:\\\/\\\/objectif-image.fr\\\/OI\\\/wp-content\\\/uploads\\\/2026\\\/04\\\/ESPRIT-H-1-1.jpg\",\"width\":1920,\"height\":1280},{\"@type\":\"BreadcrumbList\",\"@id\":\"https:\\\/\\\/objectif-image.fr\\\/OI\\\/lesprit-de-la-foret-guy-bompais\\\/#breadcrumb\",\"itemListElement\":[{\"@type\":\"ListItem\",\"position\":1,\"name\":\"Accueil\",\"item\":\"https:\\\/\\\/objectif-image.fr\\\/OI\\\/\"},{\"@type\":\"ListItem\",\"position\":2,\"name\":\"L&rsquo;esprit de la for\u00eat &#8211; Guy Bompais\"}]},{\"@type\":\"WebSite\",\"@id\":\"https:\\\/\\\/objectif-image.fr\\\/OI\\\/#website\",\"url\":\"https:\\\/\\\/objectif-image.fr\\\/OI\\\/\",\"name\":\"Objectif Image\",\"description\":\"Objectif Image\",\"publisher\":{\"@id\":\"https:\\\/\\\/objectif-image.fr\\\/OI\\\/#organization\"},\"potentialAction\":[{\"@type\":\"SearchAction\",\"target\":{\"@type\":\"EntryPoint\",\"urlTemplate\":\"https:\\\/\\\/objectif-image.fr\\\/OI\\\/?s={search_term_string}\"},\"query-input\":{\"@type\":\"PropertyValueSpecification\",\"valueRequired\":true,\"valueName\":\"search_term_string\"}}],\"inLanguage\":\"fr-FR\"},{\"@type\":\"Organization\",\"@id\":\"https:\\\/\\\/objectif-image.fr\\\/OI\\\/#organization\",\"name\":\"Objectif Image\",\"url\":\"https:\\\/\\\/objectif-image.fr\\\/OI\\\/\",\"logo\":{\"@type\":\"ImageObject\",\"inLanguage\":\"fr-FR\",\"@id\":\"https:\\\/\\\/objectif-image.fr\\\/OI\\\/#\\\/schema\\\/logo\\\/image\\\/\",\"url\":\"https:\\\/\\\/objectif-image.fr\\\/OI\\\/wp-content\\\/uploads\\\/2019\\\/02\\\/logo-OI-NATIONAL-rouge-2000px.jpg\",\"contentUrl\":\"https:\\\/\\\/objectif-image.fr\\\/OI\\\/wp-content\\\/uploads\\\/2019\\\/02\\\/logo-OI-NATIONAL-rouge-2000px.jpg\",\"width\":1081,\"height\":1024,\"caption\":\"Objectif Image\"},\"image\":{\"@id\":\"https:\\\/\\\/objectif-image.fr\\\/OI\\\/#\\\/schema\\\/logo\\\/image\\\/\"},\"sameAs\":[\"https:\\\/\\\/www.facebook.com\\\/Objectif.mage\"]},{\"@type\":\"Person\",\"@id\":\"https:\\\/\\\/objectif-image.fr\\\/OI\\\/#\\\/schema\\\/person\\\/813c64cc2f0c70450ca653f2e80a6515\",\"name\":\"Pierre S\",\"image\":{\"@type\":\"ImageObject\",\"inLanguage\":\"fr-FR\",\"@id\":\"https:\\\/\\\/secure.gravatar.com\\\/avatar\\\/6d1df1cb0bf58ef7d330b8910acfe62e7fbc0c2138564189224f85869b953674?s=96&d=mm&r=g\",\"url\":\"https:\\\/\\\/secure.gravatar.com\\\/avatar\\\/6d1df1cb0bf58ef7d330b8910acfe62e7fbc0c2138564189224f85869b953674?s=96&d=mm&r=g\",\"contentUrl\":\"https:\\\/\\\/secure.gravatar.com\\\/avatar\\\/6d1df1cb0bf58ef7d330b8910acfe62e7fbc0c2138564189224f85869b953674?s=96&d=mm&r=g\",\"caption\":\"Pierre S\"},\"url\":\"https:\\\/\\\/objectif-image.fr\\\/OI\\\/author\\\/pierres-2-2\\\/\"}]}<\/script>\n<!-- \/ Yoast SEO plugin. -->","yoast_head_json":{"title":"L'esprit de la for\u00eat - Guy Bompais - Objectif Image","robots":{"index":"index","follow":"follow","max-snippet":"max-snippet:-1","max-image-preview":"max-image-preview:large","max-video-preview":"max-video-preview:-1"},"canonical":"https:\/\/objectif-image.fr\/OI\/lesprit-de-la-foret-guy-bompais\/","og_locale":"fr_FR","og_type":"article","og_title":"L'esprit de la for\u00eat - Guy Bompais - Objectif Image","og_description":"L&rsquo;esprit de la for\u00eat, une exposition de Guy Bompais d&rsquo;Objectif Image Montpellier, du 30 avril au 23 juin. agend&rsquo;Arts 4 rue de Belfort \u00e0 Lyon . du 30 avril au 23 juin. agend&rsquo;Arts 4 rue de Belfort &#8211; Lyon . La for\u00eat est un monde vivant, complexe et fragile, habit\u00e9 par les animaux et\u00a0\u00a0exploit\u00e9 par [&hellip;]","og_url":"https:\/\/objectif-image.fr\/OI\/lesprit-de-la-foret-guy-bompais\/","og_site_name":"Objectif Image","article_publisher":"https:\/\/www.facebook.com\/Objectif.mage","article_published_time":"2026-04-25T06:04:31+00:00","article_modified_time":"2026-04-25T06:04:33+00:00","og_image":[{"width":1920,"height":1280,"url":"https:\/\/objectif-image.fr\/OI\/wp-content\/uploads\/2026\/04\/ESPRIT-H-1-1.jpg","type":"image\/jpeg"}],"author":"Pierre S","twitter_card":"summary_large_image","twitter_misc":{"\u00c9crit par":"Pierre S","Dur\u00e9e de lecture estim\u00e9e":"1 minute"},"schema":{"@context":"https:\/\/schema.org","@graph":[{"@type":"Article","@id":"https:\/\/objectif-image.fr\/OI\/lesprit-de-la-foret-guy-bompais\/#article","isPartOf":{"@id":"https:\/\/objectif-image.fr\/OI\/lesprit-de-la-foret-guy-bompais\/"},"author":{"name":"Pierre S","@id":"https:\/\/objectif-image.fr\/OI\/#\/schema\/person\/813c64cc2f0c70450ca653f2e80a6515"},"headline":"L&rsquo;esprit de la for\u00eat &#8211; Guy Bompais","datePublished":"2026-04-25T06:04:31+00:00","dateModified":"2026-04-25T06:04:33+00:00","mainEntityOfPage":{"@id":"https:\/\/objectif-image.fr\/OI\/lesprit-de-la-foret-guy-bompais\/"},"wordCount":209,"publisher":{"@id":"https:\/\/objectif-image.fr\/OI\/#organization"},"image":{"@id":"https:\/\/objectif-image.fr\/OI\/lesprit-de-la-foret-guy-bompais\/#primaryimage"},"thumbnailUrl":"https:\/\/objectif-image.fr\/OI\/wp-content\/uploads\/2026\/04\/ESPRIT-H-1-1.jpg","keywords":["Objectif Image Montpellier"],"articleSection":["exposition"],"inLanguage":"fr-FR"},{"@type":"WebPage","@id":"https:\/\/objectif-image.fr\/OI\/lesprit-de-la-foret-guy-bompais\/","url":"https:\/\/objectif-image.fr\/OI\/lesprit-de-la-foret-guy-bompais\/","name":"L'esprit de la for\u00eat - Guy Bompais - Objectif Image","isPartOf":{"@id":"https:\/\/objectif-image.fr\/OI\/#website"},"primaryImageOfPage":{"@id":"https:\/\/objectif-image.fr\/OI\/lesprit-de-la-foret-guy-bompais\/#primaryimage"},"image":{"@id":"https:\/\/objectif-image.fr\/OI\/lesprit-de-la-foret-guy-bompais\/#primaryimage"},"thumbnailUrl":"https:\/\/objectif-image.fr\/OI\/wp-content\/uploads\/2026\/04\/ESPRIT-H-1-1.jpg","datePublished":"2026-04-25T06:04:31+00:00","dateModified":"2026-04-25T06:04:33+00:00","breadcrumb":{"@id":"https:\/\/objectif-image.fr\/OI\/lesprit-de-la-foret-guy-bompais\/#breadcrumb"},"inLanguage":"fr-FR","potentialAction":[{"@type":"ReadAction","target":["https:\/\/objectif-image.fr\/OI\/lesprit-de-la-foret-guy-bompais\/"]}]},{"@type":"ImageObject","inLanguage":"fr-FR","@id":"https:\/\/objectif-image.fr\/OI\/lesprit-de-la-foret-guy-bompais\/#primaryimage","url":"https:\/\/objectif-image.fr\/OI\/wp-content\/uploads\/2026\/04\/ESPRIT-H-1-1.jpg","contentUrl":"https:\/\/objectif-image.fr\/OI\/wp-content\/uploads\/2026\/04\/ESPRIT-H-1-1.jpg","width":1920,"height":1280},{"@type":"BreadcrumbList","@id":"https:\/\/objectif-image.fr\/OI\/lesprit-de-la-foret-guy-bompais\/#breadcrumb","itemListElement":[{"@type":"ListItem","position":1,"name":"Accueil","item":"https:\/\/objectif-image.fr\/OI\/"},{"@type":"ListItem","position":2,"name":"L&rsquo;esprit de la for\u00eat &#8211; Guy Bompais"}]},{"@type":"WebSite","@id":"https:\/\/objectif-image.fr\/OI\/#website","url":"https:\/\/objectif-image.fr\/OI\/","name":"Objectif Image","description":"Objectif Image","publisher":{"@id":"https:\/\/objectif-image.fr\/OI\/#organization"},"potentialAction":[{"@type":"SearchAction","target":{"@type":"EntryPoint","urlTemplate":"https:\/\/objectif-image.fr\/OI\/?s={search_term_string}"},"query-input":{"@type":"PropertyValueSpecification","valueRequired":true,"valueName":"search_term_string"}}],"inLanguage":"fr-FR"},{"@type":"Organization","@id":"https:\/\/objectif-image.fr\/OI\/#organization","name":"Objectif Image","url":"https:\/\/objectif-image.fr\/OI\/","logo":{"@type":"ImageObject","inLanguage":"fr-FR","@id":"https:\/\/objectif-image.fr\/OI\/#\/schema\/logo\/image\/","url":"https:\/\/objectif-image.fr\/OI\/wp-content\/uploads\/2019\/02\/logo-OI-NATIONAL-rouge-2000px.jpg","contentUrl":"https:\/\/objectif-image.fr\/OI\/wp-content\/uploads\/2019\/02\/logo-OI-NATIONAL-rouge-2000px.jpg","width":1081,"height":1024,"caption":"Objectif Image"},"image":{"@id":"https:\/\/objectif-image.fr\/OI\/#\/schema\/logo\/image\/"},"sameAs":["https:\/\/www.facebook.com\/Objectif.mage"]},{"@type":"Person","@id":"https:\/\/objectif-image.fr\/OI\/#\/schema\/person\/813c64cc2f0c70450ca653f2e80a6515","name":"Pierre S","image":{"@type":"ImageObject","inLanguage":"fr-FR","@id":"https:\/\/secure.gravatar.com\/avatar\/6d1df1cb0bf58ef7d330b8910acfe62e7fbc0c2138564189224f85869b953674?s=96&d=mm&r=g","url":"https:\/\/secure.gravatar.com\/avatar\/6d1df1cb0bf58ef7d330b8910acfe62e7fbc0c2138564189224f85869b953674?s=96&d=mm&r=g","contentUrl":"https:\/\/secure.gravatar.com\/avatar\/6d1df1cb0bf58ef7d330b8910acfe62e7fbc0c2138564189224f85869b953674?s=96&d=mm&r=g","caption":"Pierre S"},"url":"https:\/\/objectif-image.fr\/OI\/author\/pierres-2-2\/"}]}},"_links":{"self":[{"href":"https:\/\/objectif-image.fr\/OI\/wp-json\/wp\/v2\/posts\/62077","targetHints":{"allow":["GET"]}}],"collection":[{"href":"https:\/\/objectif-image.fr\/OI\/wp-json\/wp\/v2\/posts"}],"about":[{"href":"https:\/\/objectif-image.fr\/OI\/wp-json\/wp\/v2\/types\/post"}],"author":[{"embeddable":true,"href":"https:\/\/objectif-image.fr\/OI\/wp-json\/wp\/v2\/users\/3"}],"replies":[{"embeddable":true,"href":"https:\/\/objectif-image.fr\/OI\/wp-json\/wp\/v2\/comments?post=62077"}],"version-history":[{"count":3,"href":"https:\/\/objectif-image.fr\/OI\/wp-json\/wp\/v2\/posts\/62077\/revisions"}],"predecessor-version":[{"id":62084,"href":"https:\/\/objectif-image.fr\/OI\/wp-json\/wp\/v2\/posts\/62077\/revisions\/62084"}],"wp:featuredmedia":[{"embeddable":true,"href":"https:\/\/objectif-image.fr\/OI\/wp-json\/wp\/v2\/media\/62085"}],"wp:attachment":[{"href":"https:\/\/objectif-image.fr\/OI\/wp-json\/wp\/v2\/media?parent=62077"}],"wp:term":[{"taxonomy":"category","embeddable":true,"href":"https:\/\/objectif-image.fr\/OI\/wp-json\/wp\/v2\/categories?post=62077"},{"taxonomy":"post_tag","embeddable":true,"href":"https:\/\/objectif-image.fr\/OI\/wp-json\/wp\/v2\/tags?post=62077"}],"curies":[{"name":"wp","href":"https:\/\/api.w.org\/{rel}","templated":true}]}}