{"id":7387,"date":"2017-11-26T13:51:02","date_gmt":"2017-11-26T12:51:02","guid":{"rendered":"http:\/\/objectif-image.fr\/OI\/?p=7387"},"modified":"2021-07-05T11:46:44","modified_gmt":"2021-07-05T09:46:44","slug":"7387","status":"publish","type":"post","link":"https:\/\/objectif-image.fr\/OI\/7387\/","title":{"rendered":"Conf\u00e9rence Amar GUILLEN &#8211; St Nazaire"},"content":{"rendered":"<p><span style=\"color: #000000;\"><span style=\"color: #333399;\"><strong>Le 27\u00e8me Salon National d&rsquo;Auteurs<\/strong><\/span> organis\u00e9 \u00e0 <strong>Saint Nazaire<\/strong> a pris fin ce 26 novembre. Samedi 25 novembre une conf\u00e9rence du photographe <span style=\"color: #800080;\"><strong>Amar GUILLEN<\/strong><\/span> a rassembl\u00e9 pr\u00e8s de quatre vingt personnes.<\/span><!--more--><\/p>\n<figure id=\"attachment_7392\" aria-describedby=\"caption-attachment-7392\" style=\"width: 388px\" class=\"wp-caption alignleft\"><a href=\"https:\/\/objectif-image.fr\/OI\/wp-content\/uploads\/2017\/11\/amar-isabelle-guillen-nature-photographer-large-05.jpg\"><img loading=\"lazy\" decoding=\"async\" class=\" wp-image-7392\" src=\"https:\/\/objectif-image.fr\/OI\/wp-content\/uploads\/2017\/11\/amar-isabelle-guillen-nature-photographer-large-05-1024x1024.jpg\" alt=\"\" width=\"388\" height=\"388\" srcset=\"https:\/\/objectif-image.fr\/OI\/wp-content\/uploads\/2017\/11\/amar-isabelle-guillen-nature-photographer-large-05.jpg 1024w, https:\/\/objectif-image.fr\/OI\/wp-content\/uploads\/2017\/11\/amar-isabelle-guillen-nature-photographer-large-05-100x100.jpg 100w, https:\/\/objectif-image.fr\/OI\/wp-content\/uploads\/2017\/11\/amar-isabelle-guillen-nature-photographer-large-05-400x400.jpg 400w, https:\/\/objectif-image.fr\/OI\/wp-content\/uploads\/2017\/11\/amar-isabelle-guillen-nature-photographer-large-05-150x150.jpg 150w, https:\/\/objectif-image.fr\/OI\/wp-content\/uploads\/2017\/11\/amar-isabelle-guillen-nature-photographer-large-05-300x300.jpg 300w, https:\/\/objectif-image.fr\/OI\/wp-content\/uploads\/2017\/11\/amar-isabelle-guillen-nature-photographer-large-05-768x768.jpg 768w, https:\/\/objectif-image.fr\/OI\/wp-content\/uploads\/2017\/11\/amar-isabelle-guillen-nature-photographer-large-05-80x80.jpg 80w, https:\/\/objectif-image.fr\/OI\/wp-content\/uploads\/2017\/11\/amar-isabelle-guillen-nature-photographer-large-05-320x320.jpg 320w\" sizes=\"auto, (max-width: 388px) 100vw, 388px\" \/><\/a><figcaption id=\"caption-attachment-7392\" class=\"wp-caption-text\">Amar et Isabelle Guillen<\/figcaption><\/figure>\n<p><span style=\"color: #000000;\">Sp\u00e9cialis\u00e9 dans la <strong>photographie animali\u00e8re et de paysages<\/strong> qu\u2019elle soit sous-marine ou terrestre, <span style=\"color: #800080;\"><strong>Amar Guillen<\/strong><\/span> partage sa passion avec sa femme Isabelle. En photographie animali\u00e8re, ils aiment figer les portraits et les comportements des animaux. En photographie de paysages, ils aiment les lumi\u00e8res tamis\u00e9es et douces pour mettre en valeur les contrastes de tonalit\u00e9s.<\/span><br \/>\n<span style=\"color: #000000;\">Leur vision photographique est bas\u00e9e sur la recherche des lumi\u00e8res et les couleurs pour habiller leurs sujets pour mieux les mettre en valeur. Ils sont surtout attir\u00e9s par les photographies d&rsquo;ambiance compos\u00e9es de plusieurs plans o\u00f9 r\u00e8gnent la qui\u00e9tude et la douceur dans les tonalit\u00e9s.<\/span><br \/>\n<span style=\"color: #000000;\">Leur vision consiste aussi \u00e0 utiliser les textures et les structures des sujets photographi\u00e9s. La mati\u00e8re repr\u00e9sente pour eux un \u00e9l\u00e9ment essentiel pour obtenir les plages dynamiques les plus larges possibles.<\/span><br \/>\n<span style=\"color: #000000;\">Leur but : r\u00e9aliser des clich\u00e9s pour mieux capturer l&rsquo;attention des spectateurs et captiver leur imagination.<\/span><\/p>\n<p><span style=\"color: #000000;\">Lors de cette conf\u00e9rence il a \u00e9t\u00e9 aussi beaucoup question de la d\u00e9marche artistique du photographe.<\/span><\/p>\n<h5><span style=\"color: black; font-family: arial; font-size: small;\"><span style=\"font-size: small;\">site internet <strong>Amar GUILLEN<\/strong><br \/>\n<\/span><\/span><\/h5>\n<p><a href=\"https:\/\/objectif-image.fr\/OI\/wp-content\/uploads\/2017\/11\/IMG_6895-2.jpg\"><img loading=\"lazy\" decoding=\"async\" class=\" wp-image-7388 aligncenter\" src=\"https:\/\/objectif-image.fr\/OI\/wp-content\/uploads\/2017\/11\/IMG_6895-2-1024x500.jpg\" alt=\"\" width=\"666\" height=\"444\" srcset=\"https:\/\/objectif-image.fr\/OI\/wp-content\/uploads\/2017\/11\/IMG_6895-2-400x267.jpg 400w, https:\/\/objectif-image.fr\/OI\/wp-content\/uploads\/2017\/11\/IMG_6895-2-150x100.jpg 150w, https:\/\/objectif-image.fr\/OI\/wp-content\/uploads\/2017\/11\/IMG_6895-2-300x200.jpg 300w, https:\/\/objectif-image.fr\/OI\/wp-content\/uploads\/2017\/11\/IMG_6895-2-768x512.jpg 768w, https:\/\/objectif-image.fr\/OI\/wp-content\/uploads\/2017\/11\/IMG_6895-2-100x67.jpg 100w, https:\/\/objectif-image.fr\/OI\/wp-content\/uploads\/2017\/11\/IMG_6895-2.jpg 1024w\" sizes=\"auto, (max-width: 666px) 100vw, 666px\" \/><\/a><\/p>\n<p><a href=\"https:\/\/objectif-image.fr\/OI\/wp-content\/uploads\/2017\/11\/IMG_6896-2.jpg\"><img loading=\"lazy\" decoding=\"async\" class=\" wp-image-7389 aligncenter\" src=\"https:\/\/objectif-image.fr\/OI\/wp-content\/uploads\/2017\/11\/IMG_6896-2-1024x500.jpg\" alt=\"\" width=\"666\" height=\"444\" srcset=\"https:\/\/objectif-image.fr\/OI\/wp-content\/uploads\/2017\/11\/IMG_6896-2-400x267.jpg 400w, https:\/\/objectif-image.fr\/OI\/wp-content\/uploads\/2017\/11\/IMG_6896-2-150x100.jpg 150w, https:\/\/objectif-image.fr\/OI\/wp-content\/uploads\/2017\/11\/IMG_6896-2-300x200.jpg 300w, https:\/\/objectif-image.fr\/OI\/wp-content\/uploads\/2017\/11\/IMG_6896-2-768x512.jpg 768w, https:\/\/objectif-image.fr\/OI\/wp-content\/uploads\/2017\/11\/IMG_6896-2-100x67.jpg 100w, https:\/\/objectif-image.fr\/OI\/wp-content\/uploads\/2017\/11\/IMG_6896-2.jpg 1024w\" sizes=\"auto, (max-width: 666px) 100vw, 666px\" \/><\/a><\/p>\n<p><a href=\"https:\/\/objectif-image.fr\/OI\/wp-content\/uploads\/2017\/11\/IMG_6898-2.jpg\"><img loading=\"lazy\" decoding=\"async\" class=\"wp-image-7390 aligncenter\" src=\"https:\/\/objectif-image.fr\/OI\/wp-content\/uploads\/2017\/11\/IMG_6898-2-1024x500.jpg\" alt=\"\" width=\"665\" height=\"443\" srcset=\"https:\/\/objectif-image.fr\/OI\/wp-content\/uploads\/2017\/11\/IMG_6898-2-400x267.jpg 400w, https:\/\/objectif-image.fr\/OI\/wp-content\/uploads\/2017\/11\/IMG_6898-2-150x100.jpg 150w, https:\/\/objectif-image.fr\/OI\/wp-content\/uploads\/2017\/11\/IMG_6898-2-300x200.jpg 300w, https:\/\/objectif-image.fr\/OI\/wp-content\/uploads\/2017\/11\/IMG_6898-2-768x512.jpg 768w, https:\/\/objectif-image.fr\/OI\/wp-content\/uploads\/2017\/11\/IMG_6898-2-100x67.jpg 100w, https:\/\/objectif-image.fr\/OI\/wp-content\/uploads\/2017\/11\/IMG_6898-2.jpg 1024w\" sizes=\"auto, (max-width: 665px) 100vw, 665px\" \/><\/a><\/p>\n<p><a href=\"https:\/\/objectif-image.fr\/OI\/wp-content\/uploads\/2017\/11\/IMG_6901-2.jpg\"><img loading=\"lazy\" decoding=\"async\" class=\" wp-image-7391 aligncenter\" src=\"https:\/\/objectif-image.fr\/OI\/wp-content\/uploads\/2017\/11\/IMG_6901-2-1024x500.jpg\" alt=\"\" width=\"666\" height=\"444\" srcset=\"https:\/\/objectif-image.fr\/OI\/wp-content\/uploads\/2017\/11\/IMG_6901-2-400x267.jpg 400w, https:\/\/objectif-image.fr\/OI\/wp-content\/uploads\/2017\/11\/IMG_6901-2-150x100.jpg 150w, https:\/\/objectif-image.fr\/OI\/wp-content\/uploads\/2017\/11\/IMG_6901-2-300x200.jpg 300w, https:\/\/objectif-image.fr\/OI\/wp-content\/uploads\/2017\/11\/IMG_6901-2-768x512.jpg 768w, https:\/\/objectif-image.fr\/OI\/wp-content\/uploads\/2017\/11\/IMG_6901-2-100x67.jpg 100w, https:\/\/objectif-image.fr\/OI\/wp-content\/uploads\/2017\/11\/IMG_6901-2.jpg 1024w\" sizes=\"auto, (max-width: 666px) 100vw, 666px\" \/><\/a><\/p>\n<p><a href=\"https:\/\/objectif-image.fr\/OI\/wp-content\/uploads\/2017\/11\/affiche-27eme-salon-national-dauteurs-st-nazaire-1.jpg\"><img loading=\"lazy\" decoding=\"async\" class=\"size-full wp-image-7287 aligncenter\" src=\"https:\/\/objectif-image.fr\/OI\/wp-content\/uploads\/2017\/11\/affiche-27eme-salon-national-dauteurs-st-nazaire-1.jpg\" alt=\"\" width=\"658\" height=\"924\" srcset=\"https:\/\/objectif-image.fr\/OI\/wp-content\/uploads\/2017\/11\/affiche-27eme-salon-national-dauteurs-st-nazaire-1.jpg 658w, https:\/\/objectif-image.fr\/OI\/wp-content\/uploads\/2017\/11\/affiche-27eme-salon-national-dauteurs-st-nazaire-1-400x562.jpg 400w, https:\/\/objectif-image.fr\/OI\/wp-content\/uploads\/2017\/11\/affiche-27eme-salon-national-dauteurs-st-nazaire-1-107x150.jpg 107w, https:\/\/objectif-image.fr\/OI\/wp-content\/uploads\/2017\/11\/affiche-27eme-salon-national-dauteurs-st-nazaire-1-214x300.jpg 214w, https:\/\/objectif-image.fr\/OI\/wp-content\/uploads\/2017\/11\/affiche-27eme-salon-national-dauteurs-st-nazaire-1-71x100.jpg 71w\" sizes=\"auto, (max-width: 658px) 100vw, 658px\" \/><\/a><\/p>\n","protected":false},"excerpt":{"rendered":"<p>Le 27\u00e8me Salon National d&rsquo;Auteurs organis\u00e9 \u00e0 Saint Nazaire a pris fin ce 26 novembre. Samedi 25 novembre une conf\u00e9rence du photographe Amar GUILLEN a rassembl\u00e9 pr\u00e8s de quatre vingt personnes.<\/p>\n","protected":false},"author":3,"featured_media":7389,"comment_status":"closed","ping_status":"closed","sticky":false,"template":"","format":"standard","meta":{"_acf_changed":false,"footnotes":""},"categories":[13,26,6],"tags":[],"class_list":["post-7387","post","type-post","status-publish","format-standard","has-post-thumbnail","hentry","category-photo","category-salon-dauteurs","category-vie-des-clubs"],"acf":[],"yoast_head":"<!-- This site is optimized with the Yoast SEO plugin v27.4 - https:\/\/yoast.com\/product\/yoast-seo-wordpress\/ -->\n<title>Conf\u00e9rence Amar GUILLEN - St Nazaire - Objectif Image<\/title>\n<meta name=\"robots\" content=\"index, follow, max-snippet:-1, max-image-preview:large, max-video-preview:-1\" \/>\n<link rel=\"canonical\" href=\"https:\/\/objectif-image.fr\/OI\/7387\/\" \/>\n<meta property=\"og:locale\" content=\"fr_FR\" \/>\n<meta property=\"og:type\" content=\"article\" \/>\n<meta property=\"og:title\" content=\"Conf\u00e9rence Amar GUILLEN - St Nazaire - Objectif Image\" \/>\n<meta property=\"og:description\" content=\"Le 27\u00e8me Salon National d&rsquo;Auteurs organis\u00e9 \u00e0 Saint Nazaire a pris fin ce 26 novembre. Samedi 25 novembre une conf\u00e9rence du photographe Amar GUILLEN a rassembl\u00e9 pr\u00e8s de quatre vingt personnes.\" \/>\n<meta property=\"og:url\" content=\"https:\/\/objectif-image.fr\/OI\/7387\/\" \/>\n<meta property=\"og:site_name\" content=\"Objectif Image\" \/>\n<meta property=\"article:publisher\" content=\"https:\/\/www.facebook.com\/Objectif.mage\" \/>\n<meta property=\"article:published_time\" content=\"2017-11-26T12:51:02+00:00\" \/>\n<meta property=\"article:modified_time\" content=\"2021-07-05T09:46:44+00:00\" \/>\n<meta property=\"og:image\" content=\"https:\/\/objectif-image.fr\/OI\/wp-content\/uploads\/2017\/11\/IMG_6896-2.jpg\" \/>\n\t<meta property=\"og:image:width\" content=\"1024\" \/>\n\t<meta property=\"og:image:height\" content=\"683\" \/>\n\t<meta property=\"og:image:type\" content=\"image\/jpeg\" \/>\n<meta name=\"author\" content=\"Pierre S\" \/>\n<meta name=\"twitter:card\" content=\"summary_large_image\" \/>\n<meta name=\"twitter:label1\" content=\"\u00c9crit par\" \/>\n\t<meta name=\"twitter:data1\" content=\"Pierre S\" \/>\n\t<meta name=\"twitter:label2\" content=\"Dur\u00e9e de lecture estim\u00e9e\" \/>\n\t<meta name=\"twitter:data2\" content=\"1 minute\" \/>\n<script type=\"application\/ld+json\" class=\"yoast-schema-graph\">{\"@context\":\"https:\\\/\\\/schema.org\",\"@graph\":[{\"@type\":\"Article\",\"@id\":\"https:\\\/\\\/objectif-image.fr\\\/OI\\\/7387\\\/#article\",\"isPartOf\":{\"@id\":\"https:\\\/\\\/objectif-image.fr\\\/OI\\\/7387\\\/\"},\"author\":{\"name\":\"Pierre S\",\"@id\":\"https:\\\/\\\/objectif-image.fr\\\/OI\\\/#\\\/schema\\\/person\\\/813c64cc2f0c70450ca653f2e80a6515\"},\"headline\":\"Conf\u00e9rence Amar GUILLEN &#8211; St Nazaire\",\"datePublished\":\"2017-11-26T12:51:02+00:00\",\"dateModified\":\"2021-07-05T09:46:44+00:00\",\"mainEntityOfPage\":{\"@id\":\"https:\\\/\\\/objectif-image.fr\\\/OI\\\/7387\\\/\"},\"wordCount\":237,\"publisher\":{\"@id\":\"https:\\\/\\\/objectif-image.fr\\\/OI\\\/#organization\"},\"image\":{\"@id\":\"https:\\\/\\\/objectif-image.fr\\\/OI\\\/7387\\\/#primaryimage\"},\"thumbnailUrl\":\"https:\\\/\\\/objectif-image.fr\\\/OI\\\/wp-content\\\/uploads\\\/2017\\\/11\\\/IMG_6896-2.jpg\",\"articleSection\":[\"Photo\",\"Salon d'auteurs\",\"Vie des clubs\"],\"inLanguage\":\"fr-FR\"},{\"@type\":\"WebPage\",\"@id\":\"https:\\\/\\\/objectif-image.fr\\\/OI\\\/7387\\\/\",\"url\":\"https:\\\/\\\/objectif-image.fr\\\/OI\\\/7387\\\/\",\"name\":\"Conf\u00e9rence Amar GUILLEN - St Nazaire - Objectif Image\",\"isPartOf\":{\"@id\":\"https:\\\/\\\/objectif-image.fr\\\/OI\\\/#website\"},\"primaryImageOfPage\":{\"@id\":\"https:\\\/\\\/objectif-image.fr\\\/OI\\\/7387\\\/#primaryimage\"},\"image\":{\"@id\":\"https:\\\/\\\/objectif-image.fr\\\/OI\\\/7387\\\/#primaryimage\"},\"thumbnailUrl\":\"https:\\\/\\\/objectif-image.fr\\\/OI\\\/wp-content\\\/uploads\\\/2017\\\/11\\\/IMG_6896-2.jpg\",\"datePublished\":\"2017-11-26T12:51:02+00:00\",\"dateModified\":\"2021-07-05T09:46:44+00:00\",\"breadcrumb\":{\"@id\":\"https:\\\/\\\/objectif-image.fr\\\/OI\\\/7387\\\/#breadcrumb\"},\"inLanguage\":\"fr-FR\",\"potentialAction\":[{\"@type\":\"ReadAction\",\"target\":[\"https:\\\/\\\/objectif-image.fr\\\/OI\\\/7387\\\/\"]}]},{\"@type\":\"ImageObject\",\"inLanguage\":\"fr-FR\",\"@id\":\"https:\\\/\\\/objectif-image.fr\\\/OI\\\/7387\\\/#primaryimage\",\"url\":\"https:\\\/\\\/objectif-image.fr\\\/OI\\\/wp-content\\\/uploads\\\/2017\\\/11\\\/IMG_6896-2.jpg\",\"contentUrl\":\"https:\\\/\\\/objectif-image.fr\\\/OI\\\/wp-content\\\/uploads\\\/2017\\\/11\\\/IMG_6896-2.jpg\",\"width\":1024,\"height\":683},{\"@type\":\"BreadcrumbList\",\"@id\":\"https:\\\/\\\/objectif-image.fr\\\/OI\\\/7387\\\/#breadcrumb\",\"itemListElement\":[{\"@type\":\"ListItem\",\"position\":1,\"name\":\"Accueil\",\"item\":\"https:\\\/\\\/objectif-image.fr\\\/OI\\\/\"},{\"@type\":\"ListItem\",\"position\":2,\"name\":\"Conf\u00e9rence Amar GUILLEN &#8211; St Nazaire\"}]},{\"@type\":\"WebSite\",\"@id\":\"https:\\\/\\\/objectif-image.fr\\\/OI\\\/#website\",\"url\":\"https:\\\/\\\/objectif-image.fr\\\/OI\\\/\",\"name\":\"Objectif Image\",\"description\":\"Objectif Image\",\"publisher\":{\"@id\":\"https:\\\/\\\/objectif-image.fr\\\/OI\\\/#organization\"},\"potentialAction\":[{\"@type\":\"SearchAction\",\"target\":{\"@type\":\"EntryPoint\",\"urlTemplate\":\"https:\\\/\\\/objectif-image.fr\\\/OI\\\/?s={search_term_string}\"},\"query-input\":{\"@type\":\"PropertyValueSpecification\",\"valueRequired\":true,\"valueName\":\"search_term_string\"}}],\"inLanguage\":\"fr-FR\"},{\"@type\":\"Organization\",\"@id\":\"https:\\\/\\\/objectif-image.fr\\\/OI\\\/#organization\",\"name\":\"Objectif Image\",\"url\":\"https:\\\/\\\/objectif-image.fr\\\/OI\\\/\",\"logo\":{\"@type\":\"ImageObject\",\"inLanguage\":\"fr-FR\",\"@id\":\"https:\\\/\\\/objectif-image.fr\\\/OI\\\/#\\\/schema\\\/logo\\\/image\\\/\",\"url\":\"https:\\\/\\\/objectif-image.fr\\\/OI\\\/wp-content\\\/uploads\\\/2019\\\/02\\\/logo-OI-NATIONAL-rouge-2000px.jpg\",\"contentUrl\":\"https:\\\/\\\/objectif-image.fr\\\/OI\\\/wp-content\\\/uploads\\\/2019\\\/02\\\/logo-OI-NATIONAL-rouge-2000px.jpg\",\"width\":1081,\"height\":1024,\"caption\":\"Objectif Image\"},\"image\":{\"@id\":\"https:\\\/\\\/objectif-image.fr\\\/OI\\\/#\\\/schema\\\/logo\\\/image\\\/\"},\"sameAs\":[\"https:\\\/\\\/www.facebook.com\\\/Objectif.mage\"]},{\"@type\":\"Person\",\"@id\":\"https:\\\/\\\/objectif-image.fr\\\/OI\\\/#\\\/schema\\\/person\\\/813c64cc2f0c70450ca653f2e80a6515\",\"name\":\"Pierre S\",\"image\":{\"@type\":\"ImageObject\",\"inLanguage\":\"fr-FR\",\"@id\":\"https:\\\/\\\/secure.gravatar.com\\\/avatar\\\/6d1df1cb0bf58ef7d330b8910acfe62e7fbc0c2138564189224f85869b953674?s=96&d=mm&r=g\",\"url\":\"https:\\\/\\\/secure.gravatar.com\\\/avatar\\\/6d1df1cb0bf58ef7d330b8910acfe62e7fbc0c2138564189224f85869b953674?s=96&d=mm&r=g\",\"contentUrl\":\"https:\\\/\\\/secure.gravatar.com\\\/avatar\\\/6d1df1cb0bf58ef7d330b8910acfe62e7fbc0c2138564189224f85869b953674?s=96&d=mm&r=g\",\"caption\":\"Pierre S\"},\"url\":\"https:\\\/\\\/objectif-image.fr\\\/OI\\\/author\\\/pierres-2-2\\\/\"}]}<\/script>\n<!-- \/ Yoast SEO plugin. -->","yoast_head_json":{"title":"Conf\u00e9rence Amar GUILLEN - St Nazaire - Objectif Image","robots":{"index":"index","follow":"follow","max-snippet":"max-snippet:-1","max-image-preview":"max-image-preview:large","max-video-preview":"max-video-preview:-1"},"canonical":"https:\/\/objectif-image.fr\/OI\/7387\/","og_locale":"fr_FR","og_type":"article","og_title":"Conf\u00e9rence Amar GUILLEN - St Nazaire - Objectif Image","og_description":"Le 27\u00e8me Salon National d&rsquo;Auteurs organis\u00e9 \u00e0 Saint Nazaire a pris fin ce 26 novembre. Samedi 25 novembre une conf\u00e9rence du photographe Amar GUILLEN a rassembl\u00e9 pr\u00e8s de quatre vingt personnes.","og_url":"https:\/\/objectif-image.fr\/OI\/7387\/","og_site_name":"Objectif Image","article_publisher":"https:\/\/www.facebook.com\/Objectif.mage","article_published_time":"2017-11-26T12:51:02+00:00","article_modified_time":"2021-07-05T09:46:44+00:00","og_image":[{"width":1024,"height":683,"url":"https:\/\/objectif-image.fr\/OI\/wp-content\/uploads\/2017\/11\/IMG_6896-2.jpg","type":"image\/jpeg"}],"author":"Pierre S","twitter_card":"summary_large_image","twitter_misc":{"\u00c9crit par":"Pierre S","Dur\u00e9e de lecture estim\u00e9e":"1 minute"},"schema":{"@context":"https:\/\/schema.org","@graph":[{"@type":"Article","@id":"https:\/\/objectif-image.fr\/OI\/7387\/#article","isPartOf":{"@id":"https:\/\/objectif-image.fr\/OI\/7387\/"},"author":{"name":"Pierre S","@id":"https:\/\/objectif-image.fr\/OI\/#\/schema\/person\/813c64cc2f0c70450ca653f2e80a6515"},"headline":"Conf\u00e9rence Amar GUILLEN &#8211; St Nazaire","datePublished":"2017-11-26T12:51:02+00:00","dateModified":"2021-07-05T09:46:44+00:00","mainEntityOfPage":{"@id":"https:\/\/objectif-image.fr\/OI\/7387\/"},"wordCount":237,"publisher":{"@id":"https:\/\/objectif-image.fr\/OI\/#organization"},"image":{"@id":"https:\/\/objectif-image.fr\/OI\/7387\/#primaryimage"},"thumbnailUrl":"https:\/\/objectif-image.fr\/OI\/wp-content\/uploads\/2017\/11\/IMG_6896-2.jpg","articleSection":["Photo","Salon d'auteurs","Vie des clubs"],"inLanguage":"fr-FR"},{"@type":"WebPage","@id":"https:\/\/objectif-image.fr\/OI\/7387\/","url":"https:\/\/objectif-image.fr\/OI\/7387\/","name":"Conf\u00e9rence Amar GUILLEN - St Nazaire - Objectif Image","isPartOf":{"@id":"https:\/\/objectif-image.fr\/OI\/#website"},"primaryImageOfPage":{"@id":"https:\/\/objectif-image.fr\/OI\/7387\/#primaryimage"},"image":{"@id":"https:\/\/objectif-image.fr\/OI\/7387\/#primaryimage"},"thumbnailUrl":"https:\/\/objectif-image.fr\/OI\/wp-content\/uploads\/2017\/11\/IMG_6896-2.jpg","datePublished":"2017-11-26T12:51:02+00:00","dateModified":"2021-07-05T09:46:44+00:00","breadcrumb":{"@id":"https:\/\/objectif-image.fr\/OI\/7387\/#breadcrumb"},"inLanguage":"fr-FR","potentialAction":[{"@type":"ReadAction","target":["https:\/\/objectif-image.fr\/OI\/7387\/"]}]},{"@type":"ImageObject","inLanguage":"fr-FR","@id":"https:\/\/objectif-image.fr\/OI\/7387\/#primaryimage","url":"https:\/\/objectif-image.fr\/OI\/wp-content\/uploads\/2017\/11\/IMG_6896-2.jpg","contentUrl":"https:\/\/objectif-image.fr\/OI\/wp-content\/uploads\/2017\/11\/IMG_6896-2.jpg","width":1024,"height":683},{"@type":"BreadcrumbList","@id":"https:\/\/objectif-image.fr\/OI\/7387\/#breadcrumb","itemListElement":[{"@type":"ListItem","position":1,"name":"Accueil","item":"https:\/\/objectif-image.fr\/OI\/"},{"@type":"ListItem","position":2,"name":"Conf\u00e9rence Amar GUILLEN &#8211; St Nazaire"}]},{"@type":"WebSite","@id":"https:\/\/objectif-image.fr\/OI\/#website","url":"https:\/\/objectif-image.fr\/OI\/","name":"Objectif Image","description":"Objectif Image","publisher":{"@id":"https:\/\/objectif-image.fr\/OI\/#organization"},"potentialAction":[{"@type":"SearchAction","target":{"@type":"EntryPoint","urlTemplate":"https:\/\/objectif-image.fr\/OI\/?s={search_term_string}"},"query-input":{"@type":"PropertyValueSpecification","valueRequired":true,"valueName":"search_term_string"}}],"inLanguage":"fr-FR"},{"@type":"Organization","@id":"https:\/\/objectif-image.fr\/OI\/#organization","name":"Objectif Image","url":"https:\/\/objectif-image.fr\/OI\/","logo":{"@type":"ImageObject","inLanguage":"fr-FR","@id":"https:\/\/objectif-image.fr\/OI\/#\/schema\/logo\/image\/","url":"https:\/\/objectif-image.fr\/OI\/wp-content\/uploads\/2019\/02\/logo-OI-NATIONAL-rouge-2000px.jpg","contentUrl":"https:\/\/objectif-image.fr\/OI\/wp-content\/uploads\/2019\/02\/logo-OI-NATIONAL-rouge-2000px.jpg","width":1081,"height":1024,"caption":"Objectif Image"},"image":{"@id":"https:\/\/objectif-image.fr\/OI\/#\/schema\/logo\/image\/"},"sameAs":["https:\/\/www.facebook.com\/Objectif.mage"]},{"@type":"Person","@id":"https:\/\/objectif-image.fr\/OI\/#\/schema\/person\/813c64cc2f0c70450ca653f2e80a6515","name":"Pierre S","image":{"@type":"ImageObject","inLanguage":"fr-FR","@id":"https:\/\/secure.gravatar.com\/avatar\/6d1df1cb0bf58ef7d330b8910acfe62e7fbc0c2138564189224f85869b953674?s=96&d=mm&r=g","url":"https:\/\/secure.gravatar.com\/avatar\/6d1df1cb0bf58ef7d330b8910acfe62e7fbc0c2138564189224f85869b953674?s=96&d=mm&r=g","contentUrl":"https:\/\/secure.gravatar.com\/avatar\/6d1df1cb0bf58ef7d330b8910acfe62e7fbc0c2138564189224f85869b953674?s=96&d=mm&r=g","caption":"Pierre S"},"url":"https:\/\/objectif-image.fr\/OI\/author\/pierres-2-2\/"}]}},"_links":{"self":[{"href":"https:\/\/objectif-image.fr\/OI\/wp-json\/wp\/v2\/posts\/7387","targetHints":{"allow":["GET"]}}],"collection":[{"href":"https:\/\/objectif-image.fr\/OI\/wp-json\/wp\/v2\/posts"}],"about":[{"href":"https:\/\/objectif-image.fr\/OI\/wp-json\/wp\/v2\/types\/post"}],"author":[{"embeddable":true,"href":"https:\/\/objectif-image.fr\/OI\/wp-json\/wp\/v2\/users\/3"}],"replies":[{"embeddable":true,"href":"https:\/\/objectif-image.fr\/OI\/wp-json\/wp\/v2\/comments?post=7387"}],"version-history":[{"count":0,"href":"https:\/\/objectif-image.fr\/OI\/wp-json\/wp\/v2\/posts\/7387\/revisions"}],"wp:featuredmedia":[{"embeddable":true,"href":"https:\/\/objectif-image.fr\/OI\/wp-json\/wp\/v2\/media\/7389"}],"wp:attachment":[{"href":"https:\/\/objectif-image.fr\/OI\/wp-json\/wp\/v2\/media?parent=7387"}],"wp:term":[{"taxonomy":"category","embeddable":true,"href":"https:\/\/objectif-image.fr\/OI\/wp-json\/wp\/v2\/categories?post=7387"},{"taxonomy":"post_tag","embeddable":true,"href":"https:\/\/objectif-image.fr\/OI\/wp-json\/wp\/v2\/tags?post=7387"}],"curies":[{"name":"wp","href":"https:\/\/api.w.org\/{rel}","templated":true}]}}