{"id":9292,"date":"2018-03-20T08:27:49","date_gmt":"2018-03-20T07:27:49","guid":{"rendered":"http:\/\/objectif-image.fr\/OI\/?p=9292"},"modified":"2018-03-20T08:27:49","modified_gmt":"2018-03-20T07:27:49","slug":"7eme-gala-de-courts-metrages-photo-louhans","status":"publish","type":"post","link":"https:\/\/objectif-image.fr\/OI\/7eme-gala-de-courts-metrages-photo-louhans\/","title":{"rendered":"7\u00e8me Gala de courts-m\u00e9trages photo &#8211; LOUHANS"},"content":{"rendered":"<p><strong>L<span style=\"color: #000000;\">&lsquo;Association<span style=\"color: #800080;\"> OI 71 ( Objectif Image) de Louhans<\/span> vous invite \u00e0\u00a0son <span style=\"color: #800080;\">7\u00e8me gala de courts-m\u00e9trages photos<\/span> vendredi 23 mars \u00e0 20 h au Th\u00e9\u00e2tre Municipal de Louhans.<\/span><\/strong><\/p>\n<p><span style=\"color: #000000;\">Les spectateurs seront invit\u00e9s \u00e0 choisir leur montage pr\u00e9f\u00e9r\u00e9. <\/span><span style=\"color: #000000;\">Apr\u00e8s les projections, le pot de l&rsquo;amiti\u00e9 sera offert.<\/span><br \/>\n<span style=\"color: #000000;\"><span style=\"text-decoration: underline;\">Entr\u00e9e gratuite<\/span> avec participation au chapeau.<\/span><\/p>\n<h2><strong><span style=\"color: #000080;\">Programme de la soir\u00e9e :<\/span><\/strong><\/h2>\n<ol>\n<li><span style=\"color: #000000;\">Les sources de la Seille &#8211; Maurice F\u00e8vre<\/span><\/li>\n<li><span style=\"color: #000000;\">L&rsquo;alambic &#8211; Philippe Nicolas<\/span><\/li>\n<li><span style=\"color: #000000;\">L&rsquo;Homme et son image &#8211; Ren\u00e9 Martin<\/span><\/li>\n<li><span style=\"color: #000000;\">Le chemin de halage &#8211; Josiane Gaysse<\/span><\/li>\n<li><span style=\"color: #000000;\">Oh ! les filles &#8211; Jean Claude Touzot<\/span><\/li>\n<li><span style=\"color: #000000;\">La France miniature &#8211; Josiane Gaysse<\/span><\/li>\n<li><span style=\"color: #000000;\">Exploration naturaliste &#8211; Christine Runge<\/span><\/li>\n<li><span style=\"color: #000000;\">Les ch\u00e2teaux du pays Cathare &#8211; Jean Pierre Gaysse<\/span><\/li>\n<li><span style=\"color: #000000;\">Une \u00e9tape du tour de l&rsquo;Ubaye &#8211; G\u00e9rard Petot<\/span><\/li>\n<li><span style=\"color: #000000;\">Un vol en montgolfi\u00e8re dans le Jura &#8211; Elise Gu\u00e9ry<\/span><\/li>\n<\/ol>\n<p><span style=\"color: #000000;\"><strong>Vote du public :<\/strong> chaque spectateur aura \u00e0 choisir son montage pr\u00e9f\u00e9r\u00e9 parmi les 10 pr\u00e9sent\u00e9s.<\/span><\/p>\n<p><span style=\"color: #000000;\"><strong>Pendant le d\u00e9pouillement du vote :<\/strong> projections.<\/span><\/p>\n<p><span style=\"color: #000000;\"><strong><span style=\"color: #000080;\">Prix du public Louhans 2017<\/span> :<\/strong> La Quemine &#8211; <strong>Christine Runge<\/strong> &#8211;\u00a0(Objectif Image Louhans).<\/span><\/p>\n<p><span style=\"color: #000000;\"><strong><span style=\"color: #000080;\">Prix Eymonerie national 2018<\/span> :<\/strong> Le mur &#8211; <strong>Jean Paul Petit<\/strong> &#8211;\u00a0(Objectif Image Paris).<\/span><\/p>\n","protected":false},"excerpt":{"rendered":"<p>L&lsquo;Association OI 71 ( Objectif Image) de Louhans vous invite \u00e0\u00a0son 7\u00e8me gala de courts-m\u00e9trages photos vendredi 23 mars \u00e0 20 h au Th\u00e9\u00e2tre Municipal de Louhans. Les spectateurs seront invit\u00e9s \u00e0 choisir leur montage pr\u00e9f\u00e9r\u00e9. Apr\u00e8s les projections, le pot de l&rsquo;amiti\u00e9 sera offert. Entr\u00e9e gratuite avec participation au chapeau. Programme de la soir\u00e9e [&hellip;]<\/p>\n","protected":false},"author":3,"featured_media":9293,"comment_status":"closed","ping_status":"closed","sticky":false,"template":"","format":"standard","meta":{"_acf_changed":false,"footnotes":""},"categories":[7,6],"tags":[64,174,173,104,172],"class_list":["post-9292","post","type-post","status-publish","format-standard","has-post-thumbnail","hentry","category-court-metrage-photo-diaporama","category-vie-des-clubs","tag-audiovisuel","tag-courts-metrage-photo","tag-louhans","tag-objectif-image","tag-objectif-image-louhans"],"acf":[],"yoast_head":"<!-- This site is optimized with the Yoast SEO plugin v27.4 - https:\/\/yoast.com\/product\/yoast-seo-wordpress\/ -->\n<title>7\u00e8me Gala de courts-m\u00e9trages photo - LOUHANS - Objectif Image<\/title>\n<meta name=\"robots\" content=\"index, follow, max-snippet:-1, max-image-preview:large, max-video-preview:-1\" \/>\n<link rel=\"canonical\" href=\"https:\/\/objectif-image.fr\/OI\/7eme-gala-de-courts-metrages-photo-louhans\/\" \/>\n<meta property=\"og:locale\" content=\"fr_FR\" \/>\n<meta property=\"og:type\" content=\"article\" \/>\n<meta property=\"og:title\" content=\"7\u00e8me Gala de courts-m\u00e9trages photo - LOUHANS - Objectif Image\" \/>\n<meta property=\"og:description\" content=\"L&lsquo;Association OI 71 ( Objectif Image) de Louhans vous invite \u00e0\u00a0son 7\u00e8me gala de courts-m\u00e9trages photos vendredi 23 mars \u00e0 20 h au Th\u00e9\u00e2tre Municipal de Louhans. Les spectateurs seront invit\u00e9s \u00e0 choisir leur montage pr\u00e9f\u00e9r\u00e9. Apr\u00e8s les projections, le pot de l&rsquo;amiti\u00e9 sera offert. Entr\u00e9e gratuite avec participation au chapeau. Programme de la soir\u00e9e [&hellip;]\" \/>\n<meta property=\"og:url\" content=\"https:\/\/objectif-image.fr\/OI\/7eme-gala-de-courts-metrages-photo-louhans\/\" \/>\n<meta property=\"og:site_name\" content=\"Objectif Image\" \/>\n<meta property=\"article:publisher\" content=\"https:\/\/www.facebook.com\/Objectif.mage\" \/>\n<meta property=\"article:published_time\" content=\"2018-03-20T07:27:49+00:00\" \/>\n<meta property=\"og:image\" content=\"https:\/\/objectif-image.fr\/OI\/wp-content\/uploads\/2018\/03\/interregional.jpg\" \/>\n\t<meta property=\"og:image:width\" content=\"1200\" \/>\n\t<meta property=\"og:image:height\" content=\"430\" \/>\n\t<meta property=\"og:image:type\" content=\"image\/jpeg\" \/>\n<meta name=\"author\" content=\"Pierre S\" \/>\n<meta name=\"twitter:card\" content=\"summary_large_image\" \/>\n<meta name=\"twitter:label1\" content=\"\u00c9crit par\" \/>\n\t<meta name=\"twitter:data1\" content=\"Pierre S\" \/>\n\t<meta name=\"twitter:label2\" content=\"Dur\u00e9e de lecture estim\u00e9e\" \/>\n\t<meta name=\"twitter:data2\" content=\"1 minute\" \/>\n<script type=\"application\/ld+json\" class=\"yoast-schema-graph\">{\"@context\":\"https:\\\/\\\/schema.org\",\"@graph\":[{\"@type\":\"Article\",\"@id\":\"https:\\\/\\\/objectif-image.fr\\\/OI\\\/7eme-gala-de-courts-metrages-photo-louhans\\\/#article\",\"isPartOf\":{\"@id\":\"https:\\\/\\\/objectif-image.fr\\\/OI\\\/7eme-gala-de-courts-metrages-photo-louhans\\\/\"},\"author\":{\"name\":\"Pierre S\",\"@id\":\"https:\\\/\\\/objectif-image.fr\\\/OI\\\/#\\\/schema\\\/person\\\/813c64cc2f0c70450ca653f2e80a6515\"},\"headline\":\"7\u00e8me Gala de courts-m\u00e9trages photo &#8211; LOUHANS\",\"datePublished\":\"2018-03-20T07:27:49+00:00\",\"mainEntityOfPage\":{\"@id\":\"https:\\\/\\\/objectif-image.fr\\\/OI\\\/7eme-gala-de-courts-metrages-photo-louhans\\\/\"},\"wordCount\":197,\"publisher\":{\"@id\":\"https:\\\/\\\/objectif-image.fr\\\/OI\\\/#organization\"},\"image\":{\"@id\":\"https:\\\/\\\/objectif-image.fr\\\/OI\\\/7eme-gala-de-courts-metrages-photo-louhans\\\/#primaryimage\"},\"thumbnailUrl\":\"https:\\\/\\\/objectif-image.fr\\\/OI\\\/wp-content\\\/uploads\\\/2018\\\/03\\\/interregional.jpg\",\"keywords\":[\"audiovisuel\",\"Courts m\u00e9trage photo\",\"LOUHANS\",\"Objectif Image\",\"Objectif Image Louhans\"],\"articleSection\":[\"Audiovisuel\",\"Vie des clubs\"],\"inLanguage\":\"fr-FR\"},{\"@type\":\"WebPage\",\"@id\":\"https:\\\/\\\/objectif-image.fr\\\/OI\\\/7eme-gala-de-courts-metrages-photo-louhans\\\/\",\"url\":\"https:\\\/\\\/objectif-image.fr\\\/OI\\\/7eme-gala-de-courts-metrages-photo-louhans\\\/\",\"name\":\"7\u00e8me Gala de courts-m\u00e9trages photo - LOUHANS - Objectif Image\",\"isPartOf\":{\"@id\":\"https:\\\/\\\/objectif-image.fr\\\/OI\\\/#website\"},\"primaryImageOfPage\":{\"@id\":\"https:\\\/\\\/objectif-image.fr\\\/OI\\\/7eme-gala-de-courts-metrages-photo-louhans\\\/#primaryimage\"},\"image\":{\"@id\":\"https:\\\/\\\/objectif-image.fr\\\/OI\\\/7eme-gala-de-courts-metrages-photo-louhans\\\/#primaryimage\"},\"thumbnailUrl\":\"https:\\\/\\\/objectif-image.fr\\\/OI\\\/wp-content\\\/uploads\\\/2018\\\/03\\\/interregional.jpg\",\"datePublished\":\"2018-03-20T07:27:49+00:00\",\"breadcrumb\":{\"@id\":\"https:\\\/\\\/objectif-image.fr\\\/OI\\\/7eme-gala-de-courts-metrages-photo-louhans\\\/#breadcrumb\"},\"inLanguage\":\"fr-FR\",\"potentialAction\":[{\"@type\":\"ReadAction\",\"target\":[\"https:\\\/\\\/objectif-image.fr\\\/OI\\\/7eme-gala-de-courts-metrages-photo-louhans\\\/\"]}]},{\"@type\":\"ImageObject\",\"inLanguage\":\"fr-FR\",\"@id\":\"https:\\\/\\\/objectif-image.fr\\\/OI\\\/7eme-gala-de-courts-metrages-photo-louhans\\\/#primaryimage\",\"url\":\"https:\\\/\\\/objectif-image.fr\\\/OI\\\/wp-content\\\/uploads\\\/2018\\\/03\\\/interregional.jpg\",\"contentUrl\":\"https:\\\/\\\/objectif-image.fr\\\/OI\\\/wp-content\\\/uploads\\\/2018\\\/03\\\/interregional.jpg\",\"width\":1200,\"height\":430},{\"@type\":\"BreadcrumbList\",\"@id\":\"https:\\\/\\\/objectif-image.fr\\\/OI\\\/7eme-gala-de-courts-metrages-photo-louhans\\\/#breadcrumb\",\"itemListElement\":[{\"@type\":\"ListItem\",\"position\":1,\"name\":\"Accueil\",\"item\":\"https:\\\/\\\/objectif-image.fr\\\/OI\\\/\"},{\"@type\":\"ListItem\",\"position\":2,\"name\":\"7\u00e8me Gala de courts-m\u00e9trages photo &#8211; LOUHANS\"}]},{\"@type\":\"WebSite\",\"@id\":\"https:\\\/\\\/objectif-image.fr\\\/OI\\\/#website\",\"url\":\"https:\\\/\\\/objectif-image.fr\\\/OI\\\/\",\"name\":\"Objectif Image\",\"description\":\"Objectif Image\",\"publisher\":{\"@id\":\"https:\\\/\\\/objectif-image.fr\\\/OI\\\/#organization\"},\"potentialAction\":[{\"@type\":\"SearchAction\",\"target\":{\"@type\":\"EntryPoint\",\"urlTemplate\":\"https:\\\/\\\/objectif-image.fr\\\/OI\\\/?s={search_term_string}\"},\"query-input\":{\"@type\":\"PropertyValueSpecification\",\"valueRequired\":true,\"valueName\":\"search_term_string\"}}],\"inLanguage\":\"fr-FR\"},{\"@type\":\"Organization\",\"@id\":\"https:\\\/\\\/objectif-image.fr\\\/OI\\\/#organization\",\"name\":\"Objectif Image\",\"url\":\"https:\\\/\\\/objectif-image.fr\\\/OI\\\/\",\"logo\":{\"@type\":\"ImageObject\",\"inLanguage\":\"fr-FR\",\"@id\":\"https:\\\/\\\/objectif-image.fr\\\/OI\\\/#\\\/schema\\\/logo\\\/image\\\/\",\"url\":\"https:\\\/\\\/objectif-image.fr\\\/OI\\\/wp-content\\\/uploads\\\/2019\\\/02\\\/logo-OI-NATIONAL-rouge-2000px.jpg\",\"contentUrl\":\"https:\\\/\\\/objectif-image.fr\\\/OI\\\/wp-content\\\/uploads\\\/2019\\\/02\\\/logo-OI-NATIONAL-rouge-2000px.jpg\",\"width\":1081,\"height\":1024,\"caption\":\"Objectif Image\"},\"image\":{\"@id\":\"https:\\\/\\\/objectif-image.fr\\\/OI\\\/#\\\/schema\\\/logo\\\/image\\\/\"},\"sameAs\":[\"https:\\\/\\\/www.facebook.com\\\/Objectif.mage\"]},{\"@type\":\"Person\",\"@id\":\"https:\\\/\\\/objectif-image.fr\\\/OI\\\/#\\\/schema\\\/person\\\/813c64cc2f0c70450ca653f2e80a6515\",\"name\":\"Pierre S\",\"image\":{\"@type\":\"ImageObject\",\"inLanguage\":\"fr-FR\",\"@id\":\"https:\\\/\\\/secure.gravatar.com\\\/avatar\\\/6d1df1cb0bf58ef7d330b8910acfe62e7fbc0c2138564189224f85869b953674?s=96&d=mm&r=g\",\"url\":\"https:\\\/\\\/secure.gravatar.com\\\/avatar\\\/6d1df1cb0bf58ef7d330b8910acfe62e7fbc0c2138564189224f85869b953674?s=96&d=mm&r=g\",\"contentUrl\":\"https:\\\/\\\/secure.gravatar.com\\\/avatar\\\/6d1df1cb0bf58ef7d330b8910acfe62e7fbc0c2138564189224f85869b953674?s=96&d=mm&r=g\",\"caption\":\"Pierre S\"},\"url\":\"https:\\\/\\\/objectif-image.fr\\\/OI\\\/author\\\/pierres-2-2\\\/\"}]}<\/script>\n<!-- \/ Yoast SEO plugin. -->","yoast_head_json":{"title":"7\u00e8me Gala de courts-m\u00e9trages photo - LOUHANS - Objectif Image","robots":{"index":"index","follow":"follow","max-snippet":"max-snippet:-1","max-image-preview":"max-image-preview:large","max-video-preview":"max-video-preview:-1"},"canonical":"https:\/\/objectif-image.fr\/OI\/7eme-gala-de-courts-metrages-photo-louhans\/","og_locale":"fr_FR","og_type":"article","og_title":"7\u00e8me Gala de courts-m\u00e9trages photo - LOUHANS - Objectif Image","og_description":"L&lsquo;Association OI 71 ( Objectif Image) de Louhans vous invite \u00e0\u00a0son 7\u00e8me gala de courts-m\u00e9trages photos vendredi 23 mars \u00e0 20 h au Th\u00e9\u00e2tre Municipal de Louhans. Les spectateurs seront invit\u00e9s \u00e0 choisir leur montage pr\u00e9f\u00e9r\u00e9. Apr\u00e8s les projections, le pot de l&rsquo;amiti\u00e9 sera offert. Entr\u00e9e gratuite avec participation au chapeau. Programme de la soir\u00e9e [&hellip;]","og_url":"https:\/\/objectif-image.fr\/OI\/7eme-gala-de-courts-metrages-photo-louhans\/","og_site_name":"Objectif Image","article_publisher":"https:\/\/www.facebook.com\/Objectif.mage","article_published_time":"2018-03-20T07:27:49+00:00","og_image":[{"width":1200,"height":430,"url":"https:\/\/objectif-image.fr\/OI\/wp-content\/uploads\/2018\/03\/interregional.jpg","type":"image\/jpeg"}],"author":"Pierre S","twitter_card":"summary_large_image","twitter_misc":{"\u00c9crit par":"Pierre S","Dur\u00e9e de lecture estim\u00e9e":"1 minute"},"schema":{"@context":"https:\/\/schema.org","@graph":[{"@type":"Article","@id":"https:\/\/objectif-image.fr\/OI\/7eme-gala-de-courts-metrages-photo-louhans\/#article","isPartOf":{"@id":"https:\/\/objectif-image.fr\/OI\/7eme-gala-de-courts-metrages-photo-louhans\/"},"author":{"name":"Pierre S","@id":"https:\/\/objectif-image.fr\/OI\/#\/schema\/person\/813c64cc2f0c70450ca653f2e80a6515"},"headline":"7\u00e8me Gala de courts-m\u00e9trages photo &#8211; LOUHANS","datePublished":"2018-03-20T07:27:49+00:00","mainEntityOfPage":{"@id":"https:\/\/objectif-image.fr\/OI\/7eme-gala-de-courts-metrages-photo-louhans\/"},"wordCount":197,"publisher":{"@id":"https:\/\/objectif-image.fr\/OI\/#organization"},"image":{"@id":"https:\/\/objectif-image.fr\/OI\/7eme-gala-de-courts-metrages-photo-louhans\/#primaryimage"},"thumbnailUrl":"https:\/\/objectif-image.fr\/OI\/wp-content\/uploads\/2018\/03\/interregional.jpg","keywords":["audiovisuel","Courts m\u00e9trage photo","LOUHANS","Objectif Image","Objectif Image Louhans"],"articleSection":["Audiovisuel","Vie des clubs"],"inLanguage":"fr-FR"},{"@type":"WebPage","@id":"https:\/\/objectif-image.fr\/OI\/7eme-gala-de-courts-metrages-photo-louhans\/","url":"https:\/\/objectif-image.fr\/OI\/7eme-gala-de-courts-metrages-photo-louhans\/","name":"7\u00e8me Gala de courts-m\u00e9trages photo - LOUHANS - Objectif Image","isPartOf":{"@id":"https:\/\/objectif-image.fr\/OI\/#website"},"primaryImageOfPage":{"@id":"https:\/\/objectif-image.fr\/OI\/7eme-gala-de-courts-metrages-photo-louhans\/#primaryimage"},"image":{"@id":"https:\/\/objectif-image.fr\/OI\/7eme-gala-de-courts-metrages-photo-louhans\/#primaryimage"},"thumbnailUrl":"https:\/\/objectif-image.fr\/OI\/wp-content\/uploads\/2018\/03\/interregional.jpg","datePublished":"2018-03-20T07:27:49+00:00","breadcrumb":{"@id":"https:\/\/objectif-image.fr\/OI\/7eme-gala-de-courts-metrages-photo-louhans\/#breadcrumb"},"inLanguage":"fr-FR","potentialAction":[{"@type":"ReadAction","target":["https:\/\/objectif-image.fr\/OI\/7eme-gala-de-courts-metrages-photo-louhans\/"]}]},{"@type":"ImageObject","inLanguage":"fr-FR","@id":"https:\/\/objectif-image.fr\/OI\/7eme-gala-de-courts-metrages-photo-louhans\/#primaryimage","url":"https:\/\/objectif-image.fr\/OI\/wp-content\/uploads\/2018\/03\/interregional.jpg","contentUrl":"https:\/\/objectif-image.fr\/OI\/wp-content\/uploads\/2018\/03\/interregional.jpg","width":1200,"height":430},{"@type":"BreadcrumbList","@id":"https:\/\/objectif-image.fr\/OI\/7eme-gala-de-courts-metrages-photo-louhans\/#breadcrumb","itemListElement":[{"@type":"ListItem","position":1,"name":"Accueil","item":"https:\/\/objectif-image.fr\/OI\/"},{"@type":"ListItem","position":2,"name":"7\u00e8me Gala de courts-m\u00e9trages photo &#8211; LOUHANS"}]},{"@type":"WebSite","@id":"https:\/\/objectif-image.fr\/OI\/#website","url":"https:\/\/objectif-image.fr\/OI\/","name":"Objectif Image","description":"Objectif Image","publisher":{"@id":"https:\/\/objectif-image.fr\/OI\/#organization"},"potentialAction":[{"@type":"SearchAction","target":{"@type":"EntryPoint","urlTemplate":"https:\/\/objectif-image.fr\/OI\/?s={search_term_string}"},"query-input":{"@type":"PropertyValueSpecification","valueRequired":true,"valueName":"search_term_string"}}],"inLanguage":"fr-FR"},{"@type":"Organization","@id":"https:\/\/objectif-image.fr\/OI\/#organization","name":"Objectif Image","url":"https:\/\/objectif-image.fr\/OI\/","logo":{"@type":"ImageObject","inLanguage":"fr-FR","@id":"https:\/\/objectif-image.fr\/OI\/#\/schema\/logo\/image\/","url":"https:\/\/objectif-image.fr\/OI\/wp-content\/uploads\/2019\/02\/logo-OI-NATIONAL-rouge-2000px.jpg","contentUrl":"https:\/\/objectif-image.fr\/OI\/wp-content\/uploads\/2019\/02\/logo-OI-NATIONAL-rouge-2000px.jpg","width":1081,"height":1024,"caption":"Objectif Image"},"image":{"@id":"https:\/\/objectif-image.fr\/OI\/#\/schema\/logo\/image\/"},"sameAs":["https:\/\/www.facebook.com\/Objectif.mage"]},{"@type":"Person","@id":"https:\/\/objectif-image.fr\/OI\/#\/schema\/person\/813c64cc2f0c70450ca653f2e80a6515","name":"Pierre S","image":{"@type":"ImageObject","inLanguage":"fr-FR","@id":"https:\/\/secure.gravatar.com\/avatar\/6d1df1cb0bf58ef7d330b8910acfe62e7fbc0c2138564189224f85869b953674?s=96&d=mm&r=g","url":"https:\/\/secure.gravatar.com\/avatar\/6d1df1cb0bf58ef7d330b8910acfe62e7fbc0c2138564189224f85869b953674?s=96&d=mm&r=g","contentUrl":"https:\/\/secure.gravatar.com\/avatar\/6d1df1cb0bf58ef7d330b8910acfe62e7fbc0c2138564189224f85869b953674?s=96&d=mm&r=g","caption":"Pierre S"},"url":"https:\/\/objectif-image.fr\/OI\/author\/pierres-2-2\/"}]}},"_links":{"self":[{"href":"https:\/\/objectif-image.fr\/OI\/wp-json\/wp\/v2\/posts\/9292","targetHints":{"allow":["GET"]}}],"collection":[{"href":"https:\/\/objectif-image.fr\/OI\/wp-json\/wp\/v2\/posts"}],"about":[{"href":"https:\/\/objectif-image.fr\/OI\/wp-json\/wp\/v2\/types\/post"}],"author":[{"embeddable":true,"href":"https:\/\/objectif-image.fr\/OI\/wp-json\/wp\/v2\/users\/3"}],"replies":[{"embeddable":true,"href":"https:\/\/objectif-image.fr\/OI\/wp-json\/wp\/v2\/comments?post=9292"}],"version-history":[{"count":0,"href":"https:\/\/objectif-image.fr\/OI\/wp-json\/wp\/v2\/posts\/9292\/revisions"}],"wp:featuredmedia":[{"embeddable":true,"href":"https:\/\/objectif-image.fr\/OI\/wp-json\/wp\/v2\/media\/9293"}],"wp:attachment":[{"href":"https:\/\/objectif-image.fr\/OI\/wp-json\/wp\/v2\/media?parent=9292"}],"wp:term":[{"taxonomy":"category","embeddable":true,"href":"https:\/\/objectif-image.fr\/OI\/wp-json\/wp\/v2\/categories?post=9292"},{"taxonomy":"post_tag","embeddable":true,"href":"https:\/\/objectif-image.fr\/OI\/wp-json\/wp\/v2\/tags?post=9292"}],"curies":[{"name":"wp","href":"https:\/\/api.w.org\/{rel}","templated":true}]}}