{"id":9719,"date":"2018-05-02T06:48:44","date_gmt":"2018-05-02T05:48:44","guid":{"rendered":"http:\/\/objectif-image.fr\/OI\/?p=9719"},"modified":"2018-05-02T11:48:48","modified_gmt":"2018-05-02T10:48:48","slug":"stage-m-objects","status":"publish","type":"post","link":"https:\/\/objectif-image.fr\/OI\/stage-m-objects\/","title":{"rendered":"Stage M.Objects"},"content":{"rendered":"<p><span style=\"color: #000000;\">Ce stage qui a d\u00e9but\u00e9 le Vendredi 13 avril pour se terminer le Dimanche 15 avril, s&rsquo;est d\u00e9roul\u00e9 \u00e0 Dijon.<\/span><\/p>\n<p><span style=\"color: #000000;\">Il proposait une d\u00e9couverte du logiciel de montage audiovisuel<strong> \u00ab\u00a0m.objects\u00a0\u00bb<\/strong>, logiciel consid\u00e9r\u00e9 comme ergonomique par de nombreux r\u00e9alisateurs mais dont la prise en main et la mise en route n\u00e9cessite un accompagnement. D&rsquo;o\u00f9 l&rsquo;utilit\u00e9 de ce stage.<\/span><\/p>\n<p><span style=\"color: #000000;\"><a href=\"https:\/\/objectif-image.fr\/OI\/wp-content\/uploads\/2018\/04\/WP_20180414_12_54_30_Pro.jpg\"><img loading=\"lazy\" decoding=\"async\" class=\" wp-image-9720 alignleft\" src=\"https:\/\/objectif-image.fr\/OI\/wp-content\/uploads\/2018\/04\/WP_20180414_12_54_30_Pro-1024x660.jpg\" alt=\"\" width=\"415\" height=\"267\" srcset=\"https:\/\/objectif-image.fr\/OI\/wp-content\/uploads\/2018\/04\/WP_20180414_12_54_30_Pro-1024x660.jpg 1024w, https:\/\/objectif-image.fr\/OI\/wp-content\/uploads\/2018\/04\/WP_20180414_12_54_30_Pro-400x258.jpg 400w, https:\/\/objectif-image.fr\/OI\/wp-content\/uploads\/2018\/04\/WP_20180414_12_54_30_Pro-150x97.jpg 150w, https:\/\/objectif-image.fr\/OI\/wp-content\/uploads\/2018\/04\/WP_20180414_12_54_30_Pro-300x193.jpg 300w, https:\/\/objectif-image.fr\/OI\/wp-content\/uploads\/2018\/04\/WP_20180414_12_54_30_Pro-768x495.jpg 768w, https:\/\/objectif-image.fr\/OI\/wp-content\/uploads\/2018\/04\/WP_20180414_12_54_30_Pro-100x64.jpg 100w, https:\/\/objectif-image.fr\/OI\/wp-content\/uploads\/2018\/04\/WP_20180414_12_54_30_Pro.jpg 1320w\" sizes=\"auto, (max-width: 415px) 100vw, 415px\" \/><\/a>Une quinzaine de stagiaires en provenance des clubs de\u00a0 Denain, Dijon, Louhans, Montpellier, Paris, Vesoul, dont certains participaient pour la premi\u00e8re fois \u00e0 une formation d&rsquo;Objectif Image, se sont retrouv\u00e9s \u00e0 Dijon.<br \/>\n<\/span><\/p>\n<p><em>\u00ab\u00a0On a beaucoup appris durant ce stage, beaucoup manipul\u00e9 et\u00a0 trouv\u00e9 \u00e0 la fois<strong> l\u2019envie et l\u2019audace de faire.<\/strong> Cet apprentissage a \u00e9t\u00e9 facilit\u00e9 par l\u2019\u00e9coute attentive de Jean-Paul, qui, avec une patience \u00e0 toute \u00e9preuve a su faire partager ses consid\u00e9rables connaissances techniques et artistiques. <\/em><em>Je n\u2019irai pas jusqu\u2019\u00e0 dire que <strong>M.Objects<\/strong> n\u2019a plus de secret pour moi, mais<strong> je l\u2019ai bien apprivois\u00e9<\/strong>\u00a0! \u00a0\u00bb Christiane<\/em><\/p>\n<p><a href=\"https:\/\/objectif-image.fr\/OI\/wp-content\/uploads\/2018\/04\/WP_20180414_10_26_16_Pro.jpg\"><img loading=\"lazy\" decoding=\"async\" class=\" wp-image-9737 aligncenter\" src=\"https:\/\/objectif-image.fr\/OI\/wp-content\/uploads\/2018\/04\/WP_20180414_10_26_16_Pro-1024x575.jpg\" alt=\"\" width=\"639\" height=\"359\" srcset=\"https:\/\/objectif-image.fr\/OI\/wp-content\/uploads\/2018\/04\/WP_20180414_10_26_16_Pro-1024x575.jpg 1024w, https:\/\/objectif-image.fr\/OI\/wp-content\/uploads\/2018\/04\/WP_20180414_10_26_16_Pro-400x225.jpg 400w, https:\/\/objectif-image.fr\/OI\/wp-content\/uploads\/2018\/04\/WP_20180414_10_26_16_Pro-150x84.jpg 150w, https:\/\/objectif-image.fr\/OI\/wp-content\/uploads\/2018\/04\/WP_20180414_10_26_16_Pro-300x168.jpg 300w, https:\/\/objectif-image.fr\/OI\/wp-content\/uploads\/2018\/04\/WP_20180414_10_26_16_Pro-768x431.jpg 768w, https:\/\/objectif-image.fr\/OI\/wp-content\/uploads\/2018\/04\/WP_20180414_10_26_16_Pro-100x56.jpg 100w, https:\/\/objectif-image.fr\/OI\/wp-content\/uploads\/2018\/04\/WP_20180414_10_26_16_Pro.jpg 1320w\" sizes=\"auto, (max-width: 639px) 100vw, 639px\" \/><\/a><\/p>\n<p><a href=\"https:\/\/objectif-image.fr\/OI\/wp-content\/uploads\/2018\/04\/Stage-M.Objects-Dijon-2018-02-JNJ.jpg\"><img loading=\"lazy\" decoding=\"async\" class=\"wp-image-9735 alignleft\" src=\"https:\/\/objectif-image.fr\/OI\/wp-content\/uploads\/2018\/04\/Stage-M.Objects-Dijon-2018-02-JNJ-1024x1024.jpg\" alt=\"\" width=\"206\" height=\"206\" srcset=\"https:\/\/objectif-image.fr\/OI\/wp-content\/uploads\/2018\/04\/Stage-M.Objects-Dijon-2018-02-JNJ.jpg 1024w, https:\/\/objectif-image.fr\/OI\/wp-content\/uploads\/2018\/04\/Stage-M.Objects-Dijon-2018-02-JNJ-100x100.jpg 100w, https:\/\/objectif-image.fr\/OI\/wp-content\/uploads\/2018\/04\/Stage-M.Objects-Dijon-2018-02-JNJ-400x400.jpg 400w, https:\/\/objectif-image.fr\/OI\/wp-content\/uploads\/2018\/04\/Stage-M.Objects-Dijon-2018-02-JNJ-150x150.jpg 150w, https:\/\/objectif-image.fr\/OI\/wp-content\/uploads\/2018\/04\/Stage-M.Objects-Dijon-2018-02-JNJ-300x300.jpg 300w, https:\/\/objectif-image.fr\/OI\/wp-content\/uploads\/2018\/04\/Stage-M.Objects-Dijon-2018-02-JNJ-768x768.jpg 768w, https:\/\/objectif-image.fr\/OI\/wp-content\/uploads\/2018\/04\/Stage-M.Objects-Dijon-2018-02-JNJ-80x80.jpg 80w, https:\/\/objectif-image.fr\/OI\/wp-content\/uploads\/2018\/04\/Stage-M.Objects-Dijon-2018-02-JNJ-320x320.jpg 320w\" sizes=\"auto, (max-width: 206px) 100vw, 206px\" \/><\/a><em>\u00ab\u00a0C\u00f4t\u00e9 organisation c\u2019est un sans faute avec des conditions de travail parfaites. Stage tr\u00e8s int\u00e9ressant, Conduit de mani\u00e8re \u00e0 ne laisser d\u00e9crocher aucun stagiaire. Le plus, l&rsquo;exercice r\u00e9alis\u00e9 le Dimanche matin qui\u00a0 permet une mise en pratique. Stage de base complet. <strong>A conseiller \u00e0 tous les diaporamistes<\/strong>.\u00a0\u00bb\u00a0 Philippe<\/em><\/p>\n<p><em>\u00ab\u00a0J&rsquo;ai appr\u00e9ci\u00e9 ce stage. On a commenc\u00e9 \u00e0 l&rsquo;heure, la salle \u00e9tait vaste (pas de brouhaha avec 16 participants ce n&rsquo;\u00e9tait pas \u00e9vident) tous les stagiaires \u00e9taient concentr\u00e9s sur le cours, l&rsquo;animateur (un pro) a su se mettre \u00e0 ma port\u00e9e,\u00a0 pas de pause \u00e0 rallonge, des dijonnais accueillants, et j&rsquo;ai pu revoir des t\u00eates connues et\u00a0 d\u00e9couvrir d&rsquo;autres membres de OI, une restauration proche (et bonne) pour ne pas perdre de temps dans des d\u00e9placements et surtout\u00a0 <\/em><em><strong>un formateur hors normes<\/strong>.\u00a0\u00bb Ren\u00e9<\/em><strong><br \/>\n<\/strong><\/p>\n<h6 style=\"text-align: center;\"><a href=\"https:\/\/objectif-image.fr\/OI\/wp-content\/uploads\/2018\/04\/WP_20180413_17_36_18_Pro.jpg\"><img loading=\"lazy\" decoding=\"async\" class=\" wp-image-9736 aligncenter\" src=\"https:\/\/objectif-image.fr\/OI\/wp-content\/uploads\/2018\/04\/WP_20180413_17_36_18_Pro-1024x575.jpg\" alt=\"\" width=\"587\" height=\"330\" srcset=\"https:\/\/objectif-image.fr\/OI\/wp-content\/uploads\/2018\/04\/WP_20180413_17_36_18_Pro-1024x575.jpg 1024w, https:\/\/objectif-image.fr\/OI\/wp-content\/uploads\/2018\/04\/WP_20180413_17_36_18_Pro-400x225.jpg 400w, https:\/\/objectif-image.fr\/OI\/wp-content\/uploads\/2018\/04\/WP_20180413_17_36_18_Pro-150x84.jpg 150w, https:\/\/objectif-image.fr\/OI\/wp-content\/uploads\/2018\/04\/WP_20180413_17_36_18_Pro-300x168.jpg 300w, https:\/\/objectif-image.fr\/OI\/wp-content\/uploads\/2018\/04\/WP_20180413_17_36_18_Pro-768x431.jpg 768w, https:\/\/objectif-image.fr\/OI\/wp-content\/uploads\/2018\/04\/WP_20180413_17_36_18_Pro-100x56.jpg 100w, https:\/\/objectif-image.fr\/OI\/wp-content\/uploads\/2018\/04\/WP_20180413_17_36_18_Pro.jpg 1320w\" sizes=\"auto, (max-width: 587px) 100vw, 587px\" \/><\/a>\u00a0 <a href=\"https:\/\/objectif-image.fr\/OI\/wp-content\/uploads\/2018\/04\/WP_20180414_11_50_14_Pro.jpg\"><img loading=\"lazy\" decoding=\"async\" class=\" wp-image-9738 aligncenter\" src=\"https:\/\/objectif-image.fr\/OI\/wp-content\/uploads\/2018\/04\/WP_20180414_11_50_14_Pro-1024x575.jpg\" alt=\"\" width=\"586\" height=\"329\" srcset=\"https:\/\/objectif-image.fr\/OI\/wp-content\/uploads\/2018\/04\/WP_20180414_11_50_14_Pro-1024x575.jpg 1024w, https:\/\/objectif-image.fr\/OI\/wp-content\/uploads\/2018\/04\/WP_20180414_11_50_14_Pro-400x225.jpg 400w, https:\/\/objectif-image.fr\/OI\/wp-content\/uploads\/2018\/04\/WP_20180414_11_50_14_Pro-150x84.jpg 150w, https:\/\/objectif-image.fr\/OI\/wp-content\/uploads\/2018\/04\/WP_20180414_11_50_14_Pro-300x168.jpg 300w, https:\/\/objectif-image.fr\/OI\/wp-content\/uploads\/2018\/04\/WP_20180414_11_50_14_Pro-768x431.jpg 768w, https:\/\/objectif-image.fr\/OI\/wp-content\/uploads\/2018\/04\/WP_20180414_11_50_14_Pro-100x56.jpg 100w, https:\/\/objectif-image.fr\/OI\/wp-content\/uploads\/2018\/04\/WP_20180414_11_50_14_Pro.jpg 1320w\" sizes=\"auto, (max-width: 586px) 100vw, 586px\" \/><\/a><span style=\"color: #000080;\"><strong>Rendez-vous aux Rencontres Nationales Audiovisuels <\/strong><\/span><\/h6>\n<h6 style=\"text-align: center;\"><span style=\"color: #000080;\"><strong>Charleville-M\u00e9zi\u00e8res 2018 (9\/10 et 11 nov.)<\/strong><\/span><\/h6>\n<p><a href=\"https:\/\/objectif-image.fr\/OI\/wp-content\/uploads\/2018\/04\/stage.jpg\"><img loading=\"lazy\" decoding=\"async\" class=\"alignnone size-large wp-image-9741\" src=\"https:\/\/objectif-image.fr\/OI\/wp-content\/uploads\/2018\/04\/stage-1024x575.jpg\" alt=\"\" width=\"1024\" height=\"575\" srcset=\"https:\/\/objectif-image.fr\/OI\/wp-content\/uploads\/2018\/04\/stage-1024x575.jpg 1024w, https:\/\/objectif-image.fr\/OI\/wp-content\/uploads\/2018\/04\/stage-400x225.jpg 400w, https:\/\/objectif-image.fr\/OI\/wp-content\/uploads\/2018\/04\/stage-150x84.jpg 150w, https:\/\/objectif-image.fr\/OI\/wp-content\/uploads\/2018\/04\/stage-300x168.jpg 300w, https:\/\/objectif-image.fr\/OI\/wp-content\/uploads\/2018\/04\/stage-768x431.jpg 768w, https:\/\/objectif-image.fr\/OI\/wp-content\/uploads\/2018\/04\/stage-100x56.jpg 100w, https:\/\/objectif-image.fr\/OI\/wp-content\/uploads\/2018\/04\/stage.jpg 1320w\" sizes=\"auto, (max-width: 1024px) 100vw, 1024px\" \/><\/a><\/p>\n","protected":false},"excerpt":{"rendered":"<p>Ce stage qui a d\u00e9but\u00e9 le Vendredi 13 avril pour se terminer le Dimanche 15 avril, s&rsquo;est d\u00e9roul\u00e9 \u00e0 Dijon. Il proposait une d\u00e9couverte du logiciel de montage audiovisuel \u00ab\u00a0m.objects\u00a0\u00bb, logiciel consid\u00e9r\u00e9 comme ergonomique par de nombreux r\u00e9alisateurs mais dont la prise en main et la mise en route n\u00e9cessite un accompagnement. D&rsquo;o\u00f9 l&rsquo;utilit\u00e9 de [&hellip;]<\/p>\n","protected":false},"author":3,"featured_media":9741,"comment_status":"closed","ping_status":"closed","sticky":false,"template":"","format":"standard","meta":{"_acf_changed":false,"footnotes":""},"categories":[7,9],"tags":[64,104],"class_list":["post-9719","post","type-post","status-publish","format-standard","has-post-thumbnail","hentry","category-court-metrage-photo-diaporama","category-stages","tag-audiovisuel","tag-objectif-image"],"acf":[],"yoast_head":"<!-- This site is optimized with the Yoast SEO plugin v27.5 - https:\/\/yoast.com\/product\/yoast-seo-wordpress\/ -->\n<title>Stage M.Objects - Objectif Image<\/title>\n<meta name=\"robots\" content=\"index, follow, max-snippet:-1, max-image-preview:large, max-video-preview:-1\" \/>\n<link rel=\"canonical\" href=\"https:\/\/objectif-image.fr\/OI\/stage-m-objects\/\" \/>\n<meta property=\"og:locale\" content=\"fr_FR\" \/>\n<meta property=\"og:type\" content=\"article\" \/>\n<meta property=\"og:title\" content=\"Stage M.Objects - Objectif Image\" \/>\n<meta property=\"og:description\" content=\"Ce stage qui a d\u00e9but\u00e9 le Vendredi 13 avril pour se terminer le Dimanche 15 avril, s&rsquo;est d\u00e9roul\u00e9 \u00e0 Dijon. Il proposait une d\u00e9couverte du logiciel de montage audiovisuel \u00ab\u00a0m.objects\u00a0\u00bb, logiciel consid\u00e9r\u00e9 comme ergonomique par de nombreux r\u00e9alisateurs mais dont la prise en main et la mise en route n\u00e9cessite un accompagnement. D&rsquo;o\u00f9 l&rsquo;utilit\u00e9 de [&hellip;]\" \/>\n<meta property=\"og:url\" content=\"https:\/\/objectif-image.fr\/OI\/stage-m-objects\/\" \/>\n<meta property=\"og:site_name\" content=\"Objectif Image\" \/>\n<meta property=\"article:publisher\" content=\"https:\/\/www.facebook.com\/Objectif.mage\" \/>\n<meta property=\"article:published_time\" content=\"2018-05-02T05:48:44+00:00\" \/>\n<meta property=\"article:modified_time\" content=\"2018-05-02T10:48:48+00:00\" \/>\n<meta property=\"og:image\" content=\"https:\/\/objectif-image.fr\/OI\/wp-content\/uploads\/2018\/04\/stage.jpg\" \/>\n\t<meta property=\"og:image:width\" content=\"1320\" \/>\n\t<meta property=\"og:image:height\" content=\"741\" \/>\n\t<meta property=\"og:image:type\" content=\"image\/jpeg\" \/>\n<meta name=\"author\" content=\"Pierre S\" \/>\n<meta name=\"twitter:card\" content=\"summary_large_image\" \/>\n<meta name=\"twitter:label1\" content=\"\u00c9crit par\" \/>\n\t<meta name=\"twitter:data1\" content=\"Pierre S\" \/>\n\t<meta name=\"twitter:label2\" content=\"Dur\u00e9e de lecture estim\u00e9e\" \/>\n\t<meta name=\"twitter:data2\" content=\"2 minutes\" \/>\n<script type=\"application\/ld+json\" class=\"yoast-schema-graph\">{\"@context\":\"https:\\\/\\\/schema.org\",\"@graph\":[{\"@type\":\"Article\",\"@id\":\"https:\\\/\\\/objectif-image.fr\\\/OI\\\/stage-m-objects\\\/#article\",\"isPartOf\":{\"@id\":\"https:\\\/\\\/objectif-image.fr\\\/OI\\\/stage-m-objects\\\/\"},\"author\":{\"name\":\"Pierre S\",\"@id\":\"https:\\\/\\\/objectif-image.fr\\\/OI\\\/#\\\/schema\\\/person\\\/813c64cc2f0c70450ca653f2e80a6515\"},\"headline\":\"Stage M.Objects\",\"datePublished\":\"2018-05-02T05:48:44+00:00\",\"dateModified\":\"2018-05-02T10:48:48+00:00\",\"mainEntityOfPage\":{\"@id\":\"https:\\\/\\\/objectif-image.fr\\\/OI\\\/stage-m-objects\\\/\"},\"wordCount\":326,\"publisher\":{\"@id\":\"https:\\\/\\\/objectif-image.fr\\\/OI\\\/#organization\"},\"image\":{\"@id\":\"https:\\\/\\\/objectif-image.fr\\\/OI\\\/stage-m-objects\\\/#primaryimage\"},\"thumbnailUrl\":\"https:\\\/\\\/objectif-image.fr\\\/OI\\\/wp-content\\\/uploads\\\/2018\\\/04\\\/stage.jpg\",\"keywords\":[\"audiovisuel\",\"Objectif Image\"],\"articleSection\":[\"Audiovisuel\",\"Stages\"],\"inLanguage\":\"fr-FR\"},{\"@type\":\"WebPage\",\"@id\":\"https:\\\/\\\/objectif-image.fr\\\/OI\\\/stage-m-objects\\\/\",\"url\":\"https:\\\/\\\/objectif-image.fr\\\/OI\\\/stage-m-objects\\\/\",\"name\":\"Stage M.Objects - Objectif Image\",\"isPartOf\":{\"@id\":\"https:\\\/\\\/objectif-image.fr\\\/OI\\\/#website\"},\"primaryImageOfPage\":{\"@id\":\"https:\\\/\\\/objectif-image.fr\\\/OI\\\/stage-m-objects\\\/#primaryimage\"},\"image\":{\"@id\":\"https:\\\/\\\/objectif-image.fr\\\/OI\\\/stage-m-objects\\\/#primaryimage\"},\"thumbnailUrl\":\"https:\\\/\\\/objectif-image.fr\\\/OI\\\/wp-content\\\/uploads\\\/2018\\\/04\\\/stage.jpg\",\"datePublished\":\"2018-05-02T05:48:44+00:00\",\"dateModified\":\"2018-05-02T10:48:48+00:00\",\"breadcrumb\":{\"@id\":\"https:\\\/\\\/objectif-image.fr\\\/OI\\\/stage-m-objects\\\/#breadcrumb\"},\"inLanguage\":\"fr-FR\",\"potentialAction\":[{\"@type\":\"ReadAction\",\"target\":[\"https:\\\/\\\/objectif-image.fr\\\/OI\\\/stage-m-objects\\\/\"]}]},{\"@type\":\"ImageObject\",\"inLanguage\":\"fr-FR\",\"@id\":\"https:\\\/\\\/objectif-image.fr\\\/OI\\\/stage-m-objects\\\/#primaryimage\",\"url\":\"https:\\\/\\\/objectif-image.fr\\\/OI\\\/wp-content\\\/uploads\\\/2018\\\/04\\\/stage.jpg\",\"contentUrl\":\"https:\\\/\\\/objectif-image.fr\\\/OI\\\/wp-content\\\/uploads\\\/2018\\\/04\\\/stage.jpg\",\"width\":1320,\"height\":741},{\"@type\":\"BreadcrumbList\",\"@id\":\"https:\\\/\\\/objectif-image.fr\\\/OI\\\/stage-m-objects\\\/#breadcrumb\",\"itemListElement\":[{\"@type\":\"ListItem\",\"position\":1,\"name\":\"Accueil\",\"item\":\"https:\\\/\\\/objectif-image.fr\\\/OI\\\/\"},{\"@type\":\"ListItem\",\"position\":2,\"name\":\"Stage M.Objects\"}]},{\"@type\":\"WebSite\",\"@id\":\"https:\\\/\\\/objectif-image.fr\\\/OI\\\/#website\",\"url\":\"https:\\\/\\\/objectif-image.fr\\\/OI\\\/\",\"name\":\"Objectif Image\",\"description\":\"Objectif Image\",\"publisher\":{\"@id\":\"https:\\\/\\\/objectif-image.fr\\\/OI\\\/#organization\"},\"potentialAction\":[{\"@type\":\"SearchAction\",\"target\":{\"@type\":\"EntryPoint\",\"urlTemplate\":\"https:\\\/\\\/objectif-image.fr\\\/OI\\\/?s={search_term_string}\"},\"query-input\":{\"@type\":\"PropertyValueSpecification\",\"valueRequired\":true,\"valueName\":\"search_term_string\"}}],\"inLanguage\":\"fr-FR\"},{\"@type\":\"Organization\",\"@id\":\"https:\\\/\\\/objectif-image.fr\\\/OI\\\/#organization\",\"name\":\"Objectif Image\",\"url\":\"https:\\\/\\\/objectif-image.fr\\\/OI\\\/\",\"logo\":{\"@type\":\"ImageObject\",\"inLanguage\":\"fr-FR\",\"@id\":\"https:\\\/\\\/objectif-image.fr\\\/OI\\\/#\\\/schema\\\/logo\\\/image\\\/\",\"url\":\"https:\\\/\\\/objectif-image.fr\\\/OI\\\/wp-content\\\/uploads\\\/2019\\\/02\\\/logo-OI-NATIONAL-rouge-2000px.jpg\",\"contentUrl\":\"https:\\\/\\\/objectif-image.fr\\\/OI\\\/wp-content\\\/uploads\\\/2019\\\/02\\\/logo-OI-NATIONAL-rouge-2000px.jpg\",\"width\":1081,\"height\":1024,\"caption\":\"Objectif Image\"},\"image\":{\"@id\":\"https:\\\/\\\/objectif-image.fr\\\/OI\\\/#\\\/schema\\\/logo\\\/image\\\/\"},\"sameAs\":[\"https:\\\/\\\/www.facebook.com\\\/Objectif.mage\"]},{\"@type\":\"Person\",\"@id\":\"https:\\\/\\\/objectif-image.fr\\\/OI\\\/#\\\/schema\\\/person\\\/813c64cc2f0c70450ca653f2e80a6515\",\"name\":\"Pierre S\",\"image\":{\"@type\":\"ImageObject\",\"inLanguage\":\"fr-FR\",\"@id\":\"https:\\\/\\\/secure.gravatar.com\\\/avatar\\\/6d1df1cb0bf58ef7d330b8910acfe62e7fbc0c2138564189224f85869b953674?s=96&d=mm&r=g\",\"url\":\"https:\\\/\\\/secure.gravatar.com\\\/avatar\\\/6d1df1cb0bf58ef7d330b8910acfe62e7fbc0c2138564189224f85869b953674?s=96&d=mm&r=g\",\"contentUrl\":\"https:\\\/\\\/secure.gravatar.com\\\/avatar\\\/6d1df1cb0bf58ef7d330b8910acfe62e7fbc0c2138564189224f85869b953674?s=96&d=mm&r=g\",\"caption\":\"Pierre S\"},\"url\":\"https:\\\/\\\/objectif-image.fr\\\/OI\\\/author\\\/pierres-2-2\\\/\"}]}<\/script>\n<!-- \/ Yoast SEO plugin. -->","yoast_head_json":{"title":"Stage M.Objects - Objectif Image","robots":{"index":"index","follow":"follow","max-snippet":"max-snippet:-1","max-image-preview":"max-image-preview:large","max-video-preview":"max-video-preview:-1"},"canonical":"https:\/\/objectif-image.fr\/OI\/stage-m-objects\/","og_locale":"fr_FR","og_type":"article","og_title":"Stage M.Objects - Objectif Image","og_description":"Ce stage qui a d\u00e9but\u00e9 le Vendredi 13 avril pour se terminer le Dimanche 15 avril, s&rsquo;est d\u00e9roul\u00e9 \u00e0 Dijon. Il proposait une d\u00e9couverte du logiciel de montage audiovisuel \u00ab\u00a0m.objects\u00a0\u00bb, logiciel consid\u00e9r\u00e9 comme ergonomique par de nombreux r\u00e9alisateurs mais dont la prise en main et la mise en route n\u00e9cessite un accompagnement. D&rsquo;o\u00f9 l&rsquo;utilit\u00e9 de [&hellip;]","og_url":"https:\/\/objectif-image.fr\/OI\/stage-m-objects\/","og_site_name":"Objectif Image","article_publisher":"https:\/\/www.facebook.com\/Objectif.mage","article_published_time":"2018-05-02T05:48:44+00:00","article_modified_time":"2018-05-02T10:48:48+00:00","og_image":[{"width":1320,"height":741,"url":"https:\/\/objectif-image.fr\/OI\/wp-content\/uploads\/2018\/04\/stage.jpg","type":"image\/jpeg"}],"author":"Pierre S","twitter_card":"summary_large_image","twitter_misc":{"\u00c9crit par":"Pierre S","Dur\u00e9e de lecture estim\u00e9e":"2 minutes"},"schema":{"@context":"https:\/\/schema.org","@graph":[{"@type":"Article","@id":"https:\/\/objectif-image.fr\/OI\/stage-m-objects\/#article","isPartOf":{"@id":"https:\/\/objectif-image.fr\/OI\/stage-m-objects\/"},"author":{"name":"Pierre S","@id":"https:\/\/objectif-image.fr\/OI\/#\/schema\/person\/813c64cc2f0c70450ca653f2e80a6515"},"headline":"Stage M.Objects","datePublished":"2018-05-02T05:48:44+00:00","dateModified":"2018-05-02T10:48:48+00:00","mainEntityOfPage":{"@id":"https:\/\/objectif-image.fr\/OI\/stage-m-objects\/"},"wordCount":326,"publisher":{"@id":"https:\/\/objectif-image.fr\/OI\/#organization"},"image":{"@id":"https:\/\/objectif-image.fr\/OI\/stage-m-objects\/#primaryimage"},"thumbnailUrl":"https:\/\/objectif-image.fr\/OI\/wp-content\/uploads\/2018\/04\/stage.jpg","keywords":["audiovisuel","Objectif Image"],"articleSection":["Audiovisuel","Stages"],"inLanguage":"fr-FR"},{"@type":"WebPage","@id":"https:\/\/objectif-image.fr\/OI\/stage-m-objects\/","url":"https:\/\/objectif-image.fr\/OI\/stage-m-objects\/","name":"Stage M.Objects - Objectif Image","isPartOf":{"@id":"https:\/\/objectif-image.fr\/OI\/#website"},"primaryImageOfPage":{"@id":"https:\/\/objectif-image.fr\/OI\/stage-m-objects\/#primaryimage"},"image":{"@id":"https:\/\/objectif-image.fr\/OI\/stage-m-objects\/#primaryimage"},"thumbnailUrl":"https:\/\/objectif-image.fr\/OI\/wp-content\/uploads\/2018\/04\/stage.jpg","datePublished":"2018-05-02T05:48:44+00:00","dateModified":"2018-05-02T10:48:48+00:00","breadcrumb":{"@id":"https:\/\/objectif-image.fr\/OI\/stage-m-objects\/#breadcrumb"},"inLanguage":"fr-FR","potentialAction":[{"@type":"ReadAction","target":["https:\/\/objectif-image.fr\/OI\/stage-m-objects\/"]}]},{"@type":"ImageObject","inLanguage":"fr-FR","@id":"https:\/\/objectif-image.fr\/OI\/stage-m-objects\/#primaryimage","url":"https:\/\/objectif-image.fr\/OI\/wp-content\/uploads\/2018\/04\/stage.jpg","contentUrl":"https:\/\/objectif-image.fr\/OI\/wp-content\/uploads\/2018\/04\/stage.jpg","width":1320,"height":741},{"@type":"BreadcrumbList","@id":"https:\/\/objectif-image.fr\/OI\/stage-m-objects\/#breadcrumb","itemListElement":[{"@type":"ListItem","position":1,"name":"Accueil","item":"https:\/\/objectif-image.fr\/OI\/"},{"@type":"ListItem","position":2,"name":"Stage M.Objects"}]},{"@type":"WebSite","@id":"https:\/\/objectif-image.fr\/OI\/#website","url":"https:\/\/objectif-image.fr\/OI\/","name":"Objectif Image","description":"Objectif Image","publisher":{"@id":"https:\/\/objectif-image.fr\/OI\/#organization"},"potentialAction":[{"@type":"SearchAction","target":{"@type":"EntryPoint","urlTemplate":"https:\/\/objectif-image.fr\/OI\/?s={search_term_string}"},"query-input":{"@type":"PropertyValueSpecification","valueRequired":true,"valueName":"search_term_string"}}],"inLanguage":"fr-FR"},{"@type":"Organization","@id":"https:\/\/objectif-image.fr\/OI\/#organization","name":"Objectif Image","url":"https:\/\/objectif-image.fr\/OI\/","logo":{"@type":"ImageObject","inLanguage":"fr-FR","@id":"https:\/\/objectif-image.fr\/OI\/#\/schema\/logo\/image\/","url":"https:\/\/objectif-image.fr\/OI\/wp-content\/uploads\/2019\/02\/logo-OI-NATIONAL-rouge-2000px.jpg","contentUrl":"https:\/\/objectif-image.fr\/OI\/wp-content\/uploads\/2019\/02\/logo-OI-NATIONAL-rouge-2000px.jpg","width":1081,"height":1024,"caption":"Objectif Image"},"image":{"@id":"https:\/\/objectif-image.fr\/OI\/#\/schema\/logo\/image\/"},"sameAs":["https:\/\/www.facebook.com\/Objectif.mage"]},{"@type":"Person","@id":"https:\/\/objectif-image.fr\/OI\/#\/schema\/person\/813c64cc2f0c70450ca653f2e80a6515","name":"Pierre S","image":{"@type":"ImageObject","inLanguage":"fr-FR","@id":"https:\/\/secure.gravatar.com\/avatar\/6d1df1cb0bf58ef7d330b8910acfe62e7fbc0c2138564189224f85869b953674?s=96&d=mm&r=g","url":"https:\/\/secure.gravatar.com\/avatar\/6d1df1cb0bf58ef7d330b8910acfe62e7fbc0c2138564189224f85869b953674?s=96&d=mm&r=g","contentUrl":"https:\/\/secure.gravatar.com\/avatar\/6d1df1cb0bf58ef7d330b8910acfe62e7fbc0c2138564189224f85869b953674?s=96&d=mm&r=g","caption":"Pierre S"},"url":"https:\/\/objectif-image.fr\/OI\/author\/pierres-2-2\/"}]}},"_links":{"self":[{"href":"https:\/\/objectif-image.fr\/OI\/wp-json\/wp\/v2\/posts\/9719","targetHints":{"allow":["GET"]}}],"collection":[{"href":"https:\/\/objectif-image.fr\/OI\/wp-json\/wp\/v2\/posts"}],"about":[{"href":"https:\/\/objectif-image.fr\/OI\/wp-json\/wp\/v2\/types\/post"}],"author":[{"embeddable":true,"href":"https:\/\/objectif-image.fr\/OI\/wp-json\/wp\/v2\/users\/3"}],"replies":[{"embeddable":true,"href":"https:\/\/objectif-image.fr\/OI\/wp-json\/wp\/v2\/comments?post=9719"}],"version-history":[{"count":0,"href":"https:\/\/objectif-image.fr\/OI\/wp-json\/wp\/v2\/posts\/9719\/revisions"}],"wp:featuredmedia":[{"embeddable":true,"href":"https:\/\/objectif-image.fr\/OI\/wp-json\/wp\/v2\/media\/9741"}],"wp:attachment":[{"href":"https:\/\/objectif-image.fr\/OI\/wp-json\/wp\/v2\/media?parent=9719"}],"wp:term":[{"taxonomy":"category","embeddable":true,"href":"https:\/\/objectif-image.fr\/OI\/wp-json\/wp\/v2\/categories?post=9719"},{"taxonomy":"post_tag","embeddable":true,"href":"https:\/\/objectif-image.fr\/OI\/wp-json\/wp\/v2\/tags?post=9719"}],"curies":[{"name":"wp","href":"https:\/\/api.w.org\/{rel}","templated":true}]}}